{"id":21263,"date":"2016-10-02T09:00:22","date_gmt":"2016-10-02T12:00:22","guid":{"rendered":"http:\/\/patagoniambiental.com.ar\/?p=21263"},"modified":"2016-10-02T09:00:22","modified_gmt":"2016-10-02T12:00:22","slug":"comodoro-rivadavia-con-una-feria-de-ciencias-jardineritos-concientizaron-sobre-cuidar-el-planeta","status":"publish","type":"post","link":"https:\/\/patagoniambiental.com.ar\/info\/comodoro-rivadavia-con-una-feria-de-ciencias-jardineritos-concientizaron-sobre-cuidar-el-planeta\/","title":{"rendered":"Comodoro Rivadavia: Con una feria de ciencias, jardineritos concientizaron sobre cuidar el planeta"},"content":{"rendered":"<header>\n<p class=\"interiorCopete\">COMODORO RIVADAVIA.- La muestra denominada \u00abGuardianes del Planeta\u00bb se realiz\u00f3 ayer en el Colegio Patag\u00f3nico del Sol donde los peque\u00f1os que asisten al nivel inicial demostraron todo lo aprendido para ayudar a combatir el calentamiento global. Reciclar papel, diferencias entre recursos renovables y no renovables y c\u00f3mo aprovechar al m\u00e1ximo los desechos de los hogares fueron algunas de las propuestas que los jardineritos explicaron a sus familiares.<\/p>\n<\/header>\n<div class=\"head-image thumb-wrap relative\">\n<div class=\"cuerpo clearfix\">Los alumnos del nivel inicial del Colegio Patag\u00f3nico del Sol todos los a\u00f1os eligen un tema para llevar a cabo una investigaci\u00f3n durante un mes para finalizar una exposici\u00f3n a fines de setiembre donde comparten con sus familiares todo lo aprendido.<br \/>\nEn esta ocasi\u00f3n, el proyecto se bas\u00f3 en las consecuencias que trae el calentamiento global a trav\u00e9s de las distintas formas de contaminaci\u00f3n por lo que se trabaj\u00f3 en las diversas formas para colaborar en tener un planeta m\u00e1s limpio.<br \/>\nBajo el lema \u00abGuardianes del Planeta\u00bb, un total de 140 ni\u00f1os pasaron a trav\u00e9s de las estaciones explicando c\u00f3mo se debe reciclar papel, las diferencias entre recursos renovables y no renovables y c\u00f3mo aprovechar al m\u00e1ximo los desechos de los hogares.<br \/>\nLa actividad se desarroll\u00f3 en los dos turnos. El primero se llev\u00f3 a cabo de 10 a 12 con 50 ni\u00f1os mientras que el segundo se realiz\u00f3 de 13:50 a 17:10 y cont\u00f3 con la participaci\u00f3n de 90 alumnos. Asimismo, se dispuso que los peque\u00f1os ingresaran a la feria de manera sectorizada para que todos pudieran participar de la jornada y nadie quedara afuera de la convocatoria.<br \/>\nLa directora del establecimiento, Silvana Cucuk, manifest\u00f3: \u00abes incre\u00edble lo que los nenes aprenden y lo que despu\u00e9s pueden transmitir. Nosotros tenemos la devoluci\u00f3n de la familia y d\u00eda a d\u00eda vienen maravillados y sorprendidos con lo que contaron en el auto o en la cena. Los vuelven locos a los padres con todo lo que aprenden. Eso es muy satisfactorio\u00bb.<br \/>\nEn este sentido, Cucuk explic\u00f3: \u00abeste a\u00f1o investigamos sobre la contaminaci\u00f3n del aire, agua y suelo, para tratar de remediar lo que sucede con el calentamiento global. Los chicos trabajaron sobre los niveles de contaminaci\u00f3n que acciones tenemos para reducir y reciclar los materiales\u00bb.<br \/>\n\u00abNosotros creemos que cuando uno educa desde chico. Los nenes son los que se apropian de los saberes y son los que en primer lugar pueden modificar las cosas. Los chicos pueden incentivar a los m\u00e1s grandes a cambiar algunas cuestiones simples de la vida\u00bb, agreg\u00f3.<br \/>\nLa directora tambi\u00e9n destac\u00f3 que con este tipo de actividades se busca que los alumnos puedan compartir sus saberes y sostuvo que la instituci\u00f3n es de puertas abiertas \u00abdonde buscamos que la familia se involucre y participe constantemente\u00bb por lo que se espera que se realice una gran pe\u00f1a para festejar el D\u00eda de la Tradici\u00f3n.<\/div>\n<div class=\"poll-nota\"><\/div>\n<\/div>\n","protected":false},"excerpt":{"rendered":"<p>COMODORO RIVADAVIA.- La muestra denominada \u00abGuardianes del Planeta\u00bb se realiz\u00f3 ayer en el Colegio Patag\u00f3nico del Sol donde los peque\u00f1os [&hellip;]<\/p>\n","protected":false},"author":2,"featured_media":0,"comment_status":"closed","ping_status":"closed","sticky":false,"template":"","format":"standard","meta":{"site-sidebar-layout":"default","site-content-layout":"","ast-site-content-layout":"default","site-content-style":"default","site-sidebar-style":"default","ast-global-header-display":"","ast-banner-title-visibility":"","ast-main-header-display":"","ast-hfb-above-header-display":"","ast-hfb-below-header-display":"","ast-hfb-mobile-header-display":"","site-post-title":"","ast-breadcrumbs-content":"","ast-featured-img":"","footer-sml-layout":"","ast-disable-related-posts":"","theme-transparent-header-meta":"","adv-header-id-meta":"","stick-header-meta":"","header-above-stick-meta":"","header-main-stick-meta":"","header-below-stick-meta":"","astra-migrate-meta-layouts":"default","ast-page-background-enabled":"default","ast-page-background-meta":{"desktop":{"background-color":"var(--ast-global-color-5)","background-image":"","background-repeat":"repeat","background-position":"center center","background-size":"auto","background-attachment":"scroll","background-type":"","background-media":"","overlay-type":"","overlay-color":"","overlay-opacity":"","overlay-gradient":""},"tablet":{"background-color":"","background-image":"","background-repeat":"repeat","background-position":"center center","background-size":"auto","background-attachment":"scroll","background-type":"","background-media":"","overlay-type":"","overlay-color":"","overlay-opacity":"","overlay-gradient":""},"mobile":{"background-color":"","background-image":"","background-repeat":"repeat","background-position":"center center","background-size":"auto","background-attachment":"scroll","background-type":"","background-media":"","overlay-type":"","overlay-color":"","overlay-opacity":"","overlay-gradient":""}},"ast-content-background-meta":{"desktop":{"background-color":"var(--ast-global-color-4)","background-image":"","background-repeat":"repeat","background-position":"center center","background-size":"auto","background-attachment":"scroll","background-type":"","background-media":"","overlay-type":"","overlay-color":"","overlay-opacity":"","overlay-gradient":""},"tablet":{"background-color":"var(--ast-global-color-4)","background-image":"","background-repeat":"repeat","background-position":"center center","background-size":"auto","background-attachment":"scroll","background-type":"","background-media":"","overlay-type":"","overlay-color":"","overlay-opacity":"","overlay-gradient":""},"mobile":{"background-color":"var(--ast-global-color-4)","background-image":"","background-repeat":"repeat","background-position":"center center","background-size":"auto","background-attachment":"scroll","background-type":"","background-media":"","overlay-type":"","overlay-color":"","overlay-opacity":"","overlay-gradient":""}},"footnotes":""},"categories":[16,1],"tags":[],"class_list":["post-21263","post","type-post","status-publish","format-standard","hentry","category-municipales","category-noticias"],"yoast_head":"<!-- This site is optimized with the Yoast SEO Premium plugin v23.0 (Yoast SEO v27.4) - https:\/\/yoast.com\/product\/yoast-seo-premium-wordpress\/ -->\n<title>Comodoro Rivadavia: Con una feria de ciencias, jardineritos concientizaron sobre cuidar el planeta<\/title>\n<meta name=\"robots\" content=\"index, follow, max-snippet:-1, max-image-preview:large, max-video-preview:-1\" \/>\n<link rel=\"canonical\" href=\"https:\/\/patagoniambiental.com.ar\/info\/comodoro-rivadavia-con-una-feria-de-ciencias-jardineritos-concientizaron-sobre-cuidar-el-planeta\/\" \/>\n<meta property=\"og:locale\" content=\"es_ES\" \/>\n<meta property=\"og:type\" content=\"article\" \/>\n<meta property=\"og:title\" content=\"Comodoro Rivadavia: Con una feria de ciencias, jardineritos concientizaron sobre cuidar el planeta\" \/>\n<meta property=\"og:description\" content=\"COMODORO RIVADAVIA.- La muestra denominada \u00abGuardianes del Planeta\u00bb se realiz\u00f3 ayer en el Colegio Patag\u00f3nico del Sol donde los peque\u00f1os [&hellip;]\" \/>\n<meta property=\"og:url\" content=\"https:\/\/patagoniambiental.com.ar\/info\/comodoro-rivadavia-con-una-feria-de-ciencias-jardineritos-concientizaron-sobre-cuidar-el-planeta\/\" \/>\n<meta property=\"og:site_name\" content=\"Patagonia Ambiental\" \/>\n<meta property=\"article:publisher\" content=\"https:\/\/www.facebook.com\/patagonia.ambiental\" \/>\n<meta property=\"article:author\" content=\"https:\/\/www.facebook.com\/share\/1C1V8Gv9BX\/?mibextid=qi2Omg\" \/>\n<meta property=\"article:published_time\" content=\"2016-10-02T12:00:22+00:00\" \/>\n<meta name=\"author\" content=\"Patagonia Ambiental\" \/>\n<meta name=\"twitter:card\" content=\"summary_large_image\" \/>\n<meta name=\"twitter:creator\" content=\"@PatAmb\" \/>\n<meta name=\"twitter:site\" content=\"@PatAmb\" \/>\n<script type=\"application\/ld+json\" class=\"yoast-schema-graph\">{\"@context\":\"https:\\\/\\\/schema.org\",\"@graph\":[{\"@type\":\"Article\",\"@id\":\"https:\\\/\\\/patagoniambiental.com.ar\\\/info\\\/comodoro-rivadavia-con-una-feria-de-ciencias-jardineritos-concientizaron-sobre-cuidar-el-planeta\\\/#article\",\"isPartOf\":{\"@id\":\"https:\\\/\\\/patagoniambiental.com.ar\\\/info\\\/comodoro-rivadavia-con-una-feria-de-ciencias-jardineritos-concientizaron-sobre-cuidar-el-planeta\\\/\"},\"author\":{\"name\":\"Patagonia Ambiental\",\"@id\":\"https:\\\/\\\/patagoniambiental.com.ar\\\/info\\\/#\\\/schema\\\/person\\\/db12bff64bbcbf6a253710bf0ea37b5d\"},\"headline\":\"Comodoro Rivadavia: Con una feria de ciencias, jardineritos concientizaron sobre cuidar el planeta\",\"datePublished\":\"2016-10-02T12:00:22+00:00\",\"mainEntityOfPage\":{\"@id\":\"https:\\\/\\\/patagoniambiental.com.ar\\\/info\\\/comodoro-rivadavia-con-una-feria-de-ciencias-jardineritos-concientizaron-sobre-cuidar-el-planeta\\\/\"},\"wordCount\":504,\"publisher\":{\"@id\":\"https:\\\/\\\/patagoniambiental.com.ar\\\/info\\\/#organization\"},\"articleSection\":[\"Municipales\",\"Noticias\"],\"inLanguage\":\"es\"},{\"@type\":\"WebPage\",\"@id\":\"https:\\\/\\\/patagoniambiental.com.ar\\\/info\\\/comodoro-rivadavia-con-una-feria-de-ciencias-jardineritos-concientizaron-sobre-cuidar-el-planeta\\\/\",\"url\":\"https:\\\/\\\/patagoniambiental.com.ar\\\/info\\\/comodoro-rivadavia-con-una-feria-de-ciencias-jardineritos-concientizaron-sobre-cuidar-el-planeta\\\/\",\"name\":\"Comodoro Rivadavia: Con una feria de ciencias, jardineritos concientizaron sobre cuidar el planeta\",\"isPartOf\":{\"@id\":\"https:\\\/\\\/patagoniambiental.com.ar\\\/info\\\/#website\"},\"datePublished\":\"2016-10-02T12:00:22+00:00\",\"breadcrumb\":{\"@id\":\"https:\\\/\\\/patagoniambiental.com.ar\\\/info\\\/comodoro-rivadavia-con-una-feria-de-ciencias-jardineritos-concientizaron-sobre-cuidar-el-planeta\\\/#breadcrumb\"},\"inLanguage\":\"es\",\"potentialAction\":[{\"@type\":\"ReadAction\",\"target\":[\"https:\\\/\\\/patagoniambiental.com.ar\\\/info\\\/comodoro-rivadavia-con-una-feria-de-ciencias-jardineritos-concientizaron-sobre-cuidar-el-planeta\\\/\"]}]},{\"@type\":\"BreadcrumbList\",\"@id\":\"https:\\\/\\\/patagoniambiental.com.ar\\\/info\\\/comodoro-rivadavia-con-una-feria-de-ciencias-jardineritos-concientizaron-sobre-cuidar-el-planeta\\\/#breadcrumb\",\"itemListElement\":[{\"@type\":\"ListItem\",\"position\":1,\"name\":\"Inicio\",\"item\":\"https:\\\/\\\/patagoniambiental.com.ar\\\/info\\\/\"},{\"@type\":\"ListItem\",\"position\":2,\"name\":\"Comodoro Rivadavia: Con una feria de ciencias, jardineritos concientizaron sobre cuidar el planeta\"}]},{\"@type\":\"WebSite\",\"@id\":\"https:\\\/\\\/patagoniambiental.com.ar\\\/info\\\/#website\",\"url\":\"https:\\\/\\\/patagoniambiental.com.ar\\\/info\\\/\",\"name\":\"Patagonia Ambiental\",\"description\":\"Monitoreo y an\u00e1lisis de la situaci\u00f3n geopol\u00edtica en el mundo y su implicancia en la Patagonia\",\"publisher\":{\"@id\":\"https:\\\/\\\/patagoniambiental.com.ar\\\/info\\\/#organization\"},\"potentialAction\":[{\"@type\":\"SearchAction\",\"target\":{\"@type\":\"EntryPoint\",\"urlTemplate\":\"https:\\\/\\\/patagoniambiental.com.ar\\\/info\\\/?s={search_term_string}\"},\"query-input\":{\"@type\":\"PropertyValueSpecification\",\"valueRequired\":true,\"valueName\":\"search_term_string\"}}],\"inLanguage\":\"es\"},{\"@type\":\"Organization\",\"@id\":\"https:\\\/\\\/patagoniambiental.com.ar\\\/info\\\/#organization\",\"name\":\"Patagonia Ambiental\",\"url\":\"https:\\\/\\\/patagoniambiental.com.ar\\\/info\\\/\",\"logo\":{\"@type\":\"ImageObject\",\"inLanguage\":\"es\",\"@id\":\"https:\\\/\\\/patagoniambiental.com.ar\\\/info\\\/#\\\/schema\\\/logo\\\/image\\\/\",\"url\":\"https:\\\/\\\/patagoniambiental.com.ar\\\/info\\\/wp-content\\\/uploads\\\/2025\\\/05\\\/LOGO-PATAGONIA-AMBIENTAL.png\",\"contentUrl\":\"https:\\\/\\\/patagoniambiental.com.ar\\\/info\\\/wp-content\\\/uploads\\\/2025\\\/05\\\/LOGO-PATAGONIA-AMBIENTAL.png\",\"width\":433,\"height\":250,\"caption\":\"Patagonia Ambiental\"},\"image\":{\"@id\":\"https:\\\/\\\/patagoniambiental.com.ar\\\/info\\\/#\\\/schema\\\/logo\\\/image\\\/\"},\"sameAs\":[\"https:\\\/\\\/www.facebook.com\\\/patagonia.ambiental\",\"https:\\\/\\\/x.com\\\/PatAmb\"]},{\"@type\":\"Person\",\"@id\":\"https:\\\/\\\/patagoniambiental.com.ar\\\/info\\\/#\\\/schema\\\/person\\\/db12bff64bbcbf6a253710bf0ea37b5d\",\"name\":\"Patagonia Ambiental\",\"description\":\"Andr\u00e9s Nievas T\u00e9cnico en manejo ambiental, consultor Ambiental y escritor para medios locales e internacionales sobre temas de geopolitica y medio ambiente.\",\"sameAs\":[\"http:\\\/\\\/www.patagoniambiental.com.ar\",\"https:\\\/\\\/www.facebook.com\\\/share\\\/1C1V8Gv9BX\\\/?mibextid=qi2Omg\",\"@patagoniambiental\",\"https:\\\/\\\/youtube.com\\\/@patagoniaambiental2023?si=BLt58t0wuXquxlYZ\"]}]}<\/script>\n<!-- \/ Yoast SEO Premium plugin. -->","yoast_head_json":{"title":"Comodoro Rivadavia: Con una feria de ciencias, jardineritos concientizaron sobre cuidar el planeta","robots":{"index":"index","follow":"follow","max-snippet":"max-snippet:-1","max-image-preview":"max-image-preview:large","max-video-preview":"max-video-preview:-1"},"canonical":"https:\/\/patagoniambiental.com.ar\/info\/comodoro-rivadavia-con-una-feria-de-ciencias-jardineritos-concientizaron-sobre-cuidar-el-planeta\/","og_locale":"es_ES","og_type":"article","og_title":"Comodoro Rivadavia: Con una feria de ciencias, jardineritos concientizaron sobre cuidar el planeta","og_description":"COMODORO RIVADAVIA.- La muestra denominada \u00abGuardianes del Planeta\u00bb se realiz\u00f3 ayer en el Colegio Patag\u00f3nico del Sol donde los peque\u00f1os [&hellip;]","og_url":"https:\/\/patagoniambiental.com.ar\/info\/comodoro-rivadavia-con-una-feria-de-ciencias-jardineritos-concientizaron-sobre-cuidar-el-planeta\/","og_site_name":"Patagonia Ambiental","article_publisher":"https:\/\/www.facebook.com\/patagonia.ambiental","article_author":"https:\/\/www.facebook.com\/share\/1C1V8Gv9BX\/?mibextid=qi2Omg","article_published_time":"2016-10-02T12:00:22+00:00","author":"Patagonia Ambiental","twitter_card":"summary_large_image","twitter_creator":"@PatAmb","twitter_site":"@PatAmb","schema":{"@context":"https:\/\/schema.org","@graph":[{"@type":"Article","@id":"https:\/\/patagoniambiental.com.ar\/info\/comodoro-rivadavia-con-una-feria-de-ciencias-jardineritos-concientizaron-sobre-cuidar-el-planeta\/#article","isPartOf":{"@id":"https:\/\/patagoniambiental.com.ar\/info\/comodoro-rivadavia-con-una-feria-de-ciencias-jardineritos-concientizaron-sobre-cuidar-el-planeta\/"},"author":{"name":"Patagonia Ambiental","@id":"https:\/\/patagoniambiental.com.ar\/info\/#\/schema\/person\/db12bff64bbcbf6a253710bf0ea37b5d"},"headline":"Comodoro Rivadavia: Con una feria de ciencias, jardineritos concientizaron sobre cuidar el planeta","datePublished":"2016-10-02T12:00:22+00:00","mainEntityOfPage":{"@id":"https:\/\/patagoniambiental.com.ar\/info\/comodoro-rivadavia-con-una-feria-de-ciencias-jardineritos-concientizaron-sobre-cuidar-el-planeta\/"},"wordCount":504,"publisher":{"@id":"https:\/\/patagoniambiental.com.ar\/info\/#organization"},"articleSection":["Municipales","Noticias"],"inLanguage":"es"},{"@type":"WebPage","@id":"https:\/\/patagoniambiental.com.ar\/info\/comodoro-rivadavia-con-una-feria-de-ciencias-jardineritos-concientizaron-sobre-cuidar-el-planeta\/","url":"https:\/\/patagoniambiental.com.ar\/info\/comodoro-rivadavia-con-una-feria-de-ciencias-jardineritos-concientizaron-sobre-cuidar-el-planeta\/","name":"Comodoro Rivadavia: Con una feria de ciencias, jardineritos concientizaron sobre cuidar el planeta","isPartOf":{"@id":"https:\/\/patagoniambiental.com.ar\/info\/#website"},"datePublished":"2016-10-02T12:00:22+00:00","breadcrumb":{"@id":"https:\/\/patagoniambiental.com.ar\/info\/comodoro-rivadavia-con-una-feria-de-ciencias-jardineritos-concientizaron-sobre-cuidar-el-planeta\/#breadcrumb"},"inLanguage":"es","potentialAction":[{"@type":"ReadAction","target":["https:\/\/patagoniambiental.com.ar\/info\/comodoro-rivadavia-con-una-feria-de-ciencias-jardineritos-concientizaron-sobre-cuidar-el-planeta\/"]}]},{"@type":"BreadcrumbList","@id":"https:\/\/patagoniambiental.com.ar\/info\/comodoro-rivadavia-con-una-feria-de-ciencias-jardineritos-concientizaron-sobre-cuidar-el-planeta\/#breadcrumb","itemListElement":[{"@type":"ListItem","position":1,"name":"Inicio","item":"https:\/\/patagoniambiental.com.ar\/info\/"},{"@type":"ListItem","position":2,"name":"Comodoro Rivadavia: Con una feria de ciencias, jardineritos concientizaron sobre cuidar el planeta"}]},{"@type":"WebSite","@id":"https:\/\/patagoniambiental.com.ar\/info\/#website","url":"https:\/\/patagoniambiental.com.ar\/info\/","name":"Patagonia Ambiental","description":"Monitoreo y an\u00e1lisis de la situaci\u00f3n geopol\u00edtica en el mundo y su implicancia en la Patagonia","publisher":{"@id":"https:\/\/patagoniambiental.com.ar\/info\/#organization"},"potentialAction":[{"@type":"SearchAction","target":{"@type":"EntryPoint","urlTemplate":"https:\/\/patagoniambiental.com.ar\/info\/?s={search_term_string}"},"query-input":{"@type":"PropertyValueSpecification","valueRequired":true,"valueName":"search_term_string"}}],"inLanguage":"es"},{"@type":"Organization","@id":"https:\/\/patagoniambiental.com.ar\/info\/#organization","name":"Patagonia Ambiental","url":"https:\/\/patagoniambiental.com.ar\/info\/","logo":{"@type":"ImageObject","inLanguage":"es","@id":"https:\/\/patagoniambiental.com.ar\/info\/#\/schema\/logo\/image\/","url":"https:\/\/patagoniambiental.com.ar\/info\/wp-content\/uploads\/2025\/05\/LOGO-PATAGONIA-AMBIENTAL.png","contentUrl":"https:\/\/patagoniambiental.com.ar\/info\/wp-content\/uploads\/2025\/05\/LOGO-PATAGONIA-AMBIENTAL.png","width":433,"height":250,"caption":"Patagonia Ambiental"},"image":{"@id":"https:\/\/patagoniambiental.com.ar\/info\/#\/schema\/logo\/image\/"},"sameAs":["https:\/\/www.facebook.com\/patagonia.ambiental","https:\/\/x.com\/PatAmb"]},{"@type":"Person","@id":"https:\/\/patagoniambiental.com.ar\/info\/#\/schema\/person\/db12bff64bbcbf6a253710bf0ea37b5d","name":"Patagonia Ambiental","description":"Andr\u00e9s Nievas T\u00e9cnico en manejo ambiental, consultor Ambiental y escritor para medios locales e internacionales sobre temas de geopolitica y medio ambiente.","sameAs":["http:\/\/www.patagoniambiental.com.ar","https:\/\/www.facebook.com\/share\/1C1V8Gv9BX\/?mibextid=qi2Omg","@patagoniambiental","https:\/\/youtube.com\/@patagoniaambiental2023?si=BLt58t0wuXquxlYZ"]}]}},"_links":{"self":[{"href":"https:\/\/patagoniambiental.com.ar\/info\/wp-json\/wp\/v2\/posts\/21263","targetHints":{"allow":["GET"]}}],"collection":[{"href":"https:\/\/patagoniambiental.com.ar\/info\/wp-json\/wp\/v2\/posts"}],"about":[{"href":"https:\/\/patagoniambiental.com.ar\/info\/wp-json\/wp\/v2\/types\/post"}],"author":[{"embeddable":true,"href":"https:\/\/patagoniambiental.com.ar\/info\/wp-json\/wp\/v2\/users\/2"}],"replies":[{"embeddable":true,"href":"https:\/\/patagoniambiental.com.ar\/info\/wp-json\/wp\/v2\/comments?post=21263"}],"version-history":[{"count":0,"href":"https:\/\/patagoniambiental.com.ar\/info\/wp-json\/wp\/v2\/posts\/21263\/revisions"}],"wp:attachment":[{"href":"https:\/\/patagoniambiental.com.ar\/info\/wp-json\/wp\/v2\/media?parent=21263"}],"wp:term":[{"taxonomy":"category","embeddable":true,"href":"https:\/\/patagoniambiental.com.ar\/info\/wp-json\/wp\/v2\/categories?post=21263"},{"taxonomy":"post_tag","embeddable":true,"href":"https:\/\/patagoniambiental.com.ar\/info\/wp-json\/wp\/v2\/tags?post=21263"}],"curies":[{"name":"wp","href":"https:\/\/api.w.org\/{rel}","templated":true}]}}