{"id":21269,"date":"2016-10-02T09:00:48","date_gmt":"2016-10-02T12:00:48","guid":{"rendered":"http:\/\/patagoniambiental.com.ar\/?p=21269"},"modified":"2016-10-02T09:00:48","modified_gmt":"2016-10-02T12:00:48","slug":"la-secretaria-de-ambiente-y-el-municipio-de-regina-recolectaron-mas-de-400-celulares-en-desuso","status":"publish","type":"post","link":"https:\/\/patagoniambiental.com.ar\/info\/la-secretaria-de-ambiente-y-el-municipio-de-regina-recolectaron-mas-de-400-celulares-en-desuso\/","title":{"rendered":"La Secretar\u00eda de Ambiente y el Municipio de Regina recolectaron m\u00e1s de 400 celulares en desuso"},"content":{"rendered":"<p>VILLA REGINA.- La Secretar\u00eda de Ambiente y Desarrollo Sustentable, dependiente de la Secretar\u00eda General de la Gobernaci\u00f3n, y la Municipalidad de Villa Regina desarrollaron una campa\u00f1a de recolecci\u00f3n de celulares en escuelas e instituciones de esa ciudad bajo la consigna\u00a0 \u201cResponde al llamado del planeta\u201d.\u00a0 En la oportunidad se recolectaron m\u00e1s de 400 equipos y 200 bater\u00edas.<\/p>\n<p style=\"text-align: justify;\">La Secretar\u00eda de Ambiente se encargar\u00e1 de las gestiones para la disposici\u00f3n final de los aparatos, mientras que desde el Municipio se colocaron urnas para la recolecci\u00f3n de los aparatos. En este sentido, desde la comuna valletana se entregaron celulares en desuso como parte de la campa\u00f1a\u00a0 \u201cResponde al llamado del planeta\u201d.<\/p>\n<p style=\"text-align: justify;\">Al respecto, la responsable de la cartera ambiental provincial, Dina Migani, recibi\u00f3 el martes \u00faltimo los artefactos por parte de Antonio Puerta, director de Medio Ambiente de Regina.<\/p>\n<p style=\"text-align: justify;\">La campa\u00f1a se inici\u00f3 el pasado 27 de junio y se extendi\u00f3 hasta fines de agosto. Desde el \u00e1rea ambiental municipal colocaron urnas recolectoras en diferentes escuelas, instituciones y locales comerciales.<\/p>\n<p style=\"text-align: justify;\">En el caso de los establecimientos educativos, se realiz\u00f3 un concurso, resultando ganadora la Escuela Agraria, instituci\u00f3n que junt\u00f3 m\u00e1s del 50% de los celulares.<\/p>\n<p style=\"text-align: justify;\">Por su parte el Director Puerta inform\u00f3 que se juntaron 200 bater\u00edas y 400 celulares, adem\u00e1s de otros artefactos como tablets.<\/p>\n<p style=\"text-align: justify;\">Los resultados de la campa\u00f1a y el reconocimiento a la escuela ganadora se realizar\u00e1 durante el SOS-Festival, una actividad organizada por la Municipalidad de Villa Regina, que tendr\u00e1 como objetivo conjugar educaci\u00f3n, arte, m\u00fasica, ciencia y sustentabilidad. El mismo se desarrollar\u00e1 del 14 al 16 de octubre en el predio de la Vendimia y cuenta con la colaboraci\u00f3n y apoyo de la Secretar\u00eda de Ambiente de R\u00edo Negro.<\/p>\n<p style=\"text-align: justify;\">Fuente:Gobierno de R\u00edo Negro<\/p>\n","protected":false},"excerpt":{"rendered":"<p>VILLA REGINA.- La Secretar\u00eda de Ambiente y Desarrollo Sustentable, dependiente de la Secretar\u00eda General de la Gobernaci\u00f3n, y la Municipalidad [&hellip;]<\/p>\n","protected":false},"author":2,"featured_media":0,"comment_status":"closed","ping_status":"closed","sticky":false,"template":"","format":"standard","meta":{"site-sidebar-layout":"default","site-content-layout":"","ast-site-content-layout":"default","site-content-style":"default","site-sidebar-style":"default","ast-global-header-display":"","ast-banner-title-visibility":"","ast-main-header-display":"","ast-hfb-above-header-display":"","ast-hfb-below-header-display":"","ast-hfb-mobile-header-display":"","site-post-title":"","ast-breadcrumbs-content":"","ast-featured-img":"","footer-sml-layout":"","ast-disable-related-posts":"","theme-transparent-header-meta":"","adv-header-id-meta":"","stick-header-meta":"","header-above-stick-meta":"","header-main-stick-meta":"","header-below-stick-meta":"","astra-migrate-meta-layouts":"default","ast-page-background-enabled":"default","ast-page-background-meta":{"desktop":{"background-color":"var(--ast-global-color-5)","background-image":"","background-repeat":"repeat","background-position":"center center","background-size":"auto","background-attachment":"scroll","background-type":"","background-media":"","overlay-type":"","overlay-color":"","overlay-opacity":"","overlay-gradient":""},"tablet":{"background-color":"","background-image":"","background-repeat":"repeat","background-position":"center center","background-size":"auto","background-attachment":"scroll","background-type":"","background-media":"","overlay-type":"","overlay-color":"","overlay-opacity":"","overlay-gradient":""},"mobile":{"background-color":"","background-image":"","background-repeat":"repeat","background-position":"center center","background-size":"auto","background-attachment":"scroll","background-type":"","background-media":"","overlay-type":"","overlay-color":"","overlay-opacity":"","overlay-gradient":""}},"ast-content-background-meta":{"desktop":{"background-color":"var(--ast-global-color-4)","background-image":"","background-repeat":"repeat","background-position":"center center","background-size":"auto","background-attachment":"scroll","background-type":"","background-media":"","overlay-type":"","overlay-color":"","overlay-opacity":"","overlay-gradient":""},"tablet":{"background-color":"var(--ast-global-color-4)","background-image":"","background-repeat":"repeat","background-position":"center center","background-size":"auto","background-attachment":"scroll","background-type":"","background-media":"","overlay-type":"","overlay-color":"","overlay-opacity":"","overlay-gradient":""},"mobile":{"background-color":"var(--ast-global-color-4)","background-image":"","background-repeat":"repeat","background-position":"center center","background-size":"auto","background-attachment":"scroll","background-type":"","background-media":"","overlay-type":"","overlay-color":"","overlay-opacity":"","overlay-gradient":""}},"footnotes":""},"categories":[16,1],"tags":[],"class_list":["post-21269","post","type-post","status-publish","format-standard","hentry","category-municipales","category-noticias"],"yoast_head":"<!-- This site is optimized with the Yoast SEO Premium plugin v23.0 (Yoast SEO v27.4) - https:\/\/yoast.com\/product\/yoast-seo-premium-wordpress\/ -->\n<title>La Secretar\u00eda de Ambiente y el Municipio de Regina recolectaron m\u00e1s de 400 celulares en desuso<\/title>\n<meta name=\"robots\" content=\"index, follow, max-snippet:-1, max-image-preview:large, max-video-preview:-1\" \/>\n<link rel=\"canonical\" href=\"https:\/\/patagoniambiental.com.ar\/info\/la-secretaria-de-ambiente-y-el-municipio-de-regina-recolectaron-mas-de-400-celulares-en-desuso\/\" \/>\n<meta property=\"og:locale\" content=\"es_ES\" \/>\n<meta property=\"og:type\" content=\"article\" \/>\n<meta property=\"og:title\" content=\"La Secretar\u00eda de Ambiente y el Municipio de Regina recolectaron m\u00e1s de 400 celulares en desuso\" \/>\n<meta property=\"og:description\" content=\"VILLA REGINA.- La Secretar\u00eda de Ambiente y Desarrollo Sustentable, dependiente de la Secretar\u00eda General de la Gobernaci\u00f3n, y la Municipalidad [&hellip;]\" \/>\n<meta property=\"og:url\" content=\"https:\/\/patagoniambiental.com.ar\/info\/la-secretaria-de-ambiente-y-el-municipio-de-regina-recolectaron-mas-de-400-celulares-en-desuso\/\" \/>\n<meta property=\"og:site_name\" content=\"Patagonia Ambiental\" \/>\n<meta property=\"article:publisher\" content=\"https:\/\/www.facebook.com\/patagonia.ambiental\" \/>\n<meta property=\"article:author\" content=\"https:\/\/www.facebook.com\/share\/1C1V8Gv9BX\/?mibextid=qi2Omg\" \/>\n<meta property=\"article:published_time\" content=\"2016-10-02T12:00:48+00:00\" \/>\n<meta name=\"author\" content=\"Patagonia Ambiental\" \/>\n<meta name=\"twitter:card\" content=\"summary_large_image\" \/>\n<meta name=\"twitter:creator\" content=\"@PatAmb\" \/>\n<meta name=\"twitter:site\" content=\"@PatAmb\" \/>\n<script type=\"application\/ld+json\" class=\"yoast-schema-graph\">{\"@context\":\"https:\\\/\\\/schema.org\",\"@graph\":[{\"@type\":\"Article\",\"@id\":\"https:\\\/\\\/patagoniambiental.com.ar\\\/info\\\/la-secretaria-de-ambiente-y-el-municipio-de-regina-recolectaron-mas-de-400-celulares-en-desuso\\\/#article\",\"isPartOf\":{\"@id\":\"https:\\\/\\\/patagoniambiental.com.ar\\\/info\\\/la-secretaria-de-ambiente-y-el-municipio-de-regina-recolectaron-mas-de-400-celulares-en-desuso\\\/\"},\"author\":{\"name\":\"Patagonia Ambiental\",\"@id\":\"https:\\\/\\\/patagoniambiental.com.ar\\\/info\\\/#\\\/schema\\\/person\\\/db12bff64bbcbf6a253710bf0ea37b5d\"},\"headline\":\"La Secretar\u00eda de Ambiente y el Municipio de Regina recolectaron m\u00e1s de 400 celulares en desuso\",\"datePublished\":\"2016-10-02T12:00:48+00:00\",\"mainEntityOfPage\":{\"@id\":\"https:\\\/\\\/patagoniambiental.com.ar\\\/info\\\/la-secretaria-de-ambiente-y-el-municipio-de-regina-recolectaron-mas-de-400-celulares-en-desuso\\\/\"},\"wordCount\":320,\"publisher\":{\"@id\":\"https:\\\/\\\/patagoniambiental.com.ar\\\/info\\\/#organization\"},\"articleSection\":[\"Municipales\",\"Noticias\"],\"inLanguage\":\"es\"},{\"@type\":\"WebPage\",\"@id\":\"https:\\\/\\\/patagoniambiental.com.ar\\\/info\\\/la-secretaria-de-ambiente-y-el-municipio-de-regina-recolectaron-mas-de-400-celulares-en-desuso\\\/\",\"url\":\"https:\\\/\\\/patagoniambiental.com.ar\\\/info\\\/la-secretaria-de-ambiente-y-el-municipio-de-regina-recolectaron-mas-de-400-celulares-en-desuso\\\/\",\"name\":\"La Secretar\u00eda de Ambiente y el Municipio de Regina recolectaron m\u00e1s de 400 celulares en desuso\",\"isPartOf\":{\"@id\":\"https:\\\/\\\/patagoniambiental.com.ar\\\/info\\\/#website\"},\"datePublished\":\"2016-10-02T12:00:48+00:00\",\"breadcrumb\":{\"@id\":\"https:\\\/\\\/patagoniambiental.com.ar\\\/info\\\/la-secretaria-de-ambiente-y-el-municipio-de-regina-recolectaron-mas-de-400-celulares-en-desuso\\\/#breadcrumb\"},\"inLanguage\":\"es\",\"potentialAction\":[{\"@type\":\"ReadAction\",\"target\":[\"https:\\\/\\\/patagoniambiental.com.ar\\\/info\\\/la-secretaria-de-ambiente-y-el-municipio-de-regina-recolectaron-mas-de-400-celulares-en-desuso\\\/\"]}]},{\"@type\":\"BreadcrumbList\",\"@id\":\"https:\\\/\\\/patagoniambiental.com.ar\\\/info\\\/la-secretaria-de-ambiente-y-el-municipio-de-regina-recolectaron-mas-de-400-celulares-en-desuso\\\/#breadcrumb\",\"itemListElement\":[{\"@type\":\"ListItem\",\"position\":1,\"name\":\"Inicio\",\"item\":\"https:\\\/\\\/patagoniambiental.com.ar\\\/info\\\/\"},{\"@type\":\"ListItem\",\"position\":2,\"name\":\"La Secretar\u00eda de Ambiente y el Municipio de Regina recolectaron m\u00e1s de 400 celulares en desuso\"}]},{\"@type\":\"WebSite\",\"@id\":\"https:\\\/\\\/patagoniambiental.com.ar\\\/info\\\/#website\",\"url\":\"https:\\\/\\\/patagoniambiental.com.ar\\\/info\\\/\",\"name\":\"Patagonia Ambiental\",\"description\":\"Monitoreo y an\u00e1lisis de la situaci\u00f3n geopol\u00edtica en el mundo y su implicancia en la Patagonia\",\"publisher\":{\"@id\":\"https:\\\/\\\/patagoniambiental.com.ar\\\/info\\\/#organization\"},\"potentialAction\":[{\"@type\":\"SearchAction\",\"target\":{\"@type\":\"EntryPoint\",\"urlTemplate\":\"https:\\\/\\\/patagoniambiental.com.ar\\\/info\\\/?s={search_term_string}\"},\"query-input\":{\"@type\":\"PropertyValueSpecification\",\"valueRequired\":true,\"valueName\":\"search_term_string\"}}],\"inLanguage\":\"es\"},{\"@type\":\"Organization\",\"@id\":\"https:\\\/\\\/patagoniambiental.com.ar\\\/info\\\/#organization\",\"name\":\"Patagonia Ambiental\",\"url\":\"https:\\\/\\\/patagoniambiental.com.ar\\\/info\\\/\",\"logo\":{\"@type\":\"ImageObject\",\"inLanguage\":\"es\",\"@id\":\"https:\\\/\\\/patagoniambiental.com.ar\\\/info\\\/#\\\/schema\\\/logo\\\/image\\\/\",\"url\":\"https:\\\/\\\/patagoniambiental.com.ar\\\/info\\\/wp-content\\\/uploads\\\/2025\\\/05\\\/LOGO-PATAGONIA-AMBIENTAL.png\",\"contentUrl\":\"https:\\\/\\\/patagoniambiental.com.ar\\\/info\\\/wp-content\\\/uploads\\\/2025\\\/05\\\/LOGO-PATAGONIA-AMBIENTAL.png\",\"width\":433,\"height\":250,\"caption\":\"Patagonia Ambiental\"},\"image\":{\"@id\":\"https:\\\/\\\/patagoniambiental.com.ar\\\/info\\\/#\\\/schema\\\/logo\\\/image\\\/\"},\"sameAs\":[\"https:\\\/\\\/www.facebook.com\\\/patagonia.ambiental\",\"https:\\\/\\\/x.com\\\/PatAmb\"]},{\"@type\":\"Person\",\"@id\":\"https:\\\/\\\/patagoniambiental.com.ar\\\/info\\\/#\\\/schema\\\/person\\\/db12bff64bbcbf6a253710bf0ea37b5d\",\"name\":\"Patagonia Ambiental\",\"description\":\"Andr\u00e9s Nievas T\u00e9cnico en manejo ambiental, consultor Ambiental y escritor para medios locales e internacionales sobre temas de geopolitica y medio ambiente.\",\"sameAs\":[\"http:\\\/\\\/www.patagoniambiental.com.ar\",\"https:\\\/\\\/www.facebook.com\\\/share\\\/1C1V8Gv9BX\\\/?mibextid=qi2Omg\",\"@patagoniambiental\",\"https:\\\/\\\/youtube.com\\\/@patagoniaambiental2023?si=BLt58t0wuXquxlYZ\"]}]}<\/script>\n<!-- \/ Yoast SEO Premium plugin. -->","yoast_head_json":{"title":"La Secretar\u00eda de Ambiente y el Municipio de Regina recolectaron m\u00e1s de 400 celulares en desuso","robots":{"index":"index","follow":"follow","max-snippet":"max-snippet:-1","max-image-preview":"max-image-preview:large","max-video-preview":"max-video-preview:-1"},"canonical":"https:\/\/patagoniambiental.com.ar\/info\/la-secretaria-de-ambiente-y-el-municipio-de-regina-recolectaron-mas-de-400-celulares-en-desuso\/","og_locale":"es_ES","og_type":"article","og_title":"La Secretar\u00eda de Ambiente y el Municipio de Regina recolectaron m\u00e1s de 400 celulares en desuso","og_description":"VILLA REGINA.- La Secretar\u00eda de Ambiente y Desarrollo Sustentable, dependiente de la Secretar\u00eda General de la Gobernaci\u00f3n, y la Municipalidad [&hellip;]","og_url":"https:\/\/patagoniambiental.com.ar\/info\/la-secretaria-de-ambiente-y-el-municipio-de-regina-recolectaron-mas-de-400-celulares-en-desuso\/","og_site_name":"Patagonia Ambiental","article_publisher":"https:\/\/www.facebook.com\/patagonia.ambiental","article_author":"https:\/\/www.facebook.com\/share\/1C1V8Gv9BX\/?mibextid=qi2Omg","article_published_time":"2016-10-02T12:00:48+00:00","author":"Patagonia Ambiental","twitter_card":"summary_large_image","twitter_creator":"@PatAmb","twitter_site":"@PatAmb","schema":{"@context":"https:\/\/schema.org","@graph":[{"@type":"Article","@id":"https:\/\/patagoniambiental.com.ar\/info\/la-secretaria-de-ambiente-y-el-municipio-de-regina-recolectaron-mas-de-400-celulares-en-desuso\/#article","isPartOf":{"@id":"https:\/\/patagoniambiental.com.ar\/info\/la-secretaria-de-ambiente-y-el-municipio-de-regina-recolectaron-mas-de-400-celulares-en-desuso\/"},"author":{"name":"Patagonia Ambiental","@id":"https:\/\/patagoniambiental.com.ar\/info\/#\/schema\/person\/db12bff64bbcbf6a253710bf0ea37b5d"},"headline":"La Secretar\u00eda de Ambiente y el Municipio de Regina recolectaron m\u00e1s de 400 celulares en desuso","datePublished":"2016-10-02T12:00:48+00:00","mainEntityOfPage":{"@id":"https:\/\/patagoniambiental.com.ar\/info\/la-secretaria-de-ambiente-y-el-municipio-de-regina-recolectaron-mas-de-400-celulares-en-desuso\/"},"wordCount":320,"publisher":{"@id":"https:\/\/patagoniambiental.com.ar\/info\/#organization"},"articleSection":["Municipales","Noticias"],"inLanguage":"es"},{"@type":"WebPage","@id":"https:\/\/patagoniambiental.com.ar\/info\/la-secretaria-de-ambiente-y-el-municipio-de-regina-recolectaron-mas-de-400-celulares-en-desuso\/","url":"https:\/\/patagoniambiental.com.ar\/info\/la-secretaria-de-ambiente-y-el-municipio-de-regina-recolectaron-mas-de-400-celulares-en-desuso\/","name":"La Secretar\u00eda de Ambiente y el Municipio de Regina recolectaron m\u00e1s de 400 celulares en desuso","isPartOf":{"@id":"https:\/\/patagoniambiental.com.ar\/info\/#website"},"datePublished":"2016-10-02T12:00:48+00:00","breadcrumb":{"@id":"https:\/\/patagoniambiental.com.ar\/info\/la-secretaria-de-ambiente-y-el-municipio-de-regina-recolectaron-mas-de-400-celulares-en-desuso\/#breadcrumb"},"inLanguage":"es","potentialAction":[{"@type":"ReadAction","target":["https:\/\/patagoniambiental.com.ar\/info\/la-secretaria-de-ambiente-y-el-municipio-de-regina-recolectaron-mas-de-400-celulares-en-desuso\/"]}]},{"@type":"BreadcrumbList","@id":"https:\/\/patagoniambiental.com.ar\/info\/la-secretaria-de-ambiente-y-el-municipio-de-regina-recolectaron-mas-de-400-celulares-en-desuso\/#breadcrumb","itemListElement":[{"@type":"ListItem","position":1,"name":"Inicio","item":"https:\/\/patagoniambiental.com.ar\/info\/"},{"@type":"ListItem","position":2,"name":"La Secretar\u00eda de Ambiente y el Municipio de Regina recolectaron m\u00e1s de 400 celulares en desuso"}]},{"@type":"WebSite","@id":"https:\/\/patagoniambiental.com.ar\/info\/#website","url":"https:\/\/patagoniambiental.com.ar\/info\/","name":"Patagonia Ambiental","description":"Monitoreo y an\u00e1lisis de la situaci\u00f3n geopol\u00edtica en el mundo y su implicancia en la Patagonia","publisher":{"@id":"https:\/\/patagoniambiental.com.ar\/info\/#organization"},"potentialAction":[{"@type":"SearchAction","target":{"@type":"EntryPoint","urlTemplate":"https:\/\/patagoniambiental.com.ar\/info\/?s={search_term_string}"},"query-input":{"@type":"PropertyValueSpecification","valueRequired":true,"valueName":"search_term_string"}}],"inLanguage":"es"},{"@type":"Organization","@id":"https:\/\/patagoniambiental.com.ar\/info\/#organization","name":"Patagonia Ambiental","url":"https:\/\/patagoniambiental.com.ar\/info\/","logo":{"@type":"ImageObject","inLanguage":"es","@id":"https:\/\/patagoniambiental.com.ar\/info\/#\/schema\/logo\/image\/","url":"https:\/\/patagoniambiental.com.ar\/info\/wp-content\/uploads\/2025\/05\/LOGO-PATAGONIA-AMBIENTAL.png","contentUrl":"https:\/\/patagoniambiental.com.ar\/info\/wp-content\/uploads\/2025\/05\/LOGO-PATAGONIA-AMBIENTAL.png","width":433,"height":250,"caption":"Patagonia Ambiental"},"image":{"@id":"https:\/\/patagoniambiental.com.ar\/info\/#\/schema\/logo\/image\/"},"sameAs":["https:\/\/www.facebook.com\/patagonia.ambiental","https:\/\/x.com\/PatAmb"]},{"@type":"Person","@id":"https:\/\/patagoniambiental.com.ar\/info\/#\/schema\/person\/db12bff64bbcbf6a253710bf0ea37b5d","name":"Patagonia Ambiental","description":"Andr\u00e9s Nievas T\u00e9cnico en manejo ambiental, consultor Ambiental y escritor para medios locales e internacionales sobre temas de geopolitica y medio ambiente.","sameAs":["http:\/\/www.patagoniambiental.com.ar","https:\/\/www.facebook.com\/share\/1C1V8Gv9BX\/?mibextid=qi2Omg","@patagoniambiental","https:\/\/youtube.com\/@patagoniaambiental2023?si=BLt58t0wuXquxlYZ"]}]}},"_links":{"self":[{"href":"https:\/\/patagoniambiental.com.ar\/info\/wp-json\/wp\/v2\/posts\/21269","targetHints":{"allow":["GET"]}}],"collection":[{"href":"https:\/\/patagoniambiental.com.ar\/info\/wp-json\/wp\/v2\/posts"}],"about":[{"href":"https:\/\/patagoniambiental.com.ar\/info\/wp-json\/wp\/v2\/types\/post"}],"author":[{"embeddable":true,"href":"https:\/\/patagoniambiental.com.ar\/info\/wp-json\/wp\/v2\/users\/2"}],"replies":[{"embeddable":true,"href":"https:\/\/patagoniambiental.com.ar\/info\/wp-json\/wp\/v2\/comments?post=21269"}],"version-history":[{"count":0,"href":"https:\/\/patagoniambiental.com.ar\/info\/wp-json\/wp\/v2\/posts\/21269\/revisions"}],"wp:attachment":[{"href":"https:\/\/patagoniambiental.com.ar\/info\/wp-json\/wp\/v2\/media?parent=21269"}],"wp:term":[{"taxonomy":"category","embeddable":true,"href":"https:\/\/patagoniambiental.com.ar\/info\/wp-json\/wp\/v2\/categories?post=21269"},{"taxonomy":"post_tag","embeddable":true,"href":"https:\/\/patagoniambiental.com.ar\/info\/wp-json\/wp\/v2\/tags?post=21269"}],"curies":[{"name":"wp","href":"https:\/\/api.w.org\/{rel}","templated":true}]}}