{"id":21285,"date":"2016-10-03T09:00:57","date_gmt":"2016-10-03T12:00:57","guid":{"rendered":"http:\/\/patagoniambiental.com.ar\/?p=21285"},"modified":"2016-10-03T09:00:57","modified_gmt":"2016-10-03T12:00:57","slug":"urbana-instalo-18-contenedores-metalicos-en-comodoro-rivadavia","status":"publish","type":"post","link":"https:\/\/patagoniambiental.com.ar\/info\/urbana-instalo-18-contenedores-metalicos-en-comodoro-rivadavia\/","title":{"rendered":"Urbana instal\u00f3 18 contenedores met\u00e1licos en Comodoro Rivadavia"},"content":{"rendered":"<div class=\"cuerpo clearfix\">\n<div>COMODORO RIVADAVIA.- El subsecretario municipal de Ambiente, Daniel Gonz\u00e1lez junto al gerente de Operaciones de la empresa Urbana, Roberto Vinet y el vecinalista del 30 de Octubre, Adri\u00e1n Cid participaron de la presentaci\u00f3n de los nuevos contenedores que ser\u00e1n distribuidos en los distintos sectores del barrio. Tambi\u00e9n estuvo presente el coordinador Municipal de Relaciones Comunitarias, Fernando Vivas.<\/div>\n<div>Cid se\u00f1al\u00f3 que estos elementos permitir\u00e1n optimizar la limpieza del sector y precis\u00f3: \u00abes importante poder trabajar a la par, porque es la manera de lograr cosas importantes para nuestra gente\u00bb.<\/div>\n<div>Mientras, Gonz\u00e1lez destac\u00f3: \u00abeste barrio tiene una necesidad importante en materia de mobiliario urbano y por pedido del intendente Linares, nuestro objetivo es optimizar el servicio de recolecci\u00f3n para mejorar la calidad de vida de sus habitantes\u00bb.<\/div>\n<div>Respecto de las caracter\u00edsticas de este equipamiento se indic\u00f3: \u00abes similar a los que ten\u00eda el barrio pero ahora han sido reacondicionados, tienen tapas para evitar cualquier tipo de voladura y para que los perros no saquen los desechos, que despu\u00e9s terminan en la calle\u00bb.<\/div>\n<div>En ese sentido, el subsecretario de Ambiente remarc\u00f3: \u00abcomo lo venimos diciendo y por un pedido del intendente Carlos Linares, desde esta gesti\u00f3n se apunta al mejoramiento de los barrios en todos los aspectos. En este caso, desde lo ambiental vamos a seguir reuni\u00e9ndonos con el vecinalista para poder atender los distintos requerimientos de los vecinos y ver en qu\u00e9 podemos contribuir para mejorar la calidad de vida de sus habitantes\u00bb.<\/div>\n<div>Vinet, como gerente de Operaciones de Urbana, asegur\u00f3: \u00abdesde la empresa estamos trabajando en plena sinton\u00eda con la pol\u00edtica ambiental del municipio, entendiendo que el mejoramiento continuo del mobiliario urbano, no solamente mejora la calidad del servicio, sino que la garantiza\u00bb.<\/div>\n<div>Del mismo modo, manifest\u00f3: \u00abse ha decidido comenzar por el barrio 30 de Octubre en base a un relevamiento pero vamos a continuar con esta puesta, renovando el tema de los contenedores que tiene la empresa a su cargo para poder llegar a toda la ciudad\u00bb.<\/div>\n<\/div>\n<div class=\"poll-nota\"><\/div>\n<div class=\"poll-nota\">Fuente: El patagonico<\/div>\n","protected":false},"excerpt":{"rendered":"<p>COMODORO RIVADAVIA.- El subsecretario municipal de Ambiente, Daniel Gonz\u00e1lez junto al gerente de Operaciones de la empresa Urbana, Roberto Vinet [&hellip;]<\/p>\n","protected":false},"author":2,"featured_media":0,"comment_status":"closed","ping_status":"closed","sticky":false,"template":"","format":"standard","meta":{"site-sidebar-layout":"default","site-content-layout":"","ast-site-content-layout":"default","site-content-style":"default","site-sidebar-style":"default","ast-global-header-display":"","ast-banner-title-visibility":"","ast-main-header-display":"","ast-hfb-above-header-display":"","ast-hfb-below-header-display":"","ast-hfb-mobile-header-display":"","site-post-title":"","ast-breadcrumbs-content":"","ast-featured-img":"","footer-sml-layout":"","ast-disable-related-posts":"","theme-transparent-header-meta":"","adv-header-id-meta":"","stick-header-meta":"","header-above-stick-meta":"","header-main-stick-meta":"","header-below-stick-meta":"","astra-migrate-meta-layouts":"default","ast-page-background-enabled":"default","ast-page-background-meta":{"desktop":{"background-color":"var(--ast-global-color-5)","background-image":"","background-repeat":"repeat","background-position":"center center","background-size":"auto","background-attachment":"scroll","background-type":"","background-media":"","overlay-type":"","overlay-color":"","overlay-opacity":"","overlay-gradient":""},"tablet":{"background-color":"","background-image":"","background-repeat":"repeat","background-position":"center center","background-size":"auto","background-attachment":"scroll","background-type":"","background-media":"","overlay-type":"","overlay-color":"","overlay-opacity":"","overlay-gradient":""},"mobile":{"background-color":"","background-image":"","background-repeat":"repeat","background-position":"center center","background-size":"auto","background-attachment":"scroll","background-type":"","background-media":"","overlay-type":"","overlay-color":"","overlay-opacity":"","overlay-gradient":""}},"ast-content-background-meta":{"desktop":{"background-color":"var(--ast-global-color-4)","background-image":"","background-repeat":"repeat","background-position":"center center","background-size":"auto","background-attachment":"scroll","background-type":"","background-media":"","overlay-type":"","overlay-color":"","overlay-opacity":"","overlay-gradient":""},"tablet":{"background-color":"var(--ast-global-color-4)","background-image":"","background-repeat":"repeat","background-position":"center center","background-size":"auto","background-attachment":"scroll","background-type":"","background-media":"","overlay-type":"","overlay-color":"","overlay-opacity":"","overlay-gradient":""},"mobile":{"background-color":"var(--ast-global-color-4)","background-image":"","background-repeat":"repeat","background-position":"center center","background-size":"auto","background-attachment":"scroll","background-type":"","background-media":"","overlay-type":"","overlay-color":"","overlay-opacity":"","overlay-gradient":""}},"footnotes":""},"categories":[16,1],"tags":[],"class_list":["post-21285","post","type-post","status-publish","format-standard","hentry","category-municipales","category-noticias"],"yoast_head":"<!-- This site is optimized with the Yoast SEO Premium plugin v23.0 (Yoast SEO v27.4) - https:\/\/yoast.com\/product\/yoast-seo-premium-wordpress\/ -->\n<title>Urbana instal\u00f3 18 contenedores met\u00e1licos en Comodoro Rivadavia<\/title>\n<meta name=\"robots\" content=\"index, follow, max-snippet:-1, max-image-preview:large, max-video-preview:-1\" \/>\n<link rel=\"canonical\" href=\"https:\/\/patagoniambiental.com.ar\/info\/urbana-instalo-18-contenedores-metalicos-en-comodoro-rivadavia\/\" \/>\n<meta property=\"og:locale\" content=\"es_ES\" \/>\n<meta property=\"og:type\" content=\"article\" \/>\n<meta property=\"og:title\" content=\"Urbana instal\u00f3 18 contenedores met\u00e1licos en Comodoro Rivadavia\" \/>\n<meta property=\"og:description\" content=\"COMODORO RIVADAVIA.- El subsecretario municipal de Ambiente, Daniel Gonz\u00e1lez junto al gerente de Operaciones de la empresa Urbana, Roberto Vinet [&hellip;]\" \/>\n<meta property=\"og:url\" content=\"https:\/\/patagoniambiental.com.ar\/info\/urbana-instalo-18-contenedores-metalicos-en-comodoro-rivadavia\/\" \/>\n<meta property=\"og:site_name\" content=\"Patagonia Ambiental\" \/>\n<meta property=\"article:publisher\" content=\"https:\/\/www.facebook.com\/patagonia.ambiental\" \/>\n<meta property=\"article:author\" content=\"https:\/\/www.facebook.com\/share\/1C1V8Gv9BX\/?mibextid=qi2Omg\" \/>\n<meta property=\"article:published_time\" content=\"2016-10-03T12:00:57+00:00\" \/>\n<meta name=\"author\" content=\"Patagonia Ambiental\" \/>\n<meta name=\"twitter:card\" content=\"summary_large_image\" \/>\n<meta name=\"twitter:creator\" content=\"@PatAmb\" \/>\n<meta name=\"twitter:site\" content=\"@PatAmb\" \/>\n<script type=\"application\/ld+json\" class=\"yoast-schema-graph\">{\"@context\":\"https:\\\/\\\/schema.org\",\"@graph\":[{\"@type\":\"Article\",\"@id\":\"https:\\\/\\\/patagoniambiental.com.ar\\\/info\\\/urbana-instalo-18-contenedores-metalicos-en-comodoro-rivadavia\\\/#article\",\"isPartOf\":{\"@id\":\"https:\\\/\\\/patagoniambiental.com.ar\\\/info\\\/urbana-instalo-18-contenedores-metalicos-en-comodoro-rivadavia\\\/\"},\"author\":{\"name\":\"Patagonia Ambiental\",\"@id\":\"https:\\\/\\\/patagoniambiental.com.ar\\\/info\\\/#\\\/schema\\\/person\\\/db12bff64bbcbf6a253710bf0ea37b5d\"},\"headline\":\"Urbana instal\u00f3 18 contenedores met\u00e1licos en Comodoro Rivadavia\",\"datePublished\":\"2016-10-03T12:00:57+00:00\",\"mainEntityOfPage\":{\"@id\":\"https:\\\/\\\/patagoniambiental.com.ar\\\/info\\\/urbana-instalo-18-contenedores-metalicos-en-comodoro-rivadavia\\\/\"},\"wordCount\":354,\"publisher\":{\"@id\":\"https:\\\/\\\/patagoniambiental.com.ar\\\/info\\\/#organization\"},\"articleSection\":[\"Municipales\",\"Noticias\"],\"inLanguage\":\"es\"},{\"@type\":\"WebPage\",\"@id\":\"https:\\\/\\\/patagoniambiental.com.ar\\\/info\\\/urbana-instalo-18-contenedores-metalicos-en-comodoro-rivadavia\\\/\",\"url\":\"https:\\\/\\\/patagoniambiental.com.ar\\\/info\\\/urbana-instalo-18-contenedores-metalicos-en-comodoro-rivadavia\\\/\",\"name\":\"Urbana instal\u00f3 18 contenedores met\u00e1licos en Comodoro Rivadavia\",\"isPartOf\":{\"@id\":\"https:\\\/\\\/patagoniambiental.com.ar\\\/info\\\/#website\"},\"datePublished\":\"2016-10-03T12:00:57+00:00\",\"breadcrumb\":{\"@id\":\"https:\\\/\\\/patagoniambiental.com.ar\\\/info\\\/urbana-instalo-18-contenedores-metalicos-en-comodoro-rivadavia\\\/#breadcrumb\"},\"inLanguage\":\"es\",\"potentialAction\":[{\"@type\":\"ReadAction\",\"target\":[\"https:\\\/\\\/patagoniambiental.com.ar\\\/info\\\/urbana-instalo-18-contenedores-metalicos-en-comodoro-rivadavia\\\/\"]}]},{\"@type\":\"BreadcrumbList\",\"@id\":\"https:\\\/\\\/patagoniambiental.com.ar\\\/info\\\/urbana-instalo-18-contenedores-metalicos-en-comodoro-rivadavia\\\/#breadcrumb\",\"itemListElement\":[{\"@type\":\"ListItem\",\"position\":1,\"name\":\"Inicio\",\"item\":\"https:\\\/\\\/patagoniambiental.com.ar\\\/info\\\/\"},{\"@type\":\"ListItem\",\"position\":2,\"name\":\"Urbana instal\u00f3 18 contenedores met\u00e1licos en Comodoro Rivadavia\"}]},{\"@type\":\"WebSite\",\"@id\":\"https:\\\/\\\/patagoniambiental.com.ar\\\/info\\\/#website\",\"url\":\"https:\\\/\\\/patagoniambiental.com.ar\\\/info\\\/\",\"name\":\"Patagonia Ambiental\",\"description\":\"Monitoreo y an\u00e1lisis de la situaci\u00f3n geopol\u00edtica en el mundo y su implicancia en la Patagonia\",\"publisher\":{\"@id\":\"https:\\\/\\\/patagoniambiental.com.ar\\\/info\\\/#organization\"},\"potentialAction\":[{\"@type\":\"SearchAction\",\"target\":{\"@type\":\"EntryPoint\",\"urlTemplate\":\"https:\\\/\\\/patagoniambiental.com.ar\\\/info\\\/?s={search_term_string}\"},\"query-input\":{\"@type\":\"PropertyValueSpecification\",\"valueRequired\":true,\"valueName\":\"search_term_string\"}}],\"inLanguage\":\"es\"},{\"@type\":\"Organization\",\"@id\":\"https:\\\/\\\/patagoniambiental.com.ar\\\/info\\\/#organization\",\"name\":\"Patagonia Ambiental\",\"url\":\"https:\\\/\\\/patagoniambiental.com.ar\\\/info\\\/\",\"logo\":{\"@type\":\"ImageObject\",\"inLanguage\":\"es\",\"@id\":\"https:\\\/\\\/patagoniambiental.com.ar\\\/info\\\/#\\\/schema\\\/logo\\\/image\\\/\",\"url\":\"https:\\\/\\\/patagoniambiental.com.ar\\\/info\\\/wp-content\\\/uploads\\\/2025\\\/05\\\/LOGO-PATAGONIA-AMBIENTAL.png\",\"contentUrl\":\"https:\\\/\\\/patagoniambiental.com.ar\\\/info\\\/wp-content\\\/uploads\\\/2025\\\/05\\\/LOGO-PATAGONIA-AMBIENTAL.png\",\"width\":433,\"height\":250,\"caption\":\"Patagonia Ambiental\"},\"image\":{\"@id\":\"https:\\\/\\\/patagoniambiental.com.ar\\\/info\\\/#\\\/schema\\\/logo\\\/image\\\/\"},\"sameAs\":[\"https:\\\/\\\/www.facebook.com\\\/patagonia.ambiental\",\"https:\\\/\\\/x.com\\\/PatAmb\"]},{\"@type\":\"Person\",\"@id\":\"https:\\\/\\\/patagoniambiental.com.ar\\\/info\\\/#\\\/schema\\\/person\\\/db12bff64bbcbf6a253710bf0ea37b5d\",\"name\":\"Patagonia Ambiental\",\"description\":\"Andr\u00e9s Nievas T\u00e9cnico en manejo ambiental, consultor Ambiental y escritor para medios locales e internacionales sobre temas de geopolitica y medio ambiente.\",\"sameAs\":[\"http:\\\/\\\/www.patagoniambiental.com.ar\",\"https:\\\/\\\/www.facebook.com\\\/share\\\/1C1V8Gv9BX\\\/?mibextid=qi2Omg\",\"@patagoniambiental\",\"https:\\\/\\\/youtube.com\\\/@patagoniaambiental2023?si=BLt58t0wuXquxlYZ\"]}]}<\/script>\n<!-- \/ Yoast SEO Premium plugin. -->","yoast_head_json":{"title":"Urbana instal\u00f3 18 contenedores met\u00e1licos en Comodoro Rivadavia","robots":{"index":"index","follow":"follow","max-snippet":"max-snippet:-1","max-image-preview":"max-image-preview:large","max-video-preview":"max-video-preview:-1"},"canonical":"https:\/\/patagoniambiental.com.ar\/info\/urbana-instalo-18-contenedores-metalicos-en-comodoro-rivadavia\/","og_locale":"es_ES","og_type":"article","og_title":"Urbana instal\u00f3 18 contenedores met\u00e1licos en Comodoro Rivadavia","og_description":"COMODORO RIVADAVIA.- El subsecretario municipal de Ambiente, Daniel Gonz\u00e1lez junto al gerente de Operaciones de la empresa Urbana, Roberto Vinet [&hellip;]","og_url":"https:\/\/patagoniambiental.com.ar\/info\/urbana-instalo-18-contenedores-metalicos-en-comodoro-rivadavia\/","og_site_name":"Patagonia Ambiental","article_publisher":"https:\/\/www.facebook.com\/patagonia.ambiental","article_author":"https:\/\/www.facebook.com\/share\/1C1V8Gv9BX\/?mibextid=qi2Omg","article_published_time":"2016-10-03T12:00:57+00:00","author":"Patagonia Ambiental","twitter_card":"summary_large_image","twitter_creator":"@PatAmb","twitter_site":"@PatAmb","schema":{"@context":"https:\/\/schema.org","@graph":[{"@type":"Article","@id":"https:\/\/patagoniambiental.com.ar\/info\/urbana-instalo-18-contenedores-metalicos-en-comodoro-rivadavia\/#article","isPartOf":{"@id":"https:\/\/patagoniambiental.com.ar\/info\/urbana-instalo-18-contenedores-metalicos-en-comodoro-rivadavia\/"},"author":{"name":"Patagonia Ambiental","@id":"https:\/\/patagoniambiental.com.ar\/info\/#\/schema\/person\/db12bff64bbcbf6a253710bf0ea37b5d"},"headline":"Urbana instal\u00f3 18 contenedores met\u00e1licos en Comodoro Rivadavia","datePublished":"2016-10-03T12:00:57+00:00","mainEntityOfPage":{"@id":"https:\/\/patagoniambiental.com.ar\/info\/urbana-instalo-18-contenedores-metalicos-en-comodoro-rivadavia\/"},"wordCount":354,"publisher":{"@id":"https:\/\/patagoniambiental.com.ar\/info\/#organization"},"articleSection":["Municipales","Noticias"],"inLanguage":"es"},{"@type":"WebPage","@id":"https:\/\/patagoniambiental.com.ar\/info\/urbana-instalo-18-contenedores-metalicos-en-comodoro-rivadavia\/","url":"https:\/\/patagoniambiental.com.ar\/info\/urbana-instalo-18-contenedores-metalicos-en-comodoro-rivadavia\/","name":"Urbana instal\u00f3 18 contenedores met\u00e1licos en Comodoro Rivadavia","isPartOf":{"@id":"https:\/\/patagoniambiental.com.ar\/info\/#website"},"datePublished":"2016-10-03T12:00:57+00:00","breadcrumb":{"@id":"https:\/\/patagoniambiental.com.ar\/info\/urbana-instalo-18-contenedores-metalicos-en-comodoro-rivadavia\/#breadcrumb"},"inLanguage":"es","potentialAction":[{"@type":"ReadAction","target":["https:\/\/patagoniambiental.com.ar\/info\/urbana-instalo-18-contenedores-metalicos-en-comodoro-rivadavia\/"]}]},{"@type":"BreadcrumbList","@id":"https:\/\/patagoniambiental.com.ar\/info\/urbana-instalo-18-contenedores-metalicos-en-comodoro-rivadavia\/#breadcrumb","itemListElement":[{"@type":"ListItem","position":1,"name":"Inicio","item":"https:\/\/patagoniambiental.com.ar\/info\/"},{"@type":"ListItem","position":2,"name":"Urbana instal\u00f3 18 contenedores met\u00e1licos en Comodoro Rivadavia"}]},{"@type":"WebSite","@id":"https:\/\/patagoniambiental.com.ar\/info\/#website","url":"https:\/\/patagoniambiental.com.ar\/info\/","name":"Patagonia Ambiental","description":"Monitoreo y an\u00e1lisis de la situaci\u00f3n geopol\u00edtica en el mundo y su implicancia en la Patagonia","publisher":{"@id":"https:\/\/patagoniambiental.com.ar\/info\/#organization"},"potentialAction":[{"@type":"SearchAction","target":{"@type":"EntryPoint","urlTemplate":"https:\/\/patagoniambiental.com.ar\/info\/?s={search_term_string}"},"query-input":{"@type":"PropertyValueSpecification","valueRequired":true,"valueName":"search_term_string"}}],"inLanguage":"es"},{"@type":"Organization","@id":"https:\/\/patagoniambiental.com.ar\/info\/#organization","name":"Patagonia Ambiental","url":"https:\/\/patagoniambiental.com.ar\/info\/","logo":{"@type":"ImageObject","inLanguage":"es","@id":"https:\/\/patagoniambiental.com.ar\/info\/#\/schema\/logo\/image\/","url":"https:\/\/patagoniambiental.com.ar\/info\/wp-content\/uploads\/2025\/05\/LOGO-PATAGONIA-AMBIENTAL.png","contentUrl":"https:\/\/patagoniambiental.com.ar\/info\/wp-content\/uploads\/2025\/05\/LOGO-PATAGONIA-AMBIENTAL.png","width":433,"height":250,"caption":"Patagonia Ambiental"},"image":{"@id":"https:\/\/patagoniambiental.com.ar\/info\/#\/schema\/logo\/image\/"},"sameAs":["https:\/\/www.facebook.com\/patagonia.ambiental","https:\/\/x.com\/PatAmb"]},{"@type":"Person","@id":"https:\/\/patagoniambiental.com.ar\/info\/#\/schema\/person\/db12bff64bbcbf6a253710bf0ea37b5d","name":"Patagonia Ambiental","description":"Andr\u00e9s Nievas T\u00e9cnico en manejo ambiental, consultor Ambiental y escritor para medios locales e internacionales sobre temas de geopolitica y medio ambiente.","sameAs":["http:\/\/www.patagoniambiental.com.ar","https:\/\/www.facebook.com\/share\/1C1V8Gv9BX\/?mibextid=qi2Omg","@patagoniambiental","https:\/\/youtube.com\/@patagoniaambiental2023?si=BLt58t0wuXquxlYZ"]}]}},"_links":{"self":[{"href":"https:\/\/patagoniambiental.com.ar\/info\/wp-json\/wp\/v2\/posts\/21285","targetHints":{"allow":["GET"]}}],"collection":[{"href":"https:\/\/patagoniambiental.com.ar\/info\/wp-json\/wp\/v2\/posts"}],"about":[{"href":"https:\/\/patagoniambiental.com.ar\/info\/wp-json\/wp\/v2\/types\/post"}],"author":[{"embeddable":true,"href":"https:\/\/patagoniambiental.com.ar\/info\/wp-json\/wp\/v2\/users\/2"}],"replies":[{"embeddable":true,"href":"https:\/\/patagoniambiental.com.ar\/info\/wp-json\/wp\/v2\/comments?post=21285"}],"version-history":[{"count":0,"href":"https:\/\/patagoniambiental.com.ar\/info\/wp-json\/wp\/v2\/posts\/21285\/revisions"}],"wp:attachment":[{"href":"https:\/\/patagoniambiental.com.ar\/info\/wp-json\/wp\/v2\/media?parent=21285"}],"wp:term":[{"taxonomy":"category","embeddable":true,"href":"https:\/\/patagoniambiental.com.ar\/info\/wp-json\/wp\/v2\/categories?post=21285"},{"taxonomy":"post_tag","embeddable":true,"href":"https:\/\/patagoniambiental.com.ar\/info\/wp-json\/wp\/v2\/tags?post=21285"}],"curies":[{"name":"wp","href":"https:\/\/api.w.org\/{rel}","templated":true}]}}