{"id":21302,"date":"2016-10-03T19:00:52","date_gmt":"2016-10-03T22:00:52","guid":{"rendered":"http:\/\/patagoniambiental.com.ar\/?p=21302"},"modified":"2016-10-03T19:00:52","modified_gmt":"2016-10-03T22:00:52","slug":"impulsan-la-certificacion-sello-verde-puerto-madryn-para-comercios-que-contribuyan-al-cuidado-del-medio-ambiente","status":"publish","type":"post","link":"https:\/\/patagoniambiental.com.ar\/info\/impulsan-la-certificacion-sello-verde-puerto-madryn-para-comercios-que-contribuyan-al-cuidado-del-medio-ambiente\/","title":{"rendered":"Impulsan la certificaci\u00f3n \u201cSello Verde Puerto Madryn\u201d para comercios que contribuyan al cuidado del medio ambiente"},"content":{"rendered":"<div class=\"itemIntroText\">\n<p>Puerto Madryn.-Desde la Secretar\u00eda de Ecolog\u00eda y Protecci\u00f3n Ambiental del Municipio explicaron que se busca valorar el esfuerzo de comerciantes locales que consideren a la ecolog\u00eda como un aspecto importante dentro de sus actividades.<\/p>\n<\/div>\n<p><!--more--><\/p>\n<div class=\"itemFullText\">\n<p>Desde la Secretar\u00eda de Ecolog\u00eda y Protecci\u00f3n Ambiental de la Municipalidad de Puerto Madryn se trabaja en el proyecto de Ordenanza que impulsa la certificaci\u00f3n \u201cSello Verde Puerto Madryn\u201d, destinada a aquellas actividades comerciales caracterizadas por su contribuci\u00f3n continua al cuidado del medio ambiente.<\/p>\n<p>El titular de Ecolog\u00eda y Protecci\u00f3n Ambiental de la Comuna, Facundo Ursino, expres\u00f3 que la iniciativa impulsa la certificaci\u00f3n ambiental con el objetivo de poner en valor el esfuerzo de comerciantes locales as\u00ed como su responsabilidad social empresaria orientada al cuidado y conservaci\u00f3n del medio ambiente.<\/p>\n<p>Entre las ventajas que se buscan generar en una certificaci\u00f3n de este tipo, otorgada por el Municipio, se encuentran favorecer el posicionamiento de la ciudad por suma de valor agregado en servicios que consideren a la ecolog\u00eda y la protecci\u00f3n al ambiente as\u00ed como lograr una diferenciaci\u00f3n en los usuarios o consumidores, que favorezcan un equilibrio entre los beneficios econ\u00f3micos y ambientales.<\/p>\n<p>De acuerdo al proyecto, en el que se avanza a partir de un trabajo conjunto con la concejala Mariela Williams de Chubut Somos Todos, las actividades comerciales se podr\u00e1n postular voluntariamente, ser\u00e1 gratuita, la categorizaci\u00f3n se realizar\u00e1 seg\u00fan las mejoras ambientales de la actividad y tendr\u00e1 una vigencia de dos a\u00f1os. Se proyecta una implementaci\u00f3n gradual en rubros durante el transcurso de 2017.<\/p>\n<p>Fuente: FM Patagonia Madryn<\/p>\n<\/div>\n","protected":false},"excerpt":{"rendered":"<p>Puerto Madryn.-Desde la Secretar\u00eda de Ecolog\u00eda y Protecci\u00f3n Ambiental del Municipio explicaron que se busca valorar el esfuerzo de comerciantes [&hellip;]<\/p>\n","protected":false},"author":2,"featured_media":0,"comment_status":"closed","ping_status":"closed","sticky":false,"template":"","format":"standard","meta":{"site-sidebar-layout":"default","site-content-layout":"","ast-site-content-layout":"default","site-content-style":"default","site-sidebar-style":"default","ast-global-header-display":"","ast-banner-title-visibility":"","ast-main-header-display":"","ast-hfb-above-header-display":"","ast-hfb-below-header-display":"","ast-hfb-mobile-header-display":"","site-post-title":"","ast-breadcrumbs-content":"","ast-featured-img":"","footer-sml-layout":"","ast-disable-related-posts":"","theme-transparent-header-meta":"","adv-header-id-meta":"","stick-header-meta":"","header-above-stick-meta":"","header-main-stick-meta":"","header-below-stick-meta":"","astra-migrate-meta-layouts":"default","ast-page-background-enabled":"default","ast-page-background-meta":{"desktop":{"background-color":"var(--ast-global-color-5)","background-image":"","background-repeat":"repeat","background-position":"center center","background-size":"auto","background-attachment":"scroll","background-type":"","background-media":"","overlay-type":"","overlay-color":"","overlay-opacity":"","overlay-gradient":""},"tablet":{"background-color":"","background-image":"","background-repeat":"repeat","background-position":"center center","background-size":"auto","background-attachment":"scroll","background-type":"","background-media":"","overlay-type":"","overlay-color":"","overlay-opacity":"","overlay-gradient":""},"mobile":{"background-color":"","background-image":"","background-repeat":"repeat","background-position":"center center","background-size":"auto","background-attachment":"scroll","background-type":"","background-media":"","overlay-type":"","overlay-color":"","overlay-opacity":"","overlay-gradient":""}},"ast-content-background-meta":{"desktop":{"background-color":"var(--ast-global-color-4)","background-image":"","background-repeat":"repeat","background-position":"center center","background-size":"auto","background-attachment":"scroll","background-type":"","background-media":"","overlay-type":"","overlay-color":"","overlay-opacity":"","overlay-gradient":""},"tablet":{"background-color":"var(--ast-global-color-4)","background-image":"","background-repeat":"repeat","background-position":"center center","background-size":"auto","background-attachment":"scroll","background-type":"","background-media":"","overlay-type":"","overlay-color":"","overlay-opacity":"","overlay-gradient":""},"mobile":{"background-color":"var(--ast-global-color-4)","background-image":"","background-repeat":"repeat","background-position":"center center","background-size":"auto","background-attachment":"scroll","background-type":"","background-media":"","overlay-type":"","overlay-color":"","overlay-opacity":"","overlay-gradient":""}},"footnotes":""},"categories":[16,1],"tags":[],"class_list":["post-21302","post","type-post","status-publish","format-standard","hentry","category-municipales","category-noticias"],"yoast_head":"<!-- This site is optimized with the Yoast SEO Premium plugin v23.0 (Yoast SEO v27.4) - https:\/\/yoast.com\/product\/yoast-seo-premium-wordpress\/ -->\n<title>Impulsan la certificaci\u00f3n \u201cSello Verde Puerto Madryn\u201d para comercios que contribuyan al cuidado del medio ambiente<\/title>\n<meta name=\"robots\" content=\"index, follow, max-snippet:-1, max-image-preview:large, max-video-preview:-1\" \/>\n<link rel=\"canonical\" href=\"https:\/\/patagoniambiental.com.ar\/info\/impulsan-la-certificacion-sello-verde-puerto-madryn-para-comercios-que-contribuyan-al-cuidado-del-medio-ambiente\/\" \/>\n<meta property=\"og:locale\" content=\"es_ES\" \/>\n<meta property=\"og:type\" content=\"article\" \/>\n<meta property=\"og:title\" content=\"Impulsan la certificaci\u00f3n \u201cSello Verde Puerto Madryn\u201d para comercios que contribuyan al cuidado del medio ambiente\" \/>\n<meta property=\"og:description\" content=\"Puerto Madryn.-Desde la Secretar\u00eda de Ecolog\u00eda y Protecci\u00f3n Ambiental del Municipio explicaron que se busca valorar el esfuerzo de comerciantes [&hellip;]\" \/>\n<meta property=\"og:url\" content=\"https:\/\/patagoniambiental.com.ar\/info\/impulsan-la-certificacion-sello-verde-puerto-madryn-para-comercios-que-contribuyan-al-cuidado-del-medio-ambiente\/\" \/>\n<meta property=\"og:site_name\" content=\"Patagonia Ambiental\" \/>\n<meta property=\"article:publisher\" content=\"https:\/\/www.facebook.com\/patagonia.ambiental\" \/>\n<meta property=\"article:author\" content=\"https:\/\/www.facebook.com\/share\/1C1V8Gv9BX\/?mibextid=qi2Omg\" \/>\n<meta property=\"article:published_time\" content=\"2016-10-03T22:00:52+00:00\" \/>\n<meta name=\"author\" content=\"Patagonia Ambiental\" \/>\n<meta name=\"twitter:card\" content=\"summary_large_image\" \/>\n<meta name=\"twitter:creator\" content=\"@PatAmb\" \/>\n<meta name=\"twitter:site\" content=\"@PatAmb\" \/>\n<script type=\"application\/ld+json\" class=\"yoast-schema-graph\">{\"@context\":\"https:\\\/\\\/schema.org\",\"@graph\":[{\"@type\":\"Article\",\"@id\":\"https:\\\/\\\/patagoniambiental.com.ar\\\/info\\\/impulsan-la-certificacion-sello-verde-puerto-madryn-para-comercios-que-contribuyan-al-cuidado-del-medio-ambiente\\\/#article\",\"isPartOf\":{\"@id\":\"https:\\\/\\\/patagoniambiental.com.ar\\\/info\\\/impulsan-la-certificacion-sello-verde-puerto-madryn-para-comercios-que-contribuyan-al-cuidado-del-medio-ambiente\\\/\"},\"author\":{\"name\":\"Patagonia Ambiental\",\"@id\":\"https:\\\/\\\/patagoniambiental.com.ar\\\/info\\\/#\\\/schema\\\/person\\\/db12bff64bbcbf6a253710bf0ea37b5d\"},\"headline\":\"Impulsan la certificaci\u00f3n \u201cSello Verde Puerto Madryn\u201d para comercios que contribuyan al cuidado del medio ambiente\",\"datePublished\":\"2016-10-03T22:00:52+00:00\",\"mainEntityOfPage\":{\"@id\":\"https:\\\/\\\/patagoniambiental.com.ar\\\/info\\\/impulsan-la-certificacion-sello-verde-puerto-madryn-para-comercios-que-contribuyan-al-cuidado-del-medio-ambiente\\\/\"},\"wordCount\":293,\"publisher\":{\"@id\":\"https:\\\/\\\/patagoniambiental.com.ar\\\/info\\\/#organization\"},\"articleSection\":[\"Municipales\",\"Noticias\"],\"inLanguage\":\"es\"},{\"@type\":\"WebPage\",\"@id\":\"https:\\\/\\\/patagoniambiental.com.ar\\\/info\\\/impulsan-la-certificacion-sello-verde-puerto-madryn-para-comercios-que-contribuyan-al-cuidado-del-medio-ambiente\\\/\",\"url\":\"https:\\\/\\\/patagoniambiental.com.ar\\\/info\\\/impulsan-la-certificacion-sello-verde-puerto-madryn-para-comercios-que-contribuyan-al-cuidado-del-medio-ambiente\\\/\",\"name\":\"Impulsan la certificaci\u00f3n \u201cSello Verde Puerto Madryn\u201d para comercios que contribuyan al cuidado del medio ambiente\",\"isPartOf\":{\"@id\":\"https:\\\/\\\/patagoniambiental.com.ar\\\/info\\\/#website\"},\"datePublished\":\"2016-10-03T22:00:52+00:00\",\"breadcrumb\":{\"@id\":\"https:\\\/\\\/patagoniambiental.com.ar\\\/info\\\/impulsan-la-certificacion-sello-verde-puerto-madryn-para-comercios-que-contribuyan-al-cuidado-del-medio-ambiente\\\/#breadcrumb\"},\"inLanguage\":\"es\",\"potentialAction\":[{\"@type\":\"ReadAction\",\"target\":[\"https:\\\/\\\/patagoniambiental.com.ar\\\/info\\\/impulsan-la-certificacion-sello-verde-puerto-madryn-para-comercios-que-contribuyan-al-cuidado-del-medio-ambiente\\\/\"]}]},{\"@type\":\"BreadcrumbList\",\"@id\":\"https:\\\/\\\/patagoniambiental.com.ar\\\/info\\\/impulsan-la-certificacion-sello-verde-puerto-madryn-para-comercios-que-contribuyan-al-cuidado-del-medio-ambiente\\\/#breadcrumb\",\"itemListElement\":[{\"@type\":\"ListItem\",\"position\":1,\"name\":\"Inicio\",\"item\":\"https:\\\/\\\/patagoniambiental.com.ar\\\/info\\\/\"},{\"@type\":\"ListItem\",\"position\":2,\"name\":\"Impulsan la certificaci\u00f3n \u201cSello Verde Puerto Madryn\u201d para comercios que contribuyan al cuidado del medio ambiente\"}]},{\"@type\":\"WebSite\",\"@id\":\"https:\\\/\\\/patagoniambiental.com.ar\\\/info\\\/#website\",\"url\":\"https:\\\/\\\/patagoniambiental.com.ar\\\/info\\\/\",\"name\":\"Patagonia Ambiental\",\"description\":\"Monitoreo y an\u00e1lisis de la situaci\u00f3n geopol\u00edtica en el mundo y su implicancia en la Patagonia\",\"publisher\":{\"@id\":\"https:\\\/\\\/patagoniambiental.com.ar\\\/info\\\/#organization\"},\"potentialAction\":[{\"@type\":\"SearchAction\",\"target\":{\"@type\":\"EntryPoint\",\"urlTemplate\":\"https:\\\/\\\/patagoniambiental.com.ar\\\/info\\\/?s={search_term_string}\"},\"query-input\":{\"@type\":\"PropertyValueSpecification\",\"valueRequired\":true,\"valueName\":\"search_term_string\"}}],\"inLanguage\":\"es\"},{\"@type\":\"Organization\",\"@id\":\"https:\\\/\\\/patagoniambiental.com.ar\\\/info\\\/#organization\",\"name\":\"Patagonia Ambiental\",\"url\":\"https:\\\/\\\/patagoniambiental.com.ar\\\/info\\\/\",\"logo\":{\"@type\":\"ImageObject\",\"inLanguage\":\"es\",\"@id\":\"https:\\\/\\\/patagoniambiental.com.ar\\\/info\\\/#\\\/schema\\\/logo\\\/image\\\/\",\"url\":\"https:\\\/\\\/patagoniambiental.com.ar\\\/info\\\/wp-content\\\/uploads\\\/2025\\\/05\\\/LOGO-PATAGONIA-AMBIENTAL.png\",\"contentUrl\":\"https:\\\/\\\/patagoniambiental.com.ar\\\/info\\\/wp-content\\\/uploads\\\/2025\\\/05\\\/LOGO-PATAGONIA-AMBIENTAL.png\",\"width\":433,\"height\":250,\"caption\":\"Patagonia Ambiental\"},\"image\":{\"@id\":\"https:\\\/\\\/patagoniambiental.com.ar\\\/info\\\/#\\\/schema\\\/logo\\\/image\\\/\"},\"sameAs\":[\"https:\\\/\\\/www.facebook.com\\\/patagonia.ambiental\",\"https:\\\/\\\/x.com\\\/PatAmb\"]},{\"@type\":\"Person\",\"@id\":\"https:\\\/\\\/patagoniambiental.com.ar\\\/info\\\/#\\\/schema\\\/person\\\/db12bff64bbcbf6a253710bf0ea37b5d\",\"name\":\"Patagonia Ambiental\",\"description\":\"Andr\u00e9s Nievas T\u00e9cnico en manejo ambiental, consultor Ambiental y escritor para medios locales e internacionales sobre temas de geopolitica y medio ambiente.\",\"sameAs\":[\"http:\\\/\\\/www.patagoniambiental.com.ar\",\"https:\\\/\\\/www.facebook.com\\\/share\\\/1C1V8Gv9BX\\\/?mibextid=qi2Omg\",\"@patagoniambiental\",\"https:\\\/\\\/youtube.com\\\/@patagoniaambiental2023?si=BLt58t0wuXquxlYZ\"]}]}<\/script>\n<!-- \/ Yoast SEO Premium plugin. -->","yoast_head_json":{"title":"Impulsan la certificaci\u00f3n \u201cSello Verde Puerto Madryn\u201d para comercios que contribuyan al cuidado del medio ambiente","robots":{"index":"index","follow":"follow","max-snippet":"max-snippet:-1","max-image-preview":"max-image-preview:large","max-video-preview":"max-video-preview:-1"},"canonical":"https:\/\/patagoniambiental.com.ar\/info\/impulsan-la-certificacion-sello-verde-puerto-madryn-para-comercios-que-contribuyan-al-cuidado-del-medio-ambiente\/","og_locale":"es_ES","og_type":"article","og_title":"Impulsan la certificaci\u00f3n \u201cSello Verde Puerto Madryn\u201d para comercios que contribuyan al cuidado del medio ambiente","og_description":"Puerto Madryn.-Desde la Secretar\u00eda de Ecolog\u00eda y Protecci\u00f3n Ambiental del Municipio explicaron que se busca valorar el esfuerzo de comerciantes [&hellip;]","og_url":"https:\/\/patagoniambiental.com.ar\/info\/impulsan-la-certificacion-sello-verde-puerto-madryn-para-comercios-que-contribuyan-al-cuidado-del-medio-ambiente\/","og_site_name":"Patagonia Ambiental","article_publisher":"https:\/\/www.facebook.com\/patagonia.ambiental","article_author":"https:\/\/www.facebook.com\/share\/1C1V8Gv9BX\/?mibextid=qi2Omg","article_published_time":"2016-10-03T22:00:52+00:00","author":"Patagonia Ambiental","twitter_card":"summary_large_image","twitter_creator":"@PatAmb","twitter_site":"@PatAmb","schema":{"@context":"https:\/\/schema.org","@graph":[{"@type":"Article","@id":"https:\/\/patagoniambiental.com.ar\/info\/impulsan-la-certificacion-sello-verde-puerto-madryn-para-comercios-que-contribuyan-al-cuidado-del-medio-ambiente\/#article","isPartOf":{"@id":"https:\/\/patagoniambiental.com.ar\/info\/impulsan-la-certificacion-sello-verde-puerto-madryn-para-comercios-que-contribuyan-al-cuidado-del-medio-ambiente\/"},"author":{"name":"Patagonia Ambiental","@id":"https:\/\/patagoniambiental.com.ar\/info\/#\/schema\/person\/db12bff64bbcbf6a253710bf0ea37b5d"},"headline":"Impulsan la certificaci\u00f3n \u201cSello Verde Puerto Madryn\u201d para comercios que contribuyan al cuidado del medio ambiente","datePublished":"2016-10-03T22:00:52+00:00","mainEntityOfPage":{"@id":"https:\/\/patagoniambiental.com.ar\/info\/impulsan-la-certificacion-sello-verde-puerto-madryn-para-comercios-que-contribuyan-al-cuidado-del-medio-ambiente\/"},"wordCount":293,"publisher":{"@id":"https:\/\/patagoniambiental.com.ar\/info\/#organization"},"articleSection":["Municipales","Noticias"],"inLanguage":"es"},{"@type":"WebPage","@id":"https:\/\/patagoniambiental.com.ar\/info\/impulsan-la-certificacion-sello-verde-puerto-madryn-para-comercios-que-contribuyan-al-cuidado-del-medio-ambiente\/","url":"https:\/\/patagoniambiental.com.ar\/info\/impulsan-la-certificacion-sello-verde-puerto-madryn-para-comercios-que-contribuyan-al-cuidado-del-medio-ambiente\/","name":"Impulsan la certificaci\u00f3n \u201cSello Verde Puerto Madryn\u201d para comercios que contribuyan al cuidado del medio ambiente","isPartOf":{"@id":"https:\/\/patagoniambiental.com.ar\/info\/#website"},"datePublished":"2016-10-03T22:00:52+00:00","breadcrumb":{"@id":"https:\/\/patagoniambiental.com.ar\/info\/impulsan-la-certificacion-sello-verde-puerto-madryn-para-comercios-que-contribuyan-al-cuidado-del-medio-ambiente\/#breadcrumb"},"inLanguage":"es","potentialAction":[{"@type":"ReadAction","target":["https:\/\/patagoniambiental.com.ar\/info\/impulsan-la-certificacion-sello-verde-puerto-madryn-para-comercios-que-contribuyan-al-cuidado-del-medio-ambiente\/"]}]},{"@type":"BreadcrumbList","@id":"https:\/\/patagoniambiental.com.ar\/info\/impulsan-la-certificacion-sello-verde-puerto-madryn-para-comercios-que-contribuyan-al-cuidado-del-medio-ambiente\/#breadcrumb","itemListElement":[{"@type":"ListItem","position":1,"name":"Inicio","item":"https:\/\/patagoniambiental.com.ar\/info\/"},{"@type":"ListItem","position":2,"name":"Impulsan la certificaci\u00f3n \u201cSello Verde Puerto Madryn\u201d para comercios que contribuyan al cuidado del medio ambiente"}]},{"@type":"WebSite","@id":"https:\/\/patagoniambiental.com.ar\/info\/#website","url":"https:\/\/patagoniambiental.com.ar\/info\/","name":"Patagonia Ambiental","description":"Monitoreo y an\u00e1lisis de la situaci\u00f3n geopol\u00edtica en el mundo y su implicancia en la Patagonia","publisher":{"@id":"https:\/\/patagoniambiental.com.ar\/info\/#organization"},"potentialAction":[{"@type":"SearchAction","target":{"@type":"EntryPoint","urlTemplate":"https:\/\/patagoniambiental.com.ar\/info\/?s={search_term_string}"},"query-input":{"@type":"PropertyValueSpecification","valueRequired":true,"valueName":"search_term_string"}}],"inLanguage":"es"},{"@type":"Organization","@id":"https:\/\/patagoniambiental.com.ar\/info\/#organization","name":"Patagonia Ambiental","url":"https:\/\/patagoniambiental.com.ar\/info\/","logo":{"@type":"ImageObject","inLanguage":"es","@id":"https:\/\/patagoniambiental.com.ar\/info\/#\/schema\/logo\/image\/","url":"https:\/\/patagoniambiental.com.ar\/info\/wp-content\/uploads\/2025\/05\/LOGO-PATAGONIA-AMBIENTAL.png","contentUrl":"https:\/\/patagoniambiental.com.ar\/info\/wp-content\/uploads\/2025\/05\/LOGO-PATAGONIA-AMBIENTAL.png","width":433,"height":250,"caption":"Patagonia Ambiental"},"image":{"@id":"https:\/\/patagoniambiental.com.ar\/info\/#\/schema\/logo\/image\/"},"sameAs":["https:\/\/www.facebook.com\/patagonia.ambiental","https:\/\/x.com\/PatAmb"]},{"@type":"Person","@id":"https:\/\/patagoniambiental.com.ar\/info\/#\/schema\/person\/db12bff64bbcbf6a253710bf0ea37b5d","name":"Patagonia Ambiental","description":"Andr\u00e9s Nievas T\u00e9cnico en manejo ambiental, consultor Ambiental y escritor para medios locales e internacionales sobre temas de geopolitica y medio ambiente.","sameAs":["http:\/\/www.patagoniambiental.com.ar","https:\/\/www.facebook.com\/share\/1C1V8Gv9BX\/?mibextid=qi2Omg","@patagoniambiental","https:\/\/youtube.com\/@patagoniaambiental2023?si=BLt58t0wuXquxlYZ"]}]}},"_links":{"self":[{"href":"https:\/\/patagoniambiental.com.ar\/info\/wp-json\/wp\/v2\/posts\/21302","targetHints":{"allow":["GET"]}}],"collection":[{"href":"https:\/\/patagoniambiental.com.ar\/info\/wp-json\/wp\/v2\/posts"}],"about":[{"href":"https:\/\/patagoniambiental.com.ar\/info\/wp-json\/wp\/v2\/types\/post"}],"author":[{"embeddable":true,"href":"https:\/\/patagoniambiental.com.ar\/info\/wp-json\/wp\/v2\/users\/2"}],"replies":[{"embeddable":true,"href":"https:\/\/patagoniambiental.com.ar\/info\/wp-json\/wp\/v2\/comments?post=21302"}],"version-history":[{"count":0,"href":"https:\/\/patagoniambiental.com.ar\/info\/wp-json\/wp\/v2\/posts\/21302\/revisions"}],"wp:attachment":[{"href":"https:\/\/patagoniambiental.com.ar\/info\/wp-json\/wp\/v2\/media?parent=21302"}],"wp:term":[{"taxonomy":"category","embeddable":true,"href":"https:\/\/patagoniambiental.com.ar\/info\/wp-json\/wp\/v2\/categories?post=21302"},{"taxonomy":"post_tag","embeddable":true,"href":"https:\/\/patagoniambiental.com.ar\/info\/wp-json\/wp\/v2\/tags?post=21302"}],"curies":[{"name":"wp","href":"https:\/\/api.w.org\/{rel}","templated":true}]}}