{"id":21334,"date":"2016-10-04T09:00:57","date_gmt":"2016-10-04T12:00:57","guid":{"rendered":"http:\/\/patagoniambiental.com.ar\/?p=21334"},"modified":"2016-10-04T09:00:57","modified_gmt":"2016-10-04T12:00:57","slug":"ushuaia-sacaron-gran-cantidad-de-basura-acumulada-en-el-turbal","status":"publish","type":"post","link":"https:\/\/patagoniambiental.com.ar\/info\/ushuaia-sacaron-gran-cantidad-de-basura-acumulada-en-el-turbal\/","title":{"rendered":"Ushuaia: Sacaron gran cantidad de basura acumulada en el turbal"},"content":{"rendered":"<div id=\"main\" class=\"col-left\">\n<div class=\"post\">\n<div class=\"post-content\">\n<div class=\"column column-new\">\n<div class=\"news main-new post-new\">\n<div class=\"news-title\">\n<div id=\"bodytext\" class=\"cuerpotexto\">USHUAIA.- El Secretario de Medio Ambiente Dami\u00e1n de Marco\u00a0 junto al personal de la Secretar\u00eda llev\u00f3 adelante una jornada que permiti\u00f3 reunir gran cantidad de basura dispersa en el contorno y concentrada en el zanj\u00f3n que rodea al gran turbal.<\/p>\n<p>El trabajo cont\u00f3 con la colaboraci\u00f3n\u00a0 de otras \u00e1reas del Municipio y voluntarios, quienes se acercaron a partir de las 11, este s\u00e1bado, a iniciar la limpieza del lugar. Del curso de agua se retiraron residuos voluminosos que, evidentemente, fueron arrojados al lugar por habitantes de la ciudad a lo largo de los a\u00f1os.<\/p>\n<p>Un sill\u00f3n sumergido en la gran canaleta de escurrimiento del turbal, cientos de botellas, calzados, colchones, maderas,\u00a0 pl\u00e1sticos y todo tipo de material de descarte contaminan el lugar. De Marco destac\u00f3 \u201cel muy buen trabajo que realiza el equipo de Medio Ambiente y del Municipio todo, como as\u00ed tambi\u00e9n los vecinos que se acercan a colaborar o a aportar datos sobre sectores de la ciudad que tienen basura acumulada\u201d.<\/p>\n<p>El funcionario explic\u00f3\u00a0 que la limpieza integral de la ciudad con el trabajo de Agrot\u00e9cnica en los distintos sectores, con el barrido organizado; el retiro y compactaci\u00f3n de chatarra y la limpieza de espacios verdes y humedales en la ciudad \u201cson s\u00f3lo una parte importante del trabajo que hacemos\u201d. \u201cHay otra parte fundamental que es la educaci\u00f3n del cuidado del medio ambiente y por eso todos los vecinos y las vecinas debemos cuidar y colaborar para no ensuciar la ciudad, no depositar residuos donde no corresponde, no tirar la basura en cualquier parte\u201d, indic\u00f3.<\/p>\n<p>Una importante campa\u00f1a de responsabilidad colectiva sobre el medio ambiente se comenz\u00f3 a hacer con el recorrido de los inspectores de Higiene Urbana, quienes recuerdan a los vecinos las normas vigentes. \u201cPero apelamos al sentido com\u00fan, a la solidaridad, al amor por la ciudad y al respeto por uno mismo y por el otro, porque la ciudad m\u00e1s limpia, siempre lo decimos y lo reiteramos, no es la que m\u00e1s se limpia, sino la que menos se ensucia\u201d, concluy\u00f3.<\/p><\/div>\n<div class=\"cuerpotexto\"><\/div>\n<\/div>\n<\/div>\n<\/div>\n<\/div>\n<div class=\"post-navi\"><span class=\"up\">Fuente:Ushuaia Noticias\u00a0<\/span><\/div>\n<\/div>\n<\/div>\n<div id=\"sidebar\" class=\"col-right\"><\/div>\n","protected":false},"excerpt":{"rendered":"<p>USHUAIA.- El Secretario de Medio Ambiente Dami\u00e1n de Marco\u00a0 junto al personal de la Secretar\u00eda llev\u00f3 adelante una jornada que [&hellip;]<\/p>\n","protected":false},"author":2,"featured_media":0,"comment_status":"closed","ping_status":"closed","sticky":false,"template":"","format":"standard","meta":{"site-sidebar-layout":"default","site-content-layout":"","ast-site-content-layout":"default","site-content-style":"default","site-sidebar-style":"default","ast-global-header-display":"","ast-banner-title-visibility":"","ast-main-header-display":"","ast-hfb-above-header-display":"","ast-hfb-below-header-display":"","ast-hfb-mobile-header-display":"","site-post-title":"","ast-breadcrumbs-content":"","ast-featured-img":"","footer-sml-layout":"","ast-disable-related-posts":"","theme-transparent-header-meta":"","adv-header-id-meta":"","stick-header-meta":"","header-above-stick-meta":"","header-main-stick-meta":"","header-below-stick-meta":"","astra-migrate-meta-layouts":"default","ast-page-background-enabled":"default","ast-page-background-meta":{"desktop":{"background-color":"var(--ast-global-color-5)","background-image":"","background-repeat":"repeat","background-position":"center center","background-size":"auto","background-attachment":"scroll","background-type":"","background-media":"","overlay-type":"","overlay-color":"","overlay-opacity":"","overlay-gradient":""},"tablet":{"background-color":"","background-image":"","background-repeat":"repeat","background-position":"center center","background-size":"auto","background-attachment":"scroll","background-type":"","background-media":"","overlay-type":"","overlay-color":"","overlay-opacity":"","overlay-gradient":""},"mobile":{"background-color":"","background-image":"","background-repeat":"repeat","background-position":"center center","background-size":"auto","background-attachment":"scroll","background-type":"","background-media":"","overlay-type":"","overlay-color":"","overlay-opacity":"","overlay-gradient":""}},"ast-content-background-meta":{"desktop":{"background-color":"var(--ast-global-color-4)","background-image":"","background-repeat":"repeat","background-position":"center center","background-size":"auto","background-attachment":"scroll","background-type":"","background-media":"","overlay-type":"","overlay-color":"","overlay-opacity":"","overlay-gradient":""},"tablet":{"background-color":"var(--ast-global-color-4)","background-image":"","background-repeat":"repeat","background-position":"center center","background-size":"auto","background-attachment":"scroll","background-type":"","background-media":"","overlay-type":"","overlay-color":"","overlay-opacity":"","overlay-gradient":""},"mobile":{"background-color":"var(--ast-global-color-4)","background-image":"","background-repeat":"repeat","background-position":"center center","background-size":"auto","background-attachment":"scroll","background-type":"","background-media":"","overlay-type":"","overlay-color":"","overlay-opacity":"","overlay-gradient":""}},"footnotes":""},"categories":[16,1],"tags":[],"class_list":["post-21334","post","type-post","status-publish","format-standard","hentry","category-municipales","category-noticias"],"yoast_head":"<!-- This site is optimized with the Yoast SEO Premium plugin v23.0 (Yoast SEO v27.4) - https:\/\/yoast.com\/product\/yoast-seo-premium-wordpress\/ -->\n<title>Ushuaia: Sacaron gran cantidad de basura acumulada en el turbal<\/title>\n<meta name=\"robots\" content=\"index, follow, max-snippet:-1, max-image-preview:large, max-video-preview:-1\" \/>\n<link rel=\"canonical\" href=\"https:\/\/patagoniambiental.com.ar\/info\/ushuaia-sacaron-gran-cantidad-de-basura-acumulada-en-el-turbal\/\" \/>\n<meta property=\"og:locale\" content=\"es_ES\" \/>\n<meta property=\"og:type\" content=\"article\" \/>\n<meta property=\"og:title\" content=\"Ushuaia: Sacaron gran cantidad de basura acumulada en el turbal\" \/>\n<meta property=\"og:description\" content=\"USHUAIA.- El Secretario de Medio Ambiente Dami\u00e1n de Marco\u00a0 junto al personal de la Secretar\u00eda llev\u00f3 adelante una jornada que [&hellip;]\" \/>\n<meta property=\"og:url\" content=\"https:\/\/patagoniambiental.com.ar\/info\/ushuaia-sacaron-gran-cantidad-de-basura-acumulada-en-el-turbal\/\" \/>\n<meta property=\"og:site_name\" content=\"Patagonia Ambiental\" \/>\n<meta property=\"article:publisher\" content=\"https:\/\/www.facebook.com\/patagonia.ambiental\" \/>\n<meta property=\"article:author\" content=\"https:\/\/www.facebook.com\/share\/1C1V8Gv9BX\/?mibextid=qi2Omg\" \/>\n<meta property=\"article:published_time\" content=\"2016-10-04T12:00:57+00:00\" \/>\n<meta name=\"author\" content=\"Patagonia Ambiental\" \/>\n<meta name=\"twitter:card\" content=\"summary_large_image\" \/>\n<meta name=\"twitter:creator\" content=\"@PatAmb\" \/>\n<meta name=\"twitter:site\" content=\"@PatAmb\" \/>\n<script type=\"application\/ld+json\" class=\"yoast-schema-graph\">{\"@context\":\"https:\\\/\\\/schema.org\",\"@graph\":[{\"@type\":\"Article\",\"@id\":\"https:\\\/\\\/patagoniambiental.com.ar\\\/info\\\/ushuaia-sacaron-gran-cantidad-de-basura-acumulada-en-el-turbal\\\/#article\",\"isPartOf\":{\"@id\":\"https:\\\/\\\/patagoniambiental.com.ar\\\/info\\\/ushuaia-sacaron-gran-cantidad-de-basura-acumulada-en-el-turbal\\\/\"},\"author\":{\"name\":\"Patagonia Ambiental\",\"@id\":\"https:\\\/\\\/patagoniambiental.com.ar\\\/info\\\/#\\\/schema\\\/person\\\/db12bff64bbcbf6a253710bf0ea37b5d\"},\"headline\":\"Ushuaia: Sacaron gran cantidad de basura acumulada en el turbal\",\"datePublished\":\"2016-10-04T12:00:57+00:00\",\"mainEntityOfPage\":{\"@id\":\"https:\\\/\\\/patagoniambiental.com.ar\\\/info\\\/ushuaia-sacaron-gran-cantidad-de-basura-acumulada-en-el-turbal\\\/\"},\"wordCount\":366,\"publisher\":{\"@id\":\"https:\\\/\\\/patagoniambiental.com.ar\\\/info\\\/#organization\"},\"articleSection\":[\"Municipales\",\"Noticias\"],\"inLanguage\":\"es\"},{\"@type\":\"WebPage\",\"@id\":\"https:\\\/\\\/patagoniambiental.com.ar\\\/info\\\/ushuaia-sacaron-gran-cantidad-de-basura-acumulada-en-el-turbal\\\/\",\"url\":\"https:\\\/\\\/patagoniambiental.com.ar\\\/info\\\/ushuaia-sacaron-gran-cantidad-de-basura-acumulada-en-el-turbal\\\/\",\"name\":\"Ushuaia: Sacaron gran cantidad de basura acumulada en el turbal\",\"isPartOf\":{\"@id\":\"https:\\\/\\\/patagoniambiental.com.ar\\\/info\\\/#website\"},\"datePublished\":\"2016-10-04T12:00:57+00:00\",\"breadcrumb\":{\"@id\":\"https:\\\/\\\/patagoniambiental.com.ar\\\/info\\\/ushuaia-sacaron-gran-cantidad-de-basura-acumulada-en-el-turbal\\\/#breadcrumb\"},\"inLanguage\":\"es\",\"potentialAction\":[{\"@type\":\"ReadAction\",\"target\":[\"https:\\\/\\\/patagoniambiental.com.ar\\\/info\\\/ushuaia-sacaron-gran-cantidad-de-basura-acumulada-en-el-turbal\\\/\"]}]},{\"@type\":\"BreadcrumbList\",\"@id\":\"https:\\\/\\\/patagoniambiental.com.ar\\\/info\\\/ushuaia-sacaron-gran-cantidad-de-basura-acumulada-en-el-turbal\\\/#breadcrumb\",\"itemListElement\":[{\"@type\":\"ListItem\",\"position\":1,\"name\":\"Inicio\",\"item\":\"https:\\\/\\\/patagoniambiental.com.ar\\\/info\\\/\"},{\"@type\":\"ListItem\",\"position\":2,\"name\":\"Ushuaia: Sacaron gran cantidad de basura acumulada en el turbal\"}]},{\"@type\":\"WebSite\",\"@id\":\"https:\\\/\\\/patagoniambiental.com.ar\\\/info\\\/#website\",\"url\":\"https:\\\/\\\/patagoniambiental.com.ar\\\/info\\\/\",\"name\":\"Patagonia Ambiental\",\"description\":\"Monitoreo y an\u00e1lisis de la situaci\u00f3n geopol\u00edtica en el mundo y su implicancia en la Patagonia\",\"publisher\":{\"@id\":\"https:\\\/\\\/patagoniambiental.com.ar\\\/info\\\/#organization\"},\"potentialAction\":[{\"@type\":\"SearchAction\",\"target\":{\"@type\":\"EntryPoint\",\"urlTemplate\":\"https:\\\/\\\/patagoniambiental.com.ar\\\/info\\\/?s={search_term_string}\"},\"query-input\":{\"@type\":\"PropertyValueSpecification\",\"valueRequired\":true,\"valueName\":\"search_term_string\"}}],\"inLanguage\":\"es\"},{\"@type\":\"Organization\",\"@id\":\"https:\\\/\\\/patagoniambiental.com.ar\\\/info\\\/#organization\",\"name\":\"Patagonia Ambiental\",\"url\":\"https:\\\/\\\/patagoniambiental.com.ar\\\/info\\\/\",\"logo\":{\"@type\":\"ImageObject\",\"inLanguage\":\"es\",\"@id\":\"https:\\\/\\\/patagoniambiental.com.ar\\\/info\\\/#\\\/schema\\\/logo\\\/image\\\/\",\"url\":\"https:\\\/\\\/patagoniambiental.com.ar\\\/info\\\/wp-content\\\/uploads\\\/2025\\\/05\\\/LOGO-PATAGONIA-AMBIENTAL.png\",\"contentUrl\":\"https:\\\/\\\/patagoniambiental.com.ar\\\/info\\\/wp-content\\\/uploads\\\/2025\\\/05\\\/LOGO-PATAGONIA-AMBIENTAL.png\",\"width\":433,\"height\":250,\"caption\":\"Patagonia Ambiental\"},\"image\":{\"@id\":\"https:\\\/\\\/patagoniambiental.com.ar\\\/info\\\/#\\\/schema\\\/logo\\\/image\\\/\"},\"sameAs\":[\"https:\\\/\\\/www.facebook.com\\\/patagonia.ambiental\",\"https:\\\/\\\/x.com\\\/PatAmb\"]},{\"@type\":\"Person\",\"@id\":\"https:\\\/\\\/patagoniambiental.com.ar\\\/info\\\/#\\\/schema\\\/person\\\/db12bff64bbcbf6a253710bf0ea37b5d\",\"name\":\"Patagonia Ambiental\",\"description\":\"Andr\u00e9s Nievas T\u00e9cnico en manejo ambiental, consultor Ambiental y escritor para medios locales e internacionales sobre temas de geopolitica y medio ambiente.\",\"sameAs\":[\"http:\\\/\\\/www.patagoniambiental.com.ar\",\"https:\\\/\\\/www.facebook.com\\\/share\\\/1C1V8Gv9BX\\\/?mibextid=qi2Omg\",\"@patagoniambiental\",\"https:\\\/\\\/youtube.com\\\/@patagoniaambiental2023?si=BLt58t0wuXquxlYZ\"]}]}<\/script>\n<!-- \/ Yoast SEO Premium plugin. -->","yoast_head_json":{"title":"Ushuaia: Sacaron gran cantidad de basura acumulada en el turbal","robots":{"index":"index","follow":"follow","max-snippet":"max-snippet:-1","max-image-preview":"max-image-preview:large","max-video-preview":"max-video-preview:-1"},"canonical":"https:\/\/patagoniambiental.com.ar\/info\/ushuaia-sacaron-gran-cantidad-de-basura-acumulada-en-el-turbal\/","og_locale":"es_ES","og_type":"article","og_title":"Ushuaia: Sacaron gran cantidad de basura acumulada en el turbal","og_description":"USHUAIA.- El Secretario de Medio Ambiente Dami\u00e1n de Marco\u00a0 junto al personal de la Secretar\u00eda llev\u00f3 adelante una jornada que [&hellip;]","og_url":"https:\/\/patagoniambiental.com.ar\/info\/ushuaia-sacaron-gran-cantidad-de-basura-acumulada-en-el-turbal\/","og_site_name":"Patagonia Ambiental","article_publisher":"https:\/\/www.facebook.com\/patagonia.ambiental","article_author":"https:\/\/www.facebook.com\/share\/1C1V8Gv9BX\/?mibextid=qi2Omg","article_published_time":"2016-10-04T12:00:57+00:00","author":"Patagonia Ambiental","twitter_card":"summary_large_image","twitter_creator":"@PatAmb","twitter_site":"@PatAmb","schema":{"@context":"https:\/\/schema.org","@graph":[{"@type":"Article","@id":"https:\/\/patagoniambiental.com.ar\/info\/ushuaia-sacaron-gran-cantidad-de-basura-acumulada-en-el-turbal\/#article","isPartOf":{"@id":"https:\/\/patagoniambiental.com.ar\/info\/ushuaia-sacaron-gran-cantidad-de-basura-acumulada-en-el-turbal\/"},"author":{"name":"Patagonia Ambiental","@id":"https:\/\/patagoniambiental.com.ar\/info\/#\/schema\/person\/db12bff64bbcbf6a253710bf0ea37b5d"},"headline":"Ushuaia: Sacaron gran cantidad de basura acumulada en el turbal","datePublished":"2016-10-04T12:00:57+00:00","mainEntityOfPage":{"@id":"https:\/\/patagoniambiental.com.ar\/info\/ushuaia-sacaron-gran-cantidad-de-basura-acumulada-en-el-turbal\/"},"wordCount":366,"publisher":{"@id":"https:\/\/patagoniambiental.com.ar\/info\/#organization"},"articleSection":["Municipales","Noticias"],"inLanguage":"es"},{"@type":"WebPage","@id":"https:\/\/patagoniambiental.com.ar\/info\/ushuaia-sacaron-gran-cantidad-de-basura-acumulada-en-el-turbal\/","url":"https:\/\/patagoniambiental.com.ar\/info\/ushuaia-sacaron-gran-cantidad-de-basura-acumulada-en-el-turbal\/","name":"Ushuaia: Sacaron gran cantidad de basura acumulada en el turbal","isPartOf":{"@id":"https:\/\/patagoniambiental.com.ar\/info\/#website"},"datePublished":"2016-10-04T12:00:57+00:00","breadcrumb":{"@id":"https:\/\/patagoniambiental.com.ar\/info\/ushuaia-sacaron-gran-cantidad-de-basura-acumulada-en-el-turbal\/#breadcrumb"},"inLanguage":"es","potentialAction":[{"@type":"ReadAction","target":["https:\/\/patagoniambiental.com.ar\/info\/ushuaia-sacaron-gran-cantidad-de-basura-acumulada-en-el-turbal\/"]}]},{"@type":"BreadcrumbList","@id":"https:\/\/patagoniambiental.com.ar\/info\/ushuaia-sacaron-gran-cantidad-de-basura-acumulada-en-el-turbal\/#breadcrumb","itemListElement":[{"@type":"ListItem","position":1,"name":"Inicio","item":"https:\/\/patagoniambiental.com.ar\/info\/"},{"@type":"ListItem","position":2,"name":"Ushuaia: Sacaron gran cantidad de basura acumulada en el turbal"}]},{"@type":"WebSite","@id":"https:\/\/patagoniambiental.com.ar\/info\/#website","url":"https:\/\/patagoniambiental.com.ar\/info\/","name":"Patagonia Ambiental","description":"Monitoreo y an\u00e1lisis de la situaci\u00f3n geopol\u00edtica en el mundo y su implicancia en la Patagonia","publisher":{"@id":"https:\/\/patagoniambiental.com.ar\/info\/#organization"},"potentialAction":[{"@type":"SearchAction","target":{"@type":"EntryPoint","urlTemplate":"https:\/\/patagoniambiental.com.ar\/info\/?s={search_term_string}"},"query-input":{"@type":"PropertyValueSpecification","valueRequired":true,"valueName":"search_term_string"}}],"inLanguage":"es"},{"@type":"Organization","@id":"https:\/\/patagoniambiental.com.ar\/info\/#organization","name":"Patagonia Ambiental","url":"https:\/\/patagoniambiental.com.ar\/info\/","logo":{"@type":"ImageObject","inLanguage":"es","@id":"https:\/\/patagoniambiental.com.ar\/info\/#\/schema\/logo\/image\/","url":"https:\/\/patagoniambiental.com.ar\/info\/wp-content\/uploads\/2025\/05\/LOGO-PATAGONIA-AMBIENTAL.png","contentUrl":"https:\/\/patagoniambiental.com.ar\/info\/wp-content\/uploads\/2025\/05\/LOGO-PATAGONIA-AMBIENTAL.png","width":433,"height":250,"caption":"Patagonia Ambiental"},"image":{"@id":"https:\/\/patagoniambiental.com.ar\/info\/#\/schema\/logo\/image\/"},"sameAs":["https:\/\/www.facebook.com\/patagonia.ambiental","https:\/\/x.com\/PatAmb"]},{"@type":"Person","@id":"https:\/\/patagoniambiental.com.ar\/info\/#\/schema\/person\/db12bff64bbcbf6a253710bf0ea37b5d","name":"Patagonia Ambiental","description":"Andr\u00e9s Nievas T\u00e9cnico en manejo ambiental, consultor Ambiental y escritor para medios locales e internacionales sobre temas de geopolitica y medio ambiente.","sameAs":["http:\/\/www.patagoniambiental.com.ar","https:\/\/www.facebook.com\/share\/1C1V8Gv9BX\/?mibextid=qi2Omg","@patagoniambiental","https:\/\/youtube.com\/@patagoniaambiental2023?si=BLt58t0wuXquxlYZ"]}]}},"_links":{"self":[{"href":"https:\/\/patagoniambiental.com.ar\/info\/wp-json\/wp\/v2\/posts\/21334","targetHints":{"allow":["GET"]}}],"collection":[{"href":"https:\/\/patagoniambiental.com.ar\/info\/wp-json\/wp\/v2\/posts"}],"about":[{"href":"https:\/\/patagoniambiental.com.ar\/info\/wp-json\/wp\/v2\/types\/post"}],"author":[{"embeddable":true,"href":"https:\/\/patagoniambiental.com.ar\/info\/wp-json\/wp\/v2\/users\/2"}],"replies":[{"embeddable":true,"href":"https:\/\/patagoniambiental.com.ar\/info\/wp-json\/wp\/v2\/comments?post=21334"}],"version-history":[{"count":0,"href":"https:\/\/patagoniambiental.com.ar\/info\/wp-json\/wp\/v2\/posts\/21334\/revisions"}],"wp:attachment":[{"href":"https:\/\/patagoniambiental.com.ar\/info\/wp-json\/wp\/v2\/media?parent=21334"}],"wp:term":[{"taxonomy":"category","embeddable":true,"href":"https:\/\/patagoniambiental.com.ar\/info\/wp-json\/wp\/v2\/categories?post=21334"},{"taxonomy":"post_tag","embeddable":true,"href":"https:\/\/patagoniambiental.com.ar\/info\/wp-json\/wp\/v2\/tags?post=21334"}],"curies":[{"name":"wp","href":"https:\/\/api.w.org\/{rel}","templated":true}]}}