{"id":21370,"date":"2016-10-05T09:00:57","date_gmt":"2016-10-05T12:00:57","guid":{"rendered":"http:\/\/patagoniambiental.com.ar\/?p=21370"},"modified":"2016-10-05T09:00:57","modified_gmt":"2016-10-05T12:00:57","slug":"energia-solar-portatil-un-invento-de-jovenes-cipolenos","status":"publish","type":"post","link":"https:\/\/patagoniambiental.com.ar\/info\/energia-solar-portatil-un-invento-de-jovenes-cipolenos\/","title":{"rendered":"Energ\u00eda solar port\u00e1til, un invento de j\u00f3venes cipole\u00f1os"},"content":{"rendered":"<div class=\"cuerpo\">\n<p>CIPOLLETTI.- Dos j\u00f3venes cipole\u00f1os idearon un malet\u00edn que contiene una bater\u00eda solar port\u00e1til de bajo costo ideal para usar en el campo. Los emprendedores\u00a0utilizaron materiales econ\u00f3micos para ofrecer soluci\u00f3n a un gran problema en \u00e1reas donde escasea la energ\u00eda el\u00e9ctrica de red.<\/p>\n<p>En un peque\u00f1o taller en el patio de una casa fabrican de manera artesanal los artefactos e intentan captar inversores para financiar el equipamiento necesario y lograr insertarse en el mercado. Juan Jos\u00e9 Tesoniero y Astolfo Rojas, ambos de 27 a\u00f1os, crearon la firma Tecno Alternativa, con la que planean vender productos y servicios alternativos a trav\u00e9s de la utilizaci\u00f3n de las energ\u00edas renovables.<\/p>\n<p>El proyecto fue presentado en la Semana del Emprendedor Rionegrino, en Bariloche, y ser\u00e1 parte tambi\u00e9n de la edici\u00f3n 2016 del Neuqu\u00e9n Innova. Se trata de un sistema solar port\u00e1til montado sobre un malet\u00edn que permite llevar energ\u00eda el\u00e9ctrica a cualquier lugar.<\/p>\n<p>\u201cEn el campo, durante las veraneadas, cuando la gente traslada sus animales a las zonas altas para conseguir pastizales, deben iluminarse con velas o faroles a keros\u00e9n. All\u00ed surgi\u00f3 la idea de fabricar un dispositivo port\u00e1til, para los crianceros\u201d.\u201cLa finalidad es poder cargar con energ\u00eda renovable cualquier dispositivo electr\u00f3nico, como celulares, c\u00e1maras de fotos, l\u00e1mparas, hasta equipos de medici\u00f3n y de rastreo\u201d. Juan Jos\u00e9 Tesoniero. Uno de los j\u00f3venes emprendedores<\/p>\n<p>\u201cLa finalidad es poder cargar con energ\u00eda renovable cualquier dispositivo electr\u00f3nico, como celulares, c\u00e1maras de fotos, l\u00e1mparas, hasta equipos de medici\u00f3n y de rastreo. El equipo cuenta con salidas de 220 volts para baja potencia hasta 100 watts, y salidas en 10 volts y USB\u201d, explic\u00f3 Tesoniero.<\/p>\n<p>La idea naci\u00f3 a ra\u00edz de una necesidad de la poblaci\u00f3n rural. \u201cMi trabajo consiste en realizar relevamientos de campos en las poblaciones rurales neuquinas. Ellos nos comentaron que durante las veraneadas, cuando trasladan a sus animales a las zonas altas para conseguir los mejores pastizales, deb\u00edan iluminarse con velas o con faroles a keros\u00e9n. All\u00ed surgi\u00f3 la idea de fabricar un dispositivo port\u00e1til para que los crianceros pudieran trasladar f\u00e1cilmente y contar con electricidad en esos lugares\u201d, expres\u00f3.<\/p>\n<p>Cont\u00f3 que tras una salida de pesca con amigos se dieron cuenta de que el dispositivo que estaban ideando tambi\u00e9n pod\u00eda servir para las salidas de campo, viajes y campings cargando con energ\u00eda los artefactos personales y contando con luz el\u00e9ctrica.<\/p>\n<p><span id=\"saysCMSEmphasis0j7717lv6r75\" class=\"saysCMSEmphasis\">El dispositivo fue creado en el patio de la casa de uno de los inventores. Ahora buscan interesados para financiar el proyecto.<\/span><\/p>\n<p><strong>\u00bfCu\u00e1nto puede costar el artefacto?<\/strong><\/p>\n<p>Seg\u00fan inform\u00f3 Juan Tesoniero, uno de los inventores, los modelos ideados y fabricados son dos: uno, dirigido a las actividades al aire libre, y el otro, m\u00e1s preparado para el trabajo en el campo pudiendo soportar el polvo y la humedad. El primero, denominado modelo Andino, tiene un costo de 7 mil pesos, mientras que el segundo, llamado Campero, asciende a los 10 mil.<\/p>\n<p>A su vez, inform\u00f3 que el sistema cuenta con una bater\u00eda de 17 amper\/hora, bater\u00eda gel de electrolitos servidos que permite poner el artefacto en cualquier posici\u00f3n durante el transporte sin que se vuelque. \u201cLa autonom\u00eda siempre va a depender del consumo del dispositivo enchufado, por ejemplo una luz port\u00e1til que consume 10 watts puede estar durante 18 horas encendida y se puede contar con luz durante dos noches seguidas\u201d.<\/p>\n<p>\u201cQueremos dar a conocer nuestro emprendimiento para captar inversores y lograr adquirir maquinarias y herramientas, ya que por ahora los artefactos los estamos armando de forma artesanal en un peque\u00f1o taller montado en el patio de mi casa\u201d, expres\u00f3 el joven. Agreg\u00f3 que sue\u00f1an con poder insertarse en el mercado y avanzar con la creaci\u00f3n de otros productos y servicios vinculados a las energ\u00edas renovables tanto para la zona rural como tambi\u00e9n para la ciudad.<\/p>\n<\/div>\n<div class=\"poll-nota\">\u00a0Fuente: La Ma\u00f1ana de Neuquen<\/div>\n","protected":false},"excerpt":{"rendered":"<p>CIPOLLETTI.- Dos j\u00f3venes cipole\u00f1os idearon un malet\u00edn que contiene una bater\u00eda solar port\u00e1til de bajo costo ideal para usar en [&hellip;]<\/p>\n","protected":false},"author":2,"featured_media":0,"comment_status":"closed","ping_status":"closed","sticky":false,"template":"","format":"standard","meta":{"site-sidebar-layout":"default","site-content-layout":"","ast-site-content-layout":"default","site-content-style":"default","site-sidebar-style":"default","ast-global-header-display":"","ast-banner-title-visibility":"","ast-main-header-display":"","ast-hfb-above-header-display":"","ast-hfb-below-header-display":"","ast-hfb-mobile-header-display":"","site-post-title":"","ast-breadcrumbs-content":"","ast-featured-img":"","footer-sml-layout":"","ast-disable-related-posts":"","theme-transparent-header-meta":"","adv-header-id-meta":"","stick-header-meta":"","header-above-stick-meta":"","header-main-stick-meta":"","header-below-stick-meta":"","astra-migrate-meta-layouts":"default","ast-page-background-enabled":"default","ast-page-background-meta":{"desktop":{"background-color":"var(--ast-global-color-5)","background-image":"","background-repeat":"repeat","background-position":"center center","background-size":"auto","background-attachment":"scroll","background-type":"","background-media":"","overlay-type":"","overlay-color":"","overlay-opacity":"","overlay-gradient":""},"tablet":{"background-color":"","background-image":"","background-repeat":"repeat","background-position":"center center","background-size":"auto","background-attachment":"scroll","background-type":"","background-media":"","overlay-type":"","overlay-color":"","overlay-opacity":"","overlay-gradient":""},"mobile":{"background-color":"","background-image":"","background-repeat":"repeat","background-position":"center center","background-size":"auto","background-attachment":"scroll","background-type":"","background-media":"","overlay-type":"","overlay-color":"","overlay-opacity":"","overlay-gradient":""}},"ast-content-background-meta":{"desktop":{"background-color":"var(--ast-global-color-4)","background-image":"","background-repeat":"repeat","background-position":"center center","background-size":"auto","background-attachment":"scroll","background-type":"","background-media":"","overlay-type":"","overlay-color":"","overlay-opacity":"","overlay-gradient":""},"tablet":{"background-color":"var(--ast-global-color-4)","background-image":"","background-repeat":"repeat","background-position":"center center","background-size":"auto","background-attachment":"scroll","background-type":"","background-media":"","overlay-type":"","overlay-color":"","overlay-opacity":"","overlay-gradient":""},"mobile":{"background-color":"var(--ast-global-color-4)","background-image":"","background-repeat":"repeat","background-position":"center center","background-size":"auto","background-attachment":"scroll","background-type":"","background-media":"","overlay-type":"","overlay-color":"","overlay-opacity":"","overlay-gradient":""}},"footnotes":""},"categories":[16,1],"tags":[],"class_list":["post-21370","post","type-post","status-publish","format-standard","hentry","category-municipales","category-noticias"],"yoast_head":"<!-- This site is optimized with the Yoast SEO Premium plugin v23.0 (Yoast SEO v27.4) - https:\/\/yoast.com\/product\/yoast-seo-premium-wordpress\/ -->\n<title>Energ\u00eda solar port\u00e1til, un invento de j\u00f3venes cipole\u00f1os<\/title>\n<meta name=\"robots\" content=\"index, follow, max-snippet:-1, max-image-preview:large, max-video-preview:-1\" \/>\n<link rel=\"canonical\" href=\"https:\/\/patagoniambiental.com.ar\/info\/energia-solar-portatil-un-invento-de-jovenes-cipolenos\/\" \/>\n<meta property=\"og:locale\" content=\"es_ES\" \/>\n<meta property=\"og:type\" content=\"article\" \/>\n<meta property=\"og:title\" content=\"Energ\u00eda solar port\u00e1til, un invento de j\u00f3venes cipole\u00f1os\" \/>\n<meta property=\"og:description\" content=\"CIPOLLETTI.- Dos j\u00f3venes cipole\u00f1os idearon un malet\u00edn que contiene una bater\u00eda solar port\u00e1til de bajo costo ideal para usar en [&hellip;]\" \/>\n<meta property=\"og:url\" content=\"https:\/\/patagoniambiental.com.ar\/info\/energia-solar-portatil-un-invento-de-jovenes-cipolenos\/\" \/>\n<meta property=\"og:site_name\" content=\"Patagonia Ambiental\" \/>\n<meta property=\"article:publisher\" content=\"https:\/\/www.facebook.com\/patagonia.ambiental\" \/>\n<meta property=\"article:author\" content=\"https:\/\/www.facebook.com\/share\/1C1V8Gv9BX\/?mibextid=qi2Omg\" \/>\n<meta property=\"article:published_time\" content=\"2016-10-05T12:00:57+00:00\" \/>\n<meta name=\"author\" content=\"Patagonia Ambiental\" \/>\n<meta name=\"twitter:card\" content=\"summary_large_image\" \/>\n<meta name=\"twitter:creator\" content=\"@PatAmb\" \/>\n<meta name=\"twitter:site\" content=\"@PatAmb\" \/>\n<script type=\"application\/ld+json\" class=\"yoast-schema-graph\">{\"@context\":\"https:\\\/\\\/schema.org\",\"@graph\":[{\"@type\":\"Article\",\"@id\":\"https:\\\/\\\/patagoniambiental.com.ar\\\/info\\\/energia-solar-portatil-un-invento-de-jovenes-cipolenos\\\/#article\",\"isPartOf\":{\"@id\":\"https:\\\/\\\/patagoniambiental.com.ar\\\/info\\\/energia-solar-portatil-un-invento-de-jovenes-cipolenos\\\/\"},\"author\":{\"name\":\"Patagonia Ambiental\",\"@id\":\"https:\\\/\\\/patagoniambiental.com.ar\\\/info\\\/#\\\/schema\\\/person\\\/db12bff64bbcbf6a253710bf0ea37b5d\"},\"headline\":\"Energ\u00eda solar port\u00e1til, un invento de j\u00f3venes cipole\u00f1os\",\"datePublished\":\"2016-10-05T12:00:57+00:00\",\"mainEntityOfPage\":{\"@id\":\"https:\\\/\\\/patagoniambiental.com.ar\\\/info\\\/energia-solar-portatil-un-invento-de-jovenes-cipolenos\\\/\"},\"wordCount\":690,\"publisher\":{\"@id\":\"https:\\\/\\\/patagoniambiental.com.ar\\\/info\\\/#organization\"},\"articleSection\":[\"Municipales\",\"Noticias\"],\"inLanguage\":\"es\"},{\"@type\":\"WebPage\",\"@id\":\"https:\\\/\\\/patagoniambiental.com.ar\\\/info\\\/energia-solar-portatil-un-invento-de-jovenes-cipolenos\\\/\",\"url\":\"https:\\\/\\\/patagoniambiental.com.ar\\\/info\\\/energia-solar-portatil-un-invento-de-jovenes-cipolenos\\\/\",\"name\":\"Energ\u00eda solar port\u00e1til, un invento de j\u00f3venes cipole\u00f1os\",\"isPartOf\":{\"@id\":\"https:\\\/\\\/patagoniambiental.com.ar\\\/info\\\/#website\"},\"datePublished\":\"2016-10-05T12:00:57+00:00\",\"breadcrumb\":{\"@id\":\"https:\\\/\\\/patagoniambiental.com.ar\\\/info\\\/energia-solar-portatil-un-invento-de-jovenes-cipolenos\\\/#breadcrumb\"},\"inLanguage\":\"es\",\"potentialAction\":[{\"@type\":\"ReadAction\",\"target\":[\"https:\\\/\\\/patagoniambiental.com.ar\\\/info\\\/energia-solar-portatil-un-invento-de-jovenes-cipolenos\\\/\"]}]},{\"@type\":\"BreadcrumbList\",\"@id\":\"https:\\\/\\\/patagoniambiental.com.ar\\\/info\\\/energia-solar-portatil-un-invento-de-jovenes-cipolenos\\\/#breadcrumb\",\"itemListElement\":[{\"@type\":\"ListItem\",\"position\":1,\"name\":\"Inicio\",\"item\":\"https:\\\/\\\/patagoniambiental.com.ar\\\/info\\\/\"},{\"@type\":\"ListItem\",\"position\":2,\"name\":\"Energ\u00eda solar port\u00e1til, un invento de j\u00f3venes cipole\u00f1os\"}]},{\"@type\":\"WebSite\",\"@id\":\"https:\\\/\\\/patagoniambiental.com.ar\\\/info\\\/#website\",\"url\":\"https:\\\/\\\/patagoniambiental.com.ar\\\/info\\\/\",\"name\":\"Patagonia Ambiental\",\"description\":\"Monitoreo y an\u00e1lisis de la situaci\u00f3n geopol\u00edtica en el mundo y su implicancia en la Patagonia\",\"publisher\":{\"@id\":\"https:\\\/\\\/patagoniambiental.com.ar\\\/info\\\/#organization\"},\"potentialAction\":[{\"@type\":\"SearchAction\",\"target\":{\"@type\":\"EntryPoint\",\"urlTemplate\":\"https:\\\/\\\/patagoniambiental.com.ar\\\/info\\\/?s={search_term_string}\"},\"query-input\":{\"@type\":\"PropertyValueSpecification\",\"valueRequired\":true,\"valueName\":\"search_term_string\"}}],\"inLanguage\":\"es\"},{\"@type\":\"Organization\",\"@id\":\"https:\\\/\\\/patagoniambiental.com.ar\\\/info\\\/#organization\",\"name\":\"Patagonia Ambiental\",\"url\":\"https:\\\/\\\/patagoniambiental.com.ar\\\/info\\\/\",\"logo\":{\"@type\":\"ImageObject\",\"inLanguage\":\"es\",\"@id\":\"https:\\\/\\\/patagoniambiental.com.ar\\\/info\\\/#\\\/schema\\\/logo\\\/image\\\/\",\"url\":\"https:\\\/\\\/patagoniambiental.com.ar\\\/info\\\/wp-content\\\/uploads\\\/2025\\\/05\\\/LOGO-PATAGONIA-AMBIENTAL.png\",\"contentUrl\":\"https:\\\/\\\/patagoniambiental.com.ar\\\/info\\\/wp-content\\\/uploads\\\/2025\\\/05\\\/LOGO-PATAGONIA-AMBIENTAL.png\",\"width\":433,\"height\":250,\"caption\":\"Patagonia Ambiental\"},\"image\":{\"@id\":\"https:\\\/\\\/patagoniambiental.com.ar\\\/info\\\/#\\\/schema\\\/logo\\\/image\\\/\"},\"sameAs\":[\"https:\\\/\\\/www.facebook.com\\\/patagonia.ambiental\",\"https:\\\/\\\/x.com\\\/PatAmb\"]},{\"@type\":\"Person\",\"@id\":\"https:\\\/\\\/patagoniambiental.com.ar\\\/info\\\/#\\\/schema\\\/person\\\/db12bff64bbcbf6a253710bf0ea37b5d\",\"name\":\"Patagonia Ambiental\",\"description\":\"Andr\u00e9s Nievas T\u00e9cnico en manejo ambiental, consultor Ambiental y escritor para medios locales e internacionales sobre temas de geopolitica y medio ambiente.\",\"sameAs\":[\"http:\\\/\\\/www.patagoniambiental.com.ar\",\"https:\\\/\\\/www.facebook.com\\\/share\\\/1C1V8Gv9BX\\\/?mibextid=qi2Omg\",\"@patagoniambiental\",\"https:\\\/\\\/youtube.com\\\/@patagoniaambiental2023?si=BLt58t0wuXquxlYZ\"]}]}<\/script>\n<!-- \/ Yoast SEO Premium plugin. -->","yoast_head_json":{"title":"Energ\u00eda solar port\u00e1til, un invento de j\u00f3venes cipole\u00f1os","robots":{"index":"index","follow":"follow","max-snippet":"max-snippet:-1","max-image-preview":"max-image-preview:large","max-video-preview":"max-video-preview:-1"},"canonical":"https:\/\/patagoniambiental.com.ar\/info\/energia-solar-portatil-un-invento-de-jovenes-cipolenos\/","og_locale":"es_ES","og_type":"article","og_title":"Energ\u00eda solar port\u00e1til, un invento de j\u00f3venes cipole\u00f1os","og_description":"CIPOLLETTI.- Dos j\u00f3venes cipole\u00f1os idearon un malet\u00edn que contiene una bater\u00eda solar port\u00e1til de bajo costo ideal para usar en [&hellip;]","og_url":"https:\/\/patagoniambiental.com.ar\/info\/energia-solar-portatil-un-invento-de-jovenes-cipolenos\/","og_site_name":"Patagonia Ambiental","article_publisher":"https:\/\/www.facebook.com\/patagonia.ambiental","article_author":"https:\/\/www.facebook.com\/share\/1C1V8Gv9BX\/?mibextid=qi2Omg","article_published_time":"2016-10-05T12:00:57+00:00","author":"Patagonia Ambiental","twitter_card":"summary_large_image","twitter_creator":"@PatAmb","twitter_site":"@PatAmb","schema":{"@context":"https:\/\/schema.org","@graph":[{"@type":"Article","@id":"https:\/\/patagoniambiental.com.ar\/info\/energia-solar-portatil-un-invento-de-jovenes-cipolenos\/#article","isPartOf":{"@id":"https:\/\/patagoniambiental.com.ar\/info\/energia-solar-portatil-un-invento-de-jovenes-cipolenos\/"},"author":{"name":"Patagonia Ambiental","@id":"https:\/\/patagoniambiental.com.ar\/info\/#\/schema\/person\/db12bff64bbcbf6a253710bf0ea37b5d"},"headline":"Energ\u00eda solar port\u00e1til, un invento de j\u00f3venes cipole\u00f1os","datePublished":"2016-10-05T12:00:57+00:00","mainEntityOfPage":{"@id":"https:\/\/patagoniambiental.com.ar\/info\/energia-solar-portatil-un-invento-de-jovenes-cipolenos\/"},"wordCount":690,"publisher":{"@id":"https:\/\/patagoniambiental.com.ar\/info\/#organization"},"articleSection":["Municipales","Noticias"],"inLanguage":"es"},{"@type":"WebPage","@id":"https:\/\/patagoniambiental.com.ar\/info\/energia-solar-portatil-un-invento-de-jovenes-cipolenos\/","url":"https:\/\/patagoniambiental.com.ar\/info\/energia-solar-portatil-un-invento-de-jovenes-cipolenos\/","name":"Energ\u00eda solar port\u00e1til, un invento de j\u00f3venes cipole\u00f1os","isPartOf":{"@id":"https:\/\/patagoniambiental.com.ar\/info\/#website"},"datePublished":"2016-10-05T12:00:57+00:00","breadcrumb":{"@id":"https:\/\/patagoniambiental.com.ar\/info\/energia-solar-portatil-un-invento-de-jovenes-cipolenos\/#breadcrumb"},"inLanguage":"es","potentialAction":[{"@type":"ReadAction","target":["https:\/\/patagoniambiental.com.ar\/info\/energia-solar-portatil-un-invento-de-jovenes-cipolenos\/"]}]},{"@type":"BreadcrumbList","@id":"https:\/\/patagoniambiental.com.ar\/info\/energia-solar-portatil-un-invento-de-jovenes-cipolenos\/#breadcrumb","itemListElement":[{"@type":"ListItem","position":1,"name":"Inicio","item":"https:\/\/patagoniambiental.com.ar\/info\/"},{"@type":"ListItem","position":2,"name":"Energ\u00eda solar port\u00e1til, un invento de j\u00f3venes cipole\u00f1os"}]},{"@type":"WebSite","@id":"https:\/\/patagoniambiental.com.ar\/info\/#website","url":"https:\/\/patagoniambiental.com.ar\/info\/","name":"Patagonia Ambiental","description":"Monitoreo y an\u00e1lisis de la situaci\u00f3n geopol\u00edtica en el mundo y su implicancia en la Patagonia","publisher":{"@id":"https:\/\/patagoniambiental.com.ar\/info\/#organization"},"potentialAction":[{"@type":"SearchAction","target":{"@type":"EntryPoint","urlTemplate":"https:\/\/patagoniambiental.com.ar\/info\/?s={search_term_string}"},"query-input":{"@type":"PropertyValueSpecification","valueRequired":true,"valueName":"search_term_string"}}],"inLanguage":"es"},{"@type":"Organization","@id":"https:\/\/patagoniambiental.com.ar\/info\/#organization","name":"Patagonia Ambiental","url":"https:\/\/patagoniambiental.com.ar\/info\/","logo":{"@type":"ImageObject","inLanguage":"es","@id":"https:\/\/patagoniambiental.com.ar\/info\/#\/schema\/logo\/image\/","url":"https:\/\/patagoniambiental.com.ar\/info\/wp-content\/uploads\/2025\/05\/LOGO-PATAGONIA-AMBIENTAL.png","contentUrl":"https:\/\/patagoniambiental.com.ar\/info\/wp-content\/uploads\/2025\/05\/LOGO-PATAGONIA-AMBIENTAL.png","width":433,"height":250,"caption":"Patagonia Ambiental"},"image":{"@id":"https:\/\/patagoniambiental.com.ar\/info\/#\/schema\/logo\/image\/"},"sameAs":["https:\/\/www.facebook.com\/patagonia.ambiental","https:\/\/x.com\/PatAmb"]},{"@type":"Person","@id":"https:\/\/patagoniambiental.com.ar\/info\/#\/schema\/person\/db12bff64bbcbf6a253710bf0ea37b5d","name":"Patagonia Ambiental","description":"Andr\u00e9s Nievas T\u00e9cnico en manejo ambiental, consultor Ambiental y escritor para medios locales e internacionales sobre temas de geopolitica y medio ambiente.","sameAs":["http:\/\/www.patagoniambiental.com.ar","https:\/\/www.facebook.com\/share\/1C1V8Gv9BX\/?mibextid=qi2Omg","@patagoniambiental","https:\/\/youtube.com\/@patagoniaambiental2023?si=BLt58t0wuXquxlYZ"]}]}},"_links":{"self":[{"href":"https:\/\/patagoniambiental.com.ar\/info\/wp-json\/wp\/v2\/posts\/21370","targetHints":{"allow":["GET"]}}],"collection":[{"href":"https:\/\/patagoniambiental.com.ar\/info\/wp-json\/wp\/v2\/posts"}],"about":[{"href":"https:\/\/patagoniambiental.com.ar\/info\/wp-json\/wp\/v2\/types\/post"}],"author":[{"embeddable":true,"href":"https:\/\/patagoniambiental.com.ar\/info\/wp-json\/wp\/v2\/users\/2"}],"replies":[{"embeddable":true,"href":"https:\/\/patagoniambiental.com.ar\/info\/wp-json\/wp\/v2\/comments?post=21370"}],"version-history":[{"count":0,"href":"https:\/\/patagoniambiental.com.ar\/info\/wp-json\/wp\/v2\/posts\/21370\/revisions"}],"wp:attachment":[{"href":"https:\/\/patagoniambiental.com.ar\/info\/wp-json\/wp\/v2\/media?parent=21370"}],"wp:term":[{"taxonomy":"category","embeddable":true,"href":"https:\/\/patagoniambiental.com.ar\/info\/wp-json\/wp\/v2\/categories?post=21370"},{"taxonomy":"post_tag","embeddable":true,"href":"https:\/\/patagoniambiental.com.ar\/info\/wp-json\/wp\/v2\/tags?post=21370"}],"curies":[{"name":"wp","href":"https:\/\/api.w.org\/{rel}","templated":true}]}}