{"id":21422,"date":"2016-10-07T09:00:59","date_gmt":"2016-10-07T12:00:59","guid":{"rendered":"http:\/\/patagoniambiental.com.ar\/?p=21422"},"modified":"2016-10-07T09:00:59","modified_gmt":"2016-10-07T12:00:59","slug":"la-pampa-expo-de-medio-ambiente-y-tecnologia-desde-hoy-en-santa-rosa","status":"publish","type":"post","link":"https:\/\/patagoniambiental.com.ar\/info\/la-pampa-expo-de-medio-ambiente-y-tecnologia-desde-hoy-en-santa-rosa\/","title":{"rendered":"La Pampa: Expo de Medio Ambiente y Tecnolog\u00eda desde hoy en Santa Rosa"},"content":{"rendered":"<div class=\"td-post-content\">\n<p>SANTA ROSA.- Hoy por la ma\u00f1ana comenzar\u00e1 a desarrollarse en Santa Rosa la cuarta edici\u00f3n de la Expociencias de Argentina. Contar\u00e1 con la participaci\u00f3n de unos 60 trabajos, varios de ellos llegados desde el exterior.<br \/>\nOrganizado al igual que las tres ediciones anteriores por el club de Ciencia y Tecnolog\u00eda Am\u00fan Kamapu, de Santa Rosa, la Expocytar comenzar\u00e1 a las 8.30 con la acreditaci\u00f3n de participantes en el sal\u00f3n Andrea L\u00f3pez, donde las delegaciones tendr\u00e1n oportunidad de armar su stand.<br \/>\nA las 10.30 se har\u00e1 la ceremonia de apertura en el Teatro Espa\u00f1ol y despu\u00e9s los visitantes y sus anfitriones realizar\u00e1n una \u201ccaravana de la ciencia\u201d desde el centro de Santa Rosa hasta el parque Don Tom\u00e1s.<br \/>\nA partir de las 15, y de nuevo en el sal\u00f3n del Barrio Sur, los j\u00f3venes expondr\u00e1n sus trabajos y los evaluadores realizar\u00e1n sus entrevistas.<br \/>\nEn esta oportunidad y pese a ser un a\u00f1o dif\u00edcil desde lo econ\u00f3mico, el n\u00famero de presentaciones se acerca a las 60, superando a todas las ediciones anteriores. Las delegaciones extranjeras llegar\u00e1n desde Per\u00fa, Paraguay, M\u00e9xico y Colombia. Turqu\u00eda, que estuvo presentes en varias ediciones anteriores, no podr\u00e1 hacerlo debido a la inestabilidad pol\u00edtica que se vive en ese pa\u00eds.<br \/>\nUna novedad que los organizadores del encuentro -los docentes Rut Dom\u00ednguez y Ricardo Caso- saludaron con alegr\u00eda es la participaci\u00f3n de un trabajo surgido del propio barrio anfitri\u00f3n. Se trata de una presentaci\u00f3n sobre el \u201cmodelo democr\u00e1tico\u201d que se aplica en el colegio Rep\u00fablica Argentina, que funciona en el predio del sal\u00f3n, en el Barrio Sur.<br \/>\nOtra novedad para esta edici\u00f3n es que adem\u00e1s de los destinos tradicionales, uno de los trabajos ser\u00e1 acreditado para participar en el mes de enero en un encuentro internacional de clubes de ciencia a realizarse en T\u00fanez.<br \/>\n\u201cEs un a\u00f1o dif\u00edcil pero tenemos m\u00e1s trabajos que otros a\u00f1os\u201d, destac\u00f3 Caso, mientras Dom\u00ednguez valor\u00f3 la gran participaci\u00f3n de trabajos vinculados a las ciencias sociales inscriptos para esta edici\u00f3n, junto con aquellos centrados en innovaciones tecnol\u00f3gicas.<br \/>\nPara esta tarde est\u00e1n previstos tres talleres: \u201cPoemas sobre ciencias\u201d, a cargo de Sergio Di Mateo, de la Asociaci\u00f3n Pampeana de Escritores; Sublimado sobre telas, por la artesana Isabel G\u00f3mez, y La rob\u00f3tica en tus manos, por Federico Gonz\u00e1lez.<br \/>\nLas actividades de la Expocytar continuar\u00e1n viernes y s\u00e1bado, siempre abiertas al p\u00fablico interesado en conocer y compartir estas propuestas.<\/p>\n<p>Fuente: La Arena<\/p>\n<\/div>\n","protected":false},"excerpt":{"rendered":"<p>SANTA ROSA.- Hoy por la ma\u00f1ana comenzar\u00e1 a desarrollarse en Santa Rosa la cuarta edici\u00f3n de la Expociencias de Argentina. [&hellip;]<\/p>\n","protected":false},"author":2,"featured_media":0,"comment_status":"closed","ping_status":"closed","sticky":false,"template":"","format":"standard","meta":{"site-sidebar-layout":"default","site-content-layout":"","ast-site-content-layout":"default","site-content-style":"default","site-sidebar-style":"default","ast-global-header-display":"","ast-banner-title-visibility":"","ast-main-header-display":"","ast-hfb-above-header-display":"","ast-hfb-below-header-display":"","ast-hfb-mobile-header-display":"","site-post-title":"","ast-breadcrumbs-content":"","ast-featured-img":"","footer-sml-layout":"","ast-disable-related-posts":"","theme-transparent-header-meta":"","adv-header-id-meta":"","stick-header-meta":"","header-above-stick-meta":"","header-main-stick-meta":"","header-below-stick-meta":"","astra-migrate-meta-layouts":"default","ast-page-background-enabled":"default","ast-page-background-meta":{"desktop":{"background-color":"var(--ast-global-color-5)","background-image":"","background-repeat":"repeat","background-position":"center center","background-size":"auto","background-attachment":"scroll","background-type":"","background-media":"","overlay-type":"","overlay-color":"","overlay-opacity":"","overlay-gradient":""},"tablet":{"background-color":"","background-image":"","background-repeat":"repeat","background-position":"center center","background-size":"auto","background-attachment":"scroll","background-type":"","background-media":"","overlay-type":"","overlay-color":"","overlay-opacity":"","overlay-gradient":""},"mobile":{"background-color":"","background-image":"","background-repeat":"repeat","background-position":"center center","background-size":"auto","background-attachment":"scroll","background-type":"","background-media":"","overlay-type":"","overlay-color":"","overlay-opacity":"","overlay-gradient":""}},"ast-content-background-meta":{"desktop":{"background-color":"var(--ast-global-color-4)","background-image":"","background-repeat":"repeat","background-position":"center center","background-size":"auto","background-attachment":"scroll","background-type":"","background-media":"","overlay-type":"","overlay-color":"","overlay-opacity":"","overlay-gradient":""},"tablet":{"background-color":"var(--ast-global-color-4)","background-image":"","background-repeat":"repeat","background-position":"center center","background-size":"auto","background-attachment":"scroll","background-type":"","background-media":"","overlay-type":"","overlay-color":"","overlay-opacity":"","overlay-gradient":""},"mobile":{"background-color":"var(--ast-global-color-4)","background-image":"","background-repeat":"repeat","background-position":"center center","background-size":"auto","background-attachment":"scroll","background-type":"","background-media":"","overlay-type":"","overlay-color":"","overlay-opacity":"","overlay-gradient":""}},"footnotes":""},"categories":[16,1],"tags":[],"class_list":["post-21422","post","type-post","status-publish","format-standard","hentry","category-municipales","category-noticias"],"yoast_head":"<!-- This site is optimized with the Yoast SEO Premium plugin v23.0 (Yoast SEO v27.4) - https:\/\/yoast.com\/product\/yoast-seo-premium-wordpress\/ -->\n<title>La Pampa: Expo de Medio Ambiente y Tecnolog\u00eda desde hoy en Santa Rosa<\/title>\n<meta name=\"robots\" content=\"index, follow, max-snippet:-1, max-image-preview:large, max-video-preview:-1\" \/>\n<link rel=\"canonical\" href=\"https:\/\/patagoniambiental.com.ar\/info\/la-pampa-expo-de-medio-ambiente-y-tecnologia-desde-hoy-en-santa-rosa\/\" \/>\n<meta property=\"og:locale\" content=\"es_ES\" \/>\n<meta property=\"og:type\" content=\"article\" \/>\n<meta property=\"og:title\" content=\"La Pampa: Expo de Medio Ambiente y Tecnolog\u00eda desde hoy en Santa Rosa\" \/>\n<meta property=\"og:description\" content=\"SANTA ROSA.- Hoy por la ma\u00f1ana comenzar\u00e1 a desarrollarse en Santa Rosa la cuarta edici\u00f3n de la Expociencias de Argentina. [&hellip;]\" \/>\n<meta property=\"og:url\" content=\"https:\/\/patagoniambiental.com.ar\/info\/la-pampa-expo-de-medio-ambiente-y-tecnologia-desde-hoy-en-santa-rosa\/\" \/>\n<meta property=\"og:site_name\" content=\"Patagonia Ambiental\" \/>\n<meta property=\"article:publisher\" content=\"https:\/\/www.facebook.com\/patagonia.ambiental\" \/>\n<meta property=\"article:author\" content=\"https:\/\/www.facebook.com\/share\/1C1V8Gv9BX\/?mibextid=qi2Omg\" \/>\n<meta property=\"article:published_time\" content=\"2016-10-07T12:00:59+00:00\" \/>\n<meta name=\"author\" content=\"Patagonia Ambiental\" \/>\n<meta name=\"twitter:card\" content=\"summary_large_image\" \/>\n<meta name=\"twitter:creator\" content=\"@PatAmb\" \/>\n<meta name=\"twitter:site\" content=\"@PatAmb\" \/>\n<script type=\"application\/ld+json\" class=\"yoast-schema-graph\">{\"@context\":\"https:\\\/\\\/schema.org\",\"@graph\":[{\"@type\":\"Article\",\"@id\":\"https:\\\/\\\/patagoniambiental.com.ar\\\/info\\\/la-pampa-expo-de-medio-ambiente-y-tecnologia-desde-hoy-en-santa-rosa\\\/#article\",\"isPartOf\":{\"@id\":\"https:\\\/\\\/patagoniambiental.com.ar\\\/info\\\/la-pampa-expo-de-medio-ambiente-y-tecnologia-desde-hoy-en-santa-rosa\\\/\"},\"author\":{\"name\":\"Patagonia Ambiental\",\"@id\":\"https:\\\/\\\/patagoniambiental.com.ar\\\/info\\\/#\\\/schema\\\/person\\\/db12bff64bbcbf6a253710bf0ea37b5d\"},\"headline\":\"La Pampa: Expo de Medio Ambiente y Tecnolog\u00eda desde hoy en Santa Rosa\",\"datePublished\":\"2016-10-07T12:00:59+00:00\",\"mainEntityOfPage\":{\"@id\":\"https:\\\/\\\/patagoniambiental.com.ar\\\/info\\\/la-pampa-expo-de-medio-ambiente-y-tecnologia-desde-hoy-en-santa-rosa\\\/\"},\"wordCount\":457,\"publisher\":{\"@id\":\"https:\\\/\\\/patagoniambiental.com.ar\\\/info\\\/#organization\"},\"articleSection\":[\"Municipales\",\"Noticias\"],\"inLanguage\":\"es\"},{\"@type\":\"WebPage\",\"@id\":\"https:\\\/\\\/patagoniambiental.com.ar\\\/info\\\/la-pampa-expo-de-medio-ambiente-y-tecnologia-desde-hoy-en-santa-rosa\\\/\",\"url\":\"https:\\\/\\\/patagoniambiental.com.ar\\\/info\\\/la-pampa-expo-de-medio-ambiente-y-tecnologia-desde-hoy-en-santa-rosa\\\/\",\"name\":\"La Pampa: Expo de Medio Ambiente y Tecnolog\u00eda desde hoy en Santa Rosa\",\"isPartOf\":{\"@id\":\"https:\\\/\\\/patagoniambiental.com.ar\\\/info\\\/#website\"},\"datePublished\":\"2016-10-07T12:00:59+00:00\",\"breadcrumb\":{\"@id\":\"https:\\\/\\\/patagoniambiental.com.ar\\\/info\\\/la-pampa-expo-de-medio-ambiente-y-tecnologia-desde-hoy-en-santa-rosa\\\/#breadcrumb\"},\"inLanguage\":\"es\",\"potentialAction\":[{\"@type\":\"ReadAction\",\"target\":[\"https:\\\/\\\/patagoniambiental.com.ar\\\/info\\\/la-pampa-expo-de-medio-ambiente-y-tecnologia-desde-hoy-en-santa-rosa\\\/\"]}]},{\"@type\":\"BreadcrumbList\",\"@id\":\"https:\\\/\\\/patagoniambiental.com.ar\\\/info\\\/la-pampa-expo-de-medio-ambiente-y-tecnologia-desde-hoy-en-santa-rosa\\\/#breadcrumb\",\"itemListElement\":[{\"@type\":\"ListItem\",\"position\":1,\"name\":\"Inicio\",\"item\":\"https:\\\/\\\/patagoniambiental.com.ar\\\/info\\\/\"},{\"@type\":\"ListItem\",\"position\":2,\"name\":\"La Pampa: Expo de Medio Ambiente y Tecnolog\u00eda desde hoy en Santa Rosa\"}]},{\"@type\":\"WebSite\",\"@id\":\"https:\\\/\\\/patagoniambiental.com.ar\\\/info\\\/#website\",\"url\":\"https:\\\/\\\/patagoniambiental.com.ar\\\/info\\\/\",\"name\":\"Patagonia Ambiental\",\"description\":\"Monitoreo y an\u00e1lisis de la situaci\u00f3n geopol\u00edtica en el mundo y su implicancia en la Patagonia\",\"publisher\":{\"@id\":\"https:\\\/\\\/patagoniambiental.com.ar\\\/info\\\/#organization\"},\"potentialAction\":[{\"@type\":\"SearchAction\",\"target\":{\"@type\":\"EntryPoint\",\"urlTemplate\":\"https:\\\/\\\/patagoniambiental.com.ar\\\/info\\\/?s={search_term_string}\"},\"query-input\":{\"@type\":\"PropertyValueSpecification\",\"valueRequired\":true,\"valueName\":\"search_term_string\"}}],\"inLanguage\":\"es\"},{\"@type\":\"Organization\",\"@id\":\"https:\\\/\\\/patagoniambiental.com.ar\\\/info\\\/#organization\",\"name\":\"Patagonia Ambiental\",\"url\":\"https:\\\/\\\/patagoniambiental.com.ar\\\/info\\\/\",\"logo\":{\"@type\":\"ImageObject\",\"inLanguage\":\"es\",\"@id\":\"https:\\\/\\\/patagoniambiental.com.ar\\\/info\\\/#\\\/schema\\\/logo\\\/image\\\/\",\"url\":\"https:\\\/\\\/patagoniambiental.com.ar\\\/info\\\/wp-content\\\/uploads\\\/2025\\\/05\\\/LOGO-PATAGONIA-AMBIENTAL.png\",\"contentUrl\":\"https:\\\/\\\/patagoniambiental.com.ar\\\/info\\\/wp-content\\\/uploads\\\/2025\\\/05\\\/LOGO-PATAGONIA-AMBIENTAL.png\",\"width\":433,\"height\":250,\"caption\":\"Patagonia Ambiental\"},\"image\":{\"@id\":\"https:\\\/\\\/patagoniambiental.com.ar\\\/info\\\/#\\\/schema\\\/logo\\\/image\\\/\"},\"sameAs\":[\"https:\\\/\\\/www.facebook.com\\\/patagonia.ambiental\",\"https:\\\/\\\/x.com\\\/PatAmb\"]},{\"@type\":\"Person\",\"@id\":\"https:\\\/\\\/patagoniambiental.com.ar\\\/info\\\/#\\\/schema\\\/person\\\/db12bff64bbcbf6a253710bf0ea37b5d\",\"name\":\"Patagonia Ambiental\",\"description\":\"Andr\u00e9s Nievas T\u00e9cnico en manejo ambiental, consultor Ambiental y escritor para medios locales e internacionales sobre temas de geopolitica y medio ambiente.\",\"sameAs\":[\"http:\\\/\\\/www.patagoniambiental.com.ar\",\"https:\\\/\\\/www.facebook.com\\\/share\\\/1C1V8Gv9BX\\\/?mibextid=qi2Omg\",\"@patagoniambiental\",\"https:\\\/\\\/youtube.com\\\/@patagoniaambiental2023?si=BLt58t0wuXquxlYZ\"]}]}<\/script>\n<!-- \/ Yoast SEO Premium plugin. -->","yoast_head_json":{"title":"La Pampa: Expo de Medio Ambiente y Tecnolog\u00eda desde hoy en Santa Rosa","robots":{"index":"index","follow":"follow","max-snippet":"max-snippet:-1","max-image-preview":"max-image-preview:large","max-video-preview":"max-video-preview:-1"},"canonical":"https:\/\/patagoniambiental.com.ar\/info\/la-pampa-expo-de-medio-ambiente-y-tecnologia-desde-hoy-en-santa-rosa\/","og_locale":"es_ES","og_type":"article","og_title":"La Pampa: Expo de Medio Ambiente y Tecnolog\u00eda desde hoy en Santa Rosa","og_description":"SANTA ROSA.- Hoy por la ma\u00f1ana comenzar\u00e1 a desarrollarse en Santa Rosa la cuarta edici\u00f3n de la Expociencias de Argentina. [&hellip;]","og_url":"https:\/\/patagoniambiental.com.ar\/info\/la-pampa-expo-de-medio-ambiente-y-tecnologia-desde-hoy-en-santa-rosa\/","og_site_name":"Patagonia Ambiental","article_publisher":"https:\/\/www.facebook.com\/patagonia.ambiental","article_author":"https:\/\/www.facebook.com\/share\/1C1V8Gv9BX\/?mibextid=qi2Omg","article_published_time":"2016-10-07T12:00:59+00:00","author":"Patagonia Ambiental","twitter_card":"summary_large_image","twitter_creator":"@PatAmb","twitter_site":"@PatAmb","schema":{"@context":"https:\/\/schema.org","@graph":[{"@type":"Article","@id":"https:\/\/patagoniambiental.com.ar\/info\/la-pampa-expo-de-medio-ambiente-y-tecnologia-desde-hoy-en-santa-rosa\/#article","isPartOf":{"@id":"https:\/\/patagoniambiental.com.ar\/info\/la-pampa-expo-de-medio-ambiente-y-tecnologia-desde-hoy-en-santa-rosa\/"},"author":{"name":"Patagonia Ambiental","@id":"https:\/\/patagoniambiental.com.ar\/info\/#\/schema\/person\/db12bff64bbcbf6a253710bf0ea37b5d"},"headline":"La Pampa: Expo de Medio Ambiente y Tecnolog\u00eda desde hoy en Santa Rosa","datePublished":"2016-10-07T12:00:59+00:00","mainEntityOfPage":{"@id":"https:\/\/patagoniambiental.com.ar\/info\/la-pampa-expo-de-medio-ambiente-y-tecnologia-desde-hoy-en-santa-rosa\/"},"wordCount":457,"publisher":{"@id":"https:\/\/patagoniambiental.com.ar\/info\/#organization"},"articleSection":["Municipales","Noticias"],"inLanguage":"es"},{"@type":"WebPage","@id":"https:\/\/patagoniambiental.com.ar\/info\/la-pampa-expo-de-medio-ambiente-y-tecnologia-desde-hoy-en-santa-rosa\/","url":"https:\/\/patagoniambiental.com.ar\/info\/la-pampa-expo-de-medio-ambiente-y-tecnologia-desde-hoy-en-santa-rosa\/","name":"La Pampa: Expo de Medio Ambiente y Tecnolog\u00eda desde hoy en Santa Rosa","isPartOf":{"@id":"https:\/\/patagoniambiental.com.ar\/info\/#website"},"datePublished":"2016-10-07T12:00:59+00:00","breadcrumb":{"@id":"https:\/\/patagoniambiental.com.ar\/info\/la-pampa-expo-de-medio-ambiente-y-tecnologia-desde-hoy-en-santa-rosa\/#breadcrumb"},"inLanguage":"es","potentialAction":[{"@type":"ReadAction","target":["https:\/\/patagoniambiental.com.ar\/info\/la-pampa-expo-de-medio-ambiente-y-tecnologia-desde-hoy-en-santa-rosa\/"]}]},{"@type":"BreadcrumbList","@id":"https:\/\/patagoniambiental.com.ar\/info\/la-pampa-expo-de-medio-ambiente-y-tecnologia-desde-hoy-en-santa-rosa\/#breadcrumb","itemListElement":[{"@type":"ListItem","position":1,"name":"Inicio","item":"https:\/\/patagoniambiental.com.ar\/info\/"},{"@type":"ListItem","position":2,"name":"La Pampa: Expo de Medio Ambiente y Tecnolog\u00eda desde hoy en Santa Rosa"}]},{"@type":"WebSite","@id":"https:\/\/patagoniambiental.com.ar\/info\/#website","url":"https:\/\/patagoniambiental.com.ar\/info\/","name":"Patagonia Ambiental","description":"Monitoreo y an\u00e1lisis de la situaci\u00f3n geopol\u00edtica en el mundo y su implicancia en la Patagonia","publisher":{"@id":"https:\/\/patagoniambiental.com.ar\/info\/#organization"},"potentialAction":[{"@type":"SearchAction","target":{"@type":"EntryPoint","urlTemplate":"https:\/\/patagoniambiental.com.ar\/info\/?s={search_term_string}"},"query-input":{"@type":"PropertyValueSpecification","valueRequired":true,"valueName":"search_term_string"}}],"inLanguage":"es"},{"@type":"Organization","@id":"https:\/\/patagoniambiental.com.ar\/info\/#organization","name":"Patagonia Ambiental","url":"https:\/\/patagoniambiental.com.ar\/info\/","logo":{"@type":"ImageObject","inLanguage":"es","@id":"https:\/\/patagoniambiental.com.ar\/info\/#\/schema\/logo\/image\/","url":"https:\/\/patagoniambiental.com.ar\/info\/wp-content\/uploads\/2025\/05\/LOGO-PATAGONIA-AMBIENTAL.png","contentUrl":"https:\/\/patagoniambiental.com.ar\/info\/wp-content\/uploads\/2025\/05\/LOGO-PATAGONIA-AMBIENTAL.png","width":433,"height":250,"caption":"Patagonia Ambiental"},"image":{"@id":"https:\/\/patagoniambiental.com.ar\/info\/#\/schema\/logo\/image\/"},"sameAs":["https:\/\/www.facebook.com\/patagonia.ambiental","https:\/\/x.com\/PatAmb"]},{"@type":"Person","@id":"https:\/\/patagoniambiental.com.ar\/info\/#\/schema\/person\/db12bff64bbcbf6a253710bf0ea37b5d","name":"Patagonia Ambiental","description":"Andr\u00e9s Nievas T\u00e9cnico en manejo ambiental, consultor Ambiental y escritor para medios locales e internacionales sobre temas de geopolitica y medio ambiente.","sameAs":["http:\/\/www.patagoniambiental.com.ar","https:\/\/www.facebook.com\/share\/1C1V8Gv9BX\/?mibextid=qi2Omg","@patagoniambiental","https:\/\/youtube.com\/@patagoniaambiental2023?si=BLt58t0wuXquxlYZ"]}]}},"_links":{"self":[{"href":"https:\/\/patagoniambiental.com.ar\/info\/wp-json\/wp\/v2\/posts\/21422","targetHints":{"allow":["GET"]}}],"collection":[{"href":"https:\/\/patagoniambiental.com.ar\/info\/wp-json\/wp\/v2\/posts"}],"about":[{"href":"https:\/\/patagoniambiental.com.ar\/info\/wp-json\/wp\/v2\/types\/post"}],"author":[{"embeddable":true,"href":"https:\/\/patagoniambiental.com.ar\/info\/wp-json\/wp\/v2\/users\/2"}],"replies":[{"embeddable":true,"href":"https:\/\/patagoniambiental.com.ar\/info\/wp-json\/wp\/v2\/comments?post=21422"}],"version-history":[{"count":0,"href":"https:\/\/patagoniambiental.com.ar\/info\/wp-json\/wp\/v2\/posts\/21422\/revisions"}],"wp:attachment":[{"href":"https:\/\/patagoniambiental.com.ar\/info\/wp-json\/wp\/v2\/media?parent=21422"}],"wp:term":[{"taxonomy":"category","embeddable":true,"href":"https:\/\/patagoniambiental.com.ar\/info\/wp-json\/wp\/v2\/categories?post=21422"},{"taxonomy":"post_tag","embeddable":true,"href":"https:\/\/patagoniambiental.com.ar\/info\/wp-json\/wp\/v2\/tags?post=21422"}],"curies":[{"name":"wp","href":"https:\/\/api.w.org\/{rel}","templated":true}]}}