{"id":21492,"date":"2016-10-09T09:00:41","date_gmt":"2016-10-09T12:00:41","guid":{"rendered":"http:\/\/patagoniambiental.com.ar\/?p=21492"},"modified":"2016-10-09T09:00:41","modified_gmt":"2016-10-09T12:00:41","slug":"21492-2","status":"publish","type":"post","link":"https:\/\/patagoniambiental.com.ar\/info\/21492-2\/","title":{"rendered":"Comodoro Rivadavia: Crece la concientizaci\u00f3n sobre la importancia del reciclado"},"content":{"rendered":"<div class=\"cuerpo clearfix\">\n<p>COMODORO RIVADAVIA.- El viceintendente Juan Pablo Luque, y el concejal Maximiliano Sampaoli, estuvieron en la presentaci\u00f3n de la nueva m\u00e1quina compactadora de la empresa URBANA, que mejorar\u00e1 el servicio de recolecci\u00f3n de los residuos que se depositan en los igl\u00faes.<\/p>\n<p>El presidente del Concejo reconoci\u00f3 que la empresa Urbana \u00abdebe hacer casi 20 recolecciones semanales en algunos sectores de la ciudad porque los igl\u00faes se llenan y eso significa que se utilizan constantemente\u00bb.<\/p>\n<p>La empresa Urbana present\u00f3 una nueva compactadora que sirve para levantar los igl\u00faes. Puede almacenar los residuos secos de casi 50 igl\u00faes, a diferencia de las anteriores que solo soportaban la cantidad de 10 depositarios y hac\u00edan varios viajes hacia la planta de tratamiento para depositar el compacto y luego volver a la ciudad.<\/p>\n<p>\u00abLa gran ventaja es que quintuplica la capacidad que ten\u00edan las m\u00e1quinas anteriores que ahorrar\u00e1 muchos kil\u00f3metros en viajes hacia la planta. Adem\u00e1s, al tener un doble gancho, suelta los residuos en el cami\u00f3n sin la necesidad de contar con una persona arriba que deba realizar la maniobra en forma manual\u00bb, explic\u00f3 el concejal Maximiliano Sampaoli.<\/p>\n<p>Respecto a la adaptaci\u00f3n de la comunidad a esta nueva modalidad de separaci\u00f3n de residuos que se implementa a trav\u00e9s de igl\u00faes desde el a\u00f1o pasado, el viceintendente Luque sostuvo que \u00abestamos sorprendidos por la forma positiva en que se est\u00e1n utilizando los igl\u00faes. Hay m\u00e1s concientizaci\u00f3n sobre la importancia de reciclar y llevar los residuos a los igl\u00faes\u00bb.<\/p>\n<p><b>DIEZ IGLUES INCENDIADOS<\/b><\/p>\n<p>Sin embargo, lament\u00f3 que algunos hayan sufrido atentados: \u00abya llevamos 10 igl\u00faes incendiados, incluso algunos en la zona c\u00e9ntrica y son car\u00edsimos. Esto es de todos y la gente los tiene que cuidar, porque si no tendremos que sacar los igl\u00faes de algunas zonas\u00bb.<\/p>\n<p>Por su parte, Sampaoli resalt\u00f3 que \u00abel cuidado del medio ambiente\u00a0y la separaci\u00f3n es un tema cultural. Para los chicos es prioridad y creo que en un futuro no muy lejano deberemos empezar a hacer la separaci\u00f3n en los domicilios\u00bb.<\/p>\n<p><b>\u00bfDONDE RECICLO?<\/b><\/p>\n<p>DondeReciclo.org se define como una ONG 2.0., que promueve una gesti\u00f3n integral de los residuos. Por lo que crearon una plataforma digital \u00abparticipativa, para comunicar a toda la comunidad opciones sobre qu\u00e9 hacer con sus residuos. Informamos a trav\u00e9s de la georreferenciaci\u00f3n, la ubicaci\u00f3n de aquellos lugares que se dedican a la recepci\u00f3n, al reciclaje y\/o a la reutilizaci\u00f3n de diferentes materiales\u00bb aseguran desde su sitio web.<\/p>\n<p>La p\u00e1gina que posee una interface simple para saber d\u00f3nde se puede reciclar pl\u00e1stico, tetra-brik, cart\u00f3n y papel, vidrio, metales, tapitas, pilas-recargables, neum\u00e1ticos, electr\u00f3nicos, bronce, textiles, aceite y telgopor en cualquier punto del mapa de tu ciudad.<\/p>\n<div id=\"embed74_wrap\" class=\"embed_cont type_freetext\"><\/div>\n<\/div>\n<div class=\"poll-nota\">\u00a0Fuente: El Patagonico<\/div>\n","protected":false},"excerpt":{"rendered":"<p>COMODORO RIVADAVIA.- El viceintendente Juan Pablo Luque, y el concejal Maximiliano Sampaoli, estuvieron en la presentaci\u00f3n de la nueva m\u00e1quina [&hellip;]<\/p>\n","protected":false},"author":2,"featured_media":0,"comment_status":"closed","ping_status":"closed","sticky":false,"template":"","format":"standard","meta":{"site-sidebar-layout":"default","site-content-layout":"","ast-site-content-layout":"default","site-content-style":"default","site-sidebar-style":"default","ast-global-header-display":"","ast-banner-title-visibility":"","ast-main-header-display":"","ast-hfb-above-header-display":"","ast-hfb-below-header-display":"","ast-hfb-mobile-header-display":"","site-post-title":"","ast-breadcrumbs-content":"","ast-featured-img":"","footer-sml-layout":"","ast-disable-related-posts":"","theme-transparent-header-meta":"","adv-header-id-meta":"","stick-header-meta":"","header-above-stick-meta":"","header-main-stick-meta":"","header-below-stick-meta":"","astra-migrate-meta-layouts":"default","ast-page-background-enabled":"default","ast-page-background-meta":{"desktop":{"background-color":"var(--ast-global-color-5)","background-image":"","background-repeat":"repeat","background-position":"center center","background-size":"auto","background-attachment":"scroll","background-type":"","background-media":"","overlay-type":"","overlay-color":"","overlay-opacity":"","overlay-gradient":""},"tablet":{"background-color":"","background-image":"","background-repeat":"repeat","background-position":"center center","background-size":"auto","background-attachment":"scroll","background-type":"","background-media":"","overlay-type":"","overlay-color":"","overlay-opacity":"","overlay-gradient":""},"mobile":{"background-color":"","background-image":"","background-repeat":"repeat","background-position":"center center","background-size":"auto","background-attachment":"scroll","background-type":"","background-media":"","overlay-type":"","overlay-color":"","overlay-opacity":"","overlay-gradient":""}},"ast-content-background-meta":{"desktop":{"background-color":"var(--ast-global-color-4)","background-image":"","background-repeat":"repeat","background-position":"center center","background-size":"auto","background-attachment":"scroll","background-type":"","background-media":"","overlay-type":"","overlay-color":"","overlay-opacity":"","overlay-gradient":""},"tablet":{"background-color":"var(--ast-global-color-4)","background-image":"","background-repeat":"repeat","background-position":"center center","background-size":"auto","background-attachment":"scroll","background-type":"","background-media":"","overlay-type":"","overlay-color":"","overlay-opacity":"","overlay-gradient":""},"mobile":{"background-color":"var(--ast-global-color-4)","background-image":"","background-repeat":"repeat","background-position":"center center","background-size":"auto","background-attachment":"scroll","background-type":"","background-media":"","overlay-type":"","overlay-color":"","overlay-opacity":"","overlay-gradient":""}},"footnotes":""},"categories":[16,1],"tags":[],"class_list":["post-21492","post","type-post","status-publish","format-standard","hentry","category-municipales","category-noticias"],"yoast_head":"<!-- This site is optimized with the Yoast SEO Premium plugin v23.0 (Yoast SEO v27.4) - https:\/\/yoast.com\/product\/yoast-seo-premium-wordpress\/ -->\n<title>Comodoro Rivadavia: Crece la concientizaci\u00f3n sobre la importancia del reciclado<\/title>\n<meta name=\"robots\" content=\"index, follow, max-snippet:-1, max-image-preview:large, max-video-preview:-1\" \/>\n<link rel=\"canonical\" href=\"https:\/\/patagoniambiental.com.ar\/info\/21492-2\/\" \/>\n<meta property=\"og:locale\" content=\"es_ES\" \/>\n<meta property=\"og:type\" content=\"article\" \/>\n<meta property=\"og:title\" content=\"Comodoro Rivadavia: Crece la concientizaci\u00f3n sobre la importancia del reciclado\" \/>\n<meta property=\"og:description\" content=\"COMODORO RIVADAVIA.- El viceintendente Juan Pablo Luque, y el concejal Maximiliano Sampaoli, estuvieron en la presentaci\u00f3n de la nueva m\u00e1quina [&hellip;]\" \/>\n<meta property=\"og:url\" content=\"https:\/\/patagoniambiental.com.ar\/info\/21492-2\/\" \/>\n<meta property=\"og:site_name\" content=\"Patagonia Ambiental\" \/>\n<meta property=\"article:publisher\" content=\"https:\/\/www.facebook.com\/patagonia.ambiental\" \/>\n<meta property=\"article:author\" content=\"https:\/\/www.facebook.com\/share\/1C1V8Gv9BX\/?mibextid=qi2Omg\" \/>\n<meta property=\"article:published_time\" content=\"2016-10-09T12:00:41+00:00\" \/>\n<meta name=\"author\" content=\"Patagonia Ambiental\" \/>\n<meta name=\"twitter:card\" content=\"summary_large_image\" \/>\n<meta name=\"twitter:creator\" content=\"@PatAmb\" \/>\n<meta name=\"twitter:site\" content=\"@PatAmb\" \/>\n<script type=\"application\/ld+json\" class=\"yoast-schema-graph\">{\"@context\":\"https:\\\/\\\/schema.org\",\"@graph\":[{\"@type\":\"Article\",\"@id\":\"https:\\\/\\\/patagoniambiental.com.ar\\\/info\\\/21492-2\\\/#article\",\"isPartOf\":{\"@id\":\"https:\\\/\\\/patagoniambiental.com.ar\\\/info\\\/21492-2\\\/\"},\"author\":{\"name\":\"Patagonia Ambiental\",\"@id\":\"https:\\\/\\\/patagoniambiental.com.ar\\\/info\\\/#\\\/schema\\\/person\\\/db12bff64bbcbf6a253710bf0ea37b5d\"},\"headline\":\"Comodoro Rivadavia: Crece la concientizaci\u00f3n sobre la importancia del reciclado\",\"datePublished\":\"2016-10-09T12:00:41+00:00\",\"mainEntityOfPage\":{\"@id\":\"https:\\\/\\\/patagoniambiental.com.ar\\\/info\\\/21492-2\\\/\"},\"wordCount\":489,\"publisher\":{\"@id\":\"https:\\\/\\\/patagoniambiental.com.ar\\\/info\\\/#organization\"},\"articleSection\":[\"Municipales\",\"Noticias\"],\"inLanguage\":\"es\"},{\"@type\":\"WebPage\",\"@id\":\"https:\\\/\\\/patagoniambiental.com.ar\\\/info\\\/21492-2\\\/\",\"url\":\"https:\\\/\\\/patagoniambiental.com.ar\\\/info\\\/21492-2\\\/\",\"name\":\"Comodoro Rivadavia: Crece la concientizaci\u00f3n sobre la importancia del reciclado\",\"isPartOf\":{\"@id\":\"https:\\\/\\\/patagoniambiental.com.ar\\\/info\\\/#website\"},\"datePublished\":\"2016-10-09T12:00:41+00:00\",\"breadcrumb\":{\"@id\":\"https:\\\/\\\/patagoniambiental.com.ar\\\/info\\\/21492-2\\\/#breadcrumb\"},\"inLanguage\":\"es\",\"potentialAction\":[{\"@type\":\"ReadAction\",\"target\":[\"https:\\\/\\\/patagoniambiental.com.ar\\\/info\\\/21492-2\\\/\"]}]},{\"@type\":\"BreadcrumbList\",\"@id\":\"https:\\\/\\\/patagoniambiental.com.ar\\\/info\\\/21492-2\\\/#breadcrumb\",\"itemListElement\":[{\"@type\":\"ListItem\",\"position\":1,\"name\":\"Inicio\",\"item\":\"https:\\\/\\\/patagoniambiental.com.ar\\\/info\\\/\"},{\"@type\":\"ListItem\",\"position\":2,\"name\":\"Comodoro Rivadavia: Crece la concientizaci\u00f3n sobre la importancia del reciclado\"}]},{\"@type\":\"WebSite\",\"@id\":\"https:\\\/\\\/patagoniambiental.com.ar\\\/info\\\/#website\",\"url\":\"https:\\\/\\\/patagoniambiental.com.ar\\\/info\\\/\",\"name\":\"Patagonia Ambiental\",\"description\":\"Monitoreo y an\u00e1lisis de la situaci\u00f3n geopol\u00edtica en el mundo y su implicancia en la Patagonia\",\"publisher\":{\"@id\":\"https:\\\/\\\/patagoniambiental.com.ar\\\/info\\\/#organization\"},\"potentialAction\":[{\"@type\":\"SearchAction\",\"target\":{\"@type\":\"EntryPoint\",\"urlTemplate\":\"https:\\\/\\\/patagoniambiental.com.ar\\\/info\\\/?s={search_term_string}\"},\"query-input\":{\"@type\":\"PropertyValueSpecification\",\"valueRequired\":true,\"valueName\":\"search_term_string\"}}],\"inLanguage\":\"es\"},{\"@type\":\"Organization\",\"@id\":\"https:\\\/\\\/patagoniambiental.com.ar\\\/info\\\/#organization\",\"name\":\"Patagonia Ambiental\",\"url\":\"https:\\\/\\\/patagoniambiental.com.ar\\\/info\\\/\",\"logo\":{\"@type\":\"ImageObject\",\"inLanguage\":\"es\",\"@id\":\"https:\\\/\\\/patagoniambiental.com.ar\\\/info\\\/#\\\/schema\\\/logo\\\/image\\\/\",\"url\":\"https:\\\/\\\/patagoniambiental.com.ar\\\/info\\\/wp-content\\\/uploads\\\/2025\\\/05\\\/LOGO-PATAGONIA-AMBIENTAL.png\",\"contentUrl\":\"https:\\\/\\\/patagoniambiental.com.ar\\\/info\\\/wp-content\\\/uploads\\\/2025\\\/05\\\/LOGO-PATAGONIA-AMBIENTAL.png\",\"width\":433,\"height\":250,\"caption\":\"Patagonia Ambiental\"},\"image\":{\"@id\":\"https:\\\/\\\/patagoniambiental.com.ar\\\/info\\\/#\\\/schema\\\/logo\\\/image\\\/\"},\"sameAs\":[\"https:\\\/\\\/www.facebook.com\\\/patagonia.ambiental\",\"https:\\\/\\\/x.com\\\/PatAmb\"]},{\"@type\":\"Person\",\"@id\":\"https:\\\/\\\/patagoniambiental.com.ar\\\/info\\\/#\\\/schema\\\/person\\\/db12bff64bbcbf6a253710bf0ea37b5d\",\"name\":\"Patagonia Ambiental\",\"description\":\"Andr\u00e9s Nievas T\u00e9cnico en manejo ambiental, consultor Ambiental y escritor para medios locales e internacionales sobre temas de geopolitica y medio ambiente.\",\"sameAs\":[\"http:\\\/\\\/www.patagoniambiental.com.ar\",\"https:\\\/\\\/www.facebook.com\\\/share\\\/1C1V8Gv9BX\\\/?mibextid=qi2Omg\",\"@patagoniambiental\",\"https:\\\/\\\/youtube.com\\\/@patagoniaambiental2023?si=BLt58t0wuXquxlYZ\"]}]}<\/script>\n<!-- \/ Yoast SEO Premium plugin. -->","yoast_head_json":{"title":"Comodoro Rivadavia: Crece la concientizaci\u00f3n sobre la importancia del reciclado","robots":{"index":"index","follow":"follow","max-snippet":"max-snippet:-1","max-image-preview":"max-image-preview:large","max-video-preview":"max-video-preview:-1"},"canonical":"https:\/\/patagoniambiental.com.ar\/info\/21492-2\/","og_locale":"es_ES","og_type":"article","og_title":"Comodoro Rivadavia: Crece la concientizaci\u00f3n sobre la importancia del reciclado","og_description":"COMODORO RIVADAVIA.- El viceintendente Juan Pablo Luque, y el concejal Maximiliano Sampaoli, estuvieron en la presentaci\u00f3n de la nueva m\u00e1quina [&hellip;]","og_url":"https:\/\/patagoniambiental.com.ar\/info\/21492-2\/","og_site_name":"Patagonia Ambiental","article_publisher":"https:\/\/www.facebook.com\/patagonia.ambiental","article_author":"https:\/\/www.facebook.com\/share\/1C1V8Gv9BX\/?mibextid=qi2Omg","article_published_time":"2016-10-09T12:00:41+00:00","author":"Patagonia Ambiental","twitter_card":"summary_large_image","twitter_creator":"@PatAmb","twitter_site":"@PatAmb","schema":{"@context":"https:\/\/schema.org","@graph":[{"@type":"Article","@id":"https:\/\/patagoniambiental.com.ar\/info\/21492-2\/#article","isPartOf":{"@id":"https:\/\/patagoniambiental.com.ar\/info\/21492-2\/"},"author":{"name":"Patagonia Ambiental","@id":"https:\/\/patagoniambiental.com.ar\/info\/#\/schema\/person\/db12bff64bbcbf6a253710bf0ea37b5d"},"headline":"Comodoro Rivadavia: Crece la concientizaci\u00f3n sobre la importancia del reciclado","datePublished":"2016-10-09T12:00:41+00:00","mainEntityOfPage":{"@id":"https:\/\/patagoniambiental.com.ar\/info\/21492-2\/"},"wordCount":489,"publisher":{"@id":"https:\/\/patagoniambiental.com.ar\/info\/#organization"},"articleSection":["Municipales","Noticias"],"inLanguage":"es"},{"@type":"WebPage","@id":"https:\/\/patagoniambiental.com.ar\/info\/21492-2\/","url":"https:\/\/patagoniambiental.com.ar\/info\/21492-2\/","name":"Comodoro Rivadavia: Crece la concientizaci\u00f3n sobre la importancia del reciclado","isPartOf":{"@id":"https:\/\/patagoniambiental.com.ar\/info\/#website"},"datePublished":"2016-10-09T12:00:41+00:00","breadcrumb":{"@id":"https:\/\/patagoniambiental.com.ar\/info\/21492-2\/#breadcrumb"},"inLanguage":"es","potentialAction":[{"@type":"ReadAction","target":["https:\/\/patagoniambiental.com.ar\/info\/21492-2\/"]}]},{"@type":"BreadcrumbList","@id":"https:\/\/patagoniambiental.com.ar\/info\/21492-2\/#breadcrumb","itemListElement":[{"@type":"ListItem","position":1,"name":"Inicio","item":"https:\/\/patagoniambiental.com.ar\/info\/"},{"@type":"ListItem","position":2,"name":"Comodoro Rivadavia: Crece la concientizaci\u00f3n sobre la importancia del reciclado"}]},{"@type":"WebSite","@id":"https:\/\/patagoniambiental.com.ar\/info\/#website","url":"https:\/\/patagoniambiental.com.ar\/info\/","name":"Patagonia Ambiental","description":"Monitoreo y an\u00e1lisis de la situaci\u00f3n geopol\u00edtica en el mundo y su implicancia en la Patagonia","publisher":{"@id":"https:\/\/patagoniambiental.com.ar\/info\/#organization"},"potentialAction":[{"@type":"SearchAction","target":{"@type":"EntryPoint","urlTemplate":"https:\/\/patagoniambiental.com.ar\/info\/?s={search_term_string}"},"query-input":{"@type":"PropertyValueSpecification","valueRequired":true,"valueName":"search_term_string"}}],"inLanguage":"es"},{"@type":"Organization","@id":"https:\/\/patagoniambiental.com.ar\/info\/#organization","name":"Patagonia Ambiental","url":"https:\/\/patagoniambiental.com.ar\/info\/","logo":{"@type":"ImageObject","inLanguage":"es","@id":"https:\/\/patagoniambiental.com.ar\/info\/#\/schema\/logo\/image\/","url":"https:\/\/patagoniambiental.com.ar\/info\/wp-content\/uploads\/2025\/05\/LOGO-PATAGONIA-AMBIENTAL.png","contentUrl":"https:\/\/patagoniambiental.com.ar\/info\/wp-content\/uploads\/2025\/05\/LOGO-PATAGONIA-AMBIENTAL.png","width":433,"height":250,"caption":"Patagonia Ambiental"},"image":{"@id":"https:\/\/patagoniambiental.com.ar\/info\/#\/schema\/logo\/image\/"},"sameAs":["https:\/\/www.facebook.com\/patagonia.ambiental","https:\/\/x.com\/PatAmb"]},{"@type":"Person","@id":"https:\/\/patagoniambiental.com.ar\/info\/#\/schema\/person\/db12bff64bbcbf6a253710bf0ea37b5d","name":"Patagonia Ambiental","description":"Andr\u00e9s Nievas T\u00e9cnico en manejo ambiental, consultor Ambiental y escritor para medios locales e internacionales sobre temas de geopolitica y medio ambiente.","sameAs":["http:\/\/www.patagoniambiental.com.ar","https:\/\/www.facebook.com\/share\/1C1V8Gv9BX\/?mibextid=qi2Omg","@patagoniambiental","https:\/\/youtube.com\/@patagoniaambiental2023?si=BLt58t0wuXquxlYZ"]}]}},"_links":{"self":[{"href":"https:\/\/patagoniambiental.com.ar\/info\/wp-json\/wp\/v2\/posts\/21492","targetHints":{"allow":["GET"]}}],"collection":[{"href":"https:\/\/patagoniambiental.com.ar\/info\/wp-json\/wp\/v2\/posts"}],"about":[{"href":"https:\/\/patagoniambiental.com.ar\/info\/wp-json\/wp\/v2\/types\/post"}],"author":[{"embeddable":true,"href":"https:\/\/patagoniambiental.com.ar\/info\/wp-json\/wp\/v2\/users\/2"}],"replies":[{"embeddable":true,"href":"https:\/\/patagoniambiental.com.ar\/info\/wp-json\/wp\/v2\/comments?post=21492"}],"version-history":[{"count":0,"href":"https:\/\/patagoniambiental.com.ar\/info\/wp-json\/wp\/v2\/posts\/21492\/revisions"}],"wp:attachment":[{"href":"https:\/\/patagoniambiental.com.ar\/info\/wp-json\/wp\/v2\/media?parent=21492"}],"wp:term":[{"taxonomy":"category","embeddable":true,"href":"https:\/\/patagoniambiental.com.ar\/info\/wp-json\/wp\/v2\/categories?post=21492"},{"taxonomy":"post_tag","embeddable":true,"href":"https:\/\/patagoniambiental.com.ar\/info\/wp-json\/wp\/v2\/tags?post=21492"}],"curies":[{"name":"wp","href":"https:\/\/api.w.org\/{rel}","templated":true}]}}