{"id":21529,"date":"2016-10-10T09:16:48","date_gmt":"2016-10-10T12:16:48","guid":{"rendered":"http:\/\/patagoniambiental.com.ar\/?p=21529"},"modified":"2016-10-10T09:16:48","modified_gmt":"2016-10-10T12:16:48","slug":"las-obras-para-el-parque-eolico-de-bahia-blanca-requeriran-unos-300-trabajadores","status":"publish","type":"post","link":"https:\/\/patagoniambiental.com.ar\/info\/las-obras-para-el-parque-eolico-de-bahia-blanca-requeriran-unos-300-trabajadores\/","title":{"rendered":"Las obras para el Parque E\u00f3lico de Bahia Blanca  requerir\u00e1n unos 300 trabajadores"},"content":{"rendered":"<div class=\"desarrollo\">\n<p>Al menos 300 puestos de trabajo y una inversi\u00f3n de 140 millones de d\u00f3lares requerir\u00e1 en los pr\u00f3ximos meses la construcci\u00f3n del Parque E\u00f3lico Corti, la iniciativa que el grupo Pampa Energ\u00eda impulsa a unos 20 kil\u00f3metros de Bah\u00eda Blanca, por la ruta provincial 51.<\/p>\n<p>Las obras comenzar\u00edan en febrero o marzo pr\u00f3ximos y podr\u00edan ser presentadas en la ciudad la semana pr\u00f3xima, requiriendo tambi\u00e9n un importante movimiento log\u00edstico, ya sea mediante camiones como a trav\u00e9s del puerto local, para el traslado de equipos y materiales.<\/p>\n<p>El proyecto fue adjudicado el viernes por el gobierno nacional, en el marco del Programa Renovar, que a partir de la la Ley 27.191, sancionada el a\u00f1o pasado, impulsa y fomenta el desarrollo de energ\u00edas renovables, a partir de las cuales hacia fines de 2017 el 8% del consumo total de electricidad en el pa\u00eds deber\u00e1 provenir de fuentes limpias, y habilita a los grandes consumidores a acordar provisi\u00f3n y compra de energ\u00eda a terceros.<\/p>\n<p>Si bien sobre cuatro proyectos que pretend\u00edan concretarse en nuestro distrito solo uno logr\u00f3 ser adjudicado, el intendente H\u00e9ctor Gay se mostr\u00f3 conforme por esta primera licitaci\u00f3n y confi\u00f3 en que el mes pr\u00f3ximo pueda sumarse alg\u00fan otro parque.<\/p>\n<p>\u201cEl resultado fue m\u00e1s o menos el previsto. Si tomamos a la regi\u00f3n de Bah\u00eda Blanca, Villarino y Patagones, se adjudicaron 309 megawatts y eso es muy bueno. Ahora quedan otros 100 MW que podr\u00edan adjudicarse en noviembre con esta modalidad dispuesta de igualar y mejorar la oferta\u00bb, coment\u00f3.<\/p>\n<p>\u201cHe estado charlando con uno de los grandes oferentes que quedaron afuera (Autotrol y Pattern Energy) y como perdieron por muy poco est\u00e1n dispuestos a mejorar su oferta, por lo que es muy posible que Bah\u00eda sume otros 100 MW\u201d, se\u00f1al\u00f3.<\/p>\n<p>Gay record\u00f3 que a principios del a\u00f1o pr\u00f3ximo habr\u00e1 una segunda licitaci\u00f3n donde los proyectos existentes podr\u00e1n volver a competir.<\/p>\n<p>\u201cMe reun\u00ed con la gente de Pampa Energ\u00eda y estiman que la inversi\u00f3n ser\u00e1 de 140 millones de d\u00f3lares, requiriendo unos 300 puestos de trabajo. Entre el mi\u00e9rcoles 19 o el jueves 20 estar\u00e1 en Bah\u00eda su presidente Marcelo Mindlin, quien har\u00eda otros anuncios de inversi\u00f3n en la central Piedra Buena\u201d, sostuvo.<\/p>\n<p>Se habla de una modernizaci\u00f3n de la usina con una inversi\u00f3n tambi\u00e9n cercana a los 140 millones de d\u00f3lares y habr\u00e1 que ver tambi\u00e9n si se encara alguna mejora en la refiner\u00eda de Petrobras en Loma Paraguaya, desde hace pocos meses tambi\u00e9n en manos del mismo grupo.<\/p>\n<p>\u201cCreo que Pampa Energ\u00eda ya tuvo reuniones con las universidades locales para tener mano de obra calificada y quiz\u00e1s en el corto plazo veamos alguna tecnicatura de especialistas en energ\u00edas renovables\u201d.<\/p>\n<p>La localizaci\u00f3n de Bah\u00eda\u2013Corti elegida por Pampa Energ\u00eda se explica por el car\u00e1cter de sus vientos, la cercan\u00eda de la central Piedra Buena, de la cual es propietaria; la infraestructura ya existente en la regi\u00f3n y la proximidad del Polo Petroqu\u00edmico, que representa un potencial de alta demanda de energ\u00edas renovables.<\/p>\n<\/div>\n<div class=\"etiqueta\">\u00a0Fuente: Adri\u00e1n Luciani para La Nueva Provincia<\/div>\n","protected":false},"excerpt":{"rendered":"<p>Al menos 300 puestos de trabajo y una inversi\u00f3n de 140 millones de d\u00f3lares requerir\u00e1 en los pr\u00f3ximos meses la [&hellip;]<\/p>\n","protected":false},"author":2,"featured_media":0,"comment_status":"closed","ping_status":"closed","sticky":false,"template":"","format":"standard","meta":{"site-sidebar-layout":"default","site-content-layout":"","ast-site-content-layout":"default","site-content-style":"default","site-sidebar-style":"default","ast-global-header-display":"","ast-banner-title-visibility":"","ast-main-header-display":"","ast-hfb-above-header-display":"","ast-hfb-below-header-display":"","ast-hfb-mobile-header-display":"","site-post-title":"","ast-breadcrumbs-content":"","ast-featured-img":"","footer-sml-layout":"","ast-disable-related-posts":"","theme-transparent-header-meta":"","adv-header-id-meta":"","stick-header-meta":"","header-above-stick-meta":"","header-main-stick-meta":"","header-below-stick-meta":"","astra-migrate-meta-layouts":"default","ast-page-background-enabled":"default","ast-page-background-meta":{"desktop":{"background-color":"var(--ast-global-color-5)","background-image":"","background-repeat":"repeat","background-position":"center center","background-size":"auto","background-attachment":"scroll","background-type":"","background-media":"","overlay-type":"","overlay-color":"","overlay-opacity":"","overlay-gradient":""},"tablet":{"background-color":"","background-image":"","background-repeat":"repeat","background-position":"center center","background-size":"auto","background-attachment":"scroll","background-type":"","background-media":"","overlay-type":"","overlay-color":"","overlay-opacity":"","overlay-gradient":""},"mobile":{"background-color":"","background-image":"","background-repeat":"repeat","background-position":"center center","background-size":"auto","background-attachment":"scroll","background-type":"","background-media":"","overlay-type":"","overlay-color":"","overlay-opacity":"","overlay-gradient":""}},"ast-content-background-meta":{"desktop":{"background-color":"var(--ast-global-color-4)","background-image":"","background-repeat":"repeat","background-position":"center center","background-size":"auto","background-attachment":"scroll","background-type":"","background-media":"","overlay-type":"","overlay-color":"","overlay-opacity":"","overlay-gradient":""},"tablet":{"background-color":"var(--ast-global-color-4)","background-image":"","background-repeat":"repeat","background-position":"center center","background-size":"auto","background-attachment":"scroll","background-type":"","background-media":"","overlay-type":"","overlay-color":"","overlay-opacity":"","overlay-gradient":""},"mobile":{"background-color":"var(--ast-global-color-4)","background-image":"","background-repeat":"repeat","background-position":"center center","background-size":"auto","background-attachment":"scroll","background-type":"","background-media":"","overlay-type":"","overlay-color":"","overlay-opacity":"","overlay-gradient":""}},"footnotes":""},"categories":[16,1],"tags":[],"class_list":["post-21529","post","type-post","status-publish","format-standard","hentry","category-municipales","category-noticias"],"yoast_head":"<!-- This site is optimized with the Yoast SEO Premium plugin v23.0 (Yoast SEO v27.4) - https:\/\/yoast.com\/product\/yoast-seo-premium-wordpress\/ -->\n<title>Las obras para el Parque E\u00f3lico de Bahia Blanca requerir\u00e1n unos 300 trabajadores<\/title>\n<meta name=\"robots\" content=\"index, follow, max-snippet:-1, max-image-preview:large, max-video-preview:-1\" \/>\n<link rel=\"canonical\" href=\"https:\/\/patagoniambiental.com.ar\/info\/las-obras-para-el-parque-eolico-de-bahia-blanca-requeriran-unos-300-trabajadores\/\" \/>\n<meta property=\"og:locale\" content=\"es_ES\" \/>\n<meta property=\"og:type\" content=\"article\" \/>\n<meta property=\"og:title\" content=\"Las obras para el Parque E\u00f3lico de Bahia Blanca requerir\u00e1n unos 300 trabajadores\" \/>\n<meta property=\"og:description\" content=\"Al menos 300 puestos de trabajo y una inversi\u00f3n de 140 millones de d\u00f3lares requerir\u00e1 en los pr\u00f3ximos meses la [&hellip;]\" \/>\n<meta property=\"og:url\" content=\"https:\/\/patagoniambiental.com.ar\/info\/las-obras-para-el-parque-eolico-de-bahia-blanca-requeriran-unos-300-trabajadores\/\" \/>\n<meta property=\"og:site_name\" content=\"Patagonia Ambiental\" \/>\n<meta property=\"article:publisher\" content=\"https:\/\/www.facebook.com\/patagonia.ambiental\" \/>\n<meta property=\"article:author\" content=\"https:\/\/www.facebook.com\/share\/1C1V8Gv9BX\/?mibextid=qi2Omg\" \/>\n<meta property=\"article:published_time\" content=\"2016-10-10T12:16:48+00:00\" \/>\n<meta name=\"author\" content=\"Patagonia Ambiental\" \/>\n<meta name=\"twitter:card\" content=\"summary_large_image\" \/>\n<meta name=\"twitter:creator\" content=\"@PatAmb\" \/>\n<meta name=\"twitter:site\" content=\"@PatAmb\" \/>\n<script type=\"application\/ld+json\" class=\"yoast-schema-graph\">{\"@context\":\"https:\\\/\\\/schema.org\",\"@graph\":[{\"@type\":\"Article\",\"@id\":\"https:\\\/\\\/patagoniambiental.com.ar\\\/info\\\/las-obras-para-el-parque-eolico-de-bahia-blanca-requeriran-unos-300-trabajadores\\\/#article\",\"isPartOf\":{\"@id\":\"https:\\\/\\\/patagoniambiental.com.ar\\\/info\\\/las-obras-para-el-parque-eolico-de-bahia-blanca-requeriran-unos-300-trabajadores\\\/\"},\"author\":{\"name\":\"Patagonia Ambiental\",\"@id\":\"https:\\\/\\\/patagoniambiental.com.ar\\\/info\\\/#\\\/schema\\\/person\\\/db12bff64bbcbf6a253710bf0ea37b5d\"},\"headline\":\"Las obras para el Parque E\u00f3lico de Bahia Blanca requerir\u00e1n unos 300 trabajadores\",\"datePublished\":\"2016-10-10T12:16:48+00:00\",\"mainEntityOfPage\":{\"@id\":\"https:\\\/\\\/patagoniambiental.com.ar\\\/info\\\/las-obras-para-el-parque-eolico-de-bahia-blanca-requeriran-unos-300-trabajadores\\\/\"},\"wordCount\":560,\"publisher\":{\"@id\":\"https:\\\/\\\/patagoniambiental.com.ar\\\/info\\\/#organization\"},\"articleSection\":[\"Municipales\",\"Noticias\"],\"inLanguage\":\"es\"},{\"@type\":\"WebPage\",\"@id\":\"https:\\\/\\\/patagoniambiental.com.ar\\\/info\\\/las-obras-para-el-parque-eolico-de-bahia-blanca-requeriran-unos-300-trabajadores\\\/\",\"url\":\"https:\\\/\\\/patagoniambiental.com.ar\\\/info\\\/las-obras-para-el-parque-eolico-de-bahia-blanca-requeriran-unos-300-trabajadores\\\/\",\"name\":\"Las obras para el Parque E\u00f3lico de Bahia Blanca requerir\u00e1n unos 300 trabajadores\",\"isPartOf\":{\"@id\":\"https:\\\/\\\/patagoniambiental.com.ar\\\/info\\\/#website\"},\"datePublished\":\"2016-10-10T12:16:48+00:00\",\"breadcrumb\":{\"@id\":\"https:\\\/\\\/patagoniambiental.com.ar\\\/info\\\/las-obras-para-el-parque-eolico-de-bahia-blanca-requeriran-unos-300-trabajadores\\\/#breadcrumb\"},\"inLanguage\":\"es\",\"potentialAction\":[{\"@type\":\"ReadAction\",\"target\":[\"https:\\\/\\\/patagoniambiental.com.ar\\\/info\\\/las-obras-para-el-parque-eolico-de-bahia-blanca-requeriran-unos-300-trabajadores\\\/\"]}]},{\"@type\":\"BreadcrumbList\",\"@id\":\"https:\\\/\\\/patagoniambiental.com.ar\\\/info\\\/las-obras-para-el-parque-eolico-de-bahia-blanca-requeriran-unos-300-trabajadores\\\/#breadcrumb\",\"itemListElement\":[{\"@type\":\"ListItem\",\"position\":1,\"name\":\"Inicio\",\"item\":\"https:\\\/\\\/patagoniambiental.com.ar\\\/info\\\/\"},{\"@type\":\"ListItem\",\"position\":2,\"name\":\"Las obras para el Parque E\u00f3lico de Bahia Blanca requerir\u00e1n unos 300 trabajadores\"}]},{\"@type\":\"WebSite\",\"@id\":\"https:\\\/\\\/patagoniambiental.com.ar\\\/info\\\/#website\",\"url\":\"https:\\\/\\\/patagoniambiental.com.ar\\\/info\\\/\",\"name\":\"Patagonia Ambiental\",\"description\":\"Monitoreo y an\u00e1lisis de la situaci\u00f3n geopol\u00edtica en el mundo y su implicancia en la Patagonia\",\"publisher\":{\"@id\":\"https:\\\/\\\/patagoniambiental.com.ar\\\/info\\\/#organization\"},\"potentialAction\":[{\"@type\":\"SearchAction\",\"target\":{\"@type\":\"EntryPoint\",\"urlTemplate\":\"https:\\\/\\\/patagoniambiental.com.ar\\\/info\\\/?s={search_term_string}\"},\"query-input\":{\"@type\":\"PropertyValueSpecification\",\"valueRequired\":true,\"valueName\":\"search_term_string\"}}],\"inLanguage\":\"es\"},{\"@type\":\"Organization\",\"@id\":\"https:\\\/\\\/patagoniambiental.com.ar\\\/info\\\/#organization\",\"name\":\"Patagonia Ambiental\",\"url\":\"https:\\\/\\\/patagoniambiental.com.ar\\\/info\\\/\",\"logo\":{\"@type\":\"ImageObject\",\"inLanguage\":\"es\",\"@id\":\"https:\\\/\\\/patagoniambiental.com.ar\\\/info\\\/#\\\/schema\\\/logo\\\/image\\\/\",\"url\":\"https:\\\/\\\/patagoniambiental.com.ar\\\/info\\\/wp-content\\\/uploads\\\/2025\\\/05\\\/LOGO-PATAGONIA-AMBIENTAL.png\",\"contentUrl\":\"https:\\\/\\\/patagoniambiental.com.ar\\\/info\\\/wp-content\\\/uploads\\\/2025\\\/05\\\/LOGO-PATAGONIA-AMBIENTAL.png\",\"width\":433,\"height\":250,\"caption\":\"Patagonia Ambiental\"},\"image\":{\"@id\":\"https:\\\/\\\/patagoniambiental.com.ar\\\/info\\\/#\\\/schema\\\/logo\\\/image\\\/\"},\"sameAs\":[\"https:\\\/\\\/www.facebook.com\\\/patagonia.ambiental\",\"https:\\\/\\\/x.com\\\/PatAmb\"]},{\"@type\":\"Person\",\"@id\":\"https:\\\/\\\/patagoniambiental.com.ar\\\/info\\\/#\\\/schema\\\/person\\\/db12bff64bbcbf6a253710bf0ea37b5d\",\"name\":\"Patagonia Ambiental\",\"description\":\"Andr\u00e9s Nievas T\u00e9cnico en manejo ambiental, consultor Ambiental y escritor para medios locales e internacionales sobre temas de geopolitica y medio ambiente.\",\"sameAs\":[\"http:\\\/\\\/www.patagoniambiental.com.ar\",\"https:\\\/\\\/www.facebook.com\\\/share\\\/1C1V8Gv9BX\\\/?mibextid=qi2Omg\",\"@patagoniambiental\",\"https:\\\/\\\/youtube.com\\\/@patagoniaambiental2023?si=BLt58t0wuXquxlYZ\"]}]}<\/script>\n<!-- \/ Yoast SEO Premium plugin. -->","yoast_head_json":{"title":"Las obras para el Parque E\u00f3lico de Bahia Blanca requerir\u00e1n unos 300 trabajadores","robots":{"index":"index","follow":"follow","max-snippet":"max-snippet:-1","max-image-preview":"max-image-preview:large","max-video-preview":"max-video-preview:-1"},"canonical":"https:\/\/patagoniambiental.com.ar\/info\/las-obras-para-el-parque-eolico-de-bahia-blanca-requeriran-unos-300-trabajadores\/","og_locale":"es_ES","og_type":"article","og_title":"Las obras para el Parque E\u00f3lico de Bahia Blanca requerir\u00e1n unos 300 trabajadores","og_description":"Al menos 300 puestos de trabajo y una inversi\u00f3n de 140 millones de d\u00f3lares requerir\u00e1 en los pr\u00f3ximos meses la [&hellip;]","og_url":"https:\/\/patagoniambiental.com.ar\/info\/las-obras-para-el-parque-eolico-de-bahia-blanca-requeriran-unos-300-trabajadores\/","og_site_name":"Patagonia Ambiental","article_publisher":"https:\/\/www.facebook.com\/patagonia.ambiental","article_author":"https:\/\/www.facebook.com\/share\/1C1V8Gv9BX\/?mibextid=qi2Omg","article_published_time":"2016-10-10T12:16:48+00:00","author":"Patagonia Ambiental","twitter_card":"summary_large_image","twitter_creator":"@PatAmb","twitter_site":"@PatAmb","schema":{"@context":"https:\/\/schema.org","@graph":[{"@type":"Article","@id":"https:\/\/patagoniambiental.com.ar\/info\/las-obras-para-el-parque-eolico-de-bahia-blanca-requeriran-unos-300-trabajadores\/#article","isPartOf":{"@id":"https:\/\/patagoniambiental.com.ar\/info\/las-obras-para-el-parque-eolico-de-bahia-blanca-requeriran-unos-300-trabajadores\/"},"author":{"name":"Patagonia Ambiental","@id":"https:\/\/patagoniambiental.com.ar\/info\/#\/schema\/person\/db12bff64bbcbf6a253710bf0ea37b5d"},"headline":"Las obras para el Parque E\u00f3lico de Bahia Blanca requerir\u00e1n unos 300 trabajadores","datePublished":"2016-10-10T12:16:48+00:00","mainEntityOfPage":{"@id":"https:\/\/patagoniambiental.com.ar\/info\/las-obras-para-el-parque-eolico-de-bahia-blanca-requeriran-unos-300-trabajadores\/"},"wordCount":560,"publisher":{"@id":"https:\/\/patagoniambiental.com.ar\/info\/#organization"},"articleSection":["Municipales","Noticias"],"inLanguage":"es"},{"@type":"WebPage","@id":"https:\/\/patagoniambiental.com.ar\/info\/las-obras-para-el-parque-eolico-de-bahia-blanca-requeriran-unos-300-trabajadores\/","url":"https:\/\/patagoniambiental.com.ar\/info\/las-obras-para-el-parque-eolico-de-bahia-blanca-requeriran-unos-300-trabajadores\/","name":"Las obras para el Parque E\u00f3lico de Bahia Blanca requerir\u00e1n unos 300 trabajadores","isPartOf":{"@id":"https:\/\/patagoniambiental.com.ar\/info\/#website"},"datePublished":"2016-10-10T12:16:48+00:00","breadcrumb":{"@id":"https:\/\/patagoniambiental.com.ar\/info\/las-obras-para-el-parque-eolico-de-bahia-blanca-requeriran-unos-300-trabajadores\/#breadcrumb"},"inLanguage":"es","potentialAction":[{"@type":"ReadAction","target":["https:\/\/patagoniambiental.com.ar\/info\/las-obras-para-el-parque-eolico-de-bahia-blanca-requeriran-unos-300-trabajadores\/"]}]},{"@type":"BreadcrumbList","@id":"https:\/\/patagoniambiental.com.ar\/info\/las-obras-para-el-parque-eolico-de-bahia-blanca-requeriran-unos-300-trabajadores\/#breadcrumb","itemListElement":[{"@type":"ListItem","position":1,"name":"Inicio","item":"https:\/\/patagoniambiental.com.ar\/info\/"},{"@type":"ListItem","position":2,"name":"Las obras para el Parque E\u00f3lico de Bahia Blanca requerir\u00e1n unos 300 trabajadores"}]},{"@type":"WebSite","@id":"https:\/\/patagoniambiental.com.ar\/info\/#website","url":"https:\/\/patagoniambiental.com.ar\/info\/","name":"Patagonia Ambiental","description":"Monitoreo y an\u00e1lisis de la situaci\u00f3n geopol\u00edtica en el mundo y su implicancia en la Patagonia","publisher":{"@id":"https:\/\/patagoniambiental.com.ar\/info\/#organization"},"potentialAction":[{"@type":"SearchAction","target":{"@type":"EntryPoint","urlTemplate":"https:\/\/patagoniambiental.com.ar\/info\/?s={search_term_string}"},"query-input":{"@type":"PropertyValueSpecification","valueRequired":true,"valueName":"search_term_string"}}],"inLanguage":"es"},{"@type":"Organization","@id":"https:\/\/patagoniambiental.com.ar\/info\/#organization","name":"Patagonia Ambiental","url":"https:\/\/patagoniambiental.com.ar\/info\/","logo":{"@type":"ImageObject","inLanguage":"es","@id":"https:\/\/patagoniambiental.com.ar\/info\/#\/schema\/logo\/image\/","url":"https:\/\/patagoniambiental.com.ar\/info\/wp-content\/uploads\/2025\/05\/LOGO-PATAGONIA-AMBIENTAL.png","contentUrl":"https:\/\/patagoniambiental.com.ar\/info\/wp-content\/uploads\/2025\/05\/LOGO-PATAGONIA-AMBIENTAL.png","width":433,"height":250,"caption":"Patagonia Ambiental"},"image":{"@id":"https:\/\/patagoniambiental.com.ar\/info\/#\/schema\/logo\/image\/"},"sameAs":["https:\/\/www.facebook.com\/patagonia.ambiental","https:\/\/x.com\/PatAmb"]},{"@type":"Person","@id":"https:\/\/patagoniambiental.com.ar\/info\/#\/schema\/person\/db12bff64bbcbf6a253710bf0ea37b5d","name":"Patagonia Ambiental","description":"Andr\u00e9s Nievas T\u00e9cnico en manejo ambiental, consultor Ambiental y escritor para medios locales e internacionales sobre temas de geopolitica y medio ambiente.","sameAs":["http:\/\/www.patagoniambiental.com.ar","https:\/\/www.facebook.com\/share\/1C1V8Gv9BX\/?mibextid=qi2Omg","@patagoniambiental","https:\/\/youtube.com\/@patagoniaambiental2023?si=BLt58t0wuXquxlYZ"]}]}},"_links":{"self":[{"href":"https:\/\/patagoniambiental.com.ar\/info\/wp-json\/wp\/v2\/posts\/21529","targetHints":{"allow":["GET"]}}],"collection":[{"href":"https:\/\/patagoniambiental.com.ar\/info\/wp-json\/wp\/v2\/posts"}],"about":[{"href":"https:\/\/patagoniambiental.com.ar\/info\/wp-json\/wp\/v2\/types\/post"}],"author":[{"embeddable":true,"href":"https:\/\/patagoniambiental.com.ar\/info\/wp-json\/wp\/v2\/users\/2"}],"replies":[{"embeddable":true,"href":"https:\/\/patagoniambiental.com.ar\/info\/wp-json\/wp\/v2\/comments?post=21529"}],"version-history":[{"count":0,"href":"https:\/\/patagoniambiental.com.ar\/info\/wp-json\/wp\/v2\/posts\/21529\/revisions"}],"wp:attachment":[{"href":"https:\/\/patagoniambiental.com.ar\/info\/wp-json\/wp\/v2\/media?parent=21529"}],"wp:term":[{"taxonomy":"category","embeddable":true,"href":"https:\/\/patagoniambiental.com.ar\/info\/wp-json\/wp\/v2\/categories?post=21529"},{"taxonomy":"post_tag","embeddable":true,"href":"https:\/\/patagoniambiental.com.ar\/info\/wp-json\/wp\/v2\/tags?post=21529"}],"curies":[{"name":"wp","href":"https:\/\/api.w.org\/{rel}","templated":true}]}}