{"id":21572,"date":"2016-10-11T19:00:09","date_gmt":"2016-10-11T22:00:09","guid":{"rendered":"http:\/\/patagoniambiental.com.ar\/?p=21572"},"modified":"2016-10-11T19:00:09","modified_gmt":"2016-10-11T22:00:09","slug":"medio-ambiente-ayala-califico-como-un-gran-avance-el-trabajo-integral-de-limpieza-de-la-ciudad","status":"publish","type":"post","link":"https:\/\/patagoniambiental.com.ar\/info\/medio-ambiente-ayala-califico-como-un-gran-avance-el-trabajo-integral-de-limpieza-de-la-ciudad\/","title":{"rendered":"MEDIO AMBIENTE: Ayala calific\u00f3 como \u201cun gran avance\u201d el trabajo integral de limpieza de la ciudad"},"content":{"rendered":"<p class=\"top-header\">Ushuaia.-El concejal del MPF, Gast\u00f3n Ayala, analiz\u00f3 los trabajos interinstitucionales que se llevan adelante para limpiar la ciudad y calific\u00f3 las acciones como \u201cun gran avance\u201d, especialmente el retiro y compactaci\u00f3n de chatarra que dispuso el municipio.<!--more--><\/p>\n<p>\u201cEl trabajo integral de limpieza que se viene desarrollando exige el compromiso de todos, y quienes ocupamos espacios de mayor responsabilidad debemos continuar generando herramientas de apoyo a esa pol\u00edtica de concientizaci\u00f3n\u201d, razon\u00f3 el mopofista.<\/p>\n<p>Ayala inform\u00f3 que su agenda de trabajo legislativo contiene estudios de posibles normativas que profundicen las tareas de limpieza \u201clas que surgen de los an\u00e1lisis previos pero fundamentalmente de las recorridas que hacemos acompa\u00f1ando a quienes est\u00e1n al frente del retiro de la chatarra\u201d.<\/p>\n<p>El concejal acompa\u00f1\u00f3 las jornadas de limpieza integral que llevan adelante las \u00e1reas municipales para generar conciencia ambiental en la comunidad y mejorar la calidad de vida de todos los vecinos. \u201cEs muy importante la actuaci\u00f3n del Estado municipal para que nuestra ciudad pueda seguir creciendo y apostando a la limpieza, ordenamiento y al desarrollo sustentable en beneficio de todos\u201d, evalu\u00f3.<\/p>\n<p>Entre otras acciones, el mopofista acompa\u00f1\u00f3 las jornadas de limpieza en el turbal cercano al barrio Los Fueguinos, donde se retir\u00f3 gran cantidad de residuos y se coordinaron nuevas intervenciones para despejar la zona del material chatarra. \u201cEs imposible pensar en una mejor ciudad si no empezamos por remediar el estado en que se encuentran los espacios de uso p\u00fablico, con apoyo de los vecinos\u201d; se\u00f1al\u00f3.<\/p>\n<p>Ayala tambi\u00e9n particip\u00f3 de la limpieza en el barrio Felipe Varela, junto al secretario de Medio Ambiente, Dami\u00e1n De Marco, y dialog\u00f3 con los vecinos sobre las principales necesidades del sector.\u00a0 Para el edil, \u201cel contacto directo y la presencia en cada barrio de nuestra ciudad es la mejor forma de contribuir a la construcci\u00f3n de una mejor ciudad, que la hacemos entre todos\u201d.<\/p>\n<p>Fuente: Ushuaia Noticias<\/p>\n","protected":false},"excerpt":{"rendered":"<p>Ushuaia.-El concejal del MPF, Gast\u00f3n Ayala, analiz\u00f3 los trabajos interinstitucionales que se llevan adelante para limpiar la ciudad y calific\u00f3 [&hellip;]<\/p>\n","protected":false},"author":2,"featured_media":0,"comment_status":"closed","ping_status":"closed","sticky":false,"template":"","format":"standard","meta":{"site-sidebar-layout":"default","site-content-layout":"","ast-site-content-layout":"default","site-content-style":"default","site-sidebar-style":"default","ast-global-header-display":"","ast-banner-title-visibility":"","ast-main-header-display":"","ast-hfb-above-header-display":"","ast-hfb-below-header-display":"","ast-hfb-mobile-header-display":"","site-post-title":"","ast-breadcrumbs-content":"","ast-featured-img":"","footer-sml-layout":"","ast-disable-related-posts":"","theme-transparent-header-meta":"","adv-header-id-meta":"","stick-header-meta":"","header-above-stick-meta":"","header-main-stick-meta":"","header-below-stick-meta":"","astra-migrate-meta-layouts":"default","ast-page-background-enabled":"default","ast-page-background-meta":{"desktop":{"background-color":"var(--ast-global-color-5)","background-image":"","background-repeat":"repeat","background-position":"center center","background-size":"auto","background-attachment":"scroll","background-type":"","background-media":"","overlay-type":"","overlay-color":"","overlay-opacity":"","overlay-gradient":""},"tablet":{"background-color":"","background-image":"","background-repeat":"repeat","background-position":"center center","background-size":"auto","background-attachment":"scroll","background-type":"","background-media":"","overlay-type":"","overlay-color":"","overlay-opacity":"","overlay-gradient":""},"mobile":{"background-color":"","background-image":"","background-repeat":"repeat","background-position":"center center","background-size":"auto","background-attachment":"scroll","background-type":"","background-media":"","overlay-type":"","overlay-color":"","overlay-opacity":"","overlay-gradient":""}},"ast-content-background-meta":{"desktop":{"background-color":"var(--ast-global-color-4)","background-image":"","background-repeat":"repeat","background-position":"center center","background-size":"auto","background-attachment":"scroll","background-type":"","background-media":"","overlay-type":"","overlay-color":"","overlay-opacity":"","overlay-gradient":""},"tablet":{"background-color":"var(--ast-global-color-4)","background-image":"","background-repeat":"repeat","background-position":"center center","background-size":"auto","background-attachment":"scroll","background-type":"","background-media":"","overlay-type":"","overlay-color":"","overlay-opacity":"","overlay-gradient":""},"mobile":{"background-color":"var(--ast-global-color-4)","background-image":"","background-repeat":"repeat","background-position":"center center","background-size":"auto","background-attachment":"scroll","background-type":"","background-media":"","overlay-type":"","overlay-color":"","overlay-opacity":"","overlay-gradient":""}},"footnotes":""},"categories":[16,1],"tags":[],"class_list":["post-21572","post","type-post","status-publish","format-standard","hentry","category-municipales","category-noticias"],"yoast_head":"<!-- This site is optimized with the Yoast SEO Premium plugin v23.0 (Yoast SEO v27.5) - https:\/\/yoast.com\/product\/yoast-seo-premium-wordpress\/ -->\n<title>MEDIO AMBIENTE: Ayala calific\u00f3 como \u201cun gran avance\u201d el trabajo integral de limpieza de la ciudad<\/title>\n<meta name=\"robots\" content=\"index, follow, max-snippet:-1, max-image-preview:large, max-video-preview:-1\" \/>\n<link rel=\"canonical\" href=\"https:\/\/patagoniambiental.com.ar\/info\/medio-ambiente-ayala-califico-como-un-gran-avance-el-trabajo-integral-de-limpieza-de-la-ciudad\/\" \/>\n<meta property=\"og:locale\" content=\"es_ES\" \/>\n<meta property=\"og:type\" content=\"article\" \/>\n<meta property=\"og:title\" content=\"MEDIO AMBIENTE: Ayala calific\u00f3 como \u201cun gran avance\u201d el trabajo integral de limpieza de la ciudad\" \/>\n<meta property=\"og:description\" content=\"Ushuaia.-El concejal del MPF, Gast\u00f3n Ayala, analiz\u00f3 los trabajos interinstitucionales que se llevan adelante para limpiar la ciudad y calific\u00f3 [&hellip;]\" \/>\n<meta property=\"og:url\" content=\"https:\/\/patagoniambiental.com.ar\/info\/medio-ambiente-ayala-califico-como-un-gran-avance-el-trabajo-integral-de-limpieza-de-la-ciudad\/\" \/>\n<meta property=\"og:site_name\" content=\"Patagonia Ambiental\" \/>\n<meta property=\"article:publisher\" content=\"https:\/\/www.facebook.com\/patagonia.ambiental\" \/>\n<meta property=\"article:author\" content=\"https:\/\/www.facebook.com\/share\/1C1V8Gv9BX\/?mibextid=qi2Omg\" \/>\n<meta property=\"article:published_time\" content=\"2016-10-11T22:00:09+00:00\" \/>\n<meta name=\"author\" content=\"Patagonia Ambiental\" \/>\n<meta name=\"twitter:card\" content=\"summary_large_image\" \/>\n<meta name=\"twitter:creator\" content=\"@PatAmb\" \/>\n<meta name=\"twitter:site\" content=\"@PatAmb\" \/>\n<script type=\"application\/ld+json\" class=\"yoast-schema-graph\">{\"@context\":\"https:\\\/\\\/schema.org\",\"@graph\":[{\"@type\":\"Article\",\"@id\":\"https:\\\/\\\/patagoniambiental.com.ar\\\/info\\\/medio-ambiente-ayala-califico-como-un-gran-avance-el-trabajo-integral-de-limpieza-de-la-ciudad\\\/#article\",\"isPartOf\":{\"@id\":\"https:\\\/\\\/patagoniambiental.com.ar\\\/info\\\/medio-ambiente-ayala-califico-como-un-gran-avance-el-trabajo-integral-de-limpieza-de-la-ciudad\\\/\"},\"author\":{\"name\":\"Patagonia Ambiental\",\"@id\":\"https:\\\/\\\/patagoniambiental.com.ar\\\/info\\\/#\\\/schema\\\/person\\\/db12bff64bbcbf6a253710bf0ea37b5d\"},\"headline\":\"MEDIO AMBIENTE: Ayala calific\u00f3 como \u201cun gran avance\u201d el trabajo integral de limpieza de la ciudad\",\"datePublished\":\"2016-10-11T22:00:09+00:00\",\"mainEntityOfPage\":{\"@id\":\"https:\\\/\\\/patagoniambiental.com.ar\\\/info\\\/medio-ambiente-ayala-califico-como-un-gran-avance-el-trabajo-integral-de-limpieza-de-la-ciudad\\\/\"},\"wordCount\":340,\"publisher\":{\"@id\":\"https:\\\/\\\/patagoniambiental.com.ar\\\/info\\\/#organization\"},\"articleSection\":[\"Municipales\",\"Noticias\"],\"inLanguage\":\"es\"},{\"@type\":\"WebPage\",\"@id\":\"https:\\\/\\\/patagoniambiental.com.ar\\\/info\\\/medio-ambiente-ayala-califico-como-un-gran-avance-el-trabajo-integral-de-limpieza-de-la-ciudad\\\/\",\"url\":\"https:\\\/\\\/patagoniambiental.com.ar\\\/info\\\/medio-ambiente-ayala-califico-como-un-gran-avance-el-trabajo-integral-de-limpieza-de-la-ciudad\\\/\",\"name\":\"MEDIO AMBIENTE: Ayala calific\u00f3 como \u201cun gran avance\u201d el trabajo integral de limpieza de la ciudad\",\"isPartOf\":{\"@id\":\"https:\\\/\\\/patagoniambiental.com.ar\\\/info\\\/#website\"},\"datePublished\":\"2016-10-11T22:00:09+00:00\",\"breadcrumb\":{\"@id\":\"https:\\\/\\\/patagoniambiental.com.ar\\\/info\\\/medio-ambiente-ayala-califico-como-un-gran-avance-el-trabajo-integral-de-limpieza-de-la-ciudad\\\/#breadcrumb\"},\"inLanguage\":\"es\",\"potentialAction\":[{\"@type\":\"ReadAction\",\"target\":[\"https:\\\/\\\/patagoniambiental.com.ar\\\/info\\\/medio-ambiente-ayala-califico-como-un-gran-avance-el-trabajo-integral-de-limpieza-de-la-ciudad\\\/\"]}]},{\"@type\":\"BreadcrumbList\",\"@id\":\"https:\\\/\\\/patagoniambiental.com.ar\\\/info\\\/medio-ambiente-ayala-califico-como-un-gran-avance-el-trabajo-integral-de-limpieza-de-la-ciudad\\\/#breadcrumb\",\"itemListElement\":[{\"@type\":\"ListItem\",\"position\":1,\"name\":\"Inicio\",\"item\":\"https:\\\/\\\/patagoniambiental.com.ar\\\/info\\\/\"},{\"@type\":\"ListItem\",\"position\":2,\"name\":\"MEDIO AMBIENTE: Ayala calific\u00f3 como \u201cun gran avance\u201d el trabajo integral de limpieza de la ciudad\"}]},{\"@type\":\"WebSite\",\"@id\":\"https:\\\/\\\/patagoniambiental.com.ar\\\/info\\\/#website\",\"url\":\"https:\\\/\\\/patagoniambiental.com.ar\\\/info\\\/\",\"name\":\"Patagonia Ambiental\",\"description\":\"Monitoreo y an\u00e1lisis de la situaci\u00f3n geopol\u00edtica en el mundo y su implicancia en la Patagonia\",\"publisher\":{\"@id\":\"https:\\\/\\\/patagoniambiental.com.ar\\\/info\\\/#organization\"},\"potentialAction\":[{\"@type\":\"SearchAction\",\"target\":{\"@type\":\"EntryPoint\",\"urlTemplate\":\"https:\\\/\\\/patagoniambiental.com.ar\\\/info\\\/?s={search_term_string}\"},\"query-input\":{\"@type\":\"PropertyValueSpecification\",\"valueRequired\":true,\"valueName\":\"search_term_string\"}}],\"inLanguage\":\"es\"},{\"@type\":\"Organization\",\"@id\":\"https:\\\/\\\/patagoniambiental.com.ar\\\/info\\\/#organization\",\"name\":\"Patagonia Ambiental\",\"url\":\"https:\\\/\\\/patagoniambiental.com.ar\\\/info\\\/\",\"logo\":{\"@type\":\"ImageObject\",\"inLanguage\":\"es\",\"@id\":\"https:\\\/\\\/patagoniambiental.com.ar\\\/info\\\/#\\\/schema\\\/logo\\\/image\\\/\",\"url\":\"https:\\\/\\\/patagoniambiental.com.ar\\\/info\\\/wp-content\\\/uploads\\\/2025\\\/05\\\/LOGO-PATAGONIA-AMBIENTAL.png\",\"contentUrl\":\"https:\\\/\\\/patagoniambiental.com.ar\\\/info\\\/wp-content\\\/uploads\\\/2025\\\/05\\\/LOGO-PATAGONIA-AMBIENTAL.png\",\"width\":433,\"height\":250,\"caption\":\"Patagonia Ambiental\"},\"image\":{\"@id\":\"https:\\\/\\\/patagoniambiental.com.ar\\\/info\\\/#\\\/schema\\\/logo\\\/image\\\/\"},\"sameAs\":[\"https:\\\/\\\/www.facebook.com\\\/patagonia.ambiental\",\"https:\\\/\\\/x.com\\\/PatAmb\"]},{\"@type\":\"Person\",\"@id\":\"https:\\\/\\\/patagoniambiental.com.ar\\\/info\\\/#\\\/schema\\\/person\\\/db12bff64bbcbf6a253710bf0ea37b5d\",\"name\":\"Patagonia Ambiental\",\"description\":\"Andr\u00e9s Nievas T\u00e9cnico en manejo ambiental, consultor Ambiental y escritor para medios locales e internacionales sobre temas de geopolitica y medio ambiente.\",\"sameAs\":[\"http:\\\/\\\/www.patagoniambiental.com.ar\",\"https:\\\/\\\/www.facebook.com\\\/share\\\/1C1V8Gv9BX\\\/?mibextid=qi2Omg\",\"@patagoniambiental\",\"https:\\\/\\\/youtube.com\\\/@patagoniaambiental2023?si=BLt58t0wuXquxlYZ\"]}]}<\/script>\n<!-- \/ Yoast SEO Premium plugin. -->","yoast_head_json":{"title":"MEDIO AMBIENTE: Ayala calific\u00f3 como \u201cun gran avance\u201d el trabajo integral de limpieza de la ciudad","robots":{"index":"index","follow":"follow","max-snippet":"max-snippet:-1","max-image-preview":"max-image-preview:large","max-video-preview":"max-video-preview:-1"},"canonical":"https:\/\/patagoniambiental.com.ar\/info\/medio-ambiente-ayala-califico-como-un-gran-avance-el-trabajo-integral-de-limpieza-de-la-ciudad\/","og_locale":"es_ES","og_type":"article","og_title":"MEDIO AMBIENTE: Ayala calific\u00f3 como \u201cun gran avance\u201d el trabajo integral de limpieza de la ciudad","og_description":"Ushuaia.-El concejal del MPF, Gast\u00f3n Ayala, analiz\u00f3 los trabajos interinstitucionales que se llevan adelante para limpiar la ciudad y calific\u00f3 [&hellip;]","og_url":"https:\/\/patagoniambiental.com.ar\/info\/medio-ambiente-ayala-califico-como-un-gran-avance-el-trabajo-integral-de-limpieza-de-la-ciudad\/","og_site_name":"Patagonia Ambiental","article_publisher":"https:\/\/www.facebook.com\/patagonia.ambiental","article_author":"https:\/\/www.facebook.com\/share\/1C1V8Gv9BX\/?mibextid=qi2Omg","article_published_time":"2016-10-11T22:00:09+00:00","author":"Patagonia Ambiental","twitter_card":"summary_large_image","twitter_creator":"@PatAmb","twitter_site":"@PatAmb","schema":{"@context":"https:\/\/schema.org","@graph":[{"@type":"Article","@id":"https:\/\/patagoniambiental.com.ar\/info\/medio-ambiente-ayala-califico-como-un-gran-avance-el-trabajo-integral-de-limpieza-de-la-ciudad\/#article","isPartOf":{"@id":"https:\/\/patagoniambiental.com.ar\/info\/medio-ambiente-ayala-califico-como-un-gran-avance-el-trabajo-integral-de-limpieza-de-la-ciudad\/"},"author":{"name":"Patagonia Ambiental","@id":"https:\/\/patagoniambiental.com.ar\/info\/#\/schema\/person\/db12bff64bbcbf6a253710bf0ea37b5d"},"headline":"MEDIO AMBIENTE: Ayala calific\u00f3 como \u201cun gran avance\u201d el trabajo integral de limpieza de la ciudad","datePublished":"2016-10-11T22:00:09+00:00","mainEntityOfPage":{"@id":"https:\/\/patagoniambiental.com.ar\/info\/medio-ambiente-ayala-califico-como-un-gran-avance-el-trabajo-integral-de-limpieza-de-la-ciudad\/"},"wordCount":340,"publisher":{"@id":"https:\/\/patagoniambiental.com.ar\/info\/#organization"},"articleSection":["Municipales","Noticias"],"inLanguage":"es"},{"@type":"WebPage","@id":"https:\/\/patagoniambiental.com.ar\/info\/medio-ambiente-ayala-califico-como-un-gran-avance-el-trabajo-integral-de-limpieza-de-la-ciudad\/","url":"https:\/\/patagoniambiental.com.ar\/info\/medio-ambiente-ayala-califico-como-un-gran-avance-el-trabajo-integral-de-limpieza-de-la-ciudad\/","name":"MEDIO AMBIENTE: Ayala calific\u00f3 como \u201cun gran avance\u201d el trabajo integral de limpieza de la ciudad","isPartOf":{"@id":"https:\/\/patagoniambiental.com.ar\/info\/#website"},"datePublished":"2016-10-11T22:00:09+00:00","breadcrumb":{"@id":"https:\/\/patagoniambiental.com.ar\/info\/medio-ambiente-ayala-califico-como-un-gran-avance-el-trabajo-integral-de-limpieza-de-la-ciudad\/#breadcrumb"},"inLanguage":"es","potentialAction":[{"@type":"ReadAction","target":["https:\/\/patagoniambiental.com.ar\/info\/medio-ambiente-ayala-califico-como-un-gran-avance-el-trabajo-integral-de-limpieza-de-la-ciudad\/"]}]},{"@type":"BreadcrumbList","@id":"https:\/\/patagoniambiental.com.ar\/info\/medio-ambiente-ayala-califico-como-un-gran-avance-el-trabajo-integral-de-limpieza-de-la-ciudad\/#breadcrumb","itemListElement":[{"@type":"ListItem","position":1,"name":"Inicio","item":"https:\/\/patagoniambiental.com.ar\/info\/"},{"@type":"ListItem","position":2,"name":"MEDIO AMBIENTE: Ayala calific\u00f3 como \u201cun gran avance\u201d el trabajo integral de limpieza de la ciudad"}]},{"@type":"WebSite","@id":"https:\/\/patagoniambiental.com.ar\/info\/#website","url":"https:\/\/patagoniambiental.com.ar\/info\/","name":"Patagonia Ambiental","description":"Monitoreo y an\u00e1lisis de la situaci\u00f3n geopol\u00edtica en el mundo y su implicancia en la Patagonia","publisher":{"@id":"https:\/\/patagoniambiental.com.ar\/info\/#organization"},"potentialAction":[{"@type":"SearchAction","target":{"@type":"EntryPoint","urlTemplate":"https:\/\/patagoniambiental.com.ar\/info\/?s={search_term_string}"},"query-input":{"@type":"PropertyValueSpecification","valueRequired":true,"valueName":"search_term_string"}}],"inLanguage":"es"},{"@type":"Organization","@id":"https:\/\/patagoniambiental.com.ar\/info\/#organization","name":"Patagonia Ambiental","url":"https:\/\/patagoniambiental.com.ar\/info\/","logo":{"@type":"ImageObject","inLanguage":"es","@id":"https:\/\/patagoniambiental.com.ar\/info\/#\/schema\/logo\/image\/","url":"https:\/\/patagoniambiental.com.ar\/info\/wp-content\/uploads\/2025\/05\/LOGO-PATAGONIA-AMBIENTAL.png","contentUrl":"https:\/\/patagoniambiental.com.ar\/info\/wp-content\/uploads\/2025\/05\/LOGO-PATAGONIA-AMBIENTAL.png","width":433,"height":250,"caption":"Patagonia Ambiental"},"image":{"@id":"https:\/\/patagoniambiental.com.ar\/info\/#\/schema\/logo\/image\/"},"sameAs":["https:\/\/www.facebook.com\/patagonia.ambiental","https:\/\/x.com\/PatAmb"]},{"@type":"Person","@id":"https:\/\/patagoniambiental.com.ar\/info\/#\/schema\/person\/db12bff64bbcbf6a253710bf0ea37b5d","name":"Patagonia Ambiental","description":"Andr\u00e9s Nievas T\u00e9cnico en manejo ambiental, consultor Ambiental y escritor para medios locales e internacionales sobre temas de geopolitica y medio ambiente.","sameAs":["http:\/\/www.patagoniambiental.com.ar","https:\/\/www.facebook.com\/share\/1C1V8Gv9BX\/?mibextid=qi2Omg","@patagoniambiental","https:\/\/youtube.com\/@patagoniaambiental2023?si=BLt58t0wuXquxlYZ"]}]}},"_links":{"self":[{"href":"https:\/\/patagoniambiental.com.ar\/info\/wp-json\/wp\/v2\/posts\/21572","targetHints":{"allow":["GET"]}}],"collection":[{"href":"https:\/\/patagoniambiental.com.ar\/info\/wp-json\/wp\/v2\/posts"}],"about":[{"href":"https:\/\/patagoniambiental.com.ar\/info\/wp-json\/wp\/v2\/types\/post"}],"author":[{"embeddable":true,"href":"https:\/\/patagoniambiental.com.ar\/info\/wp-json\/wp\/v2\/users\/2"}],"replies":[{"embeddable":true,"href":"https:\/\/patagoniambiental.com.ar\/info\/wp-json\/wp\/v2\/comments?post=21572"}],"version-history":[{"count":0,"href":"https:\/\/patagoniambiental.com.ar\/info\/wp-json\/wp\/v2\/posts\/21572\/revisions"}],"wp:attachment":[{"href":"https:\/\/patagoniambiental.com.ar\/info\/wp-json\/wp\/v2\/media?parent=21572"}],"wp:term":[{"taxonomy":"category","embeddable":true,"href":"https:\/\/patagoniambiental.com.ar\/info\/wp-json\/wp\/v2\/categories?post=21572"},{"taxonomy":"post_tag","embeddable":true,"href":"https:\/\/patagoniambiental.com.ar\/info\/wp-json\/wp\/v2\/tags?post=21572"}],"curies":[{"name":"wp","href":"https:\/\/api.w.org\/{rel}","templated":true}]}}