{"id":21610,"date":"2016-10-12T19:00:10","date_gmt":"2016-10-12T22:00:10","guid":{"rendered":"http:\/\/patagoniambiental.com.ar\/?p=21610"},"modified":"2016-10-12T19:00:10","modified_gmt":"2016-10-12T22:00:10","slug":"avanzan-las-acciones-de-presentacion-judicial-contra-loteos-irregulares-ubicados-en-la-costa","status":"publish","type":"post","link":"https:\/\/patagoniambiental.com.ar\/info\/avanzan-las-acciones-de-presentacion-judicial-contra-loteos-irregulares-ubicados-en-la-costa\/","title":{"rendered":"Avanzan las acciones de presentaci\u00f3n\u00a0judicial contra loteos irregulares ubicados en\u00a0la costa"},"content":{"rendered":"<p class=\"x_x_MsoNormal\" style=\"text-align: justify;\" align=\"center\">La Loberia.-En una nueva reuni\u00f3n encabezada por la Secretaria de Turismo y Desarrollo Econ\u00f3mico, Laura Ramos y el Fiscal Municipal, Dr. Luis Sabatella, se definieron las acciones a seguir para concretar las presentaciones judiciales contra los loteos irregulares de Lober\u00eda.<\/p>\n<p class=\"x_x_MsoNormal\">\u00a0<!--more--><\/p>\n<p class=\"x_x_MsoNormal\">Durante la reuni\u00f3n, estuvieron presentes los asesores legales del Ministerio de Turismo, Dr. Pablo Benito y de la Secretar\u00eda de Ambiente, Dra. Julieta Montanari, y los t\u00e9cnicos Mariela Messina y\u00a0 Lucas Albornoz, de estos organismos provinciales.<\/p>\n<p class=\"x_x_MsoNormal\">\n<p class=\"x_x_MsoNormal\">En el marco de esta jornada de trabajo, se estableci\u00f3 la necesidad de avanzar en dos acciones paralelas; una relativa al loteo irregular ubicado detr\u00e1s de la planta urbana del asentamiento costero y otra, emplazado hacia el norte de la bajada del balneario, sobre la franja que forman la ruta y el mar. En este \u00faltimo caso, la totalidad del loteo no autorizado se encontrar\u00eda situado sobre el \u00c1rea Natural Protegida Punta Bermeja.<\/p>\n<p class=\"x_x_MsoNormal\">\n<p class=\"x_x_MsoNormal\">A esta situaci\u00f3n se la remarco como\u00a0 parte de \u201cun desarrollo no autorizado, enteramente emplazado sobre acantilados que tienen el natural desgaste provocado por la erosi\u00f3n del mar y los vientos patag\u00f3nicos\u201d.<\/p>\n<p class=\"x_x_MsoNormal\">\n<p class=\"x_x_MsoNormal\">En el marco de las acciones definidas, la Secretar\u00eda de Turismo y Desarrollo Econ\u00f3mico se encuentra reuniendo los antecedentes y dem\u00e1s documentaci\u00f3n obrante en los organismos provinciales y el propio Municipio, que resulte de inter\u00e9s para respaldar las acciones judiciales sobre las que ya se avanza desde la Fiscal\u00eda Municipal<\/p>\n<p class=\"x_x_MsoNormal\">\n<p class=\"x_x_MsoNormal\">Laura Ramos dijo al respecto que \u201cEstamos convencidos de que podemos coincidir en el desarrollo que queremos para nuestros territorios costeros, pero necesitamos ser cautos, pacientes. Necesitamos desarrollar el Plan de Manejo que nos marque el norte. Vamos a hacerlo de forma participativa porque queremos que sea el plan de todos, queremos que nos trascienda, que perdure en el tiempo. Debemos primero llenar los vac\u00edos normativos\u00a0y tambi\u00e9n\u00a0aquellos otros dejados\u00a0muchas veces\u00a0por la falta de presencia tangible del Estado\u00a0sobre\u00a0estos territorios\u201d.<\/p>\n<p class=\"x_x_MsoNormal\">Fuente: Municipalidad de Viedma<\/p>\n","protected":false},"excerpt":{"rendered":"<p>La Loberia.-En una nueva reuni\u00f3n encabezada por la Secretaria de Turismo y Desarrollo Econ\u00f3mico, Laura Ramos y el Fiscal Municipal, [&hellip;]<\/p>\n","protected":false},"author":2,"featured_media":0,"comment_status":"closed","ping_status":"closed","sticky":false,"template":"","format":"standard","meta":{"site-sidebar-layout":"default","site-content-layout":"","ast-site-content-layout":"default","site-content-style":"default","site-sidebar-style":"default","ast-global-header-display":"","ast-banner-title-visibility":"","ast-main-header-display":"","ast-hfb-above-header-display":"","ast-hfb-below-header-display":"","ast-hfb-mobile-header-display":"","site-post-title":"","ast-breadcrumbs-content":"","ast-featured-img":"","footer-sml-layout":"","ast-disable-related-posts":"","theme-transparent-header-meta":"","adv-header-id-meta":"","stick-header-meta":"","header-above-stick-meta":"","header-main-stick-meta":"","header-below-stick-meta":"","astra-migrate-meta-layouts":"default","ast-page-background-enabled":"default","ast-page-background-meta":{"desktop":{"background-color":"var(--ast-global-color-5)","background-image":"","background-repeat":"repeat","background-position":"center center","background-size":"auto","background-attachment":"scroll","background-type":"","background-media":"","overlay-type":"","overlay-color":"","overlay-opacity":"","overlay-gradient":""},"tablet":{"background-color":"","background-image":"","background-repeat":"repeat","background-position":"center center","background-size":"auto","background-attachment":"scroll","background-type":"","background-media":"","overlay-type":"","overlay-color":"","overlay-opacity":"","overlay-gradient":""},"mobile":{"background-color":"","background-image":"","background-repeat":"repeat","background-position":"center center","background-size":"auto","background-attachment":"scroll","background-type":"","background-media":"","overlay-type":"","overlay-color":"","overlay-opacity":"","overlay-gradient":""}},"ast-content-background-meta":{"desktop":{"background-color":"var(--ast-global-color-4)","background-image":"","background-repeat":"repeat","background-position":"center center","background-size":"auto","background-attachment":"scroll","background-type":"","background-media":"","overlay-type":"","overlay-color":"","overlay-opacity":"","overlay-gradient":""},"tablet":{"background-color":"var(--ast-global-color-4)","background-image":"","background-repeat":"repeat","background-position":"center center","background-size":"auto","background-attachment":"scroll","background-type":"","background-media":"","overlay-type":"","overlay-color":"","overlay-opacity":"","overlay-gradient":""},"mobile":{"background-color":"var(--ast-global-color-4)","background-image":"","background-repeat":"repeat","background-position":"center center","background-size":"auto","background-attachment":"scroll","background-type":"","background-media":"","overlay-type":"","overlay-color":"","overlay-opacity":"","overlay-gradient":""}},"footnotes":""},"categories":[16,1],"tags":[],"class_list":["post-21610","post","type-post","status-publish","format-standard","hentry","category-municipales","category-noticias"],"yoast_head":"<!-- This site is optimized with the Yoast SEO Premium plugin v23.0 (Yoast SEO v27.4) - https:\/\/yoast.com\/product\/yoast-seo-premium-wordpress\/ -->\n<title>Avanzan las acciones de presentaci\u00f3n\u00a0judicial contra loteos irregulares ubicados en\u00a0la costa<\/title>\n<meta name=\"robots\" content=\"index, follow, max-snippet:-1, max-image-preview:large, max-video-preview:-1\" \/>\n<link rel=\"canonical\" href=\"https:\/\/patagoniambiental.com.ar\/info\/avanzan-las-acciones-de-presentacion-judicial-contra-loteos-irregulares-ubicados-en-la-costa\/\" \/>\n<meta property=\"og:locale\" content=\"es_ES\" \/>\n<meta property=\"og:type\" content=\"article\" \/>\n<meta property=\"og:title\" content=\"Avanzan las acciones de presentaci\u00f3n\u00a0judicial contra loteos irregulares ubicados en\u00a0la costa\" \/>\n<meta property=\"og:description\" content=\"La Loberia.-En una nueva reuni\u00f3n encabezada por la Secretaria de Turismo y Desarrollo Econ\u00f3mico, Laura Ramos y el Fiscal Municipal, [&hellip;]\" \/>\n<meta property=\"og:url\" content=\"https:\/\/patagoniambiental.com.ar\/info\/avanzan-las-acciones-de-presentacion-judicial-contra-loteos-irregulares-ubicados-en-la-costa\/\" \/>\n<meta property=\"og:site_name\" content=\"Patagonia Ambiental\" \/>\n<meta property=\"article:publisher\" content=\"https:\/\/www.facebook.com\/patagonia.ambiental\" \/>\n<meta property=\"article:author\" content=\"https:\/\/www.facebook.com\/share\/1C1V8Gv9BX\/?mibextid=qi2Omg\" \/>\n<meta property=\"article:published_time\" content=\"2016-10-12T22:00:10+00:00\" \/>\n<meta name=\"author\" content=\"Patagonia Ambiental\" \/>\n<meta name=\"twitter:card\" content=\"summary_large_image\" \/>\n<meta name=\"twitter:creator\" content=\"@PatAmb\" \/>\n<meta name=\"twitter:site\" content=\"@PatAmb\" \/>\n<script type=\"application\/ld+json\" class=\"yoast-schema-graph\">{\"@context\":\"https:\\\/\\\/schema.org\",\"@graph\":[{\"@type\":\"Article\",\"@id\":\"https:\\\/\\\/patagoniambiental.com.ar\\\/info\\\/avanzan-las-acciones-de-presentacion-judicial-contra-loteos-irregulares-ubicados-en-la-costa\\\/#article\",\"isPartOf\":{\"@id\":\"https:\\\/\\\/patagoniambiental.com.ar\\\/info\\\/avanzan-las-acciones-de-presentacion-judicial-contra-loteos-irregulares-ubicados-en-la-costa\\\/\"},\"author\":{\"name\":\"Patagonia Ambiental\",\"@id\":\"https:\\\/\\\/patagoniambiental.com.ar\\\/info\\\/#\\\/schema\\\/person\\\/db12bff64bbcbf6a253710bf0ea37b5d\"},\"headline\":\"Avanzan las acciones de presentaci\u00f3n\u00a0judicial contra loteos irregulares ubicados en\u00a0la costa\",\"datePublished\":\"2016-10-12T22:00:10+00:00\",\"mainEntityOfPage\":{\"@id\":\"https:\\\/\\\/patagoniambiental.com.ar\\\/info\\\/avanzan-las-acciones-de-presentacion-judicial-contra-loteos-irregulares-ubicados-en-la-costa\\\/\"},\"wordCount\":353,\"publisher\":{\"@id\":\"https:\\\/\\\/patagoniambiental.com.ar\\\/info\\\/#organization\"},\"articleSection\":[\"Municipales\",\"Noticias\"],\"inLanguage\":\"es\"},{\"@type\":\"WebPage\",\"@id\":\"https:\\\/\\\/patagoniambiental.com.ar\\\/info\\\/avanzan-las-acciones-de-presentacion-judicial-contra-loteos-irregulares-ubicados-en-la-costa\\\/\",\"url\":\"https:\\\/\\\/patagoniambiental.com.ar\\\/info\\\/avanzan-las-acciones-de-presentacion-judicial-contra-loteos-irregulares-ubicados-en-la-costa\\\/\",\"name\":\"Avanzan las acciones de presentaci\u00f3n\u00a0judicial contra loteos irregulares ubicados en\u00a0la costa\",\"isPartOf\":{\"@id\":\"https:\\\/\\\/patagoniambiental.com.ar\\\/info\\\/#website\"},\"datePublished\":\"2016-10-12T22:00:10+00:00\",\"breadcrumb\":{\"@id\":\"https:\\\/\\\/patagoniambiental.com.ar\\\/info\\\/avanzan-las-acciones-de-presentacion-judicial-contra-loteos-irregulares-ubicados-en-la-costa\\\/#breadcrumb\"},\"inLanguage\":\"es\",\"potentialAction\":[{\"@type\":\"ReadAction\",\"target\":[\"https:\\\/\\\/patagoniambiental.com.ar\\\/info\\\/avanzan-las-acciones-de-presentacion-judicial-contra-loteos-irregulares-ubicados-en-la-costa\\\/\"]}]},{\"@type\":\"BreadcrumbList\",\"@id\":\"https:\\\/\\\/patagoniambiental.com.ar\\\/info\\\/avanzan-las-acciones-de-presentacion-judicial-contra-loteos-irregulares-ubicados-en-la-costa\\\/#breadcrumb\",\"itemListElement\":[{\"@type\":\"ListItem\",\"position\":1,\"name\":\"Inicio\",\"item\":\"https:\\\/\\\/patagoniambiental.com.ar\\\/info\\\/\"},{\"@type\":\"ListItem\",\"position\":2,\"name\":\"Avanzan las acciones de presentaci\u00f3n\u00a0judicial contra loteos irregulares ubicados en\u00a0la costa\"}]},{\"@type\":\"WebSite\",\"@id\":\"https:\\\/\\\/patagoniambiental.com.ar\\\/info\\\/#website\",\"url\":\"https:\\\/\\\/patagoniambiental.com.ar\\\/info\\\/\",\"name\":\"Patagonia Ambiental\",\"description\":\"Monitoreo y an\u00e1lisis de la situaci\u00f3n geopol\u00edtica en el mundo y su implicancia en la Patagonia\",\"publisher\":{\"@id\":\"https:\\\/\\\/patagoniambiental.com.ar\\\/info\\\/#organization\"},\"potentialAction\":[{\"@type\":\"SearchAction\",\"target\":{\"@type\":\"EntryPoint\",\"urlTemplate\":\"https:\\\/\\\/patagoniambiental.com.ar\\\/info\\\/?s={search_term_string}\"},\"query-input\":{\"@type\":\"PropertyValueSpecification\",\"valueRequired\":true,\"valueName\":\"search_term_string\"}}],\"inLanguage\":\"es\"},{\"@type\":\"Organization\",\"@id\":\"https:\\\/\\\/patagoniambiental.com.ar\\\/info\\\/#organization\",\"name\":\"Patagonia Ambiental\",\"url\":\"https:\\\/\\\/patagoniambiental.com.ar\\\/info\\\/\",\"logo\":{\"@type\":\"ImageObject\",\"inLanguage\":\"es\",\"@id\":\"https:\\\/\\\/patagoniambiental.com.ar\\\/info\\\/#\\\/schema\\\/logo\\\/image\\\/\",\"url\":\"https:\\\/\\\/patagoniambiental.com.ar\\\/info\\\/wp-content\\\/uploads\\\/2025\\\/05\\\/LOGO-PATAGONIA-AMBIENTAL.png\",\"contentUrl\":\"https:\\\/\\\/patagoniambiental.com.ar\\\/info\\\/wp-content\\\/uploads\\\/2025\\\/05\\\/LOGO-PATAGONIA-AMBIENTAL.png\",\"width\":433,\"height\":250,\"caption\":\"Patagonia Ambiental\"},\"image\":{\"@id\":\"https:\\\/\\\/patagoniambiental.com.ar\\\/info\\\/#\\\/schema\\\/logo\\\/image\\\/\"},\"sameAs\":[\"https:\\\/\\\/www.facebook.com\\\/patagonia.ambiental\",\"https:\\\/\\\/x.com\\\/PatAmb\"]},{\"@type\":\"Person\",\"@id\":\"https:\\\/\\\/patagoniambiental.com.ar\\\/info\\\/#\\\/schema\\\/person\\\/db12bff64bbcbf6a253710bf0ea37b5d\",\"name\":\"Patagonia Ambiental\",\"description\":\"Andr\u00e9s Nievas T\u00e9cnico en manejo ambiental, consultor Ambiental y escritor para medios locales e internacionales sobre temas de geopolitica y medio ambiente.\",\"sameAs\":[\"http:\\\/\\\/www.patagoniambiental.com.ar\",\"https:\\\/\\\/www.facebook.com\\\/share\\\/1C1V8Gv9BX\\\/?mibextid=qi2Omg\",\"@patagoniambiental\",\"https:\\\/\\\/youtube.com\\\/@patagoniaambiental2023?si=BLt58t0wuXquxlYZ\"]}]}<\/script>\n<!-- \/ Yoast SEO Premium plugin. -->","yoast_head_json":{"title":"Avanzan las acciones de presentaci\u00f3n\u00a0judicial contra loteos irregulares ubicados en\u00a0la costa","robots":{"index":"index","follow":"follow","max-snippet":"max-snippet:-1","max-image-preview":"max-image-preview:large","max-video-preview":"max-video-preview:-1"},"canonical":"https:\/\/patagoniambiental.com.ar\/info\/avanzan-las-acciones-de-presentacion-judicial-contra-loteos-irregulares-ubicados-en-la-costa\/","og_locale":"es_ES","og_type":"article","og_title":"Avanzan las acciones de presentaci\u00f3n\u00a0judicial contra loteos irregulares ubicados en\u00a0la costa","og_description":"La Loberia.-En una nueva reuni\u00f3n encabezada por la Secretaria de Turismo y Desarrollo Econ\u00f3mico, Laura Ramos y el Fiscal Municipal, [&hellip;]","og_url":"https:\/\/patagoniambiental.com.ar\/info\/avanzan-las-acciones-de-presentacion-judicial-contra-loteos-irregulares-ubicados-en-la-costa\/","og_site_name":"Patagonia Ambiental","article_publisher":"https:\/\/www.facebook.com\/patagonia.ambiental","article_author":"https:\/\/www.facebook.com\/share\/1C1V8Gv9BX\/?mibextid=qi2Omg","article_published_time":"2016-10-12T22:00:10+00:00","author":"Patagonia Ambiental","twitter_card":"summary_large_image","twitter_creator":"@PatAmb","twitter_site":"@PatAmb","schema":{"@context":"https:\/\/schema.org","@graph":[{"@type":"Article","@id":"https:\/\/patagoniambiental.com.ar\/info\/avanzan-las-acciones-de-presentacion-judicial-contra-loteos-irregulares-ubicados-en-la-costa\/#article","isPartOf":{"@id":"https:\/\/patagoniambiental.com.ar\/info\/avanzan-las-acciones-de-presentacion-judicial-contra-loteos-irregulares-ubicados-en-la-costa\/"},"author":{"name":"Patagonia Ambiental","@id":"https:\/\/patagoniambiental.com.ar\/info\/#\/schema\/person\/db12bff64bbcbf6a253710bf0ea37b5d"},"headline":"Avanzan las acciones de presentaci\u00f3n\u00a0judicial contra loteos irregulares ubicados en\u00a0la costa","datePublished":"2016-10-12T22:00:10+00:00","mainEntityOfPage":{"@id":"https:\/\/patagoniambiental.com.ar\/info\/avanzan-las-acciones-de-presentacion-judicial-contra-loteos-irregulares-ubicados-en-la-costa\/"},"wordCount":353,"publisher":{"@id":"https:\/\/patagoniambiental.com.ar\/info\/#organization"},"articleSection":["Municipales","Noticias"],"inLanguage":"es"},{"@type":"WebPage","@id":"https:\/\/patagoniambiental.com.ar\/info\/avanzan-las-acciones-de-presentacion-judicial-contra-loteos-irregulares-ubicados-en-la-costa\/","url":"https:\/\/patagoniambiental.com.ar\/info\/avanzan-las-acciones-de-presentacion-judicial-contra-loteos-irregulares-ubicados-en-la-costa\/","name":"Avanzan las acciones de presentaci\u00f3n\u00a0judicial contra loteos irregulares ubicados en\u00a0la costa","isPartOf":{"@id":"https:\/\/patagoniambiental.com.ar\/info\/#website"},"datePublished":"2016-10-12T22:00:10+00:00","breadcrumb":{"@id":"https:\/\/patagoniambiental.com.ar\/info\/avanzan-las-acciones-de-presentacion-judicial-contra-loteos-irregulares-ubicados-en-la-costa\/#breadcrumb"},"inLanguage":"es","potentialAction":[{"@type":"ReadAction","target":["https:\/\/patagoniambiental.com.ar\/info\/avanzan-las-acciones-de-presentacion-judicial-contra-loteos-irregulares-ubicados-en-la-costa\/"]}]},{"@type":"BreadcrumbList","@id":"https:\/\/patagoniambiental.com.ar\/info\/avanzan-las-acciones-de-presentacion-judicial-contra-loteos-irregulares-ubicados-en-la-costa\/#breadcrumb","itemListElement":[{"@type":"ListItem","position":1,"name":"Inicio","item":"https:\/\/patagoniambiental.com.ar\/info\/"},{"@type":"ListItem","position":2,"name":"Avanzan las acciones de presentaci\u00f3n\u00a0judicial contra loteos irregulares ubicados en\u00a0la costa"}]},{"@type":"WebSite","@id":"https:\/\/patagoniambiental.com.ar\/info\/#website","url":"https:\/\/patagoniambiental.com.ar\/info\/","name":"Patagonia Ambiental","description":"Monitoreo y an\u00e1lisis de la situaci\u00f3n geopol\u00edtica en el mundo y su implicancia en la Patagonia","publisher":{"@id":"https:\/\/patagoniambiental.com.ar\/info\/#organization"},"potentialAction":[{"@type":"SearchAction","target":{"@type":"EntryPoint","urlTemplate":"https:\/\/patagoniambiental.com.ar\/info\/?s={search_term_string}"},"query-input":{"@type":"PropertyValueSpecification","valueRequired":true,"valueName":"search_term_string"}}],"inLanguage":"es"},{"@type":"Organization","@id":"https:\/\/patagoniambiental.com.ar\/info\/#organization","name":"Patagonia Ambiental","url":"https:\/\/patagoniambiental.com.ar\/info\/","logo":{"@type":"ImageObject","inLanguage":"es","@id":"https:\/\/patagoniambiental.com.ar\/info\/#\/schema\/logo\/image\/","url":"https:\/\/patagoniambiental.com.ar\/info\/wp-content\/uploads\/2025\/05\/LOGO-PATAGONIA-AMBIENTAL.png","contentUrl":"https:\/\/patagoniambiental.com.ar\/info\/wp-content\/uploads\/2025\/05\/LOGO-PATAGONIA-AMBIENTAL.png","width":433,"height":250,"caption":"Patagonia Ambiental"},"image":{"@id":"https:\/\/patagoniambiental.com.ar\/info\/#\/schema\/logo\/image\/"},"sameAs":["https:\/\/www.facebook.com\/patagonia.ambiental","https:\/\/x.com\/PatAmb"]},{"@type":"Person","@id":"https:\/\/patagoniambiental.com.ar\/info\/#\/schema\/person\/db12bff64bbcbf6a253710bf0ea37b5d","name":"Patagonia Ambiental","description":"Andr\u00e9s Nievas T\u00e9cnico en manejo ambiental, consultor Ambiental y escritor para medios locales e internacionales sobre temas de geopolitica y medio ambiente.","sameAs":["http:\/\/www.patagoniambiental.com.ar","https:\/\/www.facebook.com\/share\/1C1V8Gv9BX\/?mibextid=qi2Omg","@patagoniambiental","https:\/\/youtube.com\/@patagoniaambiental2023?si=BLt58t0wuXquxlYZ"]}]}},"_links":{"self":[{"href":"https:\/\/patagoniambiental.com.ar\/info\/wp-json\/wp\/v2\/posts\/21610","targetHints":{"allow":["GET"]}}],"collection":[{"href":"https:\/\/patagoniambiental.com.ar\/info\/wp-json\/wp\/v2\/posts"}],"about":[{"href":"https:\/\/patagoniambiental.com.ar\/info\/wp-json\/wp\/v2\/types\/post"}],"author":[{"embeddable":true,"href":"https:\/\/patagoniambiental.com.ar\/info\/wp-json\/wp\/v2\/users\/2"}],"replies":[{"embeddable":true,"href":"https:\/\/patagoniambiental.com.ar\/info\/wp-json\/wp\/v2\/comments?post=21610"}],"version-history":[{"count":0,"href":"https:\/\/patagoniambiental.com.ar\/info\/wp-json\/wp\/v2\/posts\/21610\/revisions"}],"wp:attachment":[{"href":"https:\/\/patagoniambiental.com.ar\/info\/wp-json\/wp\/v2\/media?parent=21610"}],"wp:term":[{"taxonomy":"category","embeddable":true,"href":"https:\/\/patagoniambiental.com.ar\/info\/wp-json\/wp\/v2\/categories?post=21610"},{"taxonomy":"post_tag","embeddable":true,"href":"https:\/\/patagoniambiental.com.ar\/info\/wp-json\/wp\/v2\/tags?post=21610"}],"curies":[{"name":"wp","href":"https:\/\/api.w.org\/{rel}","templated":true}]}}