{"id":21647,"date":"2016-10-13T19:00:57","date_gmt":"2016-10-13T22:00:57","guid":{"rendered":"http:\/\/patagoniambiental.com.ar\/?p=21647"},"modified":"2016-10-13T19:00:57","modified_gmt":"2016-10-13T22:00:57","slug":"removieron-el-punto-limpio-de-lewis-jones-al-2500-en-madryn","status":"publish","type":"post","link":"https:\/\/patagoniambiental.com.ar\/info\/removieron-el-punto-limpio-de-lewis-jones-al-2500-en-madryn\/","title":{"rendered":"Removieron el punto limpio de Lewis Jones al 2500 en Madryn"},"content":{"rendered":"<p>Puerto Madryn.-La Secretar\u00eda de Ecolog\u00eda y Protecci\u00f3n Ambiental de la Municipalidad de\u00a0Puerto Madryn comunic\u00f3 que se efectu\u00f3 el cierre del Punto Limpio ubicado en\u00a0Lewis Jones y Ushuaia tras registrarse el martes a la noche \u00a0un nuevo incendio tal como\u00a0sucede de manera peri\u00f3dica en ese sitio. Cabe aclarar que permanece\u00a0habilitado el que est\u00e1 ubicado en el ingreso al Parque Agroforestal, donde\u00a0pueden depositarse s\u00f3lo residuos voluminosos como chatarra, escombros y\u00a0restos de poda. Al respecto, se solicita tener precauci\u00f3n y hacerlo dentro\u00a0de los contenedores.<\/p>\n<p>Las autoridades de la Secretar\u00eda de Ecolog\u00eda y Protecci\u00f3n Ambiental\u00a0decidieron remover el Punto Limpio situado en Lewis Jones al 2500 luego de\u00a0los repetidos incendios en ese sitio. En relaci\u00f3n con esto, desde el \u00e1rea\u00a0municipal detallaron que adem\u00e1s de ser hechos constantes, durante la \u00faltima<br \/>\nsemana, ocurri\u00f3 todos los d\u00edas.<\/p>\n<p>Por otra parte, se a\u00f1adi\u00f3 que si bien los Puntos Limpios fueron creados\u00a0s\u00f3lo para que la comunidad deje all\u00ed sus residuos voluminosos, es habitual\u00a0observar aquellos que se producen cotidianamente en cada hogar y tambi\u00e9n\u00a0desechos de comercios dedicados a variedad de rubros como la venta de\u00a0carnes o frutas y verduras.<\/p>\n<p>Vale mencionar que el Punto Limpio ubicado en el acceso al Parque\u00a0Agroforestal contin\u00faa habilitado. Se solicita a los vecinos tener\u00a0precauci\u00f3n y dejar los residuos voluminosos dentro de los contenedores.<\/p>\n<p>Cabe destacar que continuar\u00e1n los operativos de control en los distintos\u00a0sectores y aquellas personas que se encuentren arrojando residuos en\u00a0lugares no habilitados de la ciudad ser\u00e1n multados por incumplimiento de laOrdenanza 343\/93.<\/p>\n<p>Pueden realizarse las denuncias correspondientes al 4456370,\u00a0correspondiente a la Secretar\u00eda de Ecolog\u00eda y Protecci\u00f3n Ambiental, de\u00a0lunes a viernes, entre las 7 y las 13 horas.<\/p>\n<p>Fuente: Municipalidad de Puerto Madryn<\/p>\n","protected":false},"excerpt":{"rendered":"<p>Puerto Madryn.-La Secretar\u00eda de Ecolog\u00eda y Protecci\u00f3n Ambiental de la Municipalidad de\u00a0Puerto Madryn comunic\u00f3 que se efectu\u00f3 el cierre del [&hellip;]<\/p>\n","protected":false},"author":2,"featured_media":3807,"comment_status":"closed","ping_status":"closed","sticky":false,"template":"","format":"standard","meta":{"site-sidebar-layout":"default","site-content-layout":"","ast-site-content-layout":"default","site-content-style":"default","site-sidebar-style":"default","ast-global-header-display":"","ast-banner-title-visibility":"","ast-main-header-display":"","ast-hfb-above-header-display":"","ast-hfb-below-header-display":"","ast-hfb-mobile-header-display":"","site-post-title":"","ast-breadcrumbs-content":"","ast-featured-img":"","footer-sml-layout":"","ast-disable-related-posts":"","theme-transparent-header-meta":"","adv-header-id-meta":"","stick-header-meta":"","header-above-stick-meta":"","header-main-stick-meta":"","header-below-stick-meta":"","astra-migrate-meta-layouts":"default","ast-page-background-enabled":"default","ast-page-background-meta":{"desktop":{"background-color":"var(--ast-global-color-5)","background-image":"","background-repeat":"repeat","background-position":"center center","background-size":"auto","background-attachment":"scroll","background-type":"","background-media":"","overlay-type":"","overlay-color":"","overlay-opacity":"","overlay-gradient":""},"tablet":{"background-color":"","background-image":"","background-repeat":"repeat","background-position":"center center","background-size":"auto","background-attachment":"scroll","background-type":"","background-media":"","overlay-type":"","overlay-color":"","overlay-opacity":"","overlay-gradient":""},"mobile":{"background-color":"","background-image":"","background-repeat":"repeat","background-position":"center center","background-size":"auto","background-attachment":"scroll","background-type":"","background-media":"","overlay-type":"","overlay-color":"","overlay-opacity":"","overlay-gradient":""}},"ast-content-background-meta":{"desktop":{"background-color":"var(--ast-global-color-4)","background-image":"","background-repeat":"repeat","background-position":"center center","background-size":"auto","background-attachment":"scroll","background-type":"","background-media":"","overlay-type":"","overlay-color":"","overlay-opacity":"","overlay-gradient":""},"tablet":{"background-color":"var(--ast-global-color-4)","background-image":"","background-repeat":"repeat","background-position":"center center","background-size":"auto","background-attachment":"scroll","background-type":"","background-media":"","overlay-type":"","overlay-color":"","overlay-opacity":"","overlay-gradient":""},"mobile":{"background-color":"var(--ast-global-color-4)","background-image":"","background-repeat":"repeat","background-position":"center center","background-size":"auto","background-attachment":"scroll","background-type":"","background-media":"","overlay-type":"","overlay-color":"","overlay-opacity":"","overlay-gradient":""}},"footnotes":""},"categories":[16,1],"tags":[],"class_list":["post-21647","post","type-post","status-publish","format-standard","has-post-thumbnail","hentry","category-municipales","category-noticias"],"yoast_head":"<!-- This site is optimized with the Yoast SEO Premium plugin v23.0 (Yoast SEO v27.4) - https:\/\/yoast.com\/product\/yoast-seo-premium-wordpress\/ -->\n<title>Removieron el punto limpio de Lewis Jones al 2500 en Madryn<\/title>\n<meta name=\"robots\" content=\"index, follow, max-snippet:-1, max-image-preview:large, max-video-preview:-1\" \/>\n<link rel=\"canonical\" href=\"https:\/\/patagoniambiental.com.ar\/info\/removieron-el-punto-limpio-de-lewis-jones-al-2500-en-madryn\/\" \/>\n<meta property=\"og:locale\" content=\"es_ES\" \/>\n<meta property=\"og:type\" content=\"article\" \/>\n<meta property=\"og:title\" content=\"Removieron el punto limpio de Lewis Jones al 2500 en Madryn\" \/>\n<meta property=\"og:description\" content=\"Puerto Madryn.-La Secretar\u00eda de Ecolog\u00eda y Protecci\u00f3n Ambiental de la Municipalidad de\u00a0Puerto Madryn comunic\u00f3 que se efectu\u00f3 el cierre del [&hellip;]\" \/>\n<meta property=\"og:url\" content=\"https:\/\/patagoniambiental.com.ar\/info\/removieron-el-punto-limpio-de-lewis-jones-al-2500-en-madryn\/\" \/>\n<meta property=\"og:site_name\" content=\"Patagonia Ambiental\" \/>\n<meta property=\"article:publisher\" content=\"https:\/\/www.facebook.com\/patagonia.ambiental\" \/>\n<meta property=\"article:author\" content=\"https:\/\/www.facebook.com\/share\/1C1V8Gv9BX\/?mibextid=qi2Omg\" \/>\n<meta property=\"article:published_time\" content=\"2016-10-13T22:00:57+00:00\" \/>\n<meta name=\"author\" content=\"Patagonia Ambiental\" \/>\n<meta name=\"twitter:card\" content=\"summary_large_image\" \/>\n<meta name=\"twitter:creator\" content=\"@PatAmb\" \/>\n<meta name=\"twitter:site\" content=\"@PatAmb\" \/>\n<script type=\"application\/ld+json\" class=\"yoast-schema-graph\">{\"@context\":\"https:\\\/\\\/schema.org\",\"@graph\":[{\"@type\":\"Article\",\"@id\":\"https:\\\/\\\/patagoniambiental.com.ar\\\/info\\\/removieron-el-punto-limpio-de-lewis-jones-al-2500-en-madryn\\\/#article\",\"isPartOf\":{\"@id\":\"https:\\\/\\\/patagoniambiental.com.ar\\\/info\\\/removieron-el-punto-limpio-de-lewis-jones-al-2500-en-madryn\\\/\"},\"author\":{\"name\":\"Patagonia Ambiental\",\"@id\":\"https:\\\/\\\/patagoniambiental.com.ar\\\/info\\\/#\\\/schema\\\/person\\\/db12bff64bbcbf6a253710bf0ea37b5d\"},\"headline\":\"Removieron el punto limpio de Lewis Jones al 2500 en Madryn\",\"datePublished\":\"2016-10-13T22:00:57+00:00\",\"mainEntityOfPage\":{\"@id\":\"https:\\\/\\\/patagoniambiental.com.ar\\\/info\\\/removieron-el-punto-limpio-de-lewis-jones-al-2500-en-madryn\\\/\"},\"wordCount\":318,\"publisher\":{\"@id\":\"https:\\\/\\\/patagoniambiental.com.ar\\\/info\\\/#organization\"},\"image\":{\"@id\":\"https:\\\/\\\/patagoniambiental.com.ar\\\/info\\\/removieron-el-punto-limpio-de-lewis-jones-al-2500-en-madryn\\\/#primaryimage\"},\"thumbnailUrl\":\"\",\"articleSection\":[\"Municipales\",\"Noticias\"],\"inLanguage\":\"es\"},{\"@type\":\"WebPage\",\"@id\":\"https:\\\/\\\/patagoniambiental.com.ar\\\/info\\\/removieron-el-punto-limpio-de-lewis-jones-al-2500-en-madryn\\\/\",\"url\":\"https:\\\/\\\/patagoniambiental.com.ar\\\/info\\\/removieron-el-punto-limpio-de-lewis-jones-al-2500-en-madryn\\\/\",\"name\":\"Removieron el punto limpio de Lewis Jones al 2500 en Madryn\",\"isPartOf\":{\"@id\":\"https:\\\/\\\/patagoniambiental.com.ar\\\/info\\\/#website\"},\"primaryImageOfPage\":{\"@id\":\"https:\\\/\\\/patagoniambiental.com.ar\\\/info\\\/removieron-el-punto-limpio-de-lewis-jones-al-2500-en-madryn\\\/#primaryimage\"},\"image\":{\"@id\":\"https:\\\/\\\/patagoniambiental.com.ar\\\/info\\\/removieron-el-punto-limpio-de-lewis-jones-al-2500-en-madryn\\\/#primaryimage\"},\"thumbnailUrl\":\"\",\"datePublished\":\"2016-10-13T22:00:57+00:00\",\"breadcrumb\":{\"@id\":\"https:\\\/\\\/patagoniambiental.com.ar\\\/info\\\/removieron-el-punto-limpio-de-lewis-jones-al-2500-en-madryn\\\/#breadcrumb\"},\"inLanguage\":\"es\",\"potentialAction\":[{\"@type\":\"ReadAction\",\"target\":[\"https:\\\/\\\/patagoniambiental.com.ar\\\/info\\\/removieron-el-punto-limpio-de-lewis-jones-al-2500-en-madryn\\\/\"]}]},{\"@type\":\"ImageObject\",\"inLanguage\":\"es\",\"@id\":\"https:\\\/\\\/patagoniambiental.com.ar\\\/info\\\/removieron-el-punto-limpio-de-lewis-jones-al-2500-en-madryn\\\/#primaryimage\",\"url\":\"\",\"contentUrl\":\"\"},{\"@type\":\"BreadcrumbList\",\"@id\":\"https:\\\/\\\/patagoniambiental.com.ar\\\/info\\\/removieron-el-punto-limpio-de-lewis-jones-al-2500-en-madryn\\\/#breadcrumb\",\"itemListElement\":[{\"@type\":\"ListItem\",\"position\":1,\"name\":\"Inicio\",\"item\":\"https:\\\/\\\/patagoniambiental.com.ar\\\/info\\\/\"},{\"@type\":\"ListItem\",\"position\":2,\"name\":\"Removieron el punto limpio de Lewis Jones al 2500 en Madryn\"}]},{\"@type\":\"WebSite\",\"@id\":\"https:\\\/\\\/patagoniambiental.com.ar\\\/info\\\/#website\",\"url\":\"https:\\\/\\\/patagoniambiental.com.ar\\\/info\\\/\",\"name\":\"Patagonia Ambiental\",\"description\":\"Monitoreo y an\u00e1lisis de la situaci\u00f3n geopol\u00edtica en el mundo y su implicancia en la Patagonia\",\"publisher\":{\"@id\":\"https:\\\/\\\/patagoniambiental.com.ar\\\/info\\\/#organization\"},\"potentialAction\":[{\"@type\":\"SearchAction\",\"target\":{\"@type\":\"EntryPoint\",\"urlTemplate\":\"https:\\\/\\\/patagoniambiental.com.ar\\\/info\\\/?s={search_term_string}\"},\"query-input\":{\"@type\":\"PropertyValueSpecification\",\"valueRequired\":true,\"valueName\":\"search_term_string\"}}],\"inLanguage\":\"es\"},{\"@type\":\"Organization\",\"@id\":\"https:\\\/\\\/patagoniambiental.com.ar\\\/info\\\/#organization\",\"name\":\"Patagonia Ambiental\",\"url\":\"https:\\\/\\\/patagoniambiental.com.ar\\\/info\\\/\",\"logo\":{\"@type\":\"ImageObject\",\"inLanguage\":\"es\",\"@id\":\"https:\\\/\\\/patagoniambiental.com.ar\\\/info\\\/#\\\/schema\\\/logo\\\/image\\\/\",\"url\":\"https:\\\/\\\/patagoniambiental.com.ar\\\/info\\\/wp-content\\\/uploads\\\/2025\\\/05\\\/LOGO-PATAGONIA-AMBIENTAL.png\",\"contentUrl\":\"https:\\\/\\\/patagoniambiental.com.ar\\\/info\\\/wp-content\\\/uploads\\\/2025\\\/05\\\/LOGO-PATAGONIA-AMBIENTAL.png\",\"width\":433,\"height\":250,\"caption\":\"Patagonia Ambiental\"},\"image\":{\"@id\":\"https:\\\/\\\/patagoniambiental.com.ar\\\/info\\\/#\\\/schema\\\/logo\\\/image\\\/\"},\"sameAs\":[\"https:\\\/\\\/www.facebook.com\\\/patagonia.ambiental\",\"https:\\\/\\\/x.com\\\/PatAmb\"]},{\"@type\":\"Person\",\"@id\":\"https:\\\/\\\/patagoniambiental.com.ar\\\/info\\\/#\\\/schema\\\/person\\\/db12bff64bbcbf6a253710bf0ea37b5d\",\"name\":\"Patagonia Ambiental\",\"description\":\"Andr\u00e9s Nievas T\u00e9cnico en manejo ambiental, consultor Ambiental y escritor para medios locales e internacionales sobre temas de geopolitica y medio ambiente.\",\"sameAs\":[\"http:\\\/\\\/www.patagoniambiental.com.ar\",\"https:\\\/\\\/www.facebook.com\\\/share\\\/1C1V8Gv9BX\\\/?mibextid=qi2Omg\",\"@patagoniambiental\",\"https:\\\/\\\/youtube.com\\\/@patagoniaambiental2023?si=BLt58t0wuXquxlYZ\"]}]}<\/script>\n<!-- \/ Yoast SEO Premium plugin. -->","yoast_head_json":{"title":"Removieron el punto limpio de Lewis Jones al 2500 en Madryn","robots":{"index":"index","follow":"follow","max-snippet":"max-snippet:-1","max-image-preview":"max-image-preview:large","max-video-preview":"max-video-preview:-1"},"canonical":"https:\/\/patagoniambiental.com.ar\/info\/removieron-el-punto-limpio-de-lewis-jones-al-2500-en-madryn\/","og_locale":"es_ES","og_type":"article","og_title":"Removieron el punto limpio de Lewis Jones al 2500 en Madryn","og_description":"Puerto Madryn.-La Secretar\u00eda de Ecolog\u00eda y Protecci\u00f3n Ambiental de la Municipalidad de\u00a0Puerto Madryn comunic\u00f3 que se efectu\u00f3 el cierre del [&hellip;]","og_url":"https:\/\/patagoniambiental.com.ar\/info\/removieron-el-punto-limpio-de-lewis-jones-al-2500-en-madryn\/","og_site_name":"Patagonia Ambiental","article_publisher":"https:\/\/www.facebook.com\/patagonia.ambiental","article_author":"https:\/\/www.facebook.com\/share\/1C1V8Gv9BX\/?mibextid=qi2Omg","article_published_time":"2016-10-13T22:00:57+00:00","author":"Patagonia Ambiental","twitter_card":"summary_large_image","twitter_creator":"@PatAmb","twitter_site":"@PatAmb","schema":{"@context":"https:\/\/schema.org","@graph":[{"@type":"Article","@id":"https:\/\/patagoniambiental.com.ar\/info\/removieron-el-punto-limpio-de-lewis-jones-al-2500-en-madryn\/#article","isPartOf":{"@id":"https:\/\/patagoniambiental.com.ar\/info\/removieron-el-punto-limpio-de-lewis-jones-al-2500-en-madryn\/"},"author":{"name":"Patagonia Ambiental","@id":"https:\/\/patagoniambiental.com.ar\/info\/#\/schema\/person\/db12bff64bbcbf6a253710bf0ea37b5d"},"headline":"Removieron el punto limpio de Lewis Jones al 2500 en Madryn","datePublished":"2016-10-13T22:00:57+00:00","mainEntityOfPage":{"@id":"https:\/\/patagoniambiental.com.ar\/info\/removieron-el-punto-limpio-de-lewis-jones-al-2500-en-madryn\/"},"wordCount":318,"publisher":{"@id":"https:\/\/patagoniambiental.com.ar\/info\/#organization"},"image":{"@id":"https:\/\/patagoniambiental.com.ar\/info\/removieron-el-punto-limpio-de-lewis-jones-al-2500-en-madryn\/#primaryimage"},"thumbnailUrl":"","articleSection":["Municipales","Noticias"],"inLanguage":"es"},{"@type":"WebPage","@id":"https:\/\/patagoniambiental.com.ar\/info\/removieron-el-punto-limpio-de-lewis-jones-al-2500-en-madryn\/","url":"https:\/\/patagoniambiental.com.ar\/info\/removieron-el-punto-limpio-de-lewis-jones-al-2500-en-madryn\/","name":"Removieron el punto limpio de Lewis Jones al 2500 en Madryn","isPartOf":{"@id":"https:\/\/patagoniambiental.com.ar\/info\/#website"},"primaryImageOfPage":{"@id":"https:\/\/patagoniambiental.com.ar\/info\/removieron-el-punto-limpio-de-lewis-jones-al-2500-en-madryn\/#primaryimage"},"image":{"@id":"https:\/\/patagoniambiental.com.ar\/info\/removieron-el-punto-limpio-de-lewis-jones-al-2500-en-madryn\/#primaryimage"},"thumbnailUrl":"","datePublished":"2016-10-13T22:00:57+00:00","breadcrumb":{"@id":"https:\/\/patagoniambiental.com.ar\/info\/removieron-el-punto-limpio-de-lewis-jones-al-2500-en-madryn\/#breadcrumb"},"inLanguage":"es","potentialAction":[{"@type":"ReadAction","target":["https:\/\/patagoniambiental.com.ar\/info\/removieron-el-punto-limpio-de-lewis-jones-al-2500-en-madryn\/"]}]},{"@type":"ImageObject","inLanguage":"es","@id":"https:\/\/patagoniambiental.com.ar\/info\/removieron-el-punto-limpio-de-lewis-jones-al-2500-en-madryn\/#primaryimage","url":"","contentUrl":""},{"@type":"BreadcrumbList","@id":"https:\/\/patagoniambiental.com.ar\/info\/removieron-el-punto-limpio-de-lewis-jones-al-2500-en-madryn\/#breadcrumb","itemListElement":[{"@type":"ListItem","position":1,"name":"Inicio","item":"https:\/\/patagoniambiental.com.ar\/info\/"},{"@type":"ListItem","position":2,"name":"Removieron el punto limpio de Lewis Jones al 2500 en Madryn"}]},{"@type":"WebSite","@id":"https:\/\/patagoniambiental.com.ar\/info\/#website","url":"https:\/\/patagoniambiental.com.ar\/info\/","name":"Patagonia Ambiental","description":"Monitoreo y an\u00e1lisis de la situaci\u00f3n geopol\u00edtica en el mundo y su implicancia en la Patagonia","publisher":{"@id":"https:\/\/patagoniambiental.com.ar\/info\/#organization"},"potentialAction":[{"@type":"SearchAction","target":{"@type":"EntryPoint","urlTemplate":"https:\/\/patagoniambiental.com.ar\/info\/?s={search_term_string}"},"query-input":{"@type":"PropertyValueSpecification","valueRequired":true,"valueName":"search_term_string"}}],"inLanguage":"es"},{"@type":"Organization","@id":"https:\/\/patagoniambiental.com.ar\/info\/#organization","name":"Patagonia Ambiental","url":"https:\/\/patagoniambiental.com.ar\/info\/","logo":{"@type":"ImageObject","inLanguage":"es","@id":"https:\/\/patagoniambiental.com.ar\/info\/#\/schema\/logo\/image\/","url":"https:\/\/patagoniambiental.com.ar\/info\/wp-content\/uploads\/2025\/05\/LOGO-PATAGONIA-AMBIENTAL.png","contentUrl":"https:\/\/patagoniambiental.com.ar\/info\/wp-content\/uploads\/2025\/05\/LOGO-PATAGONIA-AMBIENTAL.png","width":433,"height":250,"caption":"Patagonia Ambiental"},"image":{"@id":"https:\/\/patagoniambiental.com.ar\/info\/#\/schema\/logo\/image\/"},"sameAs":["https:\/\/www.facebook.com\/patagonia.ambiental","https:\/\/x.com\/PatAmb"]},{"@type":"Person","@id":"https:\/\/patagoniambiental.com.ar\/info\/#\/schema\/person\/db12bff64bbcbf6a253710bf0ea37b5d","name":"Patagonia Ambiental","description":"Andr\u00e9s Nievas T\u00e9cnico en manejo ambiental, consultor Ambiental y escritor para medios locales e internacionales sobre temas de geopolitica y medio ambiente.","sameAs":["http:\/\/www.patagoniambiental.com.ar","https:\/\/www.facebook.com\/share\/1C1V8Gv9BX\/?mibextid=qi2Omg","@patagoniambiental","https:\/\/youtube.com\/@patagoniaambiental2023?si=BLt58t0wuXquxlYZ"]}]}},"_links":{"self":[{"href":"https:\/\/patagoniambiental.com.ar\/info\/wp-json\/wp\/v2\/posts\/21647","targetHints":{"allow":["GET"]}}],"collection":[{"href":"https:\/\/patagoniambiental.com.ar\/info\/wp-json\/wp\/v2\/posts"}],"about":[{"href":"https:\/\/patagoniambiental.com.ar\/info\/wp-json\/wp\/v2\/types\/post"}],"author":[{"embeddable":true,"href":"https:\/\/patagoniambiental.com.ar\/info\/wp-json\/wp\/v2\/users\/2"}],"replies":[{"embeddable":true,"href":"https:\/\/patagoniambiental.com.ar\/info\/wp-json\/wp\/v2\/comments?post=21647"}],"version-history":[{"count":0,"href":"https:\/\/patagoniambiental.com.ar\/info\/wp-json\/wp\/v2\/posts\/21647\/revisions"}],"wp:featuredmedia":[{"embeddable":true,"href":"https:\/\/patagoniambiental.com.ar\/info\/wp-json\/"}],"wp:attachment":[{"href":"https:\/\/patagoniambiental.com.ar\/info\/wp-json\/wp\/v2\/media?parent=21647"}],"wp:term":[{"taxonomy":"category","embeddable":true,"href":"https:\/\/patagoniambiental.com.ar\/info\/wp-json\/wp\/v2\/categories?post=21647"},{"taxonomy":"post_tag","embeddable":true,"href":"https:\/\/patagoniambiental.com.ar\/info\/wp-json\/wp\/v2\/tags?post=21647"}],"curies":[{"name":"wp","href":"https:\/\/api.w.org\/{rel}","templated":true}]}}