{"id":21660,"date":"2016-10-14T09:00:00","date_gmt":"2016-10-14T12:00:00","guid":{"rendered":"http:\/\/patagoniambiental.com.ar\/?p=21660"},"modified":"2016-10-14T09:00:00","modified_gmt":"2016-10-14T12:00:00","slug":"rio-negro-ambiente-firmo-acuerdo-con-el-cet-21-de-catriel-para-desarrollar-iniciativas-con-energias-renovables","status":"publish","type":"post","link":"https:\/\/patagoniambiental.com.ar\/info\/rio-negro-ambiente-firmo-acuerdo-con-el-cet-21-de-catriel-para-desarrollar-iniciativas-con-energias-renovables\/","title":{"rendered":"R\u00edo Negro: Ambiente firm\u00f3 acuerdo con el CET 21 de Catriel para desarrollar iniciativas con energ\u00edas renovables"},"content":{"rendered":"<p class=\"x_MsoNormal\"><b><\/b>CATRIEL.-\u00a0La Secretar\u00eda de Ambiente y Desarrollo Sustentable, dependiente de la Secretar\u00eda General, y el Centro de Educaci\u00f3n T\u00e9cnica N\u00ba 21 de Catriel firmaron un convenio para continuar trabajando en iniciativas para el cuidado y protecci\u00f3n del ambiente.<\/p>\n<p class=\"x_MsoNormal\">En esta oportunidad, la instituci\u00f3n construir\u00e1 un secador solar de frutas, para el que la SAyDS aportar\u00e1 los elementos, que ser\u00e1 entregado a la Escuela Agraria de Villa Regina por su aporte a la campa\u00f1a de recolecci\u00f3n de celulares.<\/p>\n<p class=\"x_MsoNormal\">La titular de la cartera ambiental, Dina Migani, visit\u00f3 nuevamente la instituci\u00f3n t\u00e9cnica y all\u00ed firm\u00f3 el acuerdo con la directora del establecimiento, Claudia Sim\u00f3n. A trav\u00e9s del mismo se promocionar\u00e1n acciones conjuntas de cooperaci\u00f3n en\u00a0 todo lo relativo a la educaci\u00f3n ambiental, cient\u00edfica, tecnol\u00f3gica y productiva, como un proceso din\u00e1mico y participativo de la sociedad toda.<\/p>\n<p class=\"x_MsoNormal\">En abril de este a\u00f1o, Migani recorri\u00f3 el CET 21 entrevist\u00e1ndose con directivos, alumnos y\u00a0 docentes de los talleres, como as\u00ed tambi\u00e9n\u00a0 interioriz\u00e1ndose de todos los proyectos que se llevan adelante en esa comunidad educativa, que tiene la modalidad de Energ\u00edas renovables. Finalizada la recorrida, la titular de Ambiente recibi\u00f3 una cocina solar, construida por los estudiantes. El artefacto fue trasladado al \u00c1rea Natural Protegida Pozo Salado. Luego, tras gestiones de la SAyDS, en junio, alumnos de sexto a\u00f1o viajaron a El C\u00f3ndor y el \u00c1rea Natural Protegida (ANP) Punta Bermeja, como parte de un proyecto para instalar alg\u00fan tipo de energ\u00eda alternativa para las casas de las ANPs de la provincia, que no cuenten con el servicio de electricidad y gas.<\/p>\n<p class=\"x_MsoNormal\">Durante la visita de este martes, las partes acordaron nuevamente continuar trabajando, y en esta oportunidad uno de los beneficiarios ser\u00e1 la Escuela Agraria de Villa Regina, quienes participaron de la campa\u00f1a \u00abResponde al llamado del planeta\u00bb, organizada por el \u00e1rea ambiental de la Municipalidad, con colaboraci\u00f3n de la SAyDS. El colegio reginense junto m\u00e1s del 50% de artefactos m\u00f3viles en desuso durante la actividad.<\/p>\n<p>Fuente: Gobierno de R\u00edo Negro<\/p>\n","protected":false},"excerpt":{"rendered":"<p>CATRIEL.-\u00a0La Secretar\u00eda de Ambiente y Desarrollo Sustentable, dependiente de la Secretar\u00eda General, y el Centro de Educaci\u00f3n T\u00e9cnica N\u00ba 21 [&hellip;]<\/p>\n","protected":false},"author":2,"featured_media":0,"comment_status":"closed","ping_status":"closed","sticky":false,"template":"","format":"standard","meta":{"site-sidebar-layout":"default","site-content-layout":"","ast-site-content-layout":"default","site-content-style":"default","site-sidebar-style":"default","ast-global-header-display":"","ast-banner-title-visibility":"","ast-main-header-display":"","ast-hfb-above-header-display":"","ast-hfb-below-header-display":"","ast-hfb-mobile-header-display":"","site-post-title":"","ast-breadcrumbs-content":"","ast-featured-img":"","footer-sml-layout":"","ast-disable-related-posts":"","theme-transparent-header-meta":"","adv-header-id-meta":"","stick-header-meta":"","header-above-stick-meta":"","header-main-stick-meta":"","header-below-stick-meta":"","astra-migrate-meta-layouts":"default","ast-page-background-enabled":"default","ast-page-background-meta":{"desktop":{"background-color":"var(--ast-global-color-5)","background-image":"","background-repeat":"repeat","background-position":"center center","background-size":"auto","background-attachment":"scroll","background-type":"","background-media":"","overlay-type":"","overlay-color":"","overlay-opacity":"","overlay-gradient":""},"tablet":{"background-color":"","background-image":"","background-repeat":"repeat","background-position":"center center","background-size":"auto","background-attachment":"scroll","background-type":"","background-media":"","overlay-type":"","overlay-color":"","overlay-opacity":"","overlay-gradient":""},"mobile":{"background-color":"","background-image":"","background-repeat":"repeat","background-position":"center center","background-size":"auto","background-attachment":"scroll","background-type":"","background-media":"","overlay-type":"","overlay-color":"","overlay-opacity":"","overlay-gradient":""}},"ast-content-background-meta":{"desktop":{"background-color":"var(--ast-global-color-4)","background-image":"","background-repeat":"repeat","background-position":"center center","background-size":"auto","background-attachment":"scroll","background-type":"","background-media":"","overlay-type":"","overlay-color":"","overlay-opacity":"","overlay-gradient":""},"tablet":{"background-color":"var(--ast-global-color-4)","background-image":"","background-repeat":"repeat","background-position":"center center","background-size":"auto","background-attachment":"scroll","background-type":"","background-media":"","overlay-type":"","overlay-color":"","overlay-opacity":"","overlay-gradient":""},"mobile":{"background-color":"var(--ast-global-color-4)","background-image":"","background-repeat":"repeat","background-position":"center center","background-size":"auto","background-attachment":"scroll","background-type":"","background-media":"","overlay-type":"","overlay-color":"","overlay-opacity":"","overlay-gradient":""}},"footnotes":""},"categories":[16,1],"tags":[],"class_list":["post-21660","post","type-post","status-publish","format-standard","hentry","category-municipales","category-noticias"],"yoast_head":"<!-- This site is optimized with the Yoast SEO Premium plugin v23.0 (Yoast SEO v27.4) - https:\/\/yoast.com\/product\/yoast-seo-premium-wordpress\/ -->\n<title>R\u00edo Negro: Ambiente firm\u00f3 acuerdo con el CET 21 de Catriel para desarrollar iniciativas con energ\u00edas renovables<\/title>\n<meta name=\"robots\" content=\"index, follow, max-snippet:-1, max-image-preview:large, max-video-preview:-1\" \/>\n<link rel=\"canonical\" href=\"https:\/\/patagoniambiental.com.ar\/info\/rio-negro-ambiente-firmo-acuerdo-con-el-cet-21-de-catriel-para-desarrollar-iniciativas-con-energias-renovables\/\" \/>\n<meta property=\"og:locale\" content=\"es_ES\" \/>\n<meta property=\"og:type\" content=\"article\" \/>\n<meta property=\"og:title\" content=\"R\u00edo Negro: Ambiente firm\u00f3 acuerdo con el CET 21 de Catriel para desarrollar iniciativas con energ\u00edas renovables\" \/>\n<meta property=\"og:description\" content=\"CATRIEL.-\u00a0La Secretar\u00eda de Ambiente y Desarrollo Sustentable, dependiente de la Secretar\u00eda General, y el Centro de Educaci\u00f3n T\u00e9cnica N\u00ba 21 [&hellip;]\" \/>\n<meta property=\"og:url\" content=\"https:\/\/patagoniambiental.com.ar\/info\/rio-negro-ambiente-firmo-acuerdo-con-el-cet-21-de-catriel-para-desarrollar-iniciativas-con-energias-renovables\/\" \/>\n<meta property=\"og:site_name\" content=\"Patagonia Ambiental\" \/>\n<meta property=\"article:publisher\" content=\"https:\/\/www.facebook.com\/patagonia.ambiental\" \/>\n<meta property=\"article:author\" content=\"https:\/\/www.facebook.com\/share\/1C1V8Gv9BX\/?mibextid=qi2Omg\" \/>\n<meta property=\"article:published_time\" content=\"2016-10-14T12:00:00+00:00\" \/>\n<meta name=\"author\" content=\"Patagonia Ambiental\" \/>\n<meta name=\"twitter:card\" content=\"summary_large_image\" \/>\n<meta name=\"twitter:creator\" content=\"@PatAmb\" \/>\n<meta name=\"twitter:site\" content=\"@PatAmb\" \/>\n<script type=\"application\/ld+json\" class=\"yoast-schema-graph\">{\"@context\":\"https:\\\/\\\/schema.org\",\"@graph\":[{\"@type\":\"Article\",\"@id\":\"https:\\\/\\\/patagoniambiental.com.ar\\\/info\\\/rio-negro-ambiente-firmo-acuerdo-con-el-cet-21-de-catriel-para-desarrollar-iniciativas-con-energias-renovables\\\/#article\",\"isPartOf\":{\"@id\":\"https:\\\/\\\/patagoniambiental.com.ar\\\/info\\\/rio-negro-ambiente-firmo-acuerdo-con-el-cet-21-de-catriel-para-desarrollar-iniciativas-con-energias-renovables\\\/\"},\"author\":{\"name\":\"Patagonia Ambiental\",\"@id\":\"https:\\\/\\\/patagoniambiental.com.ar\\\/info\\\/#\\\/schema\\\/person\\\/db12bff64bbcbf6a253710bf0ea37b5d\"},\"headline\":\"R\u00edo Negro: Ambiente firm\u00f3 acuerdo con el CET 21 de Catriel para desarrollar iniciativas con energ\u00edas renovables\",\"datePublished\":\"2016-10-14T12:00:00+00:00\",\"mainEntityOfPage\":{\"@id\":\"https:\\\/\\\/patagoniambiental.com.ar\\\/info\\\/rio-negro-ambiente-firmo-acuerdo-con-el-cet-21-de-catriel-para-desarrollar-iniciativas-con-energias-renovables\\\/\"},\"wordCount\":374,\"publisher\":{\"@id\":\"https:\\\/\\\/patagoniambiental.com.ar\\\/info\\\/#organization\"},\"articleSection\":[\"Municipales\",\"Noticias\"],\"inLanguage\":\"es\"},{\"@type\":\"WebPage\",\"@id\":\"https:\\\/\\\/patagoniambiental.com.ar\\\/info\\\/rio-negro-ambiente-firmo-acuerdo-con-el-cet-21-de-catriel-para-desarrollar-iniciativas-con-energias-renovables\\\/\",\"url\":\"https:\\\/\\\/patagoniambiental.com.ar\\\/info\\\/rio-negro-ambiente-firmo-acuerdo-con-el-cet-21-de-catriel-para-desarrollar-iniciativas-con-energias-renovables\\\/\",\"name\":\"R\u00edo Negro: Ambiente firm\u00f3 acuerdo con el CET 21 de Catriel para desarrollar iniciativas con energ\u00edas renovables\",\"isPartOf\":{\"@id\":\"https:\\\/\\\/patagoniambiental.com.ar\\\/info\\\/#website\"},\"datePublished\":\"2016-10-14T12:00:00+00:00\",\"breadcrumb\":{\"@id\":\"https:\\\/\\\/patagoniambiental.com.ar\\\/info\\\/rio-negro-ambiente-firmo-acuerdo-con-el-cet-21-de-catriel-para-desarrollar-iniciativas-con-energias-renovables\\\/#breadcrumb\"},\"inLanguage\":\"es\",\"potentialAction\":[{\"@type\":\"ReadAction\",\"target\":[\"https:\\\/\\\/patagoniambiental.com.ar\\\/info\\\/rio-negro-ambiente-firmo-acuerdo-con-el-cet-21-de-catriel-para-desarrollar-iniciativas-con-energias-renovables\\\/\"]}]},{\"@type\":\"BreadcrumbList\",\"@id\":\"https:\\\/\\\/patagoniambiental.com.ar\\\/info\\\/rio-negro-ambiente-firmo-acuerdo-con-el-cet-21-de-catriel-para-desarrollar-iniciativas-con-energias-renovables\\\/#breadcrumb\",\"itemListElement\":[{\"@type\":\"ListItem\",\"position\":1,\"name\":\"Inicio\",\"item\":\"https:\\\/\\\/patagoniambiental.com.ar\\\/info\\\/\"},{\"@type\":\"ListItem\",\"position\":2,\"name\":\"R\u00edo Negro: Ambiente firm\u00f3 acuerdo con el CET 21 de Catriel para desarrollar iniciativas con energ\u00edas renovables\"}]},{\"@type\":\"WebSite\",\"@id\":\"https:\\\/\\\/patagoniambiental.com.ar\\\/info\\\/#website\",\"url\":\"https:\\\/\\\/patagoniambiental.com.ar\\\/info\\\/\",\"name\":\"Patagonia Ambiental\",\"description\":\"Monitoreo y an\u00e1lisis de la situaci\u00f3n geopol\u00edtica en el mundo y su implicancia en la Patagonia\",\"publisher\":{\"@id\":\"https:\\\/\\\/patagoniambiental.com.ar\\\/info\\\/#organization\"},\"potentialAction\":[{\"@type\":\"SearchAction\",\"target\":{\"@type\":\"EntryPoint\",\"urlTemplate\":\"https:\\\/\\\/patagoniambiental.com.ar\\\/info\\\/?s={search_term_string}\"},\"query-input\":{\"@type\":\"PropertyValueSpecification\",\"valueRequired\":true,\"valueName\":\"search_term_string\"}}],\"inLanguage\":\"es\"},{\"@type\":\"Organization\",\"@id\":\"https:\\\/\\\/patagoniambiental.com.ar\\\/info\\\/#organization\",\"name\":\"Patagonia Ambiental\",\"url\":\"https:\\\/\\\/patagoniambiental.com.ar\\\/info\\\/\",\"logo\":{\"@type\":\"ImageObject\",\"inLanguage\":\"es\",\"@id\":\"https:\\\/\\\/patagoniambiental.com.ar\\\/info\\\/#\\\/schema\\\/logo\\\/image\\\/\",\"url\":\"https:\\\/\\\/patagoniambiental.com.ar\\\/info\\\/wp-content\\\/uploads\\\/2025\\\/05\\\/LOGO-PATAGONIA-AMBIENTAL.png\",\"contentUrl\":\"https:\\\/\\\/patagoniambiental.com.ar\\\/info\\\/wp-content\\\/uploads\\\/2025\\\/05\\\/LOGO-PATAGONIA-AMBIENTAL.png\",\"width\":433,\"height\":250,\"caption\":\"Patagonia Ambiental\"},\"image\":{\"@id\":\"https:\\\/\\\/patagoniambiental.com.ar\\\/info\\\/#\\\/schema\\\/logo\\\/image\\\/\"},\"sameAs\":[\"https:\\\/\\\/www.facebook.com\\\/patagonia.ambiental\",\"https:\\\/\\\/x.com\\\/PatAmb\"]},{\"@type\":\"Person\",\"@id\":\"https:\\\/\\\/patagoniambiental.com.ar\\\/info\\\/#\\\/schema\\\/person\\\/db12bff64bbcbf6a253710bf0ea37b5d\",\"name\":\"Patagonia Ambiental\",\"description\":\"Andr\u00e9s Nievas T\u00e9cnico en manejo ambiental, consultor Ambiental y escritor para medios locales e internacionales sobre temas de geopolitica y medio ambiente.\",\"sameAs\":[\"http:\\\/\\\/www.patagoniambiental.com.ar\",\"https:\\\/\\\/www.facebook.com\\\/share\\\/1C1V8Gv9BX\\\/?mibextid=qi2Omg\",\"@patagoniambiental\",\"https:\\\/\\\/youtube.com\\\/@patagoniaambiental2023?si=BLt58t0wuXquxlYZ\"]}]}<\/script>\n<!-- \/ Yoast SEO Premium plugin. -->","yoast_head_json":{"title":"R\u00edo Negro: Ambiente firm\u00f3 acuerdo con el CET 21 de Catriel para desarrollar iniciativas con energ\u00edas renovables","robots":{"index":"index","follow":"follow","max-snippet":"max-snippet:-1","max-image-preview":"max-image-preview:large","max-video-preview":"max-video-preview:-1"},"canonical":"https:\/\/patagoniambiental.com.ar\/info\/rio-negro-ambiente-firmo-acuerdo-con-el-cet-21-de-catriel-para-desarrollar-iniciativas-con-energias-renovables\/","og_locale":"es_ES","og_type":"article","og_title":"R\u00edo Negro: Ambiente firm\u00f3 acuerdo con el CET 21 de Catriel para desarrollar iniciativas con energ\u00edas renovables","og_description":"CATRIEL.-\u00a0La Secretar\u00eda de Ambiente y Desarrollo Sustentable, dependiente de la Secretar\u00eda General, y el Centro de Educaci\u00f3n T\u00e9cnica N\u00ba 21 [&hellip;]","og_url":"https:\/\/patagoniambiental.com.ar\/info\/rio-negro-ambiente-firmo-acuerdo-con-el-cet-21-de-catriel-para-desarrollar-iniciativas-con-energias-renovables\/","og_site_name":"Patagonia Ambiental","article_publisher":"https:\/\/www.facebook.com\/patagonia.ambiental","article_author":"https:\/\/www.facebook.com\/share\/1C1V8Gv9BX\/?mibextid=qi2Omg","article_published_time":"2016-10-14T12:00:00+00:00","author":"Patagonia Ambiental","twitter_card":"summary_large_image","twitter_creator":"@PatAmb","twitter_site":"@PatAmb","schema":{"@context":"https:\/\/schema.org","@graph":[{"@type":"Article","@id":"https:\/\/patagoniambiental.com.ar\/info\/rio-negro-ambiente-firmo-acuerdo-con-el-cet-21-de-catriel-para-desarrollar-iniciativas-con-energias-renovables\/#article","isPartOf":{"@id":"https:\/\/patagoniambiental.com.ar\/info\/rio-negro-ambiente-firmo-acuerdo-con-el-cet-21-de-catriel-para-desarrollar-iniciativas-con-energias-renovables\/"},"author":{"name":"Patagonia Ambiental","@id":"https:\/\/patagoniambiental.com.ar\/info\/#\/schema\/person\/db12bff64bbcbf6a253710bf0ea37b5d"},"headline":"R\u00edo Negro: Ambiente firm\u00f3 acuerdo con el CET 21 de Catriel para desarrollar iniciativas con energ\u00edas renovables","datePublished":"2016-10-14T12:00:00+00:00","mainEntityOfPage":{"@id":"https:\/\/patagoniambiental.com.ar\/info\/rio-negro-ambiente-firmo-acuerdo-con-el-cet-21-de-catriel-para-desarrollar-iniciativas-con-energias-renovables\/"},"wordCount":374,"publisher":{"@id":"https:\/\/patagoniambiental.com.ar\/info\/#organization"},"articleSection":["Municipales","Noticias"],"inLanguage":"es"},{"@type":"WebPage","@id":"https:\/\/patagoniambiental.com.ar\/info\/rio-negro-ambiente-firmo-acuerdo-con-el-cet-21-de-catriel-para-desarrollar-iniciativas-con-energias-renovables\/","url":"https:\/\/patagoniambiental.com.ar\/info\/rio-negro-ambiente-firmo-acuerdo-con-el-cet-21-de-catriel-para-desarrollar-iniciativas-con-energias-renovables\/","name":"R\u00edo Negro: Ambiente firm\u00f3 acuerdo con el CET 21 de Catriel para desarrollar iniciativas con energ\u00edas renovables","isPartOf":{"@id":"https:\/\/patagoniambiental.com.ar\/info\/#website"},"datePublished":"2016-10-14T12:00:00+00:00","breadcrumb":{"@id":"https:\/\/patagoniambiental.com.ar\/info\/rio-negro-ambiente-firmo-acuerdo-con-el-cet-21-de-catriel-para-desarrollar-iniciativas-con-energias-renovables\/#breadcrumb"},"inLanguage":"es","potentialAction":[{"@type":"ReadAction","target":["https:\/\/patagoniambiental.com.ar\/info\/rio-negro-ambiente-firmo-acuerdo-con-el-cet-21-de-catriel-para-desarrollar-iniciativas-con-energias-renovables\/"]}]},{"@type":"BreadcrumbList","@id":"https:\/\/patagoniambiental.com.ar\/info\/rio-negro-ambiente-firmo-acuerdo-con-el-cet-21-de-catriel-para-desarrollar-iniciativas-con-energias-renovables\/#breadcrumb","itemListElement":[{"@type":"ListItem","position":1,"name":"Inicio","item":"https:\/\/patagoniambiental.com.ar\/info\/"},{"@type":"ListItem","position":2,"name":"R\u00edo Negro: Ambiente firm\u00f3 acuerdo con el CET 21 de Catriel para desarrollar iniciativas con energ\u00edas renovables"}]},{"@type":"WebSite","@id":"https:\/\/patagoniambiental.com.ar\/info\/#website","url":"https:\/\/patagoniambiental.com.ar\/info\/","name":"Patagonia Ambiental","description":"Monitoreo y an\u00e1lisis de la situaci\u00f3n geopol\u00edtica en el mundo y su implicancia en la Patagonia","publisher":{"@id":"https:\/\/patagoniambiental.com.ar\/info\/#organization"},"potentialAction":[{"@type":"SearchAction","target":{"@type":"EntryPoint","urlTemplate":"https:\/\/patagoniambiental.com.ar\/info\/?s={search_term_string}"},"query-input":{"@type":"PropertyValueSpecification","valueRequired":true,"valueName":"search_term_string"}}],"inLanguage":"es"},{"@type":"Organization","@id":"https:\/\/patagoniambiental.com.ar\/info\/#organization","name":"Patagonia Ambiental","url":"https:\/\/patagoniambiental.com.ar\/info\/","logo":{"@type":"ImageObject","inLanguage":"es","@id":"https:\/\/patagoniambiental.com.ar\/info\/#\/schema\/logo\/image\/","url":"https:\/\/patagoniambiental.com.ar\/info\/wp-content\/uploads\/2025\/05\/LOGO-PATAGONIA-AMBIENTAL.png","contentUrl":"https:\/\/patagoniambiental.com.ar\/info\/wp-content\/uploads\/2025\/05\/LOGO-PATAGONIA-AMBIENTAL.png","width":433,"height":250,"caption":"Patagonia Ambiental"},"image":{"@id":"https:\/\/patagoniambiental.com.ar\/info\/#\/schema\/logo\/image\/"},"sameAs":["https:\/\/www.facebook.com\/patagonia.ambiental","https:\/\/x.com\/PatAmb"]},{"@type":"Person","@id":"https:\/\/patagoniambiental.com.ar\/info\/#\/schema\/person\/db12bff64bbcbf6a253710bf0ea37b5d","name":"Patagonia Ambiental","description":"Andr\u00e9s Nievas T\u00e9cnico en manejo ambiental, consultor Ambiental y escritor para medios locales e internacionales sobre temas de geopolitica y medio ambiente.","sameAs":["http:\/\/www.patagoniambiental.com.ar","https:\/\/www.facebook.com\/share\/1C1V8Gv9BX\/?mibextid=qi2Omg","@patagoniambiental","https:\/\/youtube.com\/@patagoniaambiental2023?si=BLt58t0wuXquxlYZ"]}]}},"_links":{"self":[{"href":"https:\/\/patagoniambiental.com.ar\/info\/wp-json\/wp\/v2\/posts\/21660","targetHints":{"allow":["GET"]}}],"collection":[{"href":"https:\/\/patagoniambiental.com.ar\/info\/wp-json\/wp\/v2\/posts"}],"about":[{"href":"https:\/\/patagoniambiental.com.ar\/info\/wp-json\/wp\/v2\/types\/post"}],"author":[{"embeddable":true,"href":"https:\/\/patagoniambiental.com.ar\/info\/wp-json\/wp\/v2\/users\/2"}],"replies":[{"embeddable":true,"href":"https:\/\/patagoniambiental.com.ar\/info\/wp-json\/wp\/v2\/comments?post=21660"}],"version-history":[{"count":0,"href":"https:\/\/patagoniambiental.com.ar\/info\/wp-json\/wp\/v2\/posts\/21660\/revisions"}],"wp:attachment":[{"href":"https:\/\/patagoniambiental.com.ar\/info\/wp-json\/wp\/v2\/media?parent=21660"}],"wp:term":[{"taxonomy":"category","embeddable":true,"href":"https:\/\/patagoniambiental.com.ar\/info\/wp-json\/wp\/v2\/categories?post=21660"},{"taxonomy":"post_tag","embeddable":true,"href":"https:\/\/patagoniambiental.com.ar\/info\/wp-json\/wp\/v2\/tags?post=21660"}],"curies":[{"name":"wp","href":"https:\/\/api.w.org\/{rel}","templated":true}]}}