{"id":21671,"date":"2016-10-14T19:00:18","date_gmt":"2016-10-14T22:00:18","guid":{"rendered":"http:\/\/patagoniambiental.com.ar\/?p=21671"},"modified":"2016-10-14T19:00:18","modified_gmt":"2016-10-14T22:00:18","slug":"chatarra-y-botellas-plasticas-coordinan-trabajo-conjunto-para-la-disposicion-final","status":"publish","type":"post","link":"https:\/\/patagoniambiental.com.ar\/info\/chatarra-y-botellas-plasticas-coordinan-trabajo-conjunto-para-la-disposicion-final\/","title":{"rendered":"Chatarra y botellas pl\u00e1sticas: Coordinan trabajo conjunto para la disposici\u00f3n final"},"content":{"rendered":"<p class=\"titulo-noti1 encodeB\">Ushuaia.-El secretario de Medio Ambiente del Municipio, Dami\u00e1n de Marco, recorri\u00f3 junto al ministro de Industria de la Provincia Ramiro Caballero, personal t\u00e9cnico del \u00e1rea y representantes de la Aduana Nacional en Ushuaia los dos puntos en los que se acopian los fardos de chatarra y envases pl\u00e1sticos en la ciudad.<!--more--><\/p>\n<div class=\"copete sofia\">\n<p>En el primer caso, junto al relleno sanitario,<span class=\"marker\"> siguieron de cerca el trabajo de la m\u00e1quina compactadora y la confecci\u00f3n del paquete de hierros <\/span>que se acumula en el predio mientras se avanza con los pasos necesarios para cumplir con las certificaciones ambientales y de origen que debe acreditar todo aquello que se exporte desde Tierra del Fuego hacia el continente.<br \/>\nEn el segundo caso, en el dep\u00f3sito ubicado en proximidades del r\u00edo Pipo, en los galpones municipales, se encuentran enfardados los cubos de botellas pl\u00e1sticas, previamente clasificadas por el color del cristal para su disposici\u00f3n final.<br \/>\nEl ministro Caballero recorri\u00f3 el lugar y los funcionarios municipales explicaron el proceso y la historia del trabajo que se realiz\u00f3 en los \u00faltimos nueve meses con la clasificaci\u00f3n, el ordenamiento de la materia y los avances con las distintas empresas que se encargar\u00edan de la disposici\u00f3n final, ya sea en el reciclado dentro de la ciudad como el caso del vidrio, como as\u00ed tambi\u00e9n su colocaci\u00f3n en el continente.<br \/>\nCaballero expres\u00f3 que <span class=\"marker\">\u00abla iniciativa me parece fant\u00e1stica, era algo que ten\u00edamos que regularizar\u00bb<\/span>. \u00abHay una decisi\u00f3n de la gobernadora Rosana Bertone de acompa\u00f1ar todo este tipo de proceso porque primero ordena los prop\u00f3sitos cualquier programa, que en este caso ser\u00eda reciclado; \u00a0tambi\u00e9n porque genera empleo y \u00a0porque es un beneficio para la ciudad, que salga de la provincia y que tenga un tratamiento definitivo\u00bb, explic\u00f3.<br \/>\n\u00abDesde la Provincia vamos a tener toda la iniciativa de acompa\u00f1ar. \u00a0Hoy la idea era recorrer, no s\u00f3lo en forma pol\u00edtica, sino con los t\u00e9cnicos del Ministerio y tambi\u00e9n con la Aduana de Ushuaia, a quienes hemos invitado a esta recorrida para que todas las partes est\u00e9n presentes, poder normalizar la situaci\u00f3n y que esto llegue a una iniciativa que pueda continuar en el tiempo\u00bb, dijo Caballero.<br \/>\nSobre la basura clasificada y acumulada, De Marco inform\u00f3 a las autoridades presentes que \u00abestar\u00edamos en condiciones de retirar de la provincia m\u00e1s de \u00a0de 500 mil kilos de chatarra, tenemos tambi\u00e9n unos mil fardos de envases pet y el pr\u00f3ximo paso es el tratamiento de unas 35.000 cubiertas acumuladas\u00bb.<br \/>\nA los t\u00e9cnicos del Ministerio de Industria y Comercio, como as\u00ed tambi\u00e9n \u00a0de Aduana, se puso en conocimiento de los avances con empresas locales para poner en marcha<span class=\"marker\"> \u00abla responsabilidad social y ambiental\u00bb<\/span> y colaborar con la limpieza de la basura, de manera que Hormipren trabaja el reciclado de vidrio, Multistore se comprometi\u00f3 a quitar de Tierra del Fuego cuatro contenedores con basura por mes y otras empresas se suman con diferentes iniciativas.<br \/>\nEl Secretario de Medio Ambiente De Marco destac\u00f3 la importancia del trabajo en conjunto con la Provincia y con la Naci\u00f3n, agradeci\u00f3 al ministro Caballero y al responsable de Aduana y coincidieron en la importancia de acordar los procedimientos y cumplimentar con los pasos necesarios para resolver de fondo el problema de la generaci\u00f3n de basura en la ciudad. \u00ab<span class=\"marker\">Le agradecemos al ministro y a los t\u00e9cnicos de Industria de la Provincia que se han puesto a disposici\u00f3n<\/span>, como as\u00ed tambi\u00e9n a la Aduana porque lo que queremos es resolver de fondo, con un programa con continuidad en el tiempo y para generar un c\u00edrculo virtuoso con la basura que generamos\u00bb.<\/p>\n<p>Fuente: Sur54<\/p>\n<\/div>\n","protected":false},"excerpt":{"rendered":"<p>Ushuaia.-El secretario de Medio Ambiente del Municipio, Dami\u00e1n de Marco, recorri\u00f3 junto al ministro de Industria de la Provincia Ramiro [&hellip;]<\/p>\n","protected":false},"author":2,"featured_media":0,"comment_status":"closed","ping_status":"closed","sticky":false,"template":"","format":"standard","meta":{"site-sidebar-layout":"default","site-content-layout":"","ast-site-content-layout":"default","site-content-style":"default","site-sidebar-style":"default","ast-global-header-display":"","ast-banner-title-visibility":"","ast-main-header-display":"","ast-hfb-above-header-display":"","ast-hfb-below-header-display":"","ast-hfb-mobile-header-display":"","site-post-title":"","ast-breadcrumbs-content":"","ast-featured-img":"","footer-sml-layout":"","ast-disable-related-posts":"","theme-transparent-header-meta":"","adv-header-id-meta":"","stick-header-meta":"","header-above-stick-meta":"","header-main-stick-meta":"","header-below-stick-meta":"","astra-migrate-meta-layouts":"default","ast-page-background-enabled":"default","ast-page-background-meta":{"desktop":{"background-color":"var(--ast-global-color-5)","background-image":"","background-repeat":"repeat","background-position":"center center","background-size":"auto","background-attachment":"scroll","background-type":"","background-media":"","overlay-type":"","overlay-color":"","overlay-opacity":"","overlay-gradient":""},"tablet":{"background-color":"","background-image":"","background-repeat":"repeat","background-position":"center center","background-size":"auto","background-attachment":"scroll","background-type":"","background-media":"","overlay-type":"","overlay-color":"","overlay-opacity":"","overlay-gradient":""},"mobile":{"background-color":"","background-image":"","background-repeat":"repeat","background-position":"center center","background-size":"auto","background-attachment":"scroll","background-type":"","background-media":"","overlay-type":"","overlay-color":"","overlay-opacity":"","overlay-gradient":""}},"ast-content-background-meta":{"desktop":{"background-color":"var(--ast-global-color-4)","background-image":"","background-repeat":"repeat","background-position":"center center","background-size":"auto","background-attachment":"scroll","background-type":"","background-media":"","overlay-type":"","overlay-color":"","overlay-opacity":"","overlay-gradient":""},"tablet":{"background-color":"var(--ast-global-color-4)","background-image":"","background-repeat":"repeat","background-position":"center center","background-size":"auto","background-attachment":"scroll","background-type":"","background-media":"","overlay-type":"","overlay-color":"","overlay-opacity":"","overlay-gradient":""},"mobile":{"background-color":"var(--ast-global-color-4)","background-image":"","background-repeat":"repeat","background-position":"center center","background-size":"auto","background-attachment":"scroll","background-type":"","background-media":"","overlay-type":"","overlay-color":"","overlay-opacity":"","overlay-gradient":""}},"footnotes":""},"categories":[16,1],"tags":[],"class_list":["post-21671","post","type-post","status-publish","format-standard","hentry","category-municipales","category-noticias"],"yoast_head":"<!-- This site is optimized with the Yoast SEO Premium plugin v23.0 (Yoast SEO v27.4) - https:\/\/yoast.com\/product\/yoast-seo-premium-wordpress\/ -->\n<title>Chatarra y botellas pl\u00e1sticas: Coordinan trabajo conjunto para la disposici\u00f3n final<\/title>\n<meta name=\"robots\" content=\"index, follow, max-snippet:-1, max-image-preview:large, max-video-preview:-1\" \/>\n<link rel=\"canonical\" href=\"https:\/\/patagoniambiental.com.ar\/info\/chatarra-y-botellas-plasticas-coordinan-trabajo-conjunto-para-la-disposicion-final\/\" \/>\n<meta property=\"og:locale\" content=\"es_ES\" \/>\n<meta property=\"og:type\" content=\"article\" \/>\n<meta property=\"og:title\" content=\"Chatarra y botellas pl\u00e1sticas: Coordinan trabajo conjunto para la disposici\u00f3n final\" \/>\n<meta property=\"og:description\" content=\"Ushuaia.-El secretario de Medio Ambiente del Municipio, Dami\u00e1n de Marco, recorri\u00f3 junto al ministro de Industria de la Provincia Ramiro [&hellip;]\" \/>\n<meta property=\"og:url\" content=\"https:\/\/patagoniambiental.com.ar\/info\/chatarra-y-botellas-plasticas-coordinan-trabajo-conjunto-para-la-disposicion-final\/\" \/>\n<meta property=\"og:site_name\" content=\"Patagonia Ambiental\" \/>\n<meta property=\"article:publisher\" content=\"https:\/\/www.facebook.com\/patagonia.ambiental\" \/>\n<meta property=\"article:author\" content=\"https:\/\/www.facebook.com\/share\/1C1V8Gv9BX\/?mibextid=qi2Omg\" \/>\n<meta property=\"article:published_time\" content=\"2016-10-14T22:00:18+00:00\" \/>\n<meta name=\"author\" content=\"Patagonia Ambiental\" \/>\n<meta name=\"twitter:card\" content=\"summary_large_image\" \/>\n<meta name=\"twitter:creator\" content=\"@PatAmb\" \/>\n<meta name=\"twitter:site\" content=\"@PatAmb\" \/>\n<script type=\"application\/ld+json\" class=\"yoast-schema-graph\">{\"@context\":\"https:\\\/\\\/schema.org\",\"@graph\":[{\"@type\":\"Article\",\"@id\":\"https:\\\/\\\/patagoniambiental.com.ar\\\/info\\\/chatarra-y-botellas-plasticas-coordinan-trabajo-conjunto-para-la-disposicion-final\\\/#article\",\"isPartOf\":{\"@id\":\"https:\\\/\\\/patagoniambiental.com.ar\\\/info\\\/chatarra-y-botellas-plasticas-coordinan-trabajo-conjunto-para-la-disposicion-final\\\/\"},\"author\":{\"name\":\"Patagonia Ambiental\",\"@id\":\"https:\\\/\\\/patagoniambiental.com.ar\\\/info\\\/#\\\/schema\\\/person\\\/db12bff64bbcbf6a253710bf0ea37b5d\"},\"headline\":\"Chatarra y botellas pl\u00e1sticas: Coordinan trabajo conjunto para la disposici\u00f3n final\",\"datePublished\":\"2016-10-14T22:00:18+00:00\",\"mainEntityOfPage\":{\"@id\":\"https:\\\/\\\/patagoniambiental.com.ar\\\/info\\\/chatarra-y-botellas-plasticas-coordinan-trabajo-conjunto-para-la-disposicion-final\\\/\"},\"wordCount\":639,\"publisher\":{\"@id\":\"https:\\\/\\\/patagoniambiental.com.ar\\\/info\\\/#organization\"},\"articleSection\":[\"Municipales\",\"Noticias\"],\"inLanguage\":\"es\"},{\"@type\":\"WebPage\",\"@id\":\"https:\\\/\\\/patagoniambiental.com.ar\\\/info\\\/chatarra-y-botellas-plasticas-coordinan-trabajo-conjunto-para-la-disposicion-final\\\/\",\"url\":\"https:\\\/\\\/patagoniambiental.com.ar\\\/info\\\/chatarra-y-botellas-plasticas-coordinan-trabajo-conjunto-para-la-disposicion-final\\\/\",\"name\":\"Chatarra y botellas pl\u00e1sticas: Coordinan trabajo conjunto para la disposici\u00f3n final\",\"isPartOf\":{\"@id\":\"https:\\\/\\\/patagoniambiental.com.ar\\\/info\\\/#website\"},\"datePublished\":\"2016-10-14T22:00:18+00:00\",\"breadcrumb\":{\"@id\":\"https:\\\/\\\/patagoniambiental.com.ar\\\/info\\\/chatarra-y-botellas-plasticas-coordinan-trabajo-conjunto-para-la-disposicion-final\\\/#breadcrumb\"},\"inLanguage\":\"es\",\"potentialAction\":[{\"@type\":\"ReadAction\",\"target\":[\"https:\\\/\\\/patagoniambiental.com.ar\\\/info\\\/chatarra-y-botellas-plasticas-coordinan-trabajo-conjunto-para-la-disposicion-final\\\/\"]}]},{\"@type\":\"BreadcrumbList\",\"@id\":\"https:\\\/\\\/patagoniambiental.com.ar\\\/info\\\/chatarra-y-botellas-plasticas-coordinan-trabajo-conjunto-para-la-disposicion-final\\\/#breadcrumb\",\"itemListElement\":[{\"@type\":\"ListItem\",\"position\":1,\"name\":\"Inicio\",\"item\":\"https:\\\/\\\/patagoniambiental.com.ar\\\/info\\\/\"},{\"@type\":\"ListItem\",\"position\":2,\"name\":\"Chatarra y botellas pl\u00e1sticas: Coordinan trabajo conjunto para la disposici\u00f3n final\"}]},{\"@type\":\"WebSite\",\"@id\":\"https:\\\/\\\/patagoniambiental.com.ar\\\/info\\\/#website\",\"url\":\"https:\\\/\\\/patagoniambiental.com.ar\\\/info\\\/\",\"name\":\"Patagonia Ambiental\",\"description\":\"Monitoreo y an\u00e1lisis de la situaci\u00f3n geopol\u00edtica en el mundo y su implicancia en la Patagonia\",\"publisher\":{\"@id\":\"https:\\\/\\\/patagoniambiental.com.ar\\\/info\\\/#organization\"},\"potentialAction\":[{\"@type\":\"SearchAction\",\"target\":{\"@type\":\"EntryPoint\",\"urlTemplate\":\"https:\\\/\\\/patagoniambiental.com.ar\\\/info\\\/?s={search_term_string}\"},\"query-input\":{\"@type\":\"PropertyValueSpecification\",\"valueRequired\":true,\"valueName\":\"search_term_string\"}}],\"inLanguage\":\"es\"},{\"@type\":\"Organization\",\"@id\":\"https:\\\/\\\/patagoniambiental.com.ar\\\/info\\\/#organization\",\"name\":\"Patagonia Ambiental\",\"url\":\"https:\\\/\\\/patagoniambiental.com.ar\\\/info\\\/\",\"logo\":{\"@type\":\"ImageObject\",\"inLanguage\":\"es\",\"@id\":\"https:\\\/\\\/patagoniambiental.com.ar\\\/info\\\/#\\\/schema\\\/logo\\\/image\\\/\",\"url\":\"https:\\\/\\\/patagoniambiental.com.ar\\\/info\\\/wp-content\\\/uploads\\\/2025\\\/05\\\/LOGO-PATAGONIA-AMBIENTAL.png\",\"contentUrl\":\"https:\\\/\\\/patagoniambiental.com.ar\\\/info\\\/wp-content\\\/uploads\\\/2025\\\/05\\\/LOGO-PATAGONIA-AMBIENTAL.png\",\"width\":433,\"height\":250,\"caption\":\"Patagonia Ambiental\"},\"image\":{\"@id\":\"https:\\\/\\\/patagoniambiental.com.ar\\\/info\\\/#\\\/schema\\\/logo\\\/image\\\/\"},\"sameAs\":[\"https:\\\/\\\/www.facebook.com\\\/patagonia.ambiental\",\"https:\\\/\\\/x.com\\\/PatAmb\"]},{\"@type\":\"Person\",\"@id\":\"https:\\\/\\\/patagoniambiental.com.ar\\\/info\\\/#\\\/schema\\\/person\\\/db12bff64bbcbf6a253710bf0ea37b5d\",\"name\":\"Patagonia Ambiental\",\"description\":\"Andr\u00e9s Nievas T\u00e9cnico en manejo ambiental, consultor Ambiental y escritor para medios locales e internacionales sobre temas de geopolitica y medio ambiente.\",\"sameAs\":[\"http:\\\/\\\/www.patagoniambiental.com.ar\",\"https:\\\/\\\/www.facebook.com\\\/share\\\/1C1V8Gv9BX\\\/?mibextid=qi2Omg\",\"@patagoniambiental\",\"https:\\\/\\\/youtube.com\\\/@patagoniaambiental2023?si=BLt58t0wuXquxlYZ\"]}]}<\/script>\n<!-- \/ Yoast SEO Premium plugin. -->","yoast_head_json":{"title":"Chatarra y botellas pl\u00e1sticas: Coordinan trabajo conjunto para la disposici\u00f3n final","robots":{"index":"index","follow":"follow","max-snippet":"max-snippet:-1","max-image-preview":"max-image-preview:large","max-video-preview":"max-video-preview:-1"},"canonical":"https:\/\/patagoniambiental.com.ar\/info\/chatarra-y-botellas-plasticas-coordinan-trabajo-conjunto-para-la-disposicion-final\/","og_locale":"es_ES","og_type":"article","og_title":"Chatarra y botellas pl\u00e1sticas: Coordinan trabajo conjunto para la disposici\u00f3n final","og_description":"Ushuaia.-El secretario de Medio Ambiente del Municipio, Dami\u00e1n de Marco, recorri\u00f3 junto al ministro de Industria de la Provincia Ramiro [&hellip;]","og_url":"https:\/\/patagoniambiental.com.ar\/info\/chatarra-y-botellas-plasticas-coordinan-trabajo-conjunto-para-la-disposicion-final\/","og_site_name":"Patagonia Ambiental","article_publisher":"https:\/\/www.facebook.com\/patagonia.ambiental","article_author":"https:\/\/www.facebook.com\/share\/1C1V8Gv9BX\/?mibextid=qi2Omg","article_published_time":"2016-10-14T22:00:18+00:00","author":"Patagonia Ambiental","twitter_card":"summary_large_image","twitter_creator":"@PatAmb","twitter_site":"@PatAmb","schema":{"@context":"https:\/\/schema.org","@graph":[{"@type":"Article","@id":"https:\/\/patagoniambiental.com.ar\/info\/chatarra-y-botellas-plasticas-coordinan-trabajo-conjunto-para-la-disposicion-final\/#article","isPartOf":{"@id":"https:\/\/patagoniambiental.com.ar\/info\/chatarra-y-botellas-plasticas-coordinan-trabajo-conjunto-para-la-disposicion-final\/"},"author":{"name":"Patagonia Ambiental","@id":"https:\/\/patagoniambiental.com.ar\/info\/#\/schema\/person\/db12bff64bbcbf6a253710bf0ea37b5d"},"headline":"Chatarra y botellas pl\u00e1sticas: Coordinan trabajo conjunto para la disposici\u00f3n final","datePublished":"2016-10-14T22:00:18+00:00","mainEntityOfPage":{"@id":"https:\/\/patagoniambiental.com.ar\/info\/chatarra-y-botellas-plasticas-coordinan-trabajo-conjunto-para-la-disposicion-final\/"},"wordCount":639,"publisher":{"@id":"https:\/\/patagoniambiental.com.ar\/info\/#organization"},"articleSection":["Municipales","Noticias"],"inLanguage":"es"},{"@type":"WebPage","@id":"https:\/\/patagoniambiental.com.ar\/info\/chatarra-y-botellas-plasticas-coordinan-trabajo-conjunto-para-la-disposicion-final\/","url":"https:\/\/patagoniambiental.com.ar\/info\/chatarra-y-botellas-plasticas-coordinan-trabajo-conjunto-para-la-disposicion-final\/","name":"Chatarra y botellas pl\u00e1sticas: Coordinan trabajo conjunto para la disposici\u00f3n final","isPartOf":{"@id":"https:\/\/patagoniambiental.com.ar\/info\/#website"},"datePublished":"2016-10-14T22:00:18+00:00","breadcrumb":{"@id":"https:\/\/patagoniambiental.com.ar\/info\/chatarra-y-botellas-plasticas-coordinan-trabajo-conjunto-para-la-disposicion-final\/#breadcrumb"},"inLanguage":"es","potentialAction":[{"@type":"ReadAction","target":["https:\/\/patagoniambiental.com.ar\/info\/chatarra-y-botellas-plasticas-coordinan-trabajo-conjunto-para-la-disposicion-final\/"]}]},{"@type":"BreadcrumbList","@id":"https:\/\/patagoniambiental.com.ar\/info\/chatarra-y-botellas-plasticas-coordinan-trabajo-conjunto-para-la-disposicion-final\/#breadcrumb","itemListElement":[{"@type":"ListItem","position":1,"name":"Inicio","item":"https:\/\/patagoniambiental.com.ar\/info\/"},{"@type":"ListItem","position":2,"name":"Chatarra y botellas pl\u00e1sticas: Coordinan trabajo conjunto para la disposici\u00f3n final"}]},{"@type":"WebSite","@id":"https:\/\/patagoniambiental.com.ar\/info\/#website","url":"https:\/\/patagoniambiental.com.ar\/info\/","name":"Patagonia Ambiental","description":"Monitoreo y an\u00e1lisis de la situaci\u00f3n geopol\u00edtica en el mundo y su implicancia en la Patagonia","publisher":{"@id":"https:\/\/patagoniambiental.com.ar\/info\/#organization"},"potentialAction":[{"@type":"SearchAction","target":{"@type":"EntryPoint","urlTemplate":"https:\/\/patagoniambiental.com.ar\/info\/?s={search_term_string}"},"query-input":{"@type":"PropertyValueSpecification","valueRequired":true,"valueName":"search_term_string"}}],"inLanguage":"es"},{"@type":"Organization","@id":"https:\/\/patagoniambiental.com.ar\/info\/#organization","name":"Patagonia Ambiental","url":"https:\/\/patagoniambiental.com.ar\/info\/","logo":{"@type":"ImageObject","inLanguage":"es","@id":"https:\/\/patagoniambiental.com.ar\/info\/#\/schema\/logo\/image\/","url":"https:\/\/patagoniambiental.com.ar\/info\/wp-content\/uploads\/2025\/05\/LOGO-PATAGONIA-AMBIENTAL.png","contentUrl":"https:\/\/patagoniambiental.com.ar\/info\/wp-content\/uploads\/2025\/05\/LOGO-PATAGONIA-AMBIENTAL.png","width":433,"height":250,"caption":"Patagonia Ambiental"},"image":{"@id":"https:\/\/patagoniambiental.com.ar\/info\/#\/schema\/logo\/image\/"},"sameAs":["https:\/\/www.facebook.com\/patagonia.ambiental","https:\/\/x.com\/PatAmb"]},{"@type":"Person","@id":"https:\/\/patagoniambiental.com.ar\/info\/#\/schema\/person\/db12bff64bbcbf6a253710bf0ea37b5d","name":"Patagonia Ambiental","description":"Andr\u00e9s Nievas T\u00e9cnico en manejo ambiental, consultor Ambiental y escritor para medios locales e internacionales sobre temas de geopolitica y medio ambiente.","sameAs":["http:\/\/www.patagoniambiental.com.ar","https:\/\/www.facebook.com\/share\/1C1V8Gv9BX\/?mibextid=qi2Omg","@patagoniambiental","https:\/\/youtube.com\/@patagoniaambiental2023?si=BLt58t0wuXquxlYZ"]}]}},"_links":{"self":[{"href":"https:\/\/patagoniambiental.com.ar\/info\/wp-json\/wp\/v2\/posts\/21671","targetHints":{"allow":["GET"]}}],"collection":[{"href":"https:\/\/patagoniambiental.com.ar\/info\/wp-json\/wp\/v2\/posts"}],"about":[{"href":"https:\/\/patagoniambiental.com.ar\/info\/wp-json\/wp\/v2\/types\/post"}],"author":[{"embeddable":true,"href":"https:\/\/patagoniambiental.com.ar\/info\/wp-json\/wp\/v2\/users\/2"}],"replies":[{"embeddable":true,"href":"https:\/\/patagoniambiental.com.ar\/info\/wp-json\/wp\/v2\/comments?post=21671"}],"version-history":[{"count":0,"href":"https:\/\/patagoniambiental.com.ar\/info\/wp-json\/wp\/v2\/posts\/21671\/revisions"}],"wp:attachment":[{"href":"https:\/\/patagoniambiental.com.ar\/info\/wp-json\/wp\/v2\/media?parent=21671"}],"wp:term":[{"taxonomy":"category","embeddable":true,"href":"https:\/\/patagoniambiental.com.ar\/info\/wp-json\/wp\/v2\/categories?post=21671"},{"taxonomy":"post_tag","embeddable":true,"href":"https:\/\/patagoniambiental.com.ar\/info\/wp-json\/wp\/v2\/tags?post=21671"}],"curies":[{"name":"wp","href":"https:\/\/api.w.org\/{rel}","templated":true}]}}