{"id":21696,"date":"2016-10-15T17:09:01","date_gmt":"2016-10-15T20:09:01","guid":{"rendered":"http:\/\/patagoniambiental.com.ar\/?p=21696"},"modified":"2016-10-15T17:09:01","modified_gmt":"2016-10-15T20:09:01","slug":"ushuaia-actividades-para-los-mas-chicos-en-el-centro-de-interpretacion-de-aves","status":"publish","type":"post","link":"https:\/\/patagoniambiental.com.ar\/info\/ushuaia-actividades-para-los-mas-chicos-en-el-centro-de-interpretacion-de-aves\/","title":{"rendered":"Ushuaia: Actividades para los m\u00e1s chicos en el Centro de Interpretaci\u00f3n de Aves"},"content":{"rendered":"<p>USHUAIA.- En el marco del 7\u00b0 Festival de Aves de la Reserva Costa Atl\u00e1ntica se est\u00e1n desarrollando distintos talleres l\u00fadicos y art\u00edsticos para instituciones educativas de la ciudad en el Centro de Interpretaci\u00f3n de Aves, donde los chicos pueden interiorizarse de las actividades que se desarrollan en el lugar y del trabajo en el cuidado del ambiente.<\/p>\n<p>Carina campos, docente de jard\u00edn de infantes \u201cJuanito Bosco\u201d, destac\u00f3 que junto a sus alumnos han podido \u201crecorrer la vida de los playeros, c\u00f3mo viajan, d\u00f3nde descansan, c\u00f3mo pasan el verano en la ciudad, todas estas actividades que hace el playero, los ni\u00f1os pudieron vivirla en primera persona\u201d.<\/p>\n<p>La maestra explic\u00f3 que \u201ceste ser\u00e1 un disparador para trabajar con los chicos, en un proyecto con las aves de nuestras costas\u201d y agreg\u00f3 que \u201cde esta manera poder inculcar de peque\u00f1os el cuidado y el respeto de las aves, el playero necesita que haya silencio, que no haya perros y cuatriciclos que interrumpan su sue\u00f1o\u201d.<\/p>\n<p>Por otro lado, Tabar\u00e9 Barreto se mostr\u00f3 muy conforme y contento por todas las actividades que se vienen desarrollando en cuestiones de protecci\u00f3n de la reserva, \u201cestas actividades siempre son muy buenas, sobre todo por la educaci\u00f3n en los m\u00e1s peque\u00f1os, que ellos sepan que las aves los necesitan y que desde su lugar pueden hacer algo para cuidarlas\u201d.<\/p>\n<p>Barreto agradeci\u00f3\u00a0 a las docentes por \u201cla importante labor que llevan adelante, porque su trabajo es todo el a\u00f1o, ellas son las promotoras de nuevas ideas en los m\u00e1s peque\u00f1os\u201d.<\/p>\n<p>Finalmente, adelant\u00f3 que \u201ctoda esta semana tenemos talleres tem\u00e1ticos de juegos y la pr\u00f3xima semana ser\u00e1 la semana de observar las aves. Aquellos colegios que deseen participar, deber\u00e1n anotarse a trav\u00e9s de la p\u00e1gina de facebook de la Reserva\u201d.<\/p>\n","protected":false},"excerpt":{"rendered":"<p>USHUAIA.- En el marco del 7\u00b0 Festival de Aves de la Reserva Costa Atl\u00e1ntica se est\u00e1n desarrollando distintos talleres l\u00fadicos [&hellip;]<\/p>\n","protected":false},"author":2,"featured_media":0,"comment_status":"closed","ping_status":"closed","sticky":false,"template":"","format":"standard","meta":{"site-sidebar-layout":"default","site-content-layout":"","ast-site-content-layout":"default","site-content-style":"default","site-sidebar-style":"default","ast-global-header-display":"","ast-banner-title-visibility":"","ast-main-header-display":"","ast-hfb-above-header-display":"","ast-hfb-below-header-display":"","ast-hfb-mobile-header-display":"","site-post-title":"","ast-breadcrumbs-content":"","ast-featured-img":"","footer-sml-layout":"","ast-disable-related-posts":"","theme-transparent-header-meta":"","adv-header-id-meta":"","stick-header-meta":"","header-above-stick-meta":"","header-main-stick-meta":"","header-below-stick-meta":"","astra-migrate-meta-layouts":"default","ast-page-background-enabled":"default","ast-page-background-meta":{"desktop":{"background-color":"var(--ast-global-color-5)","background-image":"","background-repeat":"repeat","background-position":"center center","background-size":"auto","background-attachment":"scroll","background-type":"","background-media":"","overlay-type":"","overlay-color":"","overlay-opacity":"","overlay-gradient":""},"tablet":{"background-color":"","background-image":"","background-repeat":"repeat","background-position":"center center","background-size":"auto","background-attachment":"scroll","background-type":"","background-media":"","overlay-type":"","overlay-color":"","overlay-opacity":"","overlay-gradient":""},"mobile":{"background-color":"","background-image":"","background-repeat":"repeat","background-position":"center center","background-size":"auto","background-attachment":"scroll","background-type":"","background-media":"","overlay-type":"","overlay-color":"","overlay-opacity":"","overlay-gradient":""}},"ast-content-background-meta":{"desktop":{"background-color":"var(--ast-global-color-4)","background-image":"","background-repeat":"repeat","background-position":"center center","background-size":"auto","background-attachment":"scroll","background-type":"","background-media":"","overlay-type":"","overlay-color":"","overlay-opacity":"","overlay-gradient":""},"tablet":{"background-color":"var(--ast-global-color-4)","background-image":"","background-repeat":"repeat","background-position":"center center","background-size":"auto","background-attachment":"scroll","background-type":"","background-media":"","overlay-type":"","overlay-color":"","overlay-opacity":"","overlay-gradient":""},"mobile":{"background-color":"var(--ast-global-color-4)","background-image":"","background-repeat":"repeat","background-position":"center center","background-size":"auto","background-attachment":"scroll","background-type":"","background-media":"","overlay-type":"","overlay-color":"","overlay-opacity":"","overlay-gradient":""}},"footnotes":""},"categories":[16,1],"tags":[],"class_list":["post-21696","post","type-post","status-publish","format-standard","hentry","category-municipales","category-noticias"],"yoast_head":"<!-- This site is optimized with the Yoast SEO Premium plugin v23.0 (Yoast SEO v27.4) - https:\/\/yoast.com\/product\/yoast-seo-premium-wordpress\/ -->\n<title>Ushuaia: Actividades para los m\u00e1s chicos en el Centro de Interpretaci\u00f3n de Aves<\/title>\n<meta name=\"robots\" content=\"index, follow, max-snippet:-1, max-image-preview:large, max-video-preview:-1\" \/>\n<link rel=\"canonical\" href=\"https:\/\/patagoniambiental.com.ar\/info\/ushuaia-actividades-para-los-mas-chicos-en-el-centro-de-interpretacion-de-aves\/\" \/>\n<meta property=\"og:locale\" content=\"es_ES\" \/>\n<meta property=\"og:type\" content=\"article\" \/>\n<meta property=\"og:title\" content=\"Ushuaia: Actividades para los m\u00e1s chicos en el Centro de Interpretaci\u00f3n de Aves\" \/>\n<meta property=\"og:description\" content=\"USHUAIA.- En el marco del 7\u00b0 Festival de Aves de la Reserva Costa Atl\u00e1ntica se est\u00e1n desarrollando distintos talleres l\u00fadicos [&hellip;]\" \/>\n<meta property=\"og:url\" content=\"https:\/\/patagoniambiental.com.ar\/info\/ushuaia-actividades-para-los-mas-chicos-en-el-centro-de-interpretacion-de-aves\/\" \/>\n<meta property=\"og:site_name\" content=\"Patagonia Ambiental\" \/>\n<meta property=\"article:publisher\" content=\"https:\/\/www.facebook.com\/patagonia.ambiental\" \/>\n<meta property=\"article:author\" content=\"https:\/\/www.facebook.com\/share\/1C1V8Gv9BX\/?mibextid=qi2Omg\" \/>\n<meta property=\"article:published_time\" content=\"2016-10-15T20:09:01+00:00\" \/>\n<meta name=\"author\" content=\"Patagonia Ambiental\" \/>\n<meta name=\"twitter:card\" content=\"summary_large_image\" \/>\n<meta name=\"twitter:creator\" content=\"@PatAmb\" \/>\n<meta name=\"twitter:site\" content=\"@PatAmb\" \/>\n<script type=\"application\/ld+json\" class=\"yoast-schema-graph\">{\"@context\":\"https:\\\/\\\/schema.org\",\"@graph\":[{\"@type\":\"Article\",\"@id\":\"https:\\\/\\\/patagoniambiental.com.ar\\\/info\\\/ushuaia-actividades-para-los-mas-chicos-en-el-centro-de-interpretacion-de-aves\\\/#article\",\"isPartOf\":{\"@id\":\"https:\\\/\\\/patagoniambiental.com.ar\\\/info\\\/ushuaia-actividades-para-los-mas-chicos-en-el-centro-de-interpretacion-de-aves\\\/\"},\"author\":{\"name\":\"Patagonia Ambiental\",\"@id\":\"https:\\\/\\\/patagoniambiental.com.ar\\\/info\\\/#\\\/schema\\\/person\\\/db12bff64bbcbf6a253710bf0ea37b5d\"},\"headline\":\"Ushuaia: Actividades para los m\u00e1s chicos en el Centro de Interpretaci\u00f3n de Aves\",\"datePublished\":\"2016-10-15T20:09:01+00:00\",\"mainEntityOfPage\":{\"@id\":\"https:\\\/\\\/patagoniambiental.com.ar\\\/info\\\/ushuaia-actividades-para-los-mas-chicos-en-el-centro-de-interpretacion-de-aves\\\/\"},\"wordCount\":328,\"publisher\":{\"@id\":\"https:\\\/\\\/patagoniambiental.com.ar\\\/info\\\/#organization\"},\"articleSection\":[\"Municipales\",\"Noticias\"],\"inLanguage\":\"es\"},{\"@type\":\"WebPage\",\"@id\":\"https:\\\/\\\/patagoniambiental.com.ar\\\/info\\\/ushuaia-actividades-para-los-mas-chicos-en-el-centro-de-interpretacion-de-aves\\\/\",\"url\":\"https:\\\/\\\/patagoniambiental.com.ar\\\/info\\\/ushuaia-actividades-para-los-mas-chicos-en-el-centro-de-interpretacion-de-aves\\\/\",\"name\":\"Ushuaia: Actividades para los m\u00e1s chicos en el Centro de Interpretaci\u00f3n de Aves\",\"isPartOf\":{\"@id\":\"https:\\\/\\\/patagoniambiental.com.ar\\\/info\\\/#website\"},\"datePublished\":\"2016-10-15T20:09:01+00:00\",\"breadcrumb\":{\"@id\":\"https:\\\/\\\/patagoniambiental.com.ar\\\/info\\\/ushuaia-actividades-para-los-mas-chicos-en-el-centro-de-interpretacion-de-aves\\\/#breadcrumb\"},\"inLanguage\":\"es\",\"potentialAction\":[{\"@type\":\"ReadAction\",\"target\":[\"https:\\\/\\\/patagoniambiental.com.ar\\\/info\\\/ushuaia-actividades-para-los-mas-chicos-en-el-centro-de-interpretacion-de-aves\\\/\"]}]},{\"@type\":\"BreadcrumbList\",\"@id\":\"https:\\\/\\\/patagoniambiental.com.ar\\\/info\\\/ushuaia-actividades-para-los-mas-chicos-en-el-centro-de-interpretacion-de-aves\\\/#breadcrumb\",\"itemListElement\":[{\"@type\":\"ListItem\",\"position\":1,\"name\":\"Inicio\",\"item\":\"https:\\\/\\\/patagoniambiental.com.ar\\\/info\\\/\"},{\"@type\":\"ListItem\",\"position\":2,\"name\":\"Ushuaia: Actividades para los m\u00e1s chicos en el Centro de Interpretaci\u00f3n de Aves\"}]},{\"@type\":\"WebSite\",\"@id\":\"https:\\\/\\\/patagoniambiental.com.ar\\\/info\\\/#website\",\"url\":\"https:\\\/\\\/patagoniambiental.com.ar\\\/info\\\/\",\"name\":\"Patagonia Ambiental\",\"description\":\"Monitoreo y an\u00e1lisis de la situaci\u00f3n geopol\u00edtica en el mundo y su implicancia en la Patagonia\",\"publisher\":{\"@id\":\"https:\\\/\\\/patagoniambiental.com.ar\\\/info\\\/#organization\"},\"potentialAction\":[{\"@type\":\"SearchAction\",\"target\":{\"@type\":\"EntryPoint\",\"urlTemplate\":\"https:\\\/\\\/patagoniambiental.com.ar\\\/info\\\/?s={search_term_string}\"},\"query-input\":{\"@type\":\"PropertyValueSpecification\",\"valueRequired\":true,\"valueName\":\"search_term_string\"}}],\"inLanguage\":\"es\"},{\"@type\":\"Organization\",\"@id\":\"https:\\\/\\\/patagoniambiental.com.ar\\\/info\\\/#organization\",\"name\":\"Patagonia Ambiental\",\"url\":\"https:\\\/\\\/patagoniambiental.com.ar\\\/info\\\/\",\"logo\":{\"@type\":\"ImageObject\",\"inLanguage\":\"es\",\"@id\":\"https:\\\/\\\/patagoniambiental.com.ar\\\/info\\\/#\\\/schema\\\/logo\\\/image\\\/\",\"url\":\"https:\\\/\\\/patagoniambiental.com.ar\\\/info\\\/wp-content\\\/uploads\\\/2025\\\/05\\\/LOGO-PATAGONIA-AMBIENTAL.png\",\"contentUrl\":\"https:\\\/\\\/patagoniambiental.com.ar\\\/info\\\/wp-content\\\/uploads\\\/2025\\\/05\\\/LOGO-PATAGONIA-AMBIENTAL.png\",\"width\":433,\"height\":250,\"caption\":\"Patagonia Ambiental\"},\"image\":{\"@id\":\"https:\\\/\\\/patagoniambiental.com.ar\\\/info\\\/#\\\/schema\\\/logo\\\/image\\\/\"},\"sameAs\":[\"https:\\\/\\\/www.facebook.com\\\/patagonia.ambiental\",\"https:\\\/\\\/x.com\\\/PatAmb\"]},{\"@type\":\"Person\",\"@id\":\"https:\\\/\\\/patagoniambiental.com.ar\\\/info\\\/#\\\/schema\\\/person\\\/db12bff64bbcbf6a253710bf0ea37b5d\",\"name\":\"Patagonia Ambiental\",\"description\":\"Andr\u00e9s Nievas T\u00e9cnico en manejo ambiental, consultor Ambiental y escritor para medios locales e internacionales sobre temas de geopolitica y medio ambiente.\",\"sameAs\":[\"http:\\\/\\\/www.patagoniambiental.com.ar\",\"https:\\\/\\\/www.facebook.com\\\/share\\\/1C1V8Gv9BX\\\/?mibextid=qi2Omg\",\"@patagoniambiental\",\"https:\\\/\\\/youtube.com\\\/@patagoniaambiental2023?si=BLt58t0wuXquxlYZ\"]}]}<\/script>\n<!-- \/ Yoast SEO Premium plugin. -->","yoast_head_json":{"title":"Ushuaia: Actividades para los m\u00e1s chicos en el Centro de Interpretaci\u00f3n de Aves","robots":{"index":"index","follow":"follow","max-snippet":"max-snippet:-1","max-image-preview":"max-image-preview:large","max-video-preview":"max-video-preview:-1"},"canonical":"https:\/\/patagoniambiental.com.ar\/info\/ushuaia-actividades-para-los-mas-chicos-en-el-centro-de-interpretacion-de-aves\/","og_locale":"es_ES","og_type":"article","og_title":"Ushuaia: Actividades para los m\u00e1s chicos en el Centro de Interpretaci\u00f3n de Aves","og_description":"USHUAIA.- En el marco del 7\u00b0 Festival de Aves de la Reserva Costa Atl\u00e1ntica se est\u00e1n desarrollando distintos talleres l\u00fadicos [&hellip;]","og_url":"https:\/\/patagoniambiental.com.ar\/info\/ushuaia-actividades-para-los-mas-chicos-en-el-centro-de-interpretacion-de-aves\/","og_site_name":"Patagonia Ambiental","article_publisher":"https:\/\/www.facebook.com\/patagonia.ambiental","article_author":"https:\/\/www.facebook.com\/share\/1C1V8Gv9BX\/?mibextid=qi2Omg","article_published_time":"2016-10-15T20:09:01+00:00","author":"Patagonia Ambiental","twitter_card":"summary_large_image","twitter_creator":"@PatAmb","twitter_site":"@PatAmb","schema":{"@context":"https:\/\/schema.org","@graph":[{"@type":"Article","@id":"https:\/\/patagoniambiental.com.ar\/info\/ushuaia-actividades-para-los-mas-chicos-en-el-centro-de-interpretacion-de-aves\/#article","isPartOf":{"@id":"https:\/\/patagoniambiental.com.ar\/info\/ushuaia-actividades-para-los-mas-chicos-en-el-centro-de-interpretacion-de-aves\/"},"author":{"name":"Patagonia Ambiental","@id":"https:\/\/patagoniambiental.com.ar\/info\/#\/schema\/person\/db12bff64bbcbf6a253710bf0ea37b5d"},"headline":"Ushuaia: Actividades para los m\u00e1s chicos en el Centro de Interpretaci\u00f3n de Aves","datePublished":"2016-10-15T20:09:01+00:00","mainEntityOfPage":{"@id":"https:\/\/patagoniambiental.com.ar\/info\/ushuaia-actividades-para-los-mas-chicos-en-el-centro-de-interpretacion-de-aves\/"},"wordCount":328,"publisher":{"@id":"https:\/\/patagoniambiental.com.ar\/info\/#organization"},"articleSection":["Municipales","Noticias"],"inLanguage":"es"},{"@type":"WebPage","@id":"https:\/\/patagoniambiental.com.ar\/info\/ushuaia-actividades-para-los-mas-chicos-en-el-centro-de-interpretacion-de-aves\/","url":"https:\/\/patagoniambiental.com.ar\/info\/ushuaia-actividades-para-los-mas-chicos-en-el-centro-de-interpretacion-de-aves\/","name":"Ushuaia: Actividades para los m\u00e1s chicos en el Centro de Interpretaci\u00f3n de Aves","isPartOf":{"@id":"https:\/\/patagoniambiental.com.ar\/info\/#website"},"datePublished":"2016-10-15T20:09:01+00:00","breadcrumb":{"@id":"https:\/\/patagoniambiental.com.ar\/info\/ushuaia-actividades-para-los-mas-chicos-en-el-centro-de-interpretacion-de-aves\/#breadcrumb"},"inLanguage":"es","potentialAction":[{"@type":"ReadAction","target":["https:\/\/patagoniambiental.com.ar\/info\/ushuaia-actividades-para-los-mas-chicos-en-el-centro-de-interpretacion-de-aves\/"]}]},{"@type":"BreadcrumbList","@id":"https:\/\/patagoniambiental.com.ar\/info\/ushuaia-actividades-para-los-mas-chicos-en-el-centro-de-interpretacion-de-aves\/#breadcrumb","itemListElement":[{"@type":"ListItem","position":1,"name":"Inicio","item":"https:\/\/patagoniambiental.com.ar\/info\/"},{"@type":"ListItem","position":2,"name":"Ushuaia: Actividades para los m\u00e1s chicos en el Centro de Interpretaci\u00f3n de Aves"}]},{"@type":"WebSite","@id":"https:\/\/patagoniambiental.com.ar\/info\/#website","url":"https:\/\/patagoniambiental.com.ar\/info\/","name":"Patagonia Ambiental","description":"Monitoreo y an\u00e1lisis de la situaci\u00f3n geopol\u00edtica en el mundo y su implicancia en la Patagonia","publisher":{"@id":"https:\/\/patagoniambiental.com.ar\/info\/#organization"},"potentialAction":[{"@type":"SearchAction","target":{"@type":"EntryPoint","urlTemplate":"https:\/\/patagoniambiental.com.ar\/info\/?s={search_term_string}"},"query-input":{"@type":"PropertyValueSpecification","valueRequired":true,"valueName":"search_term_string"}}],"inLanguage":"es"},{"@type":"Organization","@id":"https:\/\/patagoniambiental.com.ar\/info\/#organization","name":"Patagonia Ambiental","url":"https:\/\/patagoniambiental.com.ar\/info\/","logo":{"@type":"ImageObject","inLanguage":"es","@id":"https:\/\/patagoniambiental.com.ar\/info\/#\/schema\/logo\/image\/","url":"https:\/\/patagoniambiental.com.ar\/info\/wp-content\/uploads\/2025\/05\/LOGO-PATAGONIA-AMBIENTAL.png","contentUrl":"https:\/\/patagoniambiental.com.ar\/info\/wp-content\/uploads\/2025\/05\/LOGO-PATAGONIA-AMBIENTAL.png","width":433,"height":250,"caption":"Patagonia Ambiental"},"image":{"@id":"https:\/\/patagoniambiental.com.ar\/info\/#\/schema\/logo\/image\/"},"sameAs":["https:\/\/www.facebook.com\/patagonia.ambiental","https:\/\/x.com\/PatAmb"]},{"@type":"Person","@id":"https:\/\/patagoniambiental.com.ar\/info\/#\/schema\/person\/db12bff64bbcbf6a253710bf0ea37b5d","name":"Patagonia Ambiental","description":"Andr\u00e9s Nievas T\u00e9cnico en manejo ambiental, consultor Ambiental y escritor para medios locales e internacionales sobre temas de geopolitica y medio ambiente.","sameAs":["http:\/\/www.patagoniambiental.com.ar","https:\/\/www.facebook.com\/share\/1C1V8Gv9BX\/?mibextid=qi2Omg","@patagoniambiental","https:\/\/youtube.com\/@patagoniaambiental2023?si=BLt58t0wuXquxlYZ"]}]}},"_links":{"self":[{"href":"https:\/\/patagoniambiental.com.ar\/info\/wp-json\/wp\/v2\/posts\/21696","targetHints":{"allow":["GET"]}}],"collection":[{"href":"https:\/\/patagoniambiental.com.ar\/info\/wp-json\/wp\/v2\/posts"}],"about":[{"href":"https:\/\/patagoniambiental.com.ar\/info\/wp-json\/wp\/v2\/types\/post"}],"author":[{"embeddable":true,"href":"https:\/\/patagoniambiental.com.ar\/info\/wp-json\/wp\/v2\/users\/2"}],"replies":[{"embeddable":true,"href":"https:\/\/patagoniambiental.com.ar\/info\/wp-json\/wp\/v2\/comments?post=21696"}],"version-history":[{"count":0,"href":"https:\/\/patagoniambiental.com.ar\/info\/wp-json\/wp\/v2\/posts\/21696\/revisions"}],"wp:attachment":[{"href":"https:\/\/patagoniambiental.com.ar\/info\/wp-json\/wp\/v2\/media?parent=21696"}],"wp:term":[{"taxonomy":"category","embeddable":true,"href":"https:\/\/patagoniambiental.com.ar\/info\/wp-json\/wp\/v2\/categories?post=21696"},{"taxonomy":"post_tag","embeddable":true,"href":"https:\/\/patagoniambiental.com.ar\/info\/wp-json\/wp\/v2\/tags?post=21696"}],"curies":[{"name":"wp","href":"https:\/\/api.w.org\/{rel}","templated":true}]}}