{"id":21808,"date":"2016-10-19T19:00:36","date_gmt":"2016-10-19T22:00:36","guid":{"rendered":"http:\/\/patagoniambiental.com.ar\/?p=21808"},"modified":"2016-10-19T19:00:36","modified_gmt":"2016-10-19T22:00:36","slug":"a-ponerse-las-pilas","status":"publish","type":"post","link":"https:\/\/patagoniambiental.com.ar\/info\/a-ponerse-las-pilas\/","title":{"rendered":"A ponerse las pilas"},"content":{"rendered":"<p>La Pampa.-Alumnos del colegio Domingo Savio comprobaron que no hay soluciones concretas para las pilas en desuso, por eso elaboraron un proyecto para extraerle los qu\u00edmicos y darle una reutilizaci\u00f3n que no contamine.<!--more--><br \/>\nEst\u00e1n presentes en todos los hogares. Tambi\u00e9n en escuelas o empresas. Las usan los grandes y los chicos. Se venden en kioscos, jugueter\u00edas, supermercados. Y participan en los di\u00e1logos cotidianos, como advertencia, como aliento o como sugerencia: \u201cPonete las pilas\u201d. Pero esas bater\u00edas que son necesarias para poner en funcionamiento una gran diversidad de productos de uso diario tienen un problema, contaminan el medioambiente.<br \/>\nCon esa consigna y en busca de una soluci\u00f3n para un problema que justamente no la tiene, un grupo de alumnos del Instituto Domingo Savio elabor\u00f3 el proyecto \u201cRe Pilas \u2013 Inactivaci\u00f3n de \u00f3xido de zinc y \u00f3xido de manganeso en las pilas alcalinas\u201d. El trabajo lleg\u00f3 a la instancia provincial de la Feria de Ciencia y Tecnolog\u00eda y tambi\u00e9n fue presentado en la reciente edici\u00f3n de la Expocytar 2016 donde fue seleccionado para ir a Concordia (Entre R\u00edos) el pr\u00f3ximo a\u00f1o.<br \/>\n\u201cEmpezamos a trabajar el proyecto el a\u00f1o pasado y el paso inicial fue averiguar qu\u00e9 se hace con las pilas que ya no sirven. En el pa\u00eds hay much\u00edsimas campa\u00f1as de recolecci\u00f3n pero lo cierto es que despu\u00e9s no se sabe bien qu\u00e9 se hace o ad\u00f3nde van a parar. Todos sabemos que las pilas contaminan pero no hay informaci\u00f3n clara sobre qu\u00e9 hacer con ellas\u201d, explic\u00f3 Olivia (16), quien junto a Malena (15), Santiago (14) y Nicol\u00e1s (14) trabajaron el proyecto bajo la supervisi\u00f3n del profesor de Qu\u00edmica, Manuel Neveu.<br \/>\n\u201cEl objetivo es desactivar esos componentes qu\u00edmicos que tienen las pilas para sacarlos del medioambiente porque si se los tira a la basura pueden traer problemas de salud. Juntamos las pilas y las desarmamos para sacarle todo lo de adentro. A esos productos los juntamos en un recipiente que se llama barro de pilas y lo trabajamos con \u00e1cido clorh\u00eddrico para transformar esos t\u00f3xicos en dos componentes que no contaminan tanto y que se pueden reutilizar\u201d, apunt\u00f3 Olivia. \u201cTen\u00edamos que comprobar con otros qu\u00edmicos y los transformamos. Uno de los componentes de las pilas es el cloruro de zinc y est\u00e1 presente en el enjuague bucal. Primero cuando el profesor nos dijo nos sorprendimos pero buscamos en los envases y es as\u00ed, entonces es una de las utilidades que puede tener\u201d, agreg\u00f3 Malena.<br \/>\nLos adolescentes no trabajaron con otros qu\u00edmicos m\u00e1s potentes por una cuesti\u00f3n de seguridad, pero en la tarea de laboratorio comprobaron que se puede aislar el componente t\u00f3xico y darle una reutilizaci\u00f3n. \u201cLa idea es aislar esos productos que son da\u00f1inos\u201d, resaltaron.<br \/>\nSeg\u00fan distintas estad\u00edsticas cada argentino genera entre 3 y 7 kilos de basura electr\u00f3nica al a\u00f1o. Esa masa de residuos est\u00e1 formada por las computadoras, tel\u00e9fonos celulares, televisores y electrodom\u00e9sticos que fueron desechados o descartados. Y las pilas y bater\u00edas constituyen la porci\u00f3n m\u00e1s t\u00f3xica de esos residuos, ya que contienen componentes como zinc, \u00f3xido de manganeso, mercurio o plomo y son sumamente perjudiciales para el ambiente.<br \/>\n\u201cEn el trabajo tambi\u00e9n incluimos encuestas, y mucha gente nos dijo que guarda las pilas pero no sabe ad\u00f3nde llevarlas. Hablamos con funcionarios del Emhsu (Ente Municipal de Higiene y Salubridad Urbana) y hace un tiempo hubo un proyecto con unos contenedores, pero son muy costosos. Al colegio trajeron un recipiente, pero despu\u00e9s de que se llen\u00f3 ya no lo trajeron otra vez. Entonces no hay continuidad con los proyectos para sacar de circulaci\u00f3n lo que ya no sirve\u201d, resaltaron los autores del proyecto.<br \/>\n\u00bfEntonces qu\u00e9 se hace<br \/>\ncon las pilas?<br \/>\n\u201cNo hay soluci\u00f3n concreta al problema. A nivel mundial las empresas que las producen no se encargan de sacarlas del medio porque eso no genera dinero, que es b\u00e1sicamente lo que les importa. En la ciudad de La Plata, por ejemplo, las desarman a mano para sacarles los qu\u00edmicos y en otros lugares se hacen distintas campa\u00f1as, seg\u00fan pudimos averiguar. Lo que no hay que hacer es tirarlas porque van al relleno sanitario y contaminan las tierras y despu\u00e9s las napas. Lo recomendable es juntarlas en frascos y tenerlas hasta que se activen las campa\u00f1as ecol\u00f3gicas\u201d, se\u00f1al\u00f3 Malena.<br \/>\nSeg\u00fan la ONG ambientalista Greenpeace, alrededor de un 30% del contenido de las pilas presenta materiales t\u00f3xicos capaces de da\u00f1ar a la salud y el medio ambiente. Absolutamente todas las bater\u00edas contaminan, ya que sus componentes riesgosos, generalmente metales, al ser liberados tienen un potencial capaz de desarrollar desde c\u00e9lulas cancer\u00edgenas (cadmio), hasta graves alteraciones emocionales (manganeso) y en el sistema nervioso central, cardiovascular y respiratorio (mercurio, plomo, litio).<br \/>\n\u201cUna sola pila alcalina -detall\u00f3 Olivia-, que son las que nosotros trabajamos, puede contaminar 175 mil litros de agua, que es m\u00e1s de lo que puede consumir una persona en su vida. El problema es que las pilas no es que se van reemplazando y se sacan del medio, siguen dando vueltas por ah\u00ed. Los juguetes tienen pilas, las radios tambi\u00e9n, los celulares siguen teniendo bater\u00edas\u2026 es como que estamos rodeados de esos productos. Est\u00e1n en todos lados\u201d.<\/p>\n<p>Fuente: Diario La Arena<\/p>\n","protected":false},"excerpt":{"rendered":"<p>La Pampa.-Alumnos del colegio Domingo Savio comprobaron que no hay soluciones concretas para las pilas en desuso, por eso elaboraron [&hellip;]<\/p>\n","protected":false},"author":2,"featured_media":0,"comment_status":"closed","ping_status":"closed","sticky":false,"template":"","format":"standard","meta":{"site-sidebar-layout":"default","site-content-layout":"","ast-site-content-layout":"default","site-content-style":"default","site-sidebar-style":"default","ast-global-header-display":"","ast-banner-title-visibility":"","ast-main-header-display":"","ast-hfb-above-header-display":"","ast-hfb-below-header-display":"","ast-hfb-mobile-header-display":"","site-post-title":"","ast-breadcrumbs-content":"","ast-featured-img":"","footer-sml-layout":"","ast-disable-related-posts":"","theme-transparent-header-meta":"","adv-header-id-meta":"","stick-header-meta":"","header-above-stick-meta":"","header-main-stick-meta":"","header-below-stick-meta":"","astra-migrate-meta-layouts":"default","ast-page-background-enabled":"default","ast-page-background-meta":{"desktop":{"background-color":"var(--ast-global-color-5)","background-image":"","background-repeat":"repeat","background-position":"center center","background-size":"auto","background-attachment":"scroll","background-type":"","background-media":"","overlay-type":"","overlay-color":"","overlay-opacity":"","overlay-gradient":""},"tablet":{"background-color":"","background-image":"","background-repeat":"repeat","background-position":"center center","background-size":"auto","background-attachment":"scroll","background-type":"","background-media":"","overlay-type":"","overlay-color":"","overlay-opacity":"","overlay-gradient":""},"mobile":{"background-color":"","background-image":"","background-repeat":"repeat","background-position":"center center","background-size":"auto","background-attachment":"scroll","background-type":"","background-media":"","overlay-type":"","overlay-color":"","overlay-opacity":"","overlay-gradient":""}},"ast-content-background-meta":{"desktop":{"background-color":"var(--ast-global-color-4)","background-image":"","background-repeat":"repeat","background-position":"center center","background-size":"auto","background-attachment":"scroll","background-type":"","background-media":"","overlay-type":"","overlay-color":"","overlay-opacity":"","overlay-gradient":""},"tablet":{"background-color":"var(--ast-global-color-4)","background-image":"","background-repeat":"repeat","background-position":"center center","background-size":"auto","background-attachment":"scroll","background-type":"","background-media":"","overlay-type":"","overlay-color":"","overlay-opacity":"","overlay-gradient":""},"mobile":{"background-color":"var(--ast-global-color-4)","background-image":"","background-repeat":"repeat","background-position":"center center","background-size":"auto","background-attachment":"scroll","background-type":"","background-media":"","overlay-type":"","overlay-color":"","overlay-opacity":"","overlay-gradient":""}},"footnotes":""},"categories":[16,1],"tags":[],"class_list":["post-21808","post","type-post","status-publish","format-standard","hentry","category-municipales","category-noticias"],"yoast_head":"<!-- This site is optimized with the Yoast SEO Premium plugin v23.0 (Yoast SEO v27.4) - https:\/\/yoast.com\/product\/yoast-seo-premium-wordpress\/ -->\n<title>A ponerse las pilas<\/title>\n<meta name=\"robots\" content=\"index, follow, max-snippet:-1, max-image-preview:large, max-video-preview:-1\" \/>\n<link rel=\"canonical\" href=\"https:\/\/patagoniambiental.com.ar\/info\/a-ponerse-las-pilas\/\" \/>\n<meta property=\"og:locale\" content=\"es_ES\" \/>\n<meta property=\"og:type\" content=\"article\" \/>\n<meta property=\"og:title\" content=\"A ponerse las pilas\" \/>\n<meta property=\"og:description\" content=\"La Pampa.-Alumnos del colegio Domingo Savio comprobaron que no hay soluciones concretas para las pilas en desuso, por eso elaboraron [&hellip;]\" \/>\n<meta property=\"og:url\" content=\"https:\/\/patagoniambiental.com.ar\/info\/a-ponerse-las-pilas\/\" \/>\n<meta property=\"og:site_name\" content=\"Patagonia Ambiental\" \/>\n<meta property=\"article:publisher\" content=\"https:\/\/www.facebook.com\/patagonia.ambiental\" \/>\n<meta property=\"article:author\" content=\"https:\/\/www.facebook.com\/share\/1C1V8Gv9BX\/?mibextid=qi2Omg\" \/>\n<meta property=\"article:published_time\" content=\"2016-10-19T22:00:36+00:00\" \/>\n<meta name=\"author\" content=\"Patagonia Ambiental\" \/>\n<meta name=\"twitter:card\" content=\"summary_large_image\" \/>\n<meta name=\"twitter:creator\" content=\"@PatAmb\" \/>\n<meta name=\"twitter:site\" content=\"@PatAmb\" \/>\n<script type=\"application\/ld+json\" class=\"yoast-schema-graph\">{\"@context\":\"https:\\\/\\\/schema.org\",\"@graph\":[{\"@type\":\"Article\",\"@id\":\"https:\\\/\\\/patagoniambiental.com.ar\\\/info\\\/a-ponerse-las-pilas\\\/#article\",\"isPartOf\":{\"@id\":\"https:\\\/\\\/patagoniambiental.com.ar\\\/info\\\/a-ponerse-las-pilas\\\/\"},\"author\":{\"name\":\"Patagonia Ambiental\",\"@id\":\"https:\\\/\\\/patagoniambiental.com.ar\\\/info\\\/#\\\/schema\\\/person\\\/db12bff64bbcbf6a253710bf0ea37b5d\"},\"headline\":\"A ponerse las pilas\",\"datePublished\":\"2016-10-19T22:00:36+00:00\",\"mainEntityOfPage\":{\"@id\":\"https:\\\/\\\/patagoniambiental.com.ar\\\/info\\\/a-ponerse-las-pilas\\\/\"},\"wordCount\":917,\"publisher\":{\"@id\":\"https:\\\/\\\/patagoniambiental.com.ar\\\/info\\\/#organization\"},\"articleSection\":[\"Municipales\",\"Noticias\"],\"inLanguage\":\"es\"},{\"@type\":\"WebPage\",\"@id\":\"https:\\\/\\\/patagoniambiental.com.ar\\\/info\\\/a-ponerse-las-pilas\\\/\",\"url\":\"https:\\\/\\\/patagoniambiental.com.ar\\\/info\\\/a-ponerse-las-pilas\\\/\",\"name\":\"A ponerse las pilas\",\"isPartOf\":{\"@id\":\"https:\\\/\\\/patagoniambiental.com.ar\\\/info\\\/#website\"},\"datePublished\":\"2016-10-19T22:00:36+00:00\",\"breadcrumb\":{\"@id\":\"https:\\\/\\\/patagoniambiental.com.ar\\\/info\\\/a-ponerse-las-pilas\\\/#breadcrumb\"},\"inLanguage\":\"es\",\"potentialAction\":[{\"@type\":\"ReadAction\",\"target\":[\"https:\\\/\\\/patagoniambiental.com.ar\\\/info\\\/a-ponerse-las-pilas\\\/\"]}]},{\"@type\":\"BreadcrumbList\",\"@id\":\"https:\\\/\\\/patagoniambiental.com.ar\\\/info\\\/a-ponerse-las-pilas\\\/#breadcrumb\",\"itemListElement\":[{\"@type\":\"ListItem\",\"position\":1,\"name\":\"Inicio\",\"item\":\"https:\\\/\\\/patagoniambiental.com.ar\\\/info\\\/\"},{\"@type\":\"ListItem\",\"position\":2,\"name\":\"A ponerse las pilas\"}]},{\"@type\":\"WebSite\",\"@id\":\"https:\\\/\\\/patagoniambiental.com.ar\\\/info\\\/#website\",\"url\":\"https:\\\/\\\/patagoniambiental.com.ar\\\/info\\\/\",\"name\":\"Patagonia Ambiental\",\"description\":\"Monitoreo y an\u00e1lisis de la situaci\u00f3n geopol\u00edtica en el mundo y su implicancia en la Patagonia\",\"publisher\":{\"@id\":\"https:\\\/\\\/patagoniambiental.com.ar\\\/info\\\/#organization\"},\"potentialAction\":[{\"@type\":\"SearchAction\",\"target\":{\"@type\":\"EntryPoint\",\"urlTemplate\":\"https:\\\/\\\/patagoniambiental.com.ar\\\/info\\\/?s={search_term_string}\"},\"query-input\":{\"@type\":\"PropertyValueSpecification\",\"valueRequired\":true,\"valueName\":\"search_term_string\"}}],\"inLanguage\":\"es\"},{\"@type\":\"Organization\",\"@id\":\"https:\\\/\\\/patagoniambiental.com.ar\\\/info\\\/#organization\",\"name\":\"Patagonia Ambiental\",\"url\":\"https:\\\/\\\/patagoniambiental.com.ar\\\/info\\\/\",\"logo\":{\"@type\":\"ImageObject\",\"inLanguage\":\"es\",\"@id\":\"https:\\\/\\\/patagoniambiental.com.ar\\\/info\\\/#\\\/schema\\\/logo\\\/image\\\/\",\"url\":\"https:\\\/\\\/patagoniambiental.com.ar\\\/info\\\/wp-content\\\/uploads\\\/2025\\\/05\\\/LOGO-PATAGONIA-AMBIENTAL.png\",\"contentUrl\":\"https:\\\/\\\/patagoniambiental.com.ar\\\/info\\\/wp-content\\\/uploads\\\/2025\\\/05\\\/LOGO-PATAGONIA-AMBIENTAL.png\",\"width\":433,\"height\":250,\"caption\":\"Patagonia Ambiental\"},\"image\":{\"@id\":\"https:\\\/\\\/patagoniambiental.com.ar\\\/info\\\/#\\\/schema\\\/logo\\\/image\\\/\"},\"sameAs\":[\"https:\\\/\\\/www.facebook.com\\\/patagonia.ambiental\",\"https:\\\/\\\/x.com\\\/PatAmb\"]},{\"@type\":\"Person\",\"@id\":\"https:\\\/\\\/patagoniambiental.com.ar\\\/info\\\/#\\\/schema\\\/person\\\/db12bff64bbcbf6a253710bf0ea37b5d\",\"name\":\"Patagonia Ambiental\",\"description\":\"Andr\u00e9s Nievas T\u00e9cnico en manejo ambiental, consultor Ambiental y escritor para medios locales e internacionales sobre temas de geopolitica y medio ambiente.\",\"sameAs\":[\"http:\\\/\\\/www.patagoniambiental.com.ar\",\"https:\\\/\\\/www.facebook.com\\\/share\\\/1C1V8Gv9BX\\\/?mibextid=qi2Omg\",\"@patagoniambiental\",\"https:\\\/\\\/youtube.com\\\/@patagoniaambiental2023?si=BLt58t0wuXquxlYZ\"]}]}<\/script>\n<!-- \/ Yoast SEO Premium plugin. -->","yoast_head_json":{"title":"A ponerse las pilas","robots":{"index":"index","follow":"follow","max-snippet":"max-snippet:-1","max-image-preview":"max-image-preview:large","max-video-preview":"max-video-preview:-1"},"canonical":"https:\/\/patagoniambiental.com.ar\/info\/a-ponerse-las-pilas\/","og_locale":"es_ES","og_type":"article","og_title":"A ponerse las pilas","og_description":"La Pampa.-Alumnos del colegio Domingo Savio comprobaron que no hay soluciones concretas para las pilas en desuso, por eso elaboraron [&hellip;]","og_url":"https:\/\/patagoniambiental.com.ar\/info\/a-ponerse-las-pilas\/","og_site_name":"Patagonia Ambiental","article_publisher":"https:\/\/www.facebook.com\/patagonia.ambiental","article_author":"https:\/\/www.facebook.com\/share\/1C1V8Gv9BX\/?mibextid=qi2Omg","article_published_time":"2016-10-19T22:00:36+00:00","author":"Patagonia Ambiental","twitter_card":"summary_large_image","twitter_creator":"@PatAmb","twitter_site":"@PatAmb","schema":{"@context":"https:\/\/schema.org","@graph":[{"@type":"Article","@id":"https:\/\/patagoniambiental.com.ar\/info\/a-ponerse-las-pilas\/#article","isPartOf":{"@id":"https:\/\/patagoniambiental.com.ar\/info\/a-ponerse-las-pilas\/"},"author":{"name":"Patagonia Ambiental","@id":"https:\/\/patagoniambiental.com.ar\/info\/#\/schema\/person\/db12bff64bbcbf6a253710bf0ea37b5d"},"headline":"A ponerse las pilas","datePublished":"2016-10-19T22:00:36+00:00","mainEntityOfPage":{"@id":"https:\/\/patagoniambiental.com.ar\/info\/a-ponerse-las-pilas\/"},"wordCount":917,"publisher":{"@id":"https:\/\/patagoniambiental.com.ar\/info\/#organization"},"articleSection":["Municipales","Noticias"],"inLanguage":"es"},{"@type":"WebPage","@id":"https:\/\/patagoniambiental.com.ar\/info\/a-ponerse-las-pilas\/","url":"https:\/\/patagoniambiental.com.ar\/info\/a-ponerse-las-pilas\/","name":"A ponerse las pilas","isPartOf":{"@id":"https:\/\/patagoniambiental.com.ar\/info\/#website"},"datePublished":"2016-10-19T22:00:36+00:00","breadcrumb":{"@id":"https:\/\/patagoniambiental.com.ar\/info\/a-ponerse-las-pilas\/#breadcrumb"},"inLanguage":"es","potentialAction":[{"@type":"ReadAction","target":["https:\/\/patagoniambiental.com.ar\/info\/a-ponerse-las-pilas\/"]}]},{"@type":"BreadcrumbList","@id":"https:\/\/patagoniambiental.com.ar\/info\/a-ponerse-las-pilas\/#breadcrumb","itemListElement":[{"@type":"ListItem","position":1,"name":"Inicio","item":"https:\/\/patagoniambiental.com.ar\/info\/"},{"@type":"ListItem","position":2,"name":"A ponerse las pilas"}]},{"@type":"WebSite","@id":"https:\/\/patagoniambiental.com.ar\/info\/#website","url":"https:\/\/patagoniambiental.com.ar\/info\/","name":"Patagonia Ambiental","description":"Monitoreo y an\u00e1lisis de la situaci\u00f3n geopol\u00edtica en el mundo y su implicancia en la Patagonia","publisher":{"@id":"https:\/\/patagoniambiental.com.ar\/info\/#organization"},"potentialAction":[{"@type":"SearchAction","target":{"@type":"EntryPoint","urlTemplate":"https:\/\/patagoniambiental.com.ar\/info\/?s={search_term_string}"},"query-input":{"@type":"PropertyValueSpecification","valueRequired":true,"valueName":"search_term_string"}}],"inLanguage":"es"},{"@type":"Organization","@id":"https:\/\/patagoniambiental.com.ar\/info\/#organization","name":"Patagonia Ambiental","url":"https:\/\/patagoniambiental.com.ar\/info\/","logo":{"@type":"ImageObject","inLanguage":"es","@id":"https:\/\/patagoniambiental.com.ar\/info\/#\/schema\/logo\/image\/","url":"https:\/\/patagoniambiental.com.ar\/info\/wp-content\/uploads\/2025\/05\/LOGO-PATAGONIA-AMBIENTAL.png","contentUrl":"https:\/\/patagoniambiental.com.ar\/info\/wp-content\/uploads\/2025\/05\/LOGO-PATAGONIA-AMBIENTAL.png","width":433,"height":250,"caption":"Patagonia Ambiental"},"image":{"@id":"https:\/\/patagoniambiental.com.ar\/info\/#\/schema\/logo\/image\/"},"sameAs":["https:\/\/www.facebook.com\/patagonia.ambiental","https:\/\/x.com\/PatAmb"]},{"@type":"Person","@id":"https:\/\/patagoniambiental.com.ar\/info\/#\/schema\/person\/db12bff64bbcbf6a253710bf0ea37b5d","name":"Patagonia Ambiental","description":"Andr\u00e9s Nievas T\u00e9cnico en manejo ambiental, consultor Ambiental y escritor para medios locales e internacionales sobre temas de geopolitica y medio ambiente.","sameAs":["http:\/\/www.patagoniambiental.com.ar","https:\/\/www.facebook.com\/share\/1C1V8Gv9BX\/?mibextid=qi2Omg","@patagoniambiental","https:\/\/youtube.com\/@patagoniaambiental2023?si=BLt58t0wuXquxlYZ"]}]}},"_links":{"self":[{"href":"https:\/\/patagoniambiental.com.ar\/info\/wp-json\/wp\/v2\/posts\/21808","targetHints":{"allow":["GET"]}}],"collection":[{"href":"https:\/\/patagoniambiental.com.ar\/info\/wp-json\/wp\/v2\/posts"}],"about":[{"href":"https:\/\/patagoniambiental.com.ar\/info\/wp-json\/wp\/v2\/types\/post"}],"author":[{"embeddable":true,"href":"https:\/\/patagoniambiental.com.ar\/info\/wp-json\/wp\/v2\/users\/2"}],"replies":[{"embeddable":true,"href":"https:\/\/patagoniambiental.com.ar\/info\/wp-json\/wp\/v2\/comments?post=21808"}],"version-history":[{"count":0,"href":"https:\/\/patagoniambiental.com.ar\/info\/wp-json\/wp\/v2\/posts\/21808\/revisions"}],"wp:attachment":[{"href":"https:\/\/patagoniambiental.com.ar\/info\/wp-json\/wp\/v2\/media?parent=21808"}],"wp:term":[{"taxonomy":"category","embeddable":true,"href":"https:\/\/patagoniambiental.com.ar\/info\/wp-json\/wp\/v2\/categories?post=21808"},{"taxonomy":"post_tag","embeddable":true,"href":"https:\/\/patagoniambiental.com.ar\/info\/wp-json\/wp\/v2\/tags?post=21808"}],"curies":[{"name":"wp","href":"https:\/\/api.w.org\/{rel}","templated":true}]}}