{"id":21837,"date":"2016-10-20T09:07:57","date_gmt":"2016-10-20T12:07:57","guid":{"rendered":"http:\/\/patagoniambiental.com.ar\/?p=21837"},"modified":"2016-10-20T09:07:57","modified_gmt":"2016-10-20T12:07:57","slug":"rio-negro-los-concejales-de-cipolletti-van-contra-la-aic-por-la-contaminacion","status":"publish","type":"post","link":"https:\/\/patagoniambiental.com.ar\/info\/rio-negro-los-concejales-de-cipolletti-van-contra-la-aic-por-la-contaminacion\/","title":{"rendered":"R\u00edo Negro: Los concejales de Cipolletti van contra la AIC por la contaminaci\u00f3n"},"content":{"rendered":"<div class=\"cuerpo\">\n<p>CIPOLLETTI.- La concejal cipole\u00f1a Mar\u00eda Alejandra Villagra se reuni\u00f3 con el diputado provincial de Neuqu\u00e9n Mariano Mansilla para coordinar en conjunto otra denuncia penal contra la Autoridad Interjurisdiccional de Cuencas por la contaminaci\u00f3n del r\u00edo Neuqu\u00e9n. Seg\u00fan anticip\u00f3, la presentaci\u00f3n se realizar\u00e1 en noviembre ante la Justicia Federal.<\/p>\n<p>El encuentro se llev\u00f3 a cabo en el tercer piso del edificio municipal de Cipolletti. Villagra, que hizo las veces de local, se\u00f1al\u00f3: \u201cTras la reuni\u00f3n resolvimos sumarnos al recurso de amparo que van a presentar funcionarios neuquinos contra la AIC por los altos \u00edndices de contaminaci\u00f3n registrados sobre la cuenca del r\u00edo Neuqu\u00e9n\u201d. En ese sentido, agreg\u00f3 que \u201centre los contaminantes encontrados existen sustancias qu\u00edmicas derivadas de la industria hidrocarbur\u00edfera que contamina todo r\u00edo abajo\u201d.<\/p>\n<p>La concejal, en tanto, agreg\u00f3 que tambi\u00e9n recibir\u00e1n el acompa\u00f1amiento de la senadora nacional por R\u00edo Negro, Magdalena Odarda, y de todo su bloque del ARI en la C\u00e1mara Alta del Congreso de la Naci\u00f3n.<\/p>\n<p>\u201cLa presentaci\u00f3n se formalizar\u00e1 la primera semana de noviembre en el Juzgado Federal de Neuqu\u00e9n, tras ser informado en la Legislatura de esa provincia\u201d, inform\u00f3 Villagra.<\/p>\n<p>A su vez, record\u00f3 que la semana pasada se conoci\u00f3 una disposici\u00f3n de la Justicia Federal tras un recurso de amparo colectivo que les exigi\u00f3 a los funcionarios a cargo de la AIC presentar, en un plazo m\u00e1ximo de seis meses, un plan de remediaci\u00f3n ambiental para la cuenca del r\u00edo Negro, haciendo especial hincapi\u00e9 en la margen norte de la Isla Jord\u00e1n, en Cipolletti. En esa zona ribere\u00f1a hace dos d\u00e9cadas rige la prohibici\u00f3n de ba\u00f1arse por el grado de contaminaci\u00f3n de las aguas.<\/p>\n<p>Villagra aprovech\u00f3 la visita y coment\u00f3 tambi\u00e9n que se reuni\u00f3 con referentes de la C\u00e1mara de Industria y Comercio de Cipolletti, quienes manifestaron su apoyo a la iniciativa para la implementaci\u00f3n de los men\u00fas veganos en los restaurantes de la ciudad, y pr\u00f3ximamente har\u00e1 lo mismo con el sindicado de gastron\u00f3micos. \u201cLa idea es poder expandir esta iniciativa a otras ciudades del Alto Valle y el diputado Mansilla manifest\u00f3 su colaboraci\u00f3n para replicarlo en la capital neuquina\u201d, destac\u00f3.<\/p>\n<p><strong>El\u00edas sapag<\/strong><br \/>\n<em><strong>\u201cLa Justicia a\u00fan no nos notific\u00f3 la resoluci\u00f3n\u201d<\/strong><\/em><\/p>\n<p>Hace unos d\u00edas se dio a conocer que la jueza federal subrogante Mar\u00eda Carolina Pandolfi aval\u00f3 el amparo colectivo que denunciaba la contaminaci\u00f3n de la cuenca formada por los r\u00edos Limay, Neuqu\u00e9n y Negro, reclamando a la Justicia medidas urgentes de remediaci\u00f3n ambiental. As\u00ed, orden\u00f3 a la AIC disponer, en el plazo de seis meses, la presentaci\u00f3n de un plan de remediaci\u00f3n y saneamiento del tramo del r\u00edo que va desde la preconfluencia del Neuqu\u00e9n y Limay, la Planta Tronador (punto de descarga de l\u00edquidos cloacales) y la Isla Jord\u00e1n. Sin embargo, desde la AIC aseguran que a\u00fan no fueron notificados de tal resoluci\u00f3n. El\u00edas Sapag, titular del organismo, asegur\u00f3 que a\u00fan no tiene el escrito: \u201cLa Justicia todav\u00eda no me ha dado traslado para poder leer todo el expediente. Se ve que tiene m\u00e1s importancia el periodismo que a quien se le ha dado la orden de remediar o dar traslado a las provincias y a Naci\u00f3n. Yo necesito un oficio para traslad\u00e1rselo a las provincias para que las \u00e1reas correspondientes del EPAS, Recursos H\u00eddricos y Medioambiente, tanto de Neuqu\u00e9n como de R\u00edo Negro, hagan el plan de acuerdo a la exigencia requerida por la jueza con plazos reales de ejecuci\u00f3n tanto t\u00e9cnica como econ\u00f3mica y financieramente\u201d.<\/p>\n<\/div>\n<div class=\"poll-nota\">\n<p class=\"section-title\">Fuente: La Ma\u00f1ana de Cipolletti<\/p>\n<\/div>\n","protected":false},"excerpt":{"rendered":"<p>CIPOLLETTI.- La concejal cipole\u00f1a Mar\u00eda Alejandra Villagra se reuni\u00f3 con el diputado provincial de Neuqu\u00e9n Mariano Mansilla para coordinar en [&hellip;]<\/p>\n","protected":false},"author":2,"featured_media":0,"comment_status":"closed","ping_status":"closed","sticky":false,"template":"","format":"standard","meta":{"site-sidebar-layout":"default","site-content-layout":"","ast-site-content-layout":"default","site-content-style":"default","site-sidebar-style":"default","ast-global-header-display":"","ast-banner-title-visibility":"","ast-main-header-display":"","ast-hfb-above-header-display":"","ast-hfb-below-header-display":"","ast-hfb-mobile-header-display":"","site-post-title":"","ast-breadcrumbs-content":"","ast-featured-img":"","footer-sml-layout":"","ast-disable-related-posts":"","theme-transparent-header-meta":"","adv-header-id-meta":"","stick-header-meta":"","header-above-stick-meta":"","header-main-stick-meta":"","header-below-stick-meta":"","astra-migrate-meta-layouts":"default","ast-page-background-enabled":"default","ast-page-background-meta":{"desktop":{"background-color":"var(--ast-global-color-5)","background-image":"","background-repeat":"repeat","background-position":"center center","background-size":"auto","background-attachment":"scroll","background-type":"","background-media":"","overlay-type":"","overlay-color":"","overlay-opacity":"","overlay-gradient":""},"tablet":{"background-color":"","background-image":"","background-repeat":"repeat","background-position":"center center","background-size":"auto","background-attachment":"scroll","background-type":"","background-media":"","overlay-type":"","overlay-color":"","overlay-opacity":"","overlay-gradient":""},"mobile":{"background-color":"","background-image":"","background-repeat":"repeat","background-position":"center center","background-size":"auto","background-attachment":"scroll","background-type":"","background-media":"","overlay-type":"","overlay-color":"","overlay-opacity":"","overlay-gradient":""}},"ast-content-background-meta":{"desktop":{"background-color":"var(--ast-global-color-4)","background-image":"","background-repeat":"repeat","background-position":"center center","background-size":"auto","background-attachment":"scroll","background-type":"","background-media":"","overlay-type":"","overlay-color":"","overlay-opacity":"","overlay-gradient":""},"tablet":{"background-color":"var(--ast-global-color-4)","background-image":"","background-repeat":"repeat","background-position":"center center","background-size":"auto","background-attachment":"scroll","background-type":"","background-media":"","overlay-type":"","overlay-color":"","overlay-opacity":"","overlay-gradient":""},"mobile":{"background-color":"var(--ast-global-color-4)","background-image":"","background-repeat":"repeat","background-position":"center center","background-size":"auto","background-attachment":"scroll","background-type":"","background-media":"","overlay-type":"","overlay-color":"","overlay-opacity":"","overlay-gradient":""}},"footnotes":""},"categories":[16,1],"tags":[],"class_list":["post-21837","post","type-post","status-publish","format-standard","hentry","category-municipales","category-noticias"],"yoast_head":"<!-- This site is optimized with the Yoast SEO Premium plugin v23.0 (Yoast SEO v27.4) - https:\/\/yoast.com\/product\/yoast-seo-premium-wordpress\/ -->\n<title>R\u00edo Negro: Los concejales de Cipolletti van contra la AIC por la contaminaci\u00f3n<\/title>\n<meta name=\"robots\" content=\"index, follow, max-snippet:-1, max-image-preview:large, max-video-preview:-1\" \/>\n<link rel=\"canonical\" href=\"https:\/\/patagoniambiental.com.ar\/info\/rio-negro-los-concejales-de-cipolletti-van-contra-la-aic-por-la-contaminacion\/\" \/>\n<meta property=\"og:locale\" content=\"es_ES\" \/>\n<meta property=\"og:type\" content=\"article\" \/>\n<meta property=\"og:title\" content=\"R\u00edo Negro: Los concejales de Cipolletti van contra la AIC por la contaminaci\u00f3n\" \/>\n<meta property=\"og:description\" content=\"CIPOLLETTI.- La concejal cipole\u00f1a Mar\u00eda Alejandra Villagra se reuni\u00f3 con el diputado provincial de Neuqu\u00e9n Mariano Mansilla para coordinar en [&hellip;]\" \/>\n<meta property=\"og:url\" content=\"https:\/\/patagoniambiental.com.ar\/info\/rio-negro-los-concejales-de-cipolletti-van-contra-la-aic-por-la-contaminacion\/\" \/>\n<meta property=\"og:site_name\" content=\"Patagonia Ambiental\" \/>\n<meta property=\"article:publisher\" content=\"https:\/\/www.facebook.com\/patagonia.ambiental\" \/>\n<meta property=\"article:author\" content=\"https:\/\/www.facebook.com\/share\/1C1V8Gv9BX\/?mibextid=qi2Omg\" \/>\n<meta property=\"article:published_time\" content=\"2016-10-20T12:07:57+00:00\" \/>\n<meta name=\"author\" content=\"Patagonia Ambiental\" \/>\n<meta name=\"twitter:card\" content=\"summary_large_image\" \/>\n<meta name=\"twitter:creator\" content=\"@PatAmb\" \/>\n<meta name=\"twitter:site\" content=\"@PatAmb\" \/>\n<script type=\"application\/ld+json\" class=\"yoast-schema-graph\">{\"@context\":\"https:\\\/\\\/schema.org\",\"@graph\":[{\"@type\":\"Article\",\"@id\":\"https:\\\/\\\/patagoniambiental.com.ar\\\/info\\\/rio-negro-los-concejales-de-cipolletti-van-contra-la-aic-por-la-contaminacion\\\/#article\",\"isPartOf\":{\"@id\":\"https:\\\/\\\/patagoniambiental.com.ar\\\/info\\\/rio-negro-los-concejales-de-cipolletti-van-contra-la-aic-por-la-contaminacion\\\/\"},\"author\":{\"name\":\"Patagonia Ambiental\",\"@id\":\"https:\\\/\\\/patagoniambiental.com.ar\\\/info\\\/#\\\/schema\\\/person\\\/db12bff64bbcbf6a253710bf0ea37b5d\"},\"headline\":\"R\u00edo Negro: Los concejales de Cipolletti van contra la AIC por la contaminaci\u00f3n\",\"datePublished\":\"2016-10-20T12:07:57+00:00\",\"mainEntityOfPage\":{\"@id\":\"https:\\\/\\\/patagoniambiental.com.ar\\\/info\\\/rio-negro-los-concejales-de-cipolletti-van-contra-la-aic-por-la-contaminacion\\\/\"},\"wordCount\":658,\"publisher\":{\"@id\":\"https:\\\/\\\/patagoniambiental.com.ar\\\/info\\\/#organization\"},\"articleSection\":[\"Municipales\",\"Noticias\"],\"inLanguage\":\"es\"},{\"@type\":\"WebPage\",\"@id\":\"https:\\\/\\\/patagoniambiental.com.ar\\\/info\\\/rio-negro-los-concejales-de-cipolletti-van-contra-la-aic-por-la-contaminacion\\\/\",\"url\":\"https:\\\/\\\/patagoniambiental.com.ar\\\/info\\\/rio-negro-los-concejales-de-cipolletti-van-contra-la-aic-por-la-contaminacion\\\/\",\"name\":\"R\u00edo Negro: Los concejales de Cipolletti van contra la AIC por la contaminaci\u00f3n\",\"isPartOf\":{\"@id\":\"https:\\\/\\\/patagoniambiental.com.ar\\\/info\\\/#website\"},\"datePublished\":\"2016-10-20T12:07:57+00:00\",\"breadcrumb\":{\"@id\":\"https:\\\/\\\/patagoniambiental.com.ar\\\/info\\\/rio-negro-los-concejales-de-cipolletti-van-contra-la-aic-por-la-contaminacion\\\/#breadcrumb\"},\"inLanguage\":\"es\",\"potentialAction\":[{\"@type\":\"ReadAction\",\"target\":[\"https:\\\/\\\/patagoniambiental.com.ar\\\/info\\\/rio-negro-los-concejales-de-cipolletti-van-contra-la-aic-por-la-contaminacion\\\/\"]}]},{\"@type\":\"BreadcrumbList\",\"@id\":\"https:\\\/\\\/patagoniambiental.com.ar\\\/info\\\/rio-negro-los-concejales-de-cipolletti-van-contra-la-aic-por-la-contaminacion\\\/#breadcrumb\",\"itemListElement\":[{\"@type\":\"ListItem\",\"position\":1,\"name\":\"Inicio\",\"item\":\"https:\\\/\\\/patagoniambiental.com.ar\\\/info\\\/\"},{\"@type\":\"ListItem\",\"position\":2,\"name\":\"R\u00edo Negro: Los concejales de Cipolletti van contra la AIC por la contaminaci\u00f3n\"}]},{\"@type\":\"WebSite\",\"@id\":\"https:\\\/\\\/patagoniambiental.com.ar\\\/info\\\/#website\",\"url\":\"https:\\\/\\\/patagoniambiental.com.ar\\\/info\\\/\",\"name\":\"Patagonia Ambiental\",\"description\":\"Monitoreo y an\u00e1lisis de la situaci\u00f3n geopol\u00edtica en el mundo y su implicancia en la Patagonia\",\"publisher\":{\"@id\":\"https:\\\/\\\/patagoniambiental.com.ar\\\/info\\\/#organization\"},\"potentialAction\":[{\"@type\":\"SearchAction\",\"target\":{\"@type\":\"EntryPoint\",\"urlTemplate\":\"https:\\\/\\\/patagoniambiental.com.ar\\\/info\\\/?s={search_term_string}\"},\"query-input\":{\"@type\":\"PropertyValueSpecification\",\"valueRequired\":true,\"valueName\":\"search_term_string\"}}],\"inLanguage\":\"es\"},{\"@type\":\"Organization\",\"@id\":\"https:\\\/\\\/patagoniambiental.com.ar\\\/info\\\/#organization\",\"name\":\"Patagonia Ambiental\",\"url\":\"https:\\\/\\\/patagoniambiental.com.ar\\\/info\\\/\",\"logo\":{\"@type\":\"ImageObject\",\"inLanguage\":\"es\",\"@id\":\"https:\\\/\\\/patagoniambiental.com.ar\\\/info\\\/#\\\/schema\\\/logo\\\/image\\\/\",\"url\":\"https:\\\/\\\/patagoniambiental.com.ar\\\/info\\\/wp-content\\\/uploads\\\/2025\\\/05\\\/LOGO-PATAGONIA-AMBIENTAL.png\",\"contentUrl\":\"https:\\\/\\\/patagoniambiental.com.ar\\\/info\\\/wp-content\\\/uploads\\\/2025\\\/05\\\/LOGO-PATAGONIA-AMBIENTAL.png\",\"width\":433,\"height\":250,\"caption\":\"Patagonia Ambiental\"},\"image\":{\"@id\":\"https:\\\/\\\/patagoniambiental.com.ar\\\/info\\\/#\\\/schema\\\/logo\\\/image\\\/\"},\"sameAs\":[\"https:\\\/\\\/www.facebook.com\\\/patagonia.ambiental\",\"https:\\\/\\\/x.com\\\/PatAmb\"]},{\"@type\":\"Person\",\"@id\":\"https:\\\/\\\/patagoniambiental.com.ar\\\/info\\\/#\\\/schema\\\/person\\\/db12bff64bbcbf6a253710bf0ea37b5d\",\"name\":\"Patagonia Ambiental\",\"description\":\"Andr\u00e9s Nievas T\u00e9cnico en manejo ambiental, consultor Ambiental y escritor para medios locales e internacionales sobre temas de geopolitica y medio ambiente.\",\"sameAs\":[\"http:\\\/\\\/www.patagoniambiental.com.ar\",\"https:\\\/\\\/www.facebook.com\\\/share\\\/1C1V8Gv9BX\\\/?mibextid=qi2Omg\",\"@patagoniambiental\",\"https:\\\/\\\/youtube.com\\\/@patagoniaambiental2023?si=BLt58t0wuXquxlYZ\"]}]}<\/script>\n<!-- \/ Yoast SEO Premium plugin. -->","yoast_head_json":{"title":"R\u00edo Negro: Los concejales de Cipolletti van contra la AIC por la contaminaci\u00f3n","robots":{"index":"index","follow":"follow","max-snippet":"max-snippet:-1","max-image-preview":"max-image-preview:large","max-video-preview":"max-video-preview:-1"},"canonical":"https:\/\/patagoniambiental.com.ar\/info\/rio-negro-los-concejales-de-cipolletti-van-contra-la-aic-por-la-contaminacion\/","og_locale":"es_ES","og_type":"article","og_title":"R\u00edo Negro: Los concejales de Cipolletti van contra la AIC por la contaminaci\u00f3n","og_description":"CIPOLLETTI.- La concejal cipole\u00f1a Mar\u00eda Alejandra Villagra se reuni\u00f3 con el diputado provincial de Neuqu\u00e9n Mariano Mansilla para coordinar en [&hellip;]","og_url":"https:\/\/patagoniambiental.com.ar\/info\/rio-negro-los-concejales-de-cipolletti-van-contra-la-aic-por-la-contaminacion\/","og_site_name":"Patagonia Ambiental","article_publisher":"https:\/\/www.facebook.com\/patagonia.ambiental","article_author":"https:\/\/www.facebook.com\/share\/1C1V8Gv9BX\/?mibextid=qi2Omg","article_published_time":"2016-10-20T12:07:57+00:00","author":"Patagonia Ambiental","twitter_card":"summary_large_image","twitter_creator":"@PatAmb","twitter_site":"@PatAmb","schema":{"@context":"https:\/\/schema.org","@graph":[{"@type":"Article","@id":"https:\/\/patagoniambiental.com.ar\/info\/rio-negro-los-concejales-de-cipolletti-van-contra-la-aic-por-la-contaminacion\/#article","isPartOf":{"@id":"https:\/\/patagoniambiental.com.ar\/info\/rio-negro-los-concejales-de-cipolletti-van-contra-la-aic-por-la-contaminacion\/"},"author":{"name":"Patagonia Ambiental","@id":"https:\/\/patagoniambiental.com.ar\/info\/#\/schema\/person\/db12bff64bbcbf6a253710bf0ea37b5d"},"headline":"R\u00edo Negro: Los concejales de Cipolletti van contra la AIC por la contaminaci\u00f3n","datePublished":"2016-10-20T12:07:57+00:00","mainEntityOfPage":{"@id":"https:\/\/patagoniambiental.com.ar\/info\/rio-negro-los-concejales-de-cipolletti-van-contra-la-aic-por-la-contaminacion\/"},"wordCount":658,"publisher":{"@id":"https:\/\/patagoniambiental.com.ar\/info\/#organization"},"articleSection":["Municipales","Noticias"],"inLanguage":"es"},{"@type":"WebPage","@id":"https:\/\/patagoniambiental.com.ar\/info\/rio-negro-los-concejales-de-cipolletti-van-contra-la-aic-por-la-contaminacion\/","url":"https:\/\/patagoniambiental.com.ar\/info\/rio-negro-los-concejales-de-cipolletti-van-contra-la-aic-por-la-contaminacion\/","name":"R\u00edo Negro: Los concejales de Cipolletti van contra la AIC por la contaminaci\u00f3n","isPartOf":{"@id":"https:\/\/patagoniambiental.com.ar\/info\/#website"},"datePublished":"2016-10-20T12:07:57+00:00","breadcrumb":{"@id":"https:\/\/patagoniambiental.com.ar\/info\/rio-negro-los-concejales-de-cipolletti-van-contra-la-aic-por-la-contaminacion\/#breadcrumb"},"inLanguage":"es","potentialAction":[{"@type":"ReadAction","target":["https:\/\/patagoniambiental.com.ar\/info\/rio-negro-los-concejales-de-cipolletti-van-contra-la-aic-por-la-contaminacion\/"]}]},{"@type":"BreadcrumbList","@id":"https:\/\/patagoniambiental.com.ar\/info\/rio-negro-los-concejales-de-cipolletti-van-contra-la-aic-por-la-contaminacion\/#breadcrumb","itemListElement":[{"@type":"ListItem","position":1,"name":"Inicio","item":"https:\/\/patagoniambiental.com.ar\/info\/"},{"@type":"ListItem","position":2,"name":"R\u00edo Negro: Los concejales de Cipolletti van contra la AIC por la contaminaci\u00f3n"}]},{"@type":"WebSite","@id":"https:\/\/patagoniambiental.com.ar\/info\/#website","url":"https:\/\/patagoniambiental.com.ar\/info\/","name":"Patagonia Ambiental","description":"Monitoreo y an\u00e1lisis de la situaci\u00f3n geopol\u00edtica en el mundo y su implicancia en la Patagonia","publisher":{"@id":"https:\/\/patagoniambiental.com.ar\/info\/#organization"},"potentialAction":[{"@type":"SearchAction","target":{"@type":"EntryPoint","urlTemplate":"https:\/\/patagoniambiental.com.ar\/info\/?s={search_term_string}"},"query-input":{"@type":"PropertyValueSpecification","valueRequired":true,"valueName":"search_term_string"}}],"inLanguage":"es"},{"@type":"Organization","@id":"https:\/\/patagoniambiental.com.ar\/info\/#organization","name":"Patagonia Ambiental","url":"https:\/\/patagoniambiental.com.ar\/info\/","logo":{"@type":"ImageObject","inLanguage":"es","@id":"https:\/\/patagoniambiental.com.ar\/info\/#\/schema\/logo\/image\/","url":"https:\/\/patagoniambiental.com.ar\/info\/wp-content\/uploads\/2025\/05\/LOGO-PATAGONIA-AMBIENTAL.png","contentUrl":"https:\/\/patagoniambiental.com.ar\/info\/wp-content\/uploads\/2025\/05\/LOGO-PATAGONIA-AMBIENTAL.png","width":433,"height":250,"caption":"Patagonia Ambiental"},"image":{"@id":"https:\/\/patagoniambiental.com.ar\/info\/#\/schema\/logo\/image\/"},"sameAs":["https:\/\/www.facebook.com\/patagonia.ambiental","https:\/\/x.com\/PatAmb"]},{"@type":"Person","@id":"https:\/\/patagoniambiental.com.ar\/info\/#\/schema\/person\/db12bff64bbcbf6a253710bf0ea37b5d","name":"Patagonia Ambiental","description":"Andr\u00e9s Nievas T\u00e9cnico en manejo ambiental, consultor Ambiental y escritor para medios locales e internacionales sobre temas de geopolitica y medio ambiente.","sameAs":["http:\/\/www.patagoniambiental.com.ar","https:\/\/www.facebook.com\/share\/1C1V8Gv9BX\/?mibextid=qi2Omg","@patagoniambiental","https:\/\/youtube.com\/@patagoniaambiental2023?si=BLt58t0wuXquxlYZ"]}]}},"_links":{"self":[{"href":"https:\/\/patagoniambiental.com.ar\/info\/wp-json\/wp\/v2\/posts\/21837","targetHints":{"allow":["GET"]}}],"collection":[{"href":"https:\/\/patagoniambiental.com.ar\/info\/wp-json\/wp\/v2\/posts"}],"about":[{"href":"https:\/\/patagoniambiental.com.ar\/info\/wp-json\/wp\/v2\/types\/post"}],"author":[{"embeddable":true,"href":"https:\/\/patagoniambiental.com.ar\/info\/wp-json\/wp\/v2\/users\/2"}],"replies":[{"embeddable":true,"href":"https:\/\/patagoniambiental.com.ar\/info\/wp-json\/wp\/v2\/comments?post=21837"}],"version-history":[{"count":0,"href":"https:\/\/patagoniambiental.com.ar\/info\/wp-json\/wp\/v2\/posts\/21837\/revisions"}],"wp:attachment":[{"href":"https:\/\/patagoniambiental.com.ar\/info\/wp-json\/wp\/v2\/media?parent=21837"}],"wp:term":[{"taxonomy":"category","embeddable":true,"href":"https:\/\/patagoniambiental.com.ar\/info\/wp-json\/wp\/v2\/categories?post=21837"},{"taxonomy":"post_tag","embeddable":true,"href":"https:\/\/patagoniambiental.com.ar\/info\/wp-json\/wp\/v2\/tags?post=21837"}],"curies":[{"name":"wp","href":"https:\/\/api.w.org\/{rel}","templated":true}]}}