{"id":21997,"date":"2016-10-26T09:00:37","date_gmt":"2016-10-26T12:00:37","guid":{"rendered":"http:\/\/patagoniambiental.com.ar\/?p=21997"},"modified":"2016-10-26T09:00:37","modified_gmt":"2016-10-26T12:00:37","slug":"agulleiro-participo-en-trelew-de-actividades-por-el-dia-mundial-de-la-alimentacion","status":"publish","type":"post","link":"https:\/\/patagoniambiental.com.ar\/info\/agulleiro-participo-en-trelew-de-actividades-por-el-dia-mundial-de-la-alimentacion\/","title":{"rendered":"Agulleiro particip\u00f3 en Trelew de Actividades por el D\u00eda Mundial de la Alimentaci\u00f3n"},"content":{"rendered":"<div id=\"the_post_content\" class=\"wrap_post_content\">\n<p>TRELEW.- El Ministro de Ambiente y Control del Desarrollo Sustentable, Ignacio Agulleiro particip\u00f3 esta ayer en la Plaza Independencia de Trelew de las actividades por el D\u00eda Mundial de la Alimentaci\u00f3n, celebrado el 16 de Octubre en todo el mundo a partir de la consigna \u201c\u201cEl clima est\u00e1 cambiando. La alimentaci\u00f3n y la agricultura tambi\u00e9n\u201d.<span id=\"more-5070\"><\/span><\/p>\n<p>Por tal motivo, se realiz\u00f3 una jornada de concientizaci\u00f3n sobre la importancia del cuidado del ambiente y la relaci\u00f3n que tiene nuestra alimentaci\u00f3n con el mismo, la soberan\u00eda y seguridad alimentaria, el impacto del consumo y la generaci\u00f3n de residuos en el cambio clim\u00e1tico.<br \/>\nAl respecto, Paula Saavedra, integrante de la Direcci\u00f3n de Educaci\u00f3n y Comunicaci\u00f3n Ambiental, a cargo de la Subsecretaria de Gesti\u00f3n, Ing. Mariana Vega, explic\u00f3 que \u201cel lugar de encuentro fue la plaza Independencia de Trelew donde hubieron varios stands donde se realizaron actividades informativas y de concientizaci\u00f3n para grandes y chicos en conmemoraci\u00f3n del D\u00eda de la Alimentaci\u00f3n\u201d<\/p>\n<p>Saavedra destac\u00f3 que \u201cse decidi\u00f3 trabajar intersectorialmente el abordaje de dicha tem\u00e1tica y por ello se unieron a la organizaci\u00f3n adem\u00e1s del Ministerio de Ambiente, el Ministerio de Salud a trav\u00e9s del Departamenti de Nutrici\u00f3n y el Area Program\u00e1tica, la Municipalidad de Trelew y el INTA.<\/p>\n<p>Fuente: Gobierno de Trelew<\/p>\n<\/div>\n<footer class=\"clearfix\">\n<div class=\"clearfix\"><\/div>\n<div class=\"wpb_row row-fluid next-prev\"><\/div>\n<\/footer>\n","protected":false},"excerpt":{"rendered":"<p>TRELEW.- El Ministro de Ambiente y Control del Desarrollo Sustentable, Ignacio Agulleiro particip\u00f3 esta ayer en la Plaza Independencia de [&hellip;]<\/p>\n","protected":false},"author":2,"featured_media":0,"comment_status":"closed","ping_status":"closed","sticky":false,"template":"","format":"standard","meta":{"site-sidebar-layout":"default","site-content-layout":"","ast-site-content-layout":"default","site-content-style":"default","site-sidebar-style":"default","ast-global-header-display":"","ast-banner-title-visibility":"","ast-main-header-display":"","ast-hfb-above-header-display":"","ast-hfb-below-header-display":"","ast-hfb-mobile-header-display":"","site-post-title":"","ast-breadcrumbs-content":"","ast-featured-img":"","footer-sml-layout":"","ast-disable-related-posts":"","theme-transparent-header-meta":"","adv-header-id-meta":"","stick-header-meta":"","header-above-stick-meta":"","header-main-stick-meta":"","header-below-stick-meta":"","astra-migrate-meta-layouts":"default","ast-page-background-enabled":"default","ast-page-background-meta":{"desktop":{"background-color":"var(--ast-global-color-5)","background-image":"","background-repeat":"repeat","background-position":"center center","background-size":"auto","background-attachment":"scroll","background-type":"","background-media":"","overlay-type":"","overlay-color":"","overlay-opacity":"","overlay-gradient":""},"tablet":{"background-color":"","background-image":"","background-repeat":"repeat","background-position":"center center","background-size":"auto","background-attachment":"scroll","background-type":"","background-media":"","overlay-type":"","overlay-color":"","overlay-opacity":"","overlay-gradient":""},"mobile":{"background-color":"","background-image":"","background-repeat":"repeat","background-position":"center center","background-size":"auto","background-attachment":"scroll","background-type":"","background-media":"","overlay-type":"","overlay-color":"","overlay-opacity":"","overlay-gradient":""}},"ast-content-background-meta":{"desktop":{"background-color":"var(--ast-global-color-4)","background-image":"","background-repeat":"repeat","background-position":"center center","background-size":"auto","background-attachment":"scroll","background-type":"","background-media":"","overlay-type":"","overlay-color":"","overlay-opacity":"","overlay-gradient":""},"tablet":{"background-color":"var(--ast-global-color-4)","background-image":"","background-repeat":"repeat","background-position":"center center","background-size":"auto","background-attachment":"scroll","background-type":"","background-media":"","overlay-type":"","overlay-color":"","overlay-opacity":"","overlay-gradient":""},"mobile":{"background-color":"var(--ast-global-color-4)","background-image":"","background-repeat":"repeat","background-position":"center center","background-size":"auto","background-attachment":"scroll","background-type":"","background-media":"","overlay-type":"","overlay-color":"","overlay-opacity":"","overlay-gradient":""}},"footnotes":""},"categories":[16,1],"tags":[],"class_list":["post-21997","post","type-post","status-publish","format-standard","hentry","category-municipales","category-noticias"],"yoast_head":"<!-- This site is optimized with the Yoast SEO Premium plugin v23.0 (Yoast SEO v27.4) - https:\/\/yoast.com\/product\/yoast-seo-premium-wordpress\/ -->\n<title>Agulleiro particip\u00f3 en Trelew de Actividades por el D\u00eda Mundial de la Alimentaci\u00f3n<\/title>\n<meta name=\"robots\" content=\"index, follow, max-snippet:-1, max-image-preview:large, max-video-preview:-1\" \/>\n<link rel=\"canonical\" href=\"https:\/\/patagoniambiental.com.ar\/info\/agulleiro-participo-en-trelew-de-actividades-por-el-dia-mundial-de-la-alimentacion\/\" \/>\n<meta property=\"og:locale\" content=\"es_ES\" \/>\n<meta property=\"og:type\" content=\"article\" \/>\n<meta property=\"og:title\" content=\"Agulleiro particip\u00f3 en Trelew de Actividades por el D\u00eda Mundial de la Alimentaci\u00f3n\" \/>\n<meta property=\"og:description\" content=\"TRELEW.- El Ministro de Ambiente y Control del Desarrollo Sustentable, Ignacio Agulleiro particip\u00f3 esta ayer en la Plaza Independencia de [&hellip;]\" \/>\n<meta property=\"og:url\" content=\"https:\/\/patagoniambiental.com.ar\/info\/agulleiro-participo-en-trelew-de-actividades-por-el-dia-mundial-de-la-alimentacion\/\" \/>\n<meta property=\"og:site_name\" content=\"Patagonia Ambiental\" \/>\n<meta property=\"article:publisher\" content=\"https:\/\/www.facebook.com\/patagonia.ambiental\" \/>\n<meta property=\"article:author\" content=\"https:\/\/www.facebook.com\/share\/1C1V8Gv9BX\/?mibextid=qi2Omg\" \/>\n<meta property=\"article:published_time\" content=\"2016-10-26T12:00:37+00:00\" \/>\n<meta name=\"author\" content=\"Patagonia Ambiental\" \/>\n<meta name=\"twitter:card\" content=\"summary_large_image\" \/>\n<meta name=\"twitter:creator\" content=\"@PatAmb\" \/>\n<meta name=\"twitter:site\" content=\"@PatAmb\" \/>\n<script type=\"application\/ld+json\" class=\"yoast-schema-graph\">{\"@context\":\"https:\\\/\\\/schema.org\",\"@graph\":[{\"@type\":\"Article\",\"@id\":\"https:\\\/\\\/patagoniambiental.com.ar\\\/info\\\/agulleiro-participo-en-trelew-de-actividades-por-el-dia-mundial-de-la-alimentacion\\\/#article\",\"isPartOf\":{\"@id\":\"https:\\\/\\\/patagoniambiental.com.ar\\\/info\\\/agulleiro-participo-en-trelew-de-actividades-por-el-dia-mundial-de-la-alimentacion\\\/\"},\"author\":{\"name\":\"Patagonia Ambiental\",\"@id\":\"https:\\\/\\\/patagoniambiental.com.ar\\\/info\\\/#\\\/schema\\\/person\\\/db12bff64bbcbf6a253710bf0ea37b5d\"},\"headline\":\"Agulleiro particip\u00f3 en Trelew de Actividades por el D\u00eda Mundial de la Alimentaci\u00f3n\",\"datePublished\":\"2016-10-26T12:00:37+00:00\",\"mainEntityOfPage\":{\"@id\":\"https:\\\/\\\/patagoniambiental.com.ar\\\/info\\\/agulleiro-participo-en-trelew-de-actividades-por-el-dia-mundial-de-la-alimentacion\\\/\"},\"wordCount\":246,\"publisher\":{\"@id\":\"https:\\\/\\\/patagoniambiental.com.ar\\\/info\\\/#organization\"},\"articleSection\":[\"Municipales\",\"Noticias\"],\"inLanguage\":\"es\"},{\"@type\":\"WebPage\",\"@id\":\"https:\\\/\\\/patagoniambiental.com.ar\\\/info\\\/agulleiro-participo-en-trelew-de-actividades-por-el-dia-mundial-de-la-alimentacion\\\/\",\"url\":\"https:\\\/\\\/patagoniambiental.com.ar\\\/info\\\/agulleiro-participo-en-trelew-de-actividades-por-el-dia-mundial-de-la-alimentacion\\\/\",\"name\":\"Agulleiro particip\u00f3 en Trelew de Actividades por el D\u00eda Mundial de la Alimentaci\u00f3n\",\"isPartOf\":{\"@id\":\"https:\\\/\\\/patagoniambiental.com.ar\\\/info\\\/#website\"},\"datePublished\":\"2016-10-26T12:00:37+00:00\",\"breadcrumb\":{\"@id\":\"https:\\\/\\\/patagoniambiental.com.ar\\\/info\\\/agulleiro-participo-en-trelew-de-actividades-por-el-dia-mundial-de-la-alimentacion\\\/#breadcrumb\"},\"inLanguage\":\"es\",\"potentialAction\":[{\"@type\":\"ReadAction\",\"target\":[\"https:\\\/\\\/patagoniambiental.com.ar\\\/info\\\/agulleiro-participo-en-trelew-de-actividades-por-el-dia-mundial-de-la-alimentacion\\\/\"]}]},{\"@type\":\"BreadcrumbList\",\"@id\":\"https:\\\/\\\/patagoniambiental.com.ar\\\/info\\\/agulleiro-participo-en-trelew-de-actividades-por-el-dia-mundial-de-la-alimentacion\\\/#breadcrumb\",\"itemListElement\":[{\"@type\":\"ListItem\",\"position\":1,\"name\":\"Inicio\",\"item\":\"https:\\\/\\\/patagoniambiental.com.ar\\\/info\\\/\"},{\"@type\":\"ListItem\",\"position\":2,\"name\":\"Agulleiro particip\u00f3 en Trelew de Actividades por el D\u00eda Mundial de la Alimentaci\u00f3n\"}]},{\"@type\":\"WebSite\",\"@id\":\"https:\\\/\\\/patagoniambiental.com.ar\\\/info\\\/#website\",\"url\":\"https:\\\/\\\/patagoniambiental.com.ar\\\/info\\\/\",\"name\":\"Patagonia Ambiental\",\"description\":\"Monitoreo y an\u00e1lisis de la situaci\u00f3n geopol\u00edtica en el mundo y su implicancia en la Patagonia\",\"publisher\":{\"@id\":\"https:\\\/\\\/patagoniambiental.com.ar\\\/info\\\/#organization\"},\"potentialAction\":[{\"@type\":\"SearchAction\",\"target\":{\"@type\":\"EntryPoint\",\"urlTemplate\":\"https:\\\/\\\/patagoniambiental.com.ar\\\/info\\\/?s={search_term_string}\"},\"query-input\":{\"@type\":\"PropertyValueSpecification\",\"valueRequired\":true,\"valueName\":\"search_term_string\"}}],\"inLanguage\":\"es\"},{\"@type\":\"Organization\",\"@id\":\"https:\\\/\\\/patagoniambiental.com.ar\\\/info\\\/#organization\",\"name\":\"Patagonia Ambiental\",\"url\":\"https:\\\/\\\/patagoniambiental.com.ar\\\/info\\\/\",\"logo\":{\"@type\":\"ImageObject\",\"inLanguage\":\"es\",\"@id\":\"https:\\\/\\\/patagoniambiental.com.ar\\\/info\\\/#\\\/schema\\\/logo\\\/image\\\/\",\"url\":\"https:\\\/\\\/patagoniambiental.com.ar\\\/info\\\/wp-content\\\/uploads\\\/2025\\\/05\\\/LOGO-PATAGONIA-AMBIENTAL.png\",\"contentUrl\":\"https:\\\/\\\/patagoniambiental.com.ar\\\/info\\\/wp-content\\\/uploads\\\/2025\\\/05\\\/LOGO-PATAGONIA-AMBIENTAL.png\",\"width\":433,\"height\":250,\"caption\":\"Patagonia Ambiental\"},\"image\":{\"@id\":\"https:\\\/\\\/patagoniambiental.com.ar\\\/info\\\/#\\\/schema\\\/logo\\\/image\\\/\"},\"sameAs\":[\"https:\\\/\\\/www.facebook.com\\\/patagonia.ambiental\",\"https:\\\/\\\/x.com\\\/PatAmb\"]},{\"@type\":\"Person\",\"@id\":\"https:\\\/\\\/patagoniambiental.com.ar\\\/info\\\/#\\\/schema\\\/person\\\/db12bff64bbcbf6a253710bf0ea37b5d\",\"name\":\"Patagonia Ambiental\",\"description\":\"Andr\u00e9s Nievas T\u00e9cnico en manejo ambiental, consultor Ambiental y escritor para medios locales e internacionales sobre temas de geopolitica y medio ambiente.\",\"sameAs\":[\"http:\\\/\\\/www.patagoniambiental.com.ar\",\"https:\\\/\\\/www.facebook.com\\\/share\\\/1C1V8Gv9BX\\\/?mibextid=qi2Omg\",\"@patagoniambiental\",\"https:\\\/\\\/youtube.com\\\/@patagoniaambiental2023?si=BLt58t0wuXquxlYZ\"]}]}<\/script>\n<!-- \/ Yoast SEO Premium plugin. -->","yoast_head_json":{"title":"Agulleiro particip\u00f3 en Trelew de Actividades por el D\u00eda Mundial de la Alimentaci\u00f3n","robots":{"index":"index","follow":"follow","max-snippet":"max-snippet:-1","max-image-preview":"max-image-preview:large","max-video-preview":"max-video-preview:-1"},"canonical":"https:\/\/patagoniambiental.com.ar\/info\/agulleiro-participo-en-trelew-de-actividades-por-el-dia-mundial-de-la-alimentacion\/","og_locale":"es_ES","og_type":"article","og_title":"Agulleiro particip\u00f3 en Trelew de Actividades por el D\u00eda Mundial de la Alimentaci\u00f3n","og_description":"TRELEW.- El Ministro de Ambiente y Control del Desarrollo Sustentable, Ignacio Agulleiro particip\u00f3 esta ayer en la Plaza Independencia de [&hellip;]","og_url":"https:\/\/patagoniambiental.com.ar\/info\/agulleiro-participo-en-trelew-de-actividades-por-el-dia-mundial-de-la-alimentacion\/","og_site_name":"Patagonia Ambiental","article_publisher":"https:\/\/www.facebook.com\/patagonia.ambiental","article_author":"https:\/\/www.facebook.com\/share\/1C1V8Gv9BX\/?mibextid=qi2Omg","article_published_time":"2016-10-26T12:00:37+00:00","author":"Patagonia Ambiental","twitter_card":"summary_large_image","twitter_creator":"@PatAmb","twitter_site":"@PatAmb","schema":{"@context":"https:\/\/schema.org","@graph":[{"@type":"Article","@id":"https:\/\/patagoniambiental.com.ar\/info\/agulleiro-participo-en-trelew-de-actividades-por-el-dia-mundial-de-la-alimentacion\/#article","isPartOf":{"@id":"https:\/\/patagoniambiental.com.ar\/info\/agulleiro-participo-en-trelew-de-actividades-por-el-dia-mundial-de-la-alimentacion\/"},"author":{"name":"Patagonia Ambiental","@id":"https:\/\/patagoniambiental.com.ar\/info\/#\/schema\/person\/db12bff64bbcbf6a253710bf0ea37b5d"},"headline":"Agulleiro particip\u00f3 en Trelew de Actividades por el D\u00eda Mundial de la Alimentaci\u00f3n","datePublished":"2016-10-26T12:00:37+00:00","mainEntityOfPage":{"@id":"https:\/\/patagoniambiental.com.ar\/info\/agulleiro-participo-en-trelew-de-actividades-por-el-dia-mundial-de-la-alimentacion\/"},"wordCount":246,"publisher":{"@id":"https:\/\/patagoniambiental.com.ar\/info\/#organization"},"articleSection":["Municipales","Noticias"],"inLanguage":"es"},{"@type":"WebPage","@id":"https:\/\/patagoniambiental.com.ar\/info\/agulleiro-participo-en-trelew-de-actividades-por-el-dia-mundial-de-la-alimentacion\/","url":"https:\/\/patagoniambiental.com.ar\/info\/agulleiro-participo-en-trelew-de-actividades-por-el-dia-mundial-de-la-alimentacion\/","name":"Agulleiro particip\u00f3 en Trelew de Actividades por el D\u00eda Mundial de la Alimentaci\u00f3n","isPartOf":{"@id":"https:\/\/patagoniambiental.com.ar\/info\/#website"},"datePublished":"2016-10-26T12:00:37+00:00","breadcrumb":{"@id":"https:\/\/patagoniambiental.com.ar\/info\/agulleiro-participo-en-trelew-de-actividades-por-el-dia-mundial-de-la-alimentacion\/#breadcrumb"},"inLanguage":"es","potentialAction":[{"@type":"ReadAction","target":["https:\/\/patagoniambiental.com.ar\/info\/agulleiro-participo-en-trelew-de-actividades-por-el-dia-mundial-de-la-alimentacion\/"]}]},{"@type":"BreadcrumbList","@id":"https:\/\/patagoniambiental.com.ar\/info\/agulleiro-participo-en-trelew-de-actividades-por-el-dia-mundial-de-la-alimentacion\/#breadcrumb","itemListElement":[{"@type":"ListItem","position":1,"name":"Inicio","item":"https:\/\/patagoniambiental.com.ar\/info\/"},{"@type":"ListItem","position":2,"name":"Agulleiro particip\u00f3 en Trelew de Actividades por el D\u00eda Mundial de la Alimentaci\u00f3n"}]},{"@type":"WebSite","@id":"https:\/\/patagoniambiental.com.ar\/info\/#website","url":"https:\/\/patagoniambiental.com.ar\/info\/","name":"Patagonia Ambiental","description":"Monitoreo y an\u00e1lisis de la situaci\u00f3n geopol\u00edtica en el mundo y su implicancia en la Patagonia","publisher":{"@id":"https:\/\/patagoniambiental.com.ar\/info\/#organization"},"potentialAction":[{"@type":"SearchAction","target":{"@type":"EntryPoint","urlTemplate":"https:\/\/patagoniambiental.com.ar\/info\/?s={search_term_string}"},"query-input":{"@type":"PropertyValueSpecification","valueRequired":true,"valueName":"search_term_string"}}],"inLanguage":"es"},{"@type":"Organization","@id":"https:\/\/patagoniambiental.com.ar\/info\/#organization","name":"Patagonia Ambiental","url":"https:\/\/patagoniambiental.com.ar\/info\/","logo":{"@type":"ImageObject","inLanguage":"es","@id":"https:\/\/patagoniambiental.com.ar\/info\/#\/schema\/logo\/image\/","url":"https:\/\/patagoniambiental.com.ar\/info\/wp-content\/uploads\/2025\/05\/LOGO-PATAGONIA-AMBIENTAL.png","contentUrl":"https:\/\/patagoniambiental.com.ar\/info\/wp-content\/uploads\/2025\/05\/LOGO-PATAGONIA-AMBIENTAL.png","width":433,"height":250,"caption":"Patagonia Ambiental"},"image":{"@id":"https:\/\/patagoniambiental.com.ar\/info\/#\/schema\/logo\/image\/"},"sameAs":["https:\/\/www.facebook.com\/patagonia.ambiental","https:\/\/x.com\/PatAmb"]},{"@type":"Person","@id":"https:\/\/patagoniambiental.com.ar\/info\/#\/schema\/person\/db12bff64bbcbf6a253710bf0ea37b5d","name":"Patagonia Ambiental","description":"Andr\u00e9s Nievas T\u00e9cnico en manejo ambiental, consultor Ambiental y escritor para medios locales e internacionales sobre temas de geopolitica y medio ambiente.","sameAs":["http:\/\/www.patagoniambiental.com.ar","https:\/\/www.facebook.com\/share\/1C1V8Gv9BX\/?mibextid=qi2Omg","@patagoniambiental","https:\/\/youtube.com\/@patagoniaambiental2023?si=BLt58t0wuXquxlYZ"]}]}},"_links":{"self":[{"href":"https:\/\/patagoniambiental.com.ar\/info\/wp-json\/wp\/v2\/posts\/21997","targetHints":{"allow":["GET"]}}],"collection":[{"href":"https:\/\/patagoniambiental.com.ar\/info\/wp-json\/wp\/v2\/posts"}],"about":[{"href":"https:\/\/patagoniambiental.com.ar\/info\/wp-json\/wp\/v2\/types\/post"}],"author":[{"embeddable":true,"href":"https:\/\/patagoniambiental.com.ar\/info\/wp-json\/wp\/v2\/users\/2"}],"replies":[{"embeddable":true,"href":"https:\/\/patagoniambiental.com.ar\/info\/wp-json\/wp\/v2\/comments?post=21997"}],"version-history":[{"count":0,"href":"https:\/\/patagoniambiental.com.ar\/info\/wp-json\/wp\/v2\/posts\/21997\/revisions"}],"wp:attachment":[{"href":"https:\/\/patagoniambiental.com.ar\/info\/wp-json\/wp\/v2\/media?parent=21997"}],"wp:term":[{"taxonomy":"category","embeddable":true,"href":"https:\/\/patagoniambiental.com.ar\/info\/wp-json\/wp\/v2\/categories?post=21997"},{"taxonomy":"post_tag","embeddable":true,"href":"https:\/\/patagoniambiental.com.ar\/info\/wp-json\/wp\/v2\/tags?post=21997"}],"curies":[{"name":"wp","href":"https:\/\/api.w.org\/{rel}","templated":true}]}}