{"id":22161,"date":"2016-10-31T09:00:37","date_gmt":"2016-10-31T12:00:37","guid":{"rendered":"http:\/\/patagoniambiental.com.ar\/?p=22161"},"modified":"2016-10-31T09:00:37","modified_gmt":"2016-10-31T12:00:37","slug":"presentan-en-madryn-una-denuncia-penal-por-presuntas-irregularidades-en-el-vaciamiento-de-barcos-de-alpesca","status":"publish","type":"post","link":"https:\/\/patagoniambiental.com.ar\/info\/presentan-en-madryn-una-denuncia-penal-por-presuntas-irregularidades-en-el-vaciamiento-de-barcos-de-alpesca\/","title":{"rendered":"Presentan en Madryn una denuncia penal por presuntas irregularidades en el vaciamiento de barcos de Alpesca"},"content":{"rendered":"<div id=\"the_post_content\" class=\"wrap_post_content\">\n<p>PUERTO MADRYN.- El Ministro de Ambiente y Control del Desarrollo Sustentable, Ignacio Agulleiro realiz\u00f3 ante la Fiscal\u00eda de Puerto Madryn, una denuncia penal por una posible maniobra defraudatoria al Estado Provincial en la extracci\u00f3n de l\u00edquidos oleosos de barcos pertenecientes a la empresa Alpesca S.A., en la que podr\u00edan haber intervenido por acci\u00f3n u omisi\u00f3n, funcionarios de la gesti\u00f3n anterior.<br \/>\nLa denuncia indica que cotejando los informes presentados por la gesti\u00f3n anterior, con la documentaci\u00f3n de la cantidad de l\u00edquidos efectivamente extra\u00eddos, pudo advertirse una gran discrepancia, lo que podr\u00eda constituir un il\u00edcito de tipo penal o maniobras tendientes a la concreci\u00f3n del mismo.<br \/>\nEn di\u00e1logo con la prensa, Agulleiro explic\u00f3 que \u201chacemos esta presentaci\u00f3n a la Justicia para que se investigue y se determine si estos errores fueron ingenuos y sin consecuencias o si es necesario avanzar en cuestiones penales sobre los funcionarios intervinientes.\u201d<span id=\"more-5089\"><\/span><br \/>\nAclar\u00f3 tambi\u00e9n que \u201cpresentamos una denuncia por errores administrativos que consideramos graves y que nos dan el derecho a sospecha\u201d agregando que \u201ccomo funcionarios p\u00fablicos es nuestra obligaci\u00f3n, si vemos algo que podr\u00eda ser un delito tenemos la obligaci\u00f3n de hacerlo porque podr\u00edamos ser juzgados por mal desempe\u00f1o de nuestra funciones.\u201d<br \/>\nConsultado respecto de los alcances de la denuncia, el funcionario mencion\u00f3 que \u201clos errores o la oscuridad del expediente pasan por que se hab\u00eda firmado con la empresa un contrato o un acuerdo por un mill\u00f3n de pesos y despu\u00e9s se terminan facturando 350.000$ mas\u201d indicando que \u201cnos llama mucho la atenci\u00f3n adem\u00e1s que de ese mill\u00f3n casi cuatrocientos mil, son de flete cuando aca en Pto. Madryn hay una planta que podr\u00eda haber tratado esos residuos y en lugar de eso se trataron en Comodoro con un costo de casi 400.000$ mas para el Estado Provincial.\u201d<br \/>\n<strong>Funcionarios involucrados<\/strong><br \/>\nRespecto de los posibles funcionarios involucrados, Agulleiro opin\u00f3 que \u201cpareciera que es una cuesti\u00f3n orquestada con empresas amigas de Comodoro Rivadavia. Es part\u00edcipe en el expediente el ex Ministro Coordinador Juan Garitano y hay que ver las implicancias pol\u00edticas del ex Gobernador Mart\u00edn Buzzi y de los funcionarios pol\u00edticos que estaban a cargo del Ministerio de Ambiente aunque creo que es una cuesti\u00f3n de mayor jerarqu\u00eda, que se orquest\u00f3 desde las mas altas esferas pol\u00edticas de la provincia, lo cierto es que los funcionarios somos responsables pol\u00edtica y penalmente por lo que firmamos y ser\u00e1 la Justicia quien determine a quien corresponde avanzar con un proceso penal y a quien no.\u201d<br \/>\nSin embargo, Agulleiro consider\u00f3 que \u201cel ex ministro Musmeci es el principal promotor y responsable del expediente ya que las dos facturas fueron conformadas por este ministro. Y por ser una situaci\u00f3n de crisis, se pudo contratar sin concurso de precios, ni licitaci\u00f3n p\u00fablica y pasos administrativos que sirven para el control del Estado y dentro de esas crisis es cuando los que quieren aprovecharse del Estado y llevar agua para su molino aprovechan para poner a sus empresas amigas\u201d<br \/>\n<strong>\u201cCon el tema Alpesca los madrynenses estamos indefensos\u201d<\/strong><br \/>\nEl Ministro dio por concluida la conferencia de prensa indicando que \u201ceste expediente como todo lo de Alpesca es la punta del iceberg. En este tema hay que avanzar mucho porque puso al Estado Provincial y a la ciudad de Pto. Madryn en una situaci\u00f3n de indefensi\u00f3n porque al dia de hoy tenemos estos cuatro barcos varados en la costa y ni siquiera podemos retirarlos y con todo el embrollo administrativo y legal que hicieron, no queda claro de quien son los barcos, quienes son los verdaderos due\u00f1os.\u201d<br \/>\n\u201cCuando hay que tomar alguna determinaci\u00f3n, como por ejemplo mover los buques, los responsables no se hacen presentes, pero cuando existe la posibilidad de sacar alg\u00fan provecho, est\u00e1n muy presentes en el juicio de expropiaci\u00f3n demostrando que no son fantasmas y que quieren parte de esta expropiaci\u00f3n que la provincia va a tener que pagar lamentablemente a una empresa que estaba fundida, asi que esto hay que investigarlo a fondo\u201d, concluy\u00f3.<\/p>\n<\/div>\n<footer class=\"clearfix\">\n<div class=\"clearfix\">\u00a0Fuente: Gobierno de Chubut<\/div>\n<div class=\"wpb_row row-fluid next-prev\"><\/div>\n<\/footer>\n","protected":false},"excerpt":{"rendered":"<p>PUERTO MADRYN.- El Ministro de Ambiente y Control del Desarrollo Sustentable, Ignacio Agulleiro realiz\u00f3 ante la Fiscal\u00eda de Puerto Madryn, [&hellip;]<\/p>\n","protected":false},"author":2,"featured_media":0,"comment_status":"closed","ping_status":"closed","sticky":false,"template":"","format":"standard","meta":{"site-sidebar-layout":"default","site-content-layout":"","ast-site-content-layout":"default","site-content-style":"default","site-sidebar-style":"default","ast-global-header-display":"","ast-banner-title-visibility":"","ast-main-header-display":"","ast-hfb-above-header-display":"","ast-hfb-below-header-display":"","ast-hfb-mobile-header-display":"","site-post-title":"","ast-breadcrumbs-content":"","ast-featured-img":"","footer-sml-layout":"","ast-disable-related-posts":"","theme-transparent-header-meta":"","adv-header-id-meta":"","stick-header-meta":"","header-above-stick-meta":"","header-main-stick-meta":"","header-below-stick-meta":"","astra-migrate-meta-layouts":"default","ast-page-background-enabled":"default","ast-page-background-meta":{"desktop":{"background-color":"var(--ast-global-color-5)","background-image":"","background-repeat":"repeat","background-position":"center center","background-size":"auto","background-attachment":"scroll","background-type":"","background-media":"","overlay-type":"","overlay-color":"","overlay-opacity":"","overlay-gradient":""},"tablet":{"background-color":"","background-image":"","background-repeat":"repeat","background-position":"center center","background-size":"auto","background-attachment":"scroll","background-type":"","background-media":"","overlay-type":"","overlay-color":"","overlay-opacity":"","overlay-gradient":""},"mobile":{"background-color":"","background-image":"","background-repeat":"repeat","background-position":"center center","background-size":"auto","background-attachment":"scroll","background-type":"","background-media":"","overlay-type":"","overlay-color":"","overlay-opacity":"","overlay-gradient":""}},"ast-content-background-meta":{"desktop":{"background-color":"var(--ast-global-color-4)","background-image":"","background-repeat":"repeat","background-position":"center center","background-size":"auto","background-attachment":"scroll","background-type":"","background-media":"","overlay-type":"","overlay-color":"","overlay-opacity":"","overlay-gradient":""},"tablet":{"background-color":"var(--ast-global-color-4)","background-image":"","background-repeat":"repeat","background-position":"center center","background-size":"auto","background-attachment":"scroll","background-type":"","background-media":"","overlay-type":"","overlay-color":"","overlay-opacity":"","overlay-gradient":""},"mobile":{"background-color":"var(--ast-global-color-4)","background-image":"","background-repeat":"repeat","background-position":"center center","background-size":"auto","background-attachment":"scroll","background-type":"","background-media":"","overlay-type":"","overlay-color":"","overlay-opacity":"","overlay-gradient":""}},"footnotes":""},"categories":[16,1],"tags":[],"class_list":["post-22161","post","type-post","status-publish","format-standard","hentry","category-municipales","category-noticias"],"yoast_head":"<!-- This site is optimized with the Yoast SEO Premium plugin v23.0 (Yoast SEO v27.4) - https:\/\/yoast.com\/product\/yoast-seo-premium-wordpress\/ -->\n<title>Presentan en Madryn una denuncia penal por presuntas irregularidades en el vaciamiento de barcos de Alpesca<\/title>\n<meta name=\"robots\" content=\"index, follow, max-snippet:-1, max-image-preview:large, max-video-preview:-1\" \/>\n<link rel=\"canonical\" href=\"https:\/\/patagoniambiental.com.ar\/info\/presentan-en-madryn-una-denuncia-penal-por-presuntas-irregularidades-en-el-vaciamiento-de-barcos-de-alpesca\/\" \/>\n<meta property=\"og:locale\" content=\"es_ES\" \/>\n<meta property=\"og:type\" content=\"article\" \/>\n<meta property=\"og:title\" content=\"Presentan en Madryn una denuncia penal por presuntas irregularidades en el vaciamiento de barcos de Alpesca\" \/>\n<meta property=\"og:description\" content=\"PUERTO MADRYN.- El Ministro de Ambiente y Control del Desarrollo Sustentable, Ignacio Agulleiro realiz\u00f3 ante la Fiscal\u00eda de Puerto Madryn, [&hellip;]\" \/>\n<meta property=\"og:url\" content=\"https:\/\/patagoniambiental.com.ar\/info\/presentan-en-madryn-una-denuncia-penal-por-presuntas-irregularidades-en-el-vaciamiento-de-barcos-de-alpesca\/\" \/>\n<meta property=\"og:site_name\" content=\"Patagonia Ambiental\" \/>\n<meta property=\"article:publisher\" content=\"https:\/\/www.facebook.com\/patagonia.ambiental\" \/>\n<meta property=\"article:author\" content=\"https:\/\/www.facebook.com\/share\/1C1V8Gv9BX\/?mibextid=qi2Omg\" \/>\n<meta property=\"article:published_time\" content=\"2016-10-31T12:00:37+00:00\" \/>\n<meta name=\"author\" content=\"Patagonia Ambiental\" \/>\n<meta name=\"twitter:card\" content=\"summary_large_image\" \/>\n<meta name=\"twitter:creator\" content=\"@PatAmb\" \/>\n<meta name=\"twitter:site\" content=\"@PatAmb\" \/>\n<script type=\"application\/ld+json\" class=\"yoast-schema-graph\">{\"@context\":\"https:\\\/\\\/schema.org\",\"@graph\":[{\"@type\":\"Article\",\"@id\":\"https:\\\/\\\/patagoniambiental.com.ar\\\/info\\\/presentan-en-madryn-una-denuncia-penal-por-presuntas-irregularidades-en-el-vaciamiento-de-barcos-de-alpesca\\\/#article\",\"isPartOf\":{\"@id\":\"https:\\\/\\\/patagoniambiental.com.ar\\\/info\\\/presentan-en-madryn-una-denuncia-penal-por-presuntas-irregularidades-en-el-vaciamiento-de-barcos-de-alpesca\\\/\"},\"author\":{\"name\":\"Patagonia Ambiental\",\"@id\":\"https:\\\/\\\/patagoniambiental.com.ar\\\/info\\\/#\\\/schema\\\/person\\\/db12bff64bbcbf6a253710bf0ea37b5d\"},\"headline\":\"Presentan en Madryn una denuncia penal por presuntas irregularidades en el vaciamiento de barcos de Alpesca\",\"datePublished\":\"2016-10-31T12:00:37+00:00\",\"mainEntityOfPage\":{\"@id\":\"https:\\\/\\\/patagoniambiental.com.ar\\\/info\\\/presentan-en-madryn-una-denuncia-penal-por-presuntas-irregularidades-en-el-vaciamiento-de-barcos-de-alpesca\\\/\"},\"wordCount\":723,\"publisher\":{\"@id\":\"https:\\\/\\\/patagoniambiental.com.ar\\\/info\\\/#organization\"},\"articleSection\":[\"Municipales\",\"Noticias\"],\"inLanguage\":\"es\"},{\"@type\":\"WebPage\",\"@id\":\"https:\\\/\\\/patagoniambiental.com.ar\\\/info\\\/presentan-en-madryn-una-denuncia-penal-por-presuntas-irregularidades-en-el-vaciamiento-de-barcos-de-alpesca\\\/\",\"url\":\"https:\\\/\\\/patagoniambiental.com.ar\\\/info\\\/presentan-en-madryn-una-denuncia-penal-por-presuntas-irregularidades-en-el-vaciamiento-de-barcos-de-alpesca\\\/\",\"name\":\"Presentan en Madryn una denuncia penal por presuntas irregularidades en el vaciamiento de barcos de Alpesca\",\"isPartOf\":{\"@id\":\"https:\\\/\\\/patagoniambiental.com.ar\\\/info\\\/#website\"},\"datePublished\":\"2016-10-31T12:00:37+00:00\",\"breadcrumb\":{\"@id\":\"https:\\\/\\\/patagoniambiental.com.ar\\\/info\\\/presentan-en-madryn-una-denuncia-penal-por-presuntas-irregularidades-en-el-vaciamiento-de-barcos-de-alpesca\\\/#breadcrumb\"},\"inLanguage\":\"es\",\"potentialAction\":[{\"@type\":\"ReadAction\",\"target\":[\"https:\\\/\\\/patagoniambiental.com.ar\\\/info\\\/presentan-en-madryn-una-denuncia-penal-por-presuntas-irregularidades-en-el-vaciamiento-de-barcos-de-alpesca\\\/\"]}]},{\"@type\":\"BreadcrumbList\",\"@id\":\"https:\\\/\\\/patagoniambiental.com.ar\\\/info\\\/presentan-en-madryn-una-denuncia-penal-por-presuntas-irregularidades-en-el-vaciamiento-de-barcos-de-alpesca\\\/#breadcrumb\",\"itemListElement\":[{\"@type\":\"ListItem\",\"position\":1,\"name\":\"Inicio\",\"item\":\"https:\\\/\\\/patagoniambiental.com.ar\\\/info\\\/\"},{\"@type\":\"ListItem\",\"position\":2,\"name\":\"Presentan en Madryn una denuncia penal por presuntas irregularidades en el vaciamiento de barcos de Alpesca\"}]},{\"@type\":\"WebSite\",\"@id\":\"https:\\\/\\\/patagoniambiental.com.ar\\\/info\\\/#website\",\"url\":\"https:\\\/\\\/patagoniambiental.com.ar\\\/info\\\/\",\"name\":\"Patagonia Ambiental\",\"description\":\"Monitoreo y an\u00e1lisis de la situaci\u00f3n geopol\u00edtica en el mundo y su implicancia en la Patagonia\",\"publisher\":{\"@id\":\"https:\\\/\\\/patagoniambiental.com.ar\\\/info\\\/#organization\"},\"potentialAction\":[{\"@type\":\"SearchAction\",\"target\":{\"@type\":\"EntryPoint\",\"urlTemplate\":\"https:\\\/\\\/patagoniambiental.com.ar\\\/info\\\/?s={search_term_string}\"},\"query-input\":{\"@type\":\"PropertyValueSpecification\",\"valueRequired\":true,\"valueName\":\"search_term_string\"}}],\"inLanguage\":\"es\"},{\"@type\":\"Organization\",\"@id\":\"https:\\\/\\\/patagoniambiental.com.ar\\\/info\\\/#organization\",\"name\":\"Patagonia Ambiental\",\"url\":\"https:\\\/\\\/patagoniambiental.com.ar\\\/info\\\/\",\"logo\":{\"@type\":\"ImageObject\",\"inLanguage\":\"es\",\"@id\":\"https:\\\/\\\/patagoniambiental.com.ar\\\/info\\\/#\\\/schema\\\/logo\\\/image\\\/\",\"url\":\"https:\\\/\\\/patagoniambiental.com.ar\\\/info\\\/wp-content\\\/uploads\\\/2025\\\/05\\\/LOGO-PATAGONIA-AMBIENTAL.png\",\"contentUrl\":\"https:\\\/\\\/patagoniambiental.com.ar\\\/info\\\/wp-content\\\/uploads\\\/2025\\\/05\\\/LOGO-PATAGONIA-AMBIENTAL.png\",\"width\":433,\"height\":250,\"caption\":\"Patagonia Ambiental\"},\"image\":{\"@id\":\"https:\\\/\\\/patagoniambiental.com.ar\\\/info\\\/#\\\/schema\\\/logo\\\/image\\\/\"},\"sameAs\":[\"https:\\\/\\\/www.facebook.com\\\/patagonia.ambiental\",\"https:\\\/\\\/x.com\\\/PatAmb\"]},{\"@type\":\"Person\",\"@id\":\"https:\\\/\\\/patagoniambiental.com.ar\\\/info\\\/#\\\/schema\\\/person\\\/db12bff64bbcbf6a253710bf0ea37b5d\",\"name\":\"Patagonia Ambiental\",\"description\":\"Andr\u00e9s Nievas T\u00e9cnico en manejo ambiental, consultor Ambiental y escritor para medios locales e internacionales sobre temas de geopolitica y medio ambiente.\",\"sameAs\":[\"http:\\\/\\\/www.patagoniambiental.com.ar\",\"https:\\\/\\\/www.facebook.com\\\/share\\\/1C1V8Gv9BX\\\/?mibextid=qi2Omg\",\"@patagoniambiental\",\"https:\\\/\\\/youtube.com\\\/@patagoniaambiental2023?si=BLt58t0wuXquxlYZ\"]}]}<\/script>\n<!-- \/ Yoast SEO Premium plugin. -->","yoast_head_json":{"title":"Presentan en Madryn una denuncia penal por presuntas irregularidades en el vaciamiento de barcos de Alpesca","robots":{"index":"index","follow":"follow","max-snippet":"max-snippet:-1","max-image-preview":"max-image-preview:large","max-video-preview":"max-video-preview:-1"},"canonical":"https:\/\/patagoniambiental.com.ar\/info\/presentan-en-madryn-una-denuncia-penal-por-presuntas-irregularidades-en-el-vaciamiento-de-barcos-de-alpesca\/","og_locale":"es_ES","og_type":"article","og_title":"Presentan en Madryn una denuncia penal por presuntas irregularidades en el vaciamiento de barcos de Alpesca","og_description":"PUERTO MADRYN.- El Ministro de Ambiente y Control del Desarrollo Sustentable, Ignacio Agulleiro realiz\u00f3 ante la Fiscal\u00eda de Puerto Madryn, [&hellip;]","og_url":"https:\/\/patagoniambiental.com.ar\/info\/presentan-en-madryn-una-denuncia-penal-por-presuntas-irregularidades-en-el-vaciamiento-de-barcos-de-alpesca\/","og_site_name":"Patagonia Ambiental","article_publisher":"https:\/\/www.facebook.com\/patagonia.ambiental","article_author":"https:\/\/www.facebook.com\/share\/1C1V8Gv9BX\/?mibextid=qi2Omg","article_published_time":"2016-10-31T12:00:37+00:00","author":"Patagonia Ambiental","twitter_card":"summary_large_image","twitter_creator":"@PatAmb","twitter_site":"@PatAmb","schema":{"@context":"https:\/\/schema.org","@graph":[{"@type":"Article","@id":"https:\/\/patagoniambiental.com.ar\/info\/presentan-en-madryn-una-denuncia-penal-por-presuntas-irregularidades-en-el-vaciamiento-de-barcos-de-alpesca\/#article","isPartOf":{"@id":"https:\/\/patagoniambiental.com.ar\/info\/presentan-en-madryn-una-denuncia-penal-por-presuntas-irregularidades-en-el-vaciamiento-de-barcos-de-alpesca\/"},"author":{"name":"Patagonia Ambiental","@id":"https:\/\/patagoniambiental.com.ar\/info\/#\/schema\/person\/db12bff64bbcbf6a253710bf0ea37b5d"},"headline":"Presentan en Madryn una denuncia penal por presuntas irregularidades en el vaciamiento de barcos de Alpesca","datePublished":"2016-10-31T12:00:37+00:00","mainEntityOfPage":{"@id":"https:\/\/patagoniambiental.com.ar\/info\/presentan-en-madryn-una-denuncia-penal-por-presuntas-irregularidades-en-el-vaciamiento-de-barcos-de-alpesca\/"},"wordCount":723,"publisher":{"@id":"https:\/\/patagoniambiental.com.ar\/info\/#organization"},"articleSection":["Municipales","Noticias"],"inLanguage":"es"},{"@type":"WebPage","@id":"https:\/\/patagoniambiental.com.ar\/info\/presentan-en-madryn-una-denuncia-penal-por-presuntas-irregularidades-en-el-vaciamiento-de-barcos-de-alpesca\/","url":"https:\/\/patagoniambiental.com.ar\/info\/presentan-en-madryn-una-denuncia-penal-por-presuntas-irregularidades-en-el-vaciamiento-de-barcos-de-alpesca\/","name":"Presentan en Madryn una denuncia penal por presuntas irregularidades en el vaciamiento de barcos de Alpesca","isPartOf":{"@id":"https:\/\/patagoniambiental.com.ar\/info\/#website"},"datePublished":"2016-10-31T12:00:37+00:00","breadcrumb":{"@id":"https:\/\/patagoniambiental.com.ar\/info\/presentan-en-madryn-una-denuncia-penal-por-presuntas-irregularidades-en-el-vaciamiento-de-barcos-de-alpesca\/#breadcrumb"},"inLanguage":"es","potentialAction":[{"@type":"ReadAction","target":["https:\/\/patagoniambiental.com.ar\/info\/presentan-en-madryn-una-denuncia-penal-por-presuntas-irregularidades-en-el-vaciamiento-de-barcos-de-alpesca\/"]}]},{"@type":"BreadcrumbList","@id":"https:\/\/patagoniambiental.com.ar\/info\/presentan-en-madryn-una-denuncia-penal-por-presuntas-irregularidades-en-el-vaciamiento-de-barcos-de-alpesca\/#breadcrumb","itemListElement":[{"@type":"ListItem","position":1,"name":"Inicio","item":"https:\/\/patagoniambiental.com.ar\/info\/"},{"@type":"ListItem","position":2,"name":"Presentan en Madryn una denuncia penal por presuntas irregularidades en el vaciamiento de barcos de Alpesca"}]},{"@type":"WebSite","@id":"https:\/\/patagoniambiental.com.ar\/info\/#website","url":"https:\/\/patagoniambiental.com.ar\/info\/","name":"Patagonia Ambiental","description":"Monitoreo y an\u00e1lisis de la situaci\u00f3n geopol\u00edtica en el mundo y su implicancia en la Patagonia","publisher":{"@id":"https:\/\/patagoniambiental.com.ar\/info\/#organization"},"potentialAction":[{"@type":"SearchAction","target":{"@type":"EntryPoint","urlTemplate":"https:\/\/patagoniambiental.com.ar\/info\/?s={search_term_string}"},"query-input":{"@type":"PropertyValueSpecification","valueRequired":true,"valueName":"search_term_string"}}],"inLanguage":"es"},{"@type":"Organization","@id":"https:\/\/patagoniambiental.com.ar\/info\/#organization","name":"Patagonia Ambiental","url":"https:\/\/patagoniambiental.com.ar\/info\/","logo":{"@type":"ImageObject","inLanguage":"es","@id":"https:\/\/patagoniambiental.com.ar\/info\/#\/schema\/logo\/image\/","url":"https:\/\/patagoniambiental.com.ar\/info\/wp-content\/uploads\/2025\/05\/LOGO-PATAGONIA-AMBIENTAL.png","contentUrl":"https:\/\/patagoniambiental.com.ar\/info\/wp-content\/uploads\/2025\/05\/LOGO-PATAGONIA-AMBIENTAL.png","width":433,"height":250,"caption":"Patagonia Ambiental"},"image":{"@id":"https:\/\/patagoniambiental.com.ar\/info\/#\/schema\/logo\/image\/"},"sameAs":["https:\/\/www.facebook.com\/patagonia.ambiental","https:\/\/x.com\/PatAmb"]},{"@type":"Person","@id":"https:\/\/patagoniambiental.com.ar\/info\/#\/schema\/person\/db12bff64bbcbf6a253710bf0ea37b5d","name":"Patagonia Ambiental","description":"Andr\u00e9s Nievas T\u00e9cnico en manejo ambiental, consultor Ambiental y escritor para medios locales e internacionales sobre temas de geopolitica y medio ambiente.","sameAs":["http:\/\/www.patagoniambiental.com.ar","https:\/\/www.facebook.com\/share\/1C1V8Gv9BX\/?mibextid=qi2Omg","@patagoniambiental","https:\/\/youtube.com\/@patagoniaambiental2023?si=BLt58t0wuXquxlYZ"]}]}},"_links":{"self":[{"href":"https:\/\/patagoniambiental.com.ar\/info\/wp-json\/wp\/v2\/posts\/22161","targetHints":{"allow":["GET"]}}],"collection":[{"href":"https:\/\/patagoniambiental.com.ar\/info\/wp-json\/wp\/v2\/posts"}],"about":[{"href":"https:\/\/patagoniambiental.com.ar\/info\/wp-json\/wp\/v2\/types\/post"}],"author":[{"embeddable":true,"href":"https:\/\/patagoniambiental.com.ar\/info\/wp-json\/wp\/v2\/users\/2"}],"replies":[{"embeddable":true,"href":"https:\/\/patagoniambiental.com.ar\/info\/wp-json\/wp\/v2\/comments?post=22161"}],"version-history":[{"count":0,"href":"https:\/\/patagoniambiental.com.ar\/info\/wp-json\/wp\/v2\/posts\/22161\/revisions"}],"wp:attachment":[{"href":"https:\/\/patagoniambiental.com.ar\/info\/wp-json\/wp\/v2\/media?parent=22161"}],"wp:term":[{"taxonomy":"category","embeddable":true,"href":"https:\/\/patagoniambiental.com.ar\/info\/wp-json\/wp\/v2\/categories?post=22161"},{"taxonomy":"post_tag","embeddable":true,"href":"https:\/\/patagoniambiental.com.ar\/info\/wp-json\/wp\/v2\/tags?post=22161"}],"curies":[{"name":"wp","href":"https:\/\/api.w.org\/{rel}","templated":true}]}}