{"id":22182,"date":"2016-11-01T09:00:15","date_gmt":"2016-11-01T12:00:15","guid":{"rendered":"http:\/\/patagoniambiental.com.ar\/?p=22182"},"modified":"2016-11-01T09:00:15","modified_gmt":"2016-11-01T12:00:15","slug":"una-moto-a-hidrogeno-como-bandera-del-medioambiente","status":"publish","type":"post","link":"https:\/\/patagoniambiental.com.ar\/info\/una-moto-a-hidrogeno-como-bandera-del-medioambiente\/","title":{"rendered":"Una moto a hidr\u00f3geno como bandera del medioambiente"},"content":{"rendered":"<div class=\"detail-body news-content \">\n<div class=\"news-body\">\n<div class=\"news-paragraph cuerpo\" data-idnota=\"1273351\" data-twitter-link=\"https:\/\/twitter.com\/intent\/tweet?url=http:\/\/www.lacapital.com.ar\/\/c1273351&amp;via=lacapital&amp;related=La Capital&amp;text=\">\n<p align=\"justify\">Su libro se llama \u00abSu\u00e9\u00f1alo, \u00e1malo, v\u00edvelo\u00bb, su proyecto es la \u00abExpedici\u00f3n Alegr\u00eda\u00bb y su web se presenta como \u00abTransformaci\u00f3n Pura Viva Now\u00bb. El autor de todas esas iniciativas es Fabricio Bribi\u00f3n, aventurero nacido en Puerto Madryn que recorre el mundo desde a\u00f1os y que al placer de viajar decidi\u00f3 darle un valor agregado a trav\u00e9s de la realizaci\u00f3n de proyectos solidarios en diferentes puntos del continente americano.<\/p>\n<p align=\"justify\">Bribi\u00f3n, que est\u00e1 por terminar una gira de ocho meses por todo el pa\u00eds a bordo de una moto ecol\u00f3gica que funciona con una celda de hidr\u00f3geno, pregona desde hace a\u00f1os la defensa del medioambiente como una de las grandes causas de necesaria defensa para lograr algo tan b\u00e1sico y a la vez complicado como dejarle a las generaciones futuras un mundo un poco m\u00e1s justo y sustentable.<\/p>\n<p align=\"justify\">De paso por Rosario, quiso dejar su mensaje ecol\u00f3gico y de compromiso social.<\/p>\n<p align=\"justify\"><strong>\u2014\u00bfC\u00f3mo comenzaste a realizar estos proyectos?<\/strong><\/p>\n<p align=\"justify\">\u2014Son muchas las razones, yo empec\u00e9 hace 21 a\u00f1os a viajar por un mont\u00f3n de pa\u00edses y al principio s\u00f3lo me iba de viaje con la idea de pasarla bien y conocer lugares nuevos. As\u00ed pude sumar herramientas para desarrollar mi vida a gusto. Estuve as\u00ed mucho tiempo y la pas\u00e9 espectacular. Pero en un momento sent\u00ed que precisaba servir para algo y all\u00ed empec\u00e9 con peque\u00f1as acciones para poder colaborar por ejemplo con chicos de la calle y me fui animando a exponerme en diferentes \u00e1mbitos sociales. Estuve en escuelas de campo y en comunidades abor\u00edgenes, y hace diez a\u00f1os me empec\u00e9 a interesar en el medioambiente.<\/p>\n<p align=\"justify\"><strong>\u2014\u00bfQu\u00e9 mensaje te interesa transmitir respecto al ambiente?<\/strong><\/p>\n<p align=\"justify\">\u2014En los \u00faltimos diez a\u00f1os me fui interiorizando sobre temas como energ\u00edas alternativas, cambio clim\u00e1tico y b\u00fasqueda de alternativas al desarrollo. Me eduqu\u00e9 y me contact\u00e9 y hoy en d\u00eda lo m\u00e1s importante que hago es entregar un mensaje de transformaci\u00f3n para generar una mejor versi\u00f3n de uno mismo, porque ser exitoso es hacer lo que uno le gusta y sumarle un prop\u00f3sito para as\u00ed dejar un mundo un poco mejor. Creo que eso va de la mano con la sustentabilidad y ah\u00ed todos podemos hacer mucho: desde colocar paneles solares \u2014que valen plata, pero tambi\u00e9n gastamos mucho en la electricidad\u2014 hasta movilizarnos de otra forma y alimentarnos de otra manera. Es importante que comencemos a tener nuestros huertos org\u00e1nicos y una alimentaci\u00f3n m\u00e1s sana.<\/p>\n<p align=\"justify\"><strong>\u2014\u00bfC\u00f3mo es la gira que est\u00e1s haciendo ahora?<\/strong><\/p>\n<p align=\"justify\">\u2014Lo que vengo haciendo es una gira a nivel nacional en una moto que tiene una celda de hidr\u00f3geno, o sea que funciona con gasolina pero contamina mucho menos y adem\u00e1s ahorro hasta un 30 por ciento de combustible. Es f\u00e1cil de hacer, se puede copiar de internet, todos pueden acceder a esa tecnolog\u00eda. As\u00ed todos podemos hacer algo para reconocer nuestros recursos disponibles, hay mucha tecnolog\u00eda ahora. Cualquier veh\u00edculo se puede convertir a electricidad, y cambios as\u00ed est\u00e1n ocurriendo en todas las \u00e1reas de la vida.<\/p>\n<p align=\"justify\"><strong>\u2014Tambi\u00e9n escribiste un libro&#8230;<\/strong><\/p>\n<p align=\"justify\">\u2014Tengo una autobiograf\u00eda que vendo en formato pdf, yo no soy escritor ni maestro de nada, pero ah\u00ed comparto mi experiencia personal porque escribo cosas con las cu\u00e1les la gente puede sentirse identificada. Si alguien no puede comprar el libro lo regalo, es parte de la magia porque no estoy detr\u00e1s de algo financiero.<\/p>\n<p align=\"justify\"><strong>\u2014\u00bfC\u00f3mo es la historia de la moto a hidr\u00f3geno que us\u00e1s?<\/strong><\/p>\n<p align=\"justify\">\u2014La moto me la compr\u00e9 en Puerto Madryn, pero yo ahora vivo en California. Hace un a\u00f1o me enamor\u00e9 de la moto y la compr\u00e9 normal, al sistema de hidr\u00f3geno me lo traje de Los Angeles. Si bien el veh\u00edculo no es h\u00edbrido ni funciona solo a hidr\u00f3geno, permite maximizar la capacidad de explosi\u00f3n del combustible f\u00f3sil, por lo que contamina mucho menos y maximiza su autonom\u00eda.<\/p>\n<p align=\"justify\"><strong>\u2014\u00bfTe parece que existe m\u00e1s conciencia ambiental que antes?<\/strong><\/p>\n<p align=\"justify\">\u2014S\u00ed, creo que si, en todos lados todo el tiempo veo m\u00e1s y m\u00e1s inter\u00e9s por hacer algo m\u00e1s sano para el medioambiente, y a eso lo motorizan las nuevas generaciones. Pero tambi\u00e9n estoy consciente de que los chicos no van a poder hacer nada al ritmo que venimos destruyendo el planeta, ellos est\u00e1n dispuestos a defender el ambiente pero cuando sean adultos ya habr\u00e1 demasiada degradaci\u00f3n a este ritmo. Es hora de cambiar ya.<\/p>\n<\/div>\n<\/div>\n<\/div>\n<div id=\"aep-placement-ICOl\" class=\"aep-ads aep-inline\">\u00a0Fuente: por <a href=\"http:\/\/www.lacapital.com.ar\/jorgelina-hiba-la-capital-p238.html\">Jorgelina Hiba \/ La Capital<\/a><\/div>\n","protected":false},"excerpt":{"rendered":"<p>Su libro se llama \u00abSu\u00e9\u00f1alo, \u00e1malo, v\u00edvelo\u00bb, su proyecto es la \u00abExpedici\u00f3n Alegr\u00eda\u00bb y su web se presenta como \u00abTransformaci\u00f3n [&hellip;]<\/p>\n","protected":false},"author":2,"featured_media":0,"comment_status":"closed","ping_status":"closed","sticky":false,"template":"","format":"standard","meta":{"site-sidebar-layout":"default","site-content-layout":"","ast-site-content-layout":"default","site-content-style":"default","site-sidebar-style":"default","ast-global-header-display":"","ast-banner-title-visibility":"","ast-main-header-display":"","ast-hfb-above-header-display":"","ast-hfb-below-header-display":"","ast-hfb-mobile-header-display":"","site-post-title":"","ast-breadcrumbs-content":"","ast-featured-img":"","footer-sml-layout":"","ast-disable-related-posts":"","theme-transparent-header-meta":"","adv-header-id-meta":"","stick-header-meta":"","header-above-stick-meta":"","header-main-stick-meta":"","header-below-stick-meta":"","astra-migrate-meta-layouts":"default","ast-page-background-enabled":"default","ast-page-background-meta":{"desktop":{"background-color":"var(--ast-global-color-5)","background-image":"","background-repeat":"repeat","background-position":"center center","background-size":"auto","background-attachment":"scroll","background-type":"","background-media":"","overlay-type":"","overlay-color":"","overlay-opacity":"","overlay-gradient":""},"tablet":{"background-color":"","background-image":"","background-repeat":"repeat","background-position":"center center","background-size":"auto","background-attachment":"scroll","background-type":"","background-media":"","overlay-type":"","overlay-color":"","overlay-opacity":"","overlay-gradient":""},"mobile":{"background-color":"","background-image":"","background-repeat":"repeat","background-position":"center center","background-size":"auto","background-attachment":"scroll","background-type":"","background-media":"","overlay-type":"","overlay-color":"","overlay-opacity":"","overlay-gradient":""}},"ast-content-background-meta":{"desktop":{"background-color":"var(--ast-global-color-4)","background-image":"","background-repeat":"repeat","background-position":"center center","background-size":"auto","background-attachment":"scroll","background-type":"","background-media":"","overlay-type":"","overlay-color":"","overlay-opacity":"","overlay-gradient":""},"tablet":{"background-color":"var(--ast-global-color-4)","background-image":"","background-repeat":"repeat","background-position":"center center","background-size":"auto","background-attachment":"scroll","background-type":"","background-media":"","overlay-type":"","overlay-color":"","overlay-opacity":"","overlay-gradient":""},"mobile":{"background-color":"var(--ast-global-color-4)","background-image":"","background-repeat":"repeat","background-position":"center center","background-size":"auto","background-attachment":"scroll","background-type":"","background-media":"","overlay-type":"","overlay-color":"","overlay-opacity":"","overlay-gradient":""}},"footnotes":""},"categories":[51,1],"tags":[],"class_list":["post-22182","post","type-post","status-publish","format-standard","hentry","category-entrevistas","category-noticias"],"yoast_head":"<!-- This site is optimized with the Yoast SEO Premium plugin v23.0 (Yoast SEO v27.5) - https:\/\/yoast.com\/product\/yoast-seo-premium-wordpress\/ -->\n<title>Una moto a hidr\u00f3geno como bandera del medioambiente<\/title>\n<meta name=\"robots\" content=\"index, follow, max-snippet:-1, max-image-preview:large, max-video-preview:-1\" \/>\n<link rel=\"canonical\" href=\"https:\/\/patagoniambiental.com.ar\/info\/una-moto-a-hidrogeno-como-bandera-del-medioambiente\/\" \/>\n<meta property=\"og:locale\" content=\"es_ES\" \/>\n<meta property=\"og:type\" content=\"article\" \/>\n<meta property=\"og:title\" content=\"Una moto a hidr\u00f3geno como bandera del medioambiente\" \/>\n<meta property=\"og:description\" content=\"Su libro se llama \u00abSu\u00e9\u00f1alo, \u00e1malo, v\u00edvelo\u00bb, su proyecto es la \u00abExpedici\u00f3n Alegr\u00eda\u00bb y su web se presenta como \u00abTransformaci\u00f3n [&hellip;]\" \/>\n<meta property=\"og:url\" content=\"https:\/\/patagoniambiental.com.ar\/info\/una-moto-a-hidrogeno-como-bandera-del-medioambiente\/\" \/>\n<meta property=\"og:site_name\" content=\"Patagonia Ambiental\" \/>\n<meta property=\"article:publisher\" content=\"https:\/\/www.facebook.com\/patagonia.ambiental\" \/>\n<meta property=\"article:author\" content=\"https:\/\/www.facebook.com\/share\/1C1V8Gv9BX\/?mibextid=qi2Omg\" \/>\n<meta property=\"article:published_time\" content=\"2016-11-01T12:00:15+00:00\" \/>\n<meta name=\"author\" content=\"Patagonia Ambiental\" \/>\n<meta name=\"twitter:card\" content=\"summary_large_image\" \/>\n<meta name=\"twitter:creator\" content=\"@PatAmb\" \/>\n<meta name=\"twitter:site\" content=\"@PatAmb\" \/>\n<script type=\"application\/ld+json\" class=\"yoast-schema-graph\">{\"@context\":\"https:\\\/\\\/schema.org\",\"@graph\":[{\"@type\":\"Article\",\"@id\":\"https:\\\/\\\/patagoniambiental.com.ar\\\/info\\\/una-moto-a-hidrogeno-como-bandera-del-medioambiente\\\/#article\",\"isPartOf\":{\"@id\":\"https:\\\/\\\/patagoniambiental.com.ar\\\/info\\\/una-moto-a-hidrogeno-como-bandera-del-medioambiente\\\/\"},\"author\":{\"name\":\"Patagonia Ambiental\",\"@id\":\"https:\\\/\\\/patagoniambiental.com.ar\\\/info\\\/#\\\/schema\\\/person\\\/db12bff64bbcbf6a253710bf0ea37b5d\"},\"headline\":\"Una moto a hidr\u00f3geno como bandera del medioambiente\",\"datePublished\":\"2016-11-01T12:00:15+00:00\",\"mainEntityOfPage\":{\"@id\":\"https:\\\/\\\/patagoniambiental.com.ar\\\/info\\\/una-moto-a-hidrogeno-como-bandera-del-medioambiente\\\/\"},\"wordCount\":794,\"publisher\":{\"@id\":\"https:\\\/\\\/patagoniambiental.com.ar\\\/info\\\/#organization\"},\"articleSection\":[\"Entrevistas\",\"Noticias\"],\"inLanguage\":\"es\"},{\"@type\":\"WebPage\",\"@id\":\"https:\\\/\\\/patagoniambiental.com.ar\\\/info\\\/una-moto-a-hidrogeno-como-bandera-del-medioambiente\\\/\",\"url\":\"https:\\\/\\\/patagoniambiental.com.ar\\\/info\\\/una-moto-a-hidrogeno-como-bandera-del-medioambiente\\\/\",\"name\":\"Una moto a hidr\u00f3geno como bandera del medioambiente\",\"isPartOf\":{\"@id\":\"https:\\\/\\\/patagoniambiental.com.ar\\\/info\\\/#website\"},\"datePublished\":\"2016-11-01T12:00:15+00:00\",\"breadcrumb\":{\"@id\":\"https:\\\/\\\/patagoniambiental.com.ar\\\/info\\\/una-moto-a-hidrogeno-como-bandera-del-medioambiente\\\/#breadcrumb\"},\"inLanguage\":\"es\",\"potentialAction\":[{\"@type\":\"ReadAction\",\"target\":[\"https:\\\/\\\/patagoniambiental.com.ar\\\/info\\\/una-moto-a-hidrogeno-como-bandera-del-medioambiente\\\/\"]}]},{\"@type\":\"BreadcrumbList\",\"@id\":\"https:\\\/\\\/patagoniambiental.com.ar\\\/info\\\/una-moto-a-hidrogeno-como-bandera-del-medioambiente\\\/#breadcrumb\",\"itemListElement\":[{\"@type\":\"ListItem\",\"position\":1,\"name\":\"Inicio\",\"item\":\"https:\\\/\\\/patagoniambiental.com.ar\\\/info\\\/\"},{\"@type\":\"ListItem\",\"position\":2,\"name\":\"Una moto a hidr\u00f3geno como bandera del medioambiente\"}]},{\"@type\":\"WebSite\",\"@id\":\"https:\\\/\\\/patagoniambiental.com.ar\\\/info\\\/#website\",\"url\":\"https:\\\/\\\/patagoniambiental.com.ar\\\/info\\\/\",\"name\":\"Patagonia Ambiental\",\"description\":\"Monitoreo y an\u00e1lisis de la situaci\u00f3n geopol\u00edtica en el mundo y su implicancia en la Patagonia\",\"publisher\":{\"@id\":\"https:\\\/\\\/patagoniambiental.com.ar\\\/info\\\/#organization\"},\"potentialAction\":[{\"@type\":\"SearchAction\",\"target\":{\"@type\":\"EntryPoint\",\"urlTemplate\":\"https:\\\/\\\/patagoniambiental.com.ar\\\/info\\\/?s={search_term_string}\"},\"query-input\":{\"@type\":\"PropertyValueSpecification\",\"valueRequired\":true,\"valueName\":\"search_term_string\"}}],\"inLanguage\":\"es\"},{\"@type\":\"Organization\",\"@id\":\"https:\\\/\\\/patagoniambiental.com.ar\\\/info\\\/#organization\",\"name\":\"Patagonia Ambiental\",\"url\":\"https:\\\/\\\/patagoniambiental.com.ar\\\/info\\\/\",\"logo\":{\"@type\":\"ImageObject\",\"inLanguage\":\"es\",\"@id\":\"https:\\\/\\\/patagoniambiental.com.ar\\\/info\\\/#\\\/schema\\\/logo\\\/image\\\/\",\"url\":\"https:\\\/\\\/patagoniambiental.com.ar\\\/info\\\/wp-content\\\/uploads\\\/2025\\\/05\\\/LOGO-PATAGONIA-AMBIENTAL.png\",\"contentUrl\":\"https:\\\/\\\/patagoniambiental.com.ar\\\/info\\\/wp-content\\\/uploads\\\/2025\\\/05\\\/LOGO-PATAGONIA-AMBIENTAL.png\",\"width\":433,\"height\":250,\"caption\":\"Patagonia Ambiental\"},\"image\":{\"@id\":\"https:\\\/\\\/patagoniambiental.com.ar\\\/info\\\/#\\\/schema\\\/logo\\\/image\\\/\"},\"sameAs\":[\"https:\\\/\\\/www.facebook.com\\\/patagonia.ambiental\",\"https:\\\/\\\/x.com\\\/PatAmb\"]},{\"@type\":\"Person\",\"@id\":\"https:\\\/\\\/patagoniambiental.com.ar\\\/info\\\/#\\\/schema\\\/person\\\/db12bff64bbcbf6a253710bf0ea37b5d\",\"name\":\"Patagonia Ambiental\",\"description\":\"Andr\u00e9s Nievas T\u00e9cnico en manejo ambiental, consultor Ambiental y escritor para medios locales e internacionales sobre temas de geopolitica y medio ambiente.\",\"sameAs\":[\"http:\\\/\\\/www.patagoniambiental.com.ar\",\"https:\\\/\\\/www.facebook.com\\\/share\\\/1C1V8Gv9BX\\\/?mibextid=qi2Omg\",\"@patagoniambiental\",\"https:\\\/\\\/youtube.com\\\/@patagoniaambiental2023?si=BLt58t0wuXquxlYZ\"]}]}<\/script>\n<!-- \/ Yoast SEO Premium plugin. -->","yoast_head_json":{"title":"Una moto a hidr\u00f3geno como bandera del medioambiente","robots":{"index":"index","follow":"follow","max-snippet":"max-snippet:-1","max-image-preview":"max-image-preview:large","max-video-preview":"max-video-preview:-1"},"canonical":"https:\/\/patagoniambiental.com.ar\/info\/una-moto-a-hidrogeno-como-bandera-del-medioambiente\/","og_locale":"es_ES","og_type":"article","og_title":"Una moto a hidr\u00f3geno como bandera del medioambiente","og_description":"Su libro se llama \u00abSu\u00e9\u00f1alo, \u00e1malo, v\u00edvelo\u00bb, su proyecto es la \u00abExpedici\u00f3n Alegr\u00eda\u00bb y su web se presenta como \u00abTransformaci\u00f3n [&hellip;]","og_url":"https:\/\/patagoniambiental.com.ar\/info\/una-moto-a-hidrogeno-como-bandera-del-medioambiente\/","og_site_name":"Patagonia Ambiental","article_publisher":"https:\/\/www.facebook.com\/patagonia.ambiental","article_author":"https:\/\/www.facebook.com\/share\/1C1V8Gv9BX\/?mibextid=qi2Omg","article_published_time":"2016-11-01T12:00:15+00:00","author":"Patagonia Ambiental","twitter_card":"summary_large_image","twitter_creator":"@PatAmb","twitter_site":"@PatAmb","schema":{"@context":"https:\/\/schema.org","@graph":[{"@type":"Article","@id":"https:\/\/patagoniambiental.com.ar\/info\/una-moto-a-hidrogeno-como-bandera-del-medioambiente\/#article","isPartOf":{"@id":"https:\/\/patagoniambiental.com.ar\/info\/una-moto-a-hidrogeno-como-bandera-del-medioambiente\/"},"author":{"name":"Patagonia Ambiental","@id":"https:\/\/patagoniambiental.com.ar\/info\/#\/schema\/person\/db12bff64bbcbf6a253710bf0ea37b5d"},"headline":"Una moto a hidr\u00f3geno como bandera del medioambiente","datePublished":"2016-11-01T12:00:15+00:00","mainEntityOfPage":{"@id":"https:\/\/patagoniambiental.com.ar\/info\/una-moto-a-hidrogeno-como-bandera-del-medioambiente\/"},"wordCount":794,"publisher":{"@id":"https:\/\/patagoniambiental.com.ar\/info\/#organization"},"articleSection":["Entrevistas","Noticias"],"inLanguage":"es"},{"@type":"WebPage","@id":"https:\/\/patagoniambiental.com.ar\/info\/una-moto-a-hidrogeno-como-bandera-del-medioambiente\/","url":"https:\/\/patagoniambiental.com.ar\/info\/una-moto-a-hidrogeno-como-bandera-del-medioambiente\/","name":"Una moto a hidr\u00f3geno como bandera del medioambiente","isPartOf":{"@id":"https:\/\/patagoniambiental.com.ar\/info\/#website"},"datePublished":"2016-11-01T12:00:15+00:00","breadcrumb":{"@id":"https:\/\/patagoniambiental.com.ar\/info\/una-moto-a-hidrogeno-como-bandera-del-medioambiente\/#breadcrumb"},"inLanguage":"es","potentialAction":[{"@type":"ReadAction","target":["https:\/\/patagoniambiental.com.ar\/info\/una-moto-a-hidrogeno-como-bandera-del-medioambiente\/"]}]},{"@type":"BreadcrumbList","@id":"https:\/\/patagoniambiental.com.ar\/info\/una-moto-a-hidrogeno-como-bandera-del-medioambiente\/#breadcrumb","itemListElement":[{"@type":"ListItem","position":1,"name":"Inicio","item":"https:\/\/patagoniambiental.com.ar\/info\/"},{"@type":"ListItem","position":2,"name":"Una moto a hidr\u00f3geno como bandera del medioambiente"}]},{"@type":"WebSite","@id":"https:\/\/patagoniambiental.com.ar\/info\/#website","url":"https:\/\/patagoniambiental.com.ar\/info\/","name":"Patagonia Ambiental","description":"Monitoreo y an\u00e1lisis de la situaci\u00f3n geopol\u00edtica en el mundo y su implicancia en la Patagonia","publisher":{"@id":"https:\/\/patagoniambiental.com.ar\/info\/#organization"},"potentialAction":[{"@type":"SearchAction","target":{"@type":"EntryPoint","urlTemplate":"https:\/\/patagoniambiental.com.ar\/info\/?s={search_term_string}"},"query-input":{"@type":"PropertyValueSpecification","valueRequired":true,"valueName":"search_term_string"}}],"inLanguage":"es"},{"@type":"Organization","@id":"https:\/\/patagoniambiental.com.ar\/info\/#organization","name":"Patagonia Ambiental","url":"https:\/\/patagoniambiental.com.ar\/info\/","logo":{"@type":"ImageObject","inLanguage":"es","@id":"https:\/\/patagoniambiental.com.ar\/info\/#\/schema\/logo\/image\/","url":"https:\/\/patagoniambiental.com.ar\/info\/wp-content\/uploads\/2025\/05\/LOGO-PATAGONIA-AMBIENTAL.png","contentUrl":"https:\/\/patagoniambiental.com.ar\/info\/wp-content\/uploads\/2025\/05\/LOGO-PATAGONIA-AMBIENTAL.png","width":433,"height":250,"caption":"Patagonia Ambiental"},"image":{"@id":"https:\/\/patagoniambiental.com.ar\/info\/#\/schema\/logo\/image\/"},"sameAs":["https:\/\/www.facebook.com\/patagonia.ambiental","https:\/\/x.com\/PatAmb"]},{"@type":"Person","@id":"https:\/\/patagoniambiental.com.ar\/info\/#\/schema\/person\/db12bff64bbcbf6a253710bf0ea37b5d","name":"Patagonia Ambiental","description":"Andr\u00e9s Nievas T\u00e9cnico en manejo ambiental, consultor Ambiental y escritor para medios locales e internacionales sobre temas de geopolitica y medio ambiente.","sameAs":["http:\/\/www.patagoniambiental.com.ar","https:\/\/www.facebook.com\/share\/1C1V8Gv9BX\/?mibextid=qi2Omg","@patagoniambiental","https:\/\/youtube.com\/@patagoniaambiental2023?si=BLt58t0wuXquxlYZ"]}]}},"_links":{"self":[{"href":"https:\/\/patagoniambiental.com.ar\/info\/wp-json\/wp\/v2\/posts\/22182","targetHints":{"allow":["GET"]}}],"collection":[{"href":"https:\/\/patagoniambiental.com.ar\/info\/wp-json\/wp\/v2\/posts"}],"about":[{"href":"https:\/\/patagoniambiental.com.ar\/info\/wp-json\/wp\/v2\/types\/post"}],"author":[{"embeddable":true,"href":"https:\/\/patagoniambiental.com.ar\/info\/wp-json\/wp\/v2\/users\/2"}],"replies":[{"embeddable":true,"href":"https:\/\/patagoniambiental.com.ar\/info\/wp-json\/wp\/v2\/comments?post=22182"}],"version-history":[{"count":0,"href":"https:\/\/patagoniambiental.com.ar\/info\/wp-json\/wp\/v2\/posts\/22182\/revisions"}],"wp:attachment":[{"href":"https:\/\/patagoniambiental.com.ar\/info\/wp-json\/wp\/v2\/media?parent=22182"}],"wp:term":[{"taxonomy":"category","embeddable":true,"href":"https:\/\/patagoniambiental.com.ar\/info\/wp-json\/wp\/v2\/categories?post=22182"},{"taxonomy":"post_tag","embeddable":true,"href":"https:\/\/patagoniambiental.com.ar\/info\/wp-json\/wp\/v2\/tags?post=22182"}],"curies":[{"name":"wp","href":"https:\/\/api.w.org\/{rel}","templated":true}]}}