{"id":22270,"date":"2016-11-03T19:00:31","date_gmt":"2016-11-03T22:00:31","guid":{"rendered":"http:\/\/patagoniambiental.com.ar\/?p=22270"},"modified":"2016-11-03T19:00:31","modified_gmt":"2016-11-03T22:00:31","slug":"el-consejo-consultivo-del-bosque-nativo-aprobo-la-recategorizacion-de-los-sectores-a-urbanizar","status":"publish","type":"post","link":"https:\/\/patagoniambiental.com.ar\/info\/el-consejo-consultivo-del-bosque-nativo-aprobo-la-recategorizacion-de-los-sectores-a-urbanizar\/","title":{"rendered":"El consejo consultivo del bosque nativo aprob\u00f3 la recategorizaci\u00f3n de los sectores a urbanizar"},"content":{"rendered":"<p>Ushuaia.-La secretaria de H\u00e1bitat y Ordenamiento Territorial de la Municipalidad de Ushuaia, Teresa Fern\u00e1ndez, destac\u00f3 la aprobaci\u00f3n por unanimidad en el Consejo Consultivo del Bosque Nativo, de la recategorizaci\u00f3n de los sectores donde est\u00e1n previstas las nuevas urbanizaciones.<!--more--> Esto permitir\u00e1 avanzar con el estudio de impacto ambiental que quedar\u00e1 a evaluaci\u00f3n de la Secretar\u00eda de Medio Ambiente de la Provincia.<\/p>\n<p>Fern\u00e1ndez detall\u00f3 en declaraciones a FM del Sur, que el proyecto de recategorizaci\u00f3n \u201cpas\u00f3 por el Consejo Consultivo en el que estuvieron presentes instituciones como el CADIC, la Universidad de Tierra del Fuego, asociaciones ambientalistas, la Secretar\u00eda de Medio Ambiente de la Provincia, Bosques y representantes de \u00e1reas del Municipio, y all\u00ed se aprob\u00f3 por unanimidad la rezonificaci\u00f3n\u201d.<\/p>\n<p>La funcionaria consider\u00f3 que \u201cfue un paso muy importante y una demostraci\u00f3n m\u00e1s de que nuestro proyecto de urbanizaci\u00f3n no era improvisado\u201d, y a modo de balance de lo actuado en la Comisi\u00f3n afirm\u00f3 que \u201cnos alegra profundamente que empecemos a trabajar en conjunto porque detr\u00e1s de los proyectos hay familias que esperan su lote porque sin tierra no hay vivienda\u201d.<\/p>\n<p>\u201cNuestra ciudad est\u00e1 en emergencia desde el punto de vista habitacional y hay muchas familias que si tuvieran la tierra est\u00e1n en condiciones de ir construyendo su casa. Hay vecinos que esperan su tierra desde hace m\u00e1s de 25 a\u00f1os y eso habla de la improvisaci\u00f3n y de la forma en que se gestion\u00f3 desde hace a\u00f1os el tema de la tierra y la vivienda\u201d, analiz\u00f3 Fern\u00e1ndez, a lo que sum\u00f3 que \u201cveinte a\u00f1os no se resuelven en diez meses, pero ante la decisi\u00f3n irrevocable del intendente de repartir la tierra entre los vecinos es mucho el trabajo que tenemos que hacer y vamos camino a lograr este objetivo de gesti\u00f3n\u201d.<\/p>\n<p>Por otra parte, resalt\u00f3 que \u201cno hubo una sola impugnaci\u00f3n por escrito al listado\u201d de beneficiarios de los primeros 500 lotes asignados a vecinos inscriptos en el padr\u00f3n de demanda de tierras, solo \u201calgunas inquietudes que verificamos, pero no hay ninguna persona que integre el listado que no tenga menos de 25 a\u00f1os de vivir en Ushuaia, ya sea porque naci\u00f3 en la ciudad o porque eligi\u00f3 venir y quedarse\u201d. Y agreg\u00f3 que \u201ctambi\u00e9n estamos trabajando para aqu\u00e9llos que tienen menos de 25 a\u00f1os de edad y tres a\u00f1os de inscriptos en el padr\u00f3n\u201d.<\/p>\n<p>La titular de H\u00e1bitat enfatiz\u00f3 que \u201cel proyecto urbano ambiental apunta a equiparar la demanda de tierras con la oferta y seguimos trabajando en eso\u201d ya que \u201chay decisi\u00f3n pol\u00edtica, ya tenemos el primer listado y para fin de a\u00f1o vamos a tener el segundo listado; ac\u00e1 no se trata de Teresa Fern\u00e1ndez ni del intendente Walter Vuoto, se trata de los vecinos que tienen una necesidad que hay que resolver\u201d.<\/p>\n<p>En tanto, en referencia a los lotes que el Ejecutivo va a licitar con autorizaci\u00f3n del Concejo Deliberante, Fern\u00e1ndez mencion\u00f3 que \u201cson seis terrenos que en general est\u00e1n ubicados en la zona industrial mixta, de unos 1500 metros cuadrados, y estimamos que en pocos d\u00edas tendremos el valor de base que determinar\u00e1 el Tribunal de Tasaci\u00f3n de la Naci\u00f3n para la licitaci\u00f3n p\u00fablica\u201d.<\/p>\n<p>Por \u00faltimo, record\u00f3 que \u201clos recursos que se obtengan van a ir a un fondo de obra p\u00fablica para pavimentaci\u00f3n y servicios, y en total vamos a licitar 12.500 metros cuadrados\u201d.<\/p>\n<p>Fuente: Ushuaia Noticias<\/p>\n","protected":false},"excerpt":{"rendered":"<p>Ushuaia.-La secretaria de H\u00e1bitat y Ordenamiento Territorial de la Municipalidad de Ushuaia, Teresa Fern\u00e1ndez, destac\u00f3 la aprobaci\u00f3n por unanimidad en [&hellip;]<\/p>\n","protected":false},"author":2,"featured_media":0,"comment_status":"closed","ping_status":"closed","sticky":false,"template":"","format":"standard","meta":{"site-sidebar-layout":"default","site-content-layout":"","ast-site-content-layout":"default","site-content-style":"default","site-sidebar-style":"default","ast-global-header-display":"","ast-banner-title-visibility":"","ast-main-header-display":"","ast-hfb-above-header-display":"","ast-hfb-below-header-display":"","ast-hfb-mobile-header-display":"","site-post-title":"","ast-breadcrumbs-content":"","ast-featured-img":"","footer-sml-layout":"","ast-disable-related-posts":"","theme-transparent-header-meta":"","adv-header-id-meta":"","stick-header-meta":"","header-above-stick-meta":"","header-main-stick-meta":"","header-below-stick-meta":"","astra-migrate-meta-layouts":"default","ast-page-background-enabled":"default","ast-page-background-meta":{"desktop":{"background-color":"var(--ast-global-color-5)","background-image":"","background-repeat":"repeat","background-position":"center center","background-size":"auto","background-attachment":"scroll","background-type":"","background-media":"","overlay-type":"","overlay-color":"","overlay-opacity":"","overlay-gradient":""},"tablet":{"background-color":"","background-image":"","background-repeat":"repeat","background-position":"center center","background-size":"auto","background-attachment":"scroll","background-type":"","background-media":"","overlay-type":"","overlay-color":"","overlay-opacity":"","overlay-gradient":""},"mobile":{"background-color":"","background-image":"","background-repeat":"repeat","background-position":"center center","background-size":"auto","background-attachment":"scroll","background-type":"","background-media":"","overlay-type":"","overlay-color":"","overlay-opacity":"","overlay-gradient":""}},"ast-content-background-meta":{"desktop":{"background-color":"var(--ast-global-color-4)","background-image":"","background-repeat":"repeat","background-position":"center center","background-size":"auto","background-attachment":"scroll","background-type":"","background-media":"","overlay-type":"","overlay-color":"","overlay-opacity":"","overlay-gradient":""},"tablet":{"background-color":"var(--ast-global-color-4)","background-image":"","background-repeat":"repeat","background-position":"center center","background-size":"auto","background-attachment":"scroll","background-type":"","background-media":"","overlay-type":"","overlay-color":"","overlay-opacity":"","overlay-gradient":""},"mobile":{"background-color":"var(--ast-global-color-4)","background-image":"","background-repeat":"repeat","background-position":"center center","background-size":"auto","background-attachment":"scroll","background-type":"","background-media":"","overlay-type":"","overlay-color":"","overlay-opacity":"","overlay-gradient":""}},"footnotes":""},"categories":[16,1],"tags":[],"class_list":["post-22270","post","type-post","status-publish","format-standard","hentry","category-municipales","category-noticias"],"yoast_head":"<!-- This site is optimized with the Yoast SEO Premium plugin v23.0 (Yoast SEO v27.4) - https:\/\/yoast.com\/product\/yoast-seo-premium-wordpress\/ -->\n<title>El consejo consultivo del bosque nativo aprob\u00f3 la recategorizaci\u00f3n de los sectores a urbanizar<\/title>\n<meta name=\"robots\" content=\"index, follow, max-snippet:-1, max-image-preview:large, max-video-preview:-1\" \/>\n<link rel=\"canonical\" href=\"https:\/\/patagoniambiental.com.ar\/info\/el-consejo-consultivo-del-bosque-nativo-aprobo-la-recategorizacion-de-los-sectores-a-urbanizar\/\" \/>\n<meta property=\"og:locale\" content=\"es_ES\" \/>\n<meta property=\"og:type\" content=\"article\" \/>\n<meta property=\"og:title\" content=\"El consejo consultivo del bosque nativo aprob\u00f3 la recategorizaci\u00f3n de los sectores a urbanizar\" \/>\n<meta property=\"og:description\" content=\"Ushuaia.-La secretaria de H\u00e1bitat y Ordenamiento Territorial de la Municipalidad de Ushuaia, Teresa Fern\u00e1ndez, destac\u00f3 la aprobaci\u00f3n por unanimidad en [&hellip;]\" \/>\n<meta property=\"og:url\" content=\"https:\/\/patagoniambiental.com.ar\/info\/el-consejo-consultivo-del-bosque-nativo-aprobo-la-recategorizacion-de-los-sectores-a-urbanizar\/\" \/>\n<meta property=\"og:site_name\" content=\"Patagonia Ambiental\" \/>\n<meta property=\"article:publisher\" content=\"https:\/\/www.facebook.com\/patagonia.ambiental\" \/>\n<meta property=\"article:author\" content=\"https:\/\/www.facebook.com\/share\/1C1V8Gv9BX\/?mibextid=qi2Omg\" \/>\n<meta property=\"article:published_time\" content=\"2016-11-03T22:00:31+00:00\" \/>\n<meta name=\"author\" content=\"Patagonia Ambiental\" \/>\n<meta name=\"twitter:card\" content=\"summary_large_image\" \/>\n<meta name=\"twitter:creator\" content=\"@PatAmb\" \/>\n<meta name=\"twitter:site\" content=\"@PatAmb\" \/>\n<script type=\"application\/ld+json\" class=\"yoast-schema-graph\">{\"@context\":\"https:\\\/\\\/schema.org\",\"@graph\":[{\"@type\":\"Article\",\"@id\":\"https:\\\/\\\/patagoniambiental.com.ar\\\/info\\\/el-consejo-consultivo-del-bosque-nativo-aprobo-la-recategorizacion-de-los-sectores-a-urbanizar\\\/#article\",\"isPartOf\":{\"@id\":\"https:\\\/\\\/patagoniambiental.com.ar\\\/info\\\/el-consejo-consultivo-del-bosque-nativo-aprobo-la-recategorizacion-de-los-sectores-a-urbanizar\\\/\"},\"author\":{\"name\":\"Patagonia Ambiental\",\"@id\":\"https:\\\/\\\/patagoniambiental.com.ar\\\/info\\\/#\\\/schema\\\/person\\\/db12bff64bbcbf6a253710bf0ea37b5d\"},\"headline\":\"El consejo consultivo del bosque nativo aprob\u00f3 la recategorizaci\u00f3n de los sectores a urbanizar\",\"datePublished\":\"2016-11-03T22:00:31+00:00\",\"mainEntityOfPage\":{\"@id\":\"https:\\\/\\\/patagoniambiental.com.ar\\\/info\\\/el-consejo-consultivo-del-bosque-nativo-aprobo-la-recategorizacion-de-los-sectores-a-urbanizar\\\/\"},\"wordCount\":610,\"publisher\":{\"@id\":\"https:\\\/\\\/patagoniambiental.com.ar\\\/info\\\/#organization\"},\"articleSection\":[\"Municipales\",\"Noticias\"],\"inLanguage\":\"es\"},{\"@type\":\"WebPage\",\"@id\":\"https:\\\/\\\/patagoniambiental.com.ar\\\/info\\\/el-consejo-consultivo-del-bosque-nativo-aprobo-la-recategorizacion-de-los-sectores-a-urbanizar\\\/\",\"url\":\"https:\\\/\\\/patagoniambiental.com.ar\\\/info\\\/el-consejo-consultivo-del-bosque-nativo-aprobo-la-recategorizacion-de-los-sectores-a-urbanizar\\\/\",\"name\":\"El consejo consultivo del bosque nativo aprob\u00f3 la recategorizaci\u00f3n de los sectores a urbanizar\",\"isPartOf\":{\"@id\":\"https:\\\/\\\/patagoniambiental.com.ar\\\/info\\\/#website\"},\"datePublished\":\"2016-11-03T22:00:31+00:00\",\"breadcrumb\":{\"@id\":\"https:\\\/\\\/patagoniambiental.com.ar\\\/info\\\/el-consejo-consultivo-del-bosque-nativo-aprobo-la-recategorizacion-de-los-sectores-a-urbanizar\\\/#breadcrumb\"},\"inLanguage\":\"es\",\"potentialAction\":[{\"@type\":\"ReadAction\",\"target\":[\"https:\\\/\\\/patagoniambiental.com.ar\\\/info\\\/el-consejo-consultivo-del-bosque-nativo-aprobo-la-recategorizacion-de-los-sectores-a-urbanizar\\\/\"]}]},{\"@type\":\"BreadcrumbList\",\"@id\":\"https:\\\/\\\/patagoniambiental.com.ar\\\/info\\\/el-consejo-consultivo-del-bosque-nativo-aprobo-la-recategorizacion-de-los-sectores-a-urbanizar\\\/#breadcrumb\",\"itemListElement\":[{\"@type\":\"ListItem\",\"position\":1,\"name\":\"Inicio\",\"item\":\"https:\\\/\\\/patagoniambiental.com.ar\\\/info\\\/\"},{\"@type\":\"ListItem\",\"position\":2,\"name\":\"El consejo consultivo del bosque nativo aprob\u00f3 la recategorizaci\u00f3n de los sectores a urbanizar\"}]},{\"@type\":\"WebSite\",\"@id\":\"https:\\\/\\\/patagoniambiental.com.ar\\\/info\\\/#website\",\"url\":\"https:\\\/\\\/patagoniambiental.com.ar\\\/info\\\/\",\"name\":\"Patagonia Ambiental\",\"description\":\"Monitoreo y an\u00e1lisis de la situaci\u00f3n geopol\u00edtica en el mundo y su implicancia en la Patagonia\",\"publisher\":{\"@id\":\"https:\\\/\\\/patagoniambiental.com.ar\\\/info\\\/#organization\"},\"potentialAction\":[{\"@type\":\"SearchAction\",\"target\":{\"@type\":\"EntryPoint\",\"urlTemplate\":\"https:\\\/\\\/patagoniambiental.com.ar\\\/info\\\/?s={search_term_string}\"},\"query-input\":{\"@type\":\"PropertyValueSpecification\",\"valueRequired\":true,\"valueName\":\"search_term_string\"}}],\"inLanguage\":\"es\"},{\"@type\":\"Organization\",\"@id\":\"https:\\\/\\\/patagoniambiental.com.ar\\\/info\\\/#organization\",\"name\":\"Patagonia Ambiental\",\"url\":\"https:\\\/\\\/patagoniambiental.com.ar\\\/info\\\/\",\"logo\":{\"@type\":\"ImageObject\",\"inLanguage\":\"es\",\"@id\":\"https:\\\/\\\/patagoniambiental.com.ar\\\/info\\\/#\\\/schema\\\/logo\\\/image\\\/\",\"url\":\"https:\\\/\\\/patagoniambiental.com.ar\\\/info\\\/wp-content\\\/uploads\\\/2025\\\/05\\\/LOGO-PATAGONIA-AMBIENTAL.png\",\"contentUrl\":\"https:\\\/\\\/patagoniambiental.com.ar\\\/info\\\/wp-content\\\/uploads\\\/2025\\\/05\\\/LOGO-PATAGONIA-AMBIENTAL.png\",\"width\":433,\"height\":250,\"caption\":\"Patagonia Ambiental\"},\"image\":{\"@id\":\"https:\\\/\\\/patagoniambiental.com.ar\\\/info\\\/#\\\/schema\\\/logo\\\/image\\\/\"},\"sameAs\":[\"https:\\\/\\\/www.facebook.com\\\/patagonia.ambiental\",\"https:\\\/\\\/x.com\\\/PatAmb\"]},{\"@type\":\"Person\",\"@id\":\"https:\\\/\\\/patagoniambiental.com.ar\\\/info\\\/#\\\/schema\\\/person\\\/db12bff64bbcbf6a253710bf0ea37b5d\",\"name\":\"Patagonia Ambiental\",\"description\":\"Andr\u00e9s Nievas T\u00e9cnico en manejo ambiental, consultor Ambiental y escritor para medios locales e internacionales sobre temas de geopolitica y medio ambiente.\",\"sameAs\":[\"http:\\\/\\\/www.patagoniambiental.com.ar\",\"https:\\\/\\\/www.facebook.com\\\/share\\\/1C1V8Gv9BX\\\/?mibextid=qi2Omg\",\"@patagoniambiental\",\"https:\\\/\\\/youtube.com\\\/@patagoniaambiental2023?si=BLt58t0wuXquxlYZ\"]}]}<\/script>\n<!-- \/ Yoast SEO Premium plugin. -->","yoast_head_json":{"title":"El consejo consultivo del bosque nativo aprob\u00f3 la recategorizaci\u00f3n de los sectores a urbanizar","robots":{"index":"index","follow":"follow","max-snippet":"max-snippet:-1","max-image-preview":"max-image-preview:large","max-video-preview":"max-video-preview:-1"},"canonical":"https:\/\/patagoniambiental.com.ar\/info\/el-consejo-consultivo-del-bosque-nativo-aprobo-la-recategorizacion-de-los-sectores-a-urbanizar\/","og_locale":"es_ES","og_type":"article","og_title":"El consejo consultivo del bosque nativo aprob\u00f3 la recategorizaci\u00f3n de los sectores a urbanizar","og_description":"Ushuaia.-La secretaria de H\u00e1bitat y Ordenamiento Territorial de la Municipalidad de Ushuaia, Teresa Fern\u00e1ndez, destac\u00f3 la aprobaci\u00f3n por unanimidad en [&hellip;]","og_url":"https:\/\/patagoniambiental.com.ar\/info\/el-consejo-consultivo-del-bosque-nativo-aprobo-la-recategorizacion-de-los-sectores-a-urbanizar\/","og_site_name":"Patagonia Ambiental","article_publisher":"https:\/\/www.facebook.com\/patagonia.ambiental","article_author":"https:\/\/www.facebook.com\/share\/1C1V8Gv9BX\/?mibextid=qi2Omg","article_published_time":"2016-11-03T22:00:31+00:00","author":"Patagonia Ambiental","twitter_card":"summary_large_image","twitter_creator":"@PatAmb","twitter_site":"@PatAmb","schema":{"@context":"https:\/\/schema.org","@graph":[{"@type":"Article","@id":"https:\/\/patagoniambiental.com.ar\/info\/el-consejo-consultivo-del-bosque-nativo-aprobo-la-recategorizacion-de-los-sectores-a-urbanizar\/#article","isPartOf":{"@id":"https:\/\/patagoniambiental.com.ar\/info\/el-consejo-consultivo-del-bosque-nativo-aprobo-la-recategorizacion-de-los-sectores-a-urbanizar\/"},"author":{"name":"Patagonia Ambiental","@id":"https:\/\/patagoniambiental.com.ar\/info\/#\/schema\/person\/db12bff64bbcbf6a253710bf0ea37b5d"},"headline":"El consejo consultivo del bosque nativo aprob\u00f3 la recategorizaci\u00f3n de los sectores a urbanizar","datePublished":"2016-11-03T22:00:31+00:00","mainEntityOfPage":{"@id":"https:\/\/patagoniambiental.com.ar\/info\/el-consejo-consultivo-del-bosque-nativo-aprobo-la-recategorizacion-de-los-sectores-a-urbanizar\/"},"wordCount":610,"publisher":{"@id":"https:\/\/patagoniambiental.com.ar\/info\/#organization"},"articleSection":["Municipales","Noticias"],"inLanguage":"es"},{"@type":"WebPage","@id":"https:\/\/patagoniambiental.com.ar\/info\/el-consejo-consultivo-del-bosque-nativo-aprobo-la-recategorizacion-de-los-sectores-a-urbanizar\/","url":"https:\/\/patagoniambiental.com.ar\/info\/el-consejo-consultivo-del-bosque-nativo-aprobo-la-recategorizacion-de-los-sectores-a-urbanizar\/","name":"El consejo consultivo del bosque nativo aprob\u00f3 la recategorizaci\u00f3n de los sectores a urbanizar","isPartOf":{"@id":"https:\/\/patagoniambiental.com.ar\/info\/#website"},"datePublished":"2016-11-03T22:00:31+00:00","breadcrumb":{"@id":"https:\/\/patagoniambiental.com.ar\/info\/el-consejo-consultivo-del-bosque-nativo-aprobo-la-recategorizacion-de-los-sectores-a-urbanizar\/#breadcrumb"},"inLanguage":"es","potentialAction":[{"@type":"ReadAction","target":["https:\/\/patagoniambiental.com.ar\/info\/el-consejo-consultivo-del-bosque-nativo-aprobo-la-recategorizacion-de-los-sectores-a-urbanizar\/"]}]},{"@type":"BreadcrumbList","@id":"https:\/\/patagoniambiental.com.ar\/info\/el-consejo-consultivo-del-bosque-nativo-aprobo-la-recategorizacion-de-los-sectores-a-urbanizar\/#breadcrumb","itemListElement":[{"@type":"ListItem","position":1,"name":"Inicio","item":"https:\/\/patagoniambiental.com.ar\/info\/"},{"@type":"ListItem","position":2,"name":"El consejo consultivo del bosque nativo aprob\u00f3 la recategorizaci\u00f3n de los sectores a urbanizar"}]},{"@type":"WebSite","@id":"https:\/\/patagoniambiental.com.ar\/info\/#website","url":"https:\/\/patagoniambiental.com.ar\/info\/","name":"Patagonia Ambiental","description":"Monitoreo y an\u00e1lisis de la situaci\u00f3n geopol\u00edtica en el mundo y su implicancia en la Patagonia","publisher":{"@id":"https:\/\/patagoniambiental.com.ar\/info\/#organization"},"potentialAction":[{"@type":"SearchAction","target":{"@type":"EntryPoint","urlTemplate":"https:\/\/patagoniambiental.com.ar\/info\/?s={search_term_string}"},"query-input":{"@type":"PropertyValueSpecification","valueRequired":true,"valueName":"search_term_string"}}],"inLanguage":"es"},{"@type":"Organization","@id":"https:\/\/patagoniambiental.com.ar\/info\/#organization","name":"Patagonia Ambiental","url":"https:\/\/patagoniambiental.com.ar\/info\/","logo":{"@type":"ImageObject","inLanguage":"es","@id":"https:\/\/patagoniambiental.com.ar\/info\/#\/schema\/logo\/image\/","url":"https:\/\/patagoniambiental.com.ar\/info\/wp-content\/uploads\/2025\/05\/LOGO-PATAGONIA-AMBIENTAL.png","contentUrl":"https:\/\/patagoniambiental.com.ar\/info\/wp-content\/uploads\/2025\/05\/LOGO-PATAGONIA-AMBIENTAL.png","width":433,"height":250,"caption":"Patagonia Ambiental"},"image":{"@id":"https:\/\/patagoniambiental.com.ar\/info\/#\/schema\/logo\/image\/"},"sameAs":["https:\/\/www.facebook.com\/patagonia.ambiental","https:\/\/x.com\/PatAmb"]},{"@type":"Person","@id":"https:\/\/patagoniambiental.com.ar\/info\/#\/schema\/person\/db12bff64bbcbf6a253710bf0ea37b5d","name":"Patagonia Ambiental","description":"Andr\u00e9s Nievas T\u00e9cnico en manejo ambiental, consultor Ambiental y escritor para medios locales e internacionales sobre temas de geopolitica y medio ambiente.","sameAs":["http:\/\/www.patagoniambiental.com.ar","https:\/\/www.facebook.com\/share\/1C1V8Gv9BX\/?mibextid=qi2Omg","@patagoniambiental","https:\/\/youtube.com\/@patagoniaambiental2023?si=BLt58t0wuXquxlYZ"]}]}},"_links":{"self":[{"href":"https:\/\/patagoniambiental.com.ar\/info\/wp-json\/wp\/v2\/posts\/22270","targetHints":{"allow":["GET"]}}],"collection":[{"href":"https:\/\/patagoniambiental.com.ar\/info\/wp-json\/wp\/v2\/posts"}],"about":[{"href":"https:\/\/patagoniambiental.com.ar\/info\/wp-json\/wp\/v2\/types\/post"}],"author":[{"embeddable":true,"href":"https:\/\/patagoniambiental.com.ar\/info\/wp-json\/wp\/v2\/users\/2"}],"replies":[{"embeddable":true,"href":"https:\/\/patagoniambiental.com.ar\/info\/wp-json\/wp\/v2\/comments?post=22270"}],"version-history":[{"count":0,"href":"https:\/\/patagoniambiental.com.ar\/info\/wp-json\/wp\/v2\/posts\/22270\/revisions"}],"wp:attachment":[{"href":"https:\/\/patagoniambiental.com.ar\/info\/wp-json\/wp\/v2\/media?parent=22270"}],"wp:term":[{"taxonomy":"category","embeddable":true,"href":"https:\/\/patagoniambiental.com.ar\/info\/wp-json\/wp\/v2\/categories?post=22270"},{"taxonomy":"post_tag","embeddable":true,"href":"https:\/\/patagoniambiental.com.ar\/info\/wp-json\/wp\/v2\/tags?post=22270"}],"curies":[{"name":"wp","href":"https:\/\/api.w.org\/{rel}","templated":true}]}}