{"id":22291,"date":"2016-11-04T09:00:09","date_gmt":"2016-11-04T12:00:09","guid":{"rendered":"http:\/\/patagoniambiental.com.ar\/?p=22291"},"modified":"2016-11-04T09:00:09","modified_gmt":"2016-11-04T12:00:09","slug":"bariloche-jovenes-estudiantes-limpian-las-costas-del-gutierrez","status":"publish","type":"post","link":"https:\/\/patagoniambiental.com.ar\/info\/bariloche-jovenes-estudiantes-limpian-las-costas-del-gutierrez\/","title":{"rendered":"Bariloche:  J\u00f3venes estudiantes limpian las costas del Guti\u00e9rrez"},"content":{"rendered":"<div class=\"itemIntroText\">\n<p>BARILOCHE.- Desde el 2003, todos los a\u00f1os, un numeroso grupo de alumnos de la carrera de Educaci\u00f3n F\u00edsica del Instituto de Formaci\u00f3n Docente\u00a0 Modelo de Lomas, llega a Bariloche para realizar tareas ambientales en las costas del lago Guti\u00e9rrez. En esta oportunidad y durante 21 d\u00edas, 120 alumnos trabajar\u00e1n recolectando la basura dejada por todos.<\/p>\n<\/div>\n<div class=\"itemFullText\">\n<p>Desde Playa Mu\u00f1oz hasta el ingreso a la picada al Frey ser\u00e1 el recorrido principal para hacer limpieza, de los j\u00f3venes del Instituto de Formaci\u00f3n Docente Modelo de Lomas, alumnos de la carrera del Profesorado de Educaci\u00f3n F\u00edsica en la materia Did\u00e1ctica de las Pr\u00e1cticas en la Naturaleza y al Aire Libre 2, conjuntamente con el CEDYAT (Centro de Desarrollo y Asistencia Tecnol\u00f3gica). Los pilares fundamentales de esta actividad son valorar a la naturaleza como la casa propia, y visibilizar el hecho de que el ser humano es parte y no due\u00f1o del entorno natural. Todos los a\u00f1os viajan tres veces desde Buenos Aires para limpiar las costas y sectores aleda\u00f1os.<\/p>\n<p>Al respecto, el profesor responsable- Carlos Zizzi- le dijo a El Cordillerano que \u201ccada vez que venimos con los alumnos vamos al Refugio Frey como iniciaci\u00f3n en el trekking y luego trabajamos mucho en el cuidado del medioambiente con tareas de bajo impacto. De una forma m\u00e1s concreta, nos trasladamos a Playa Mu\u00f1oz y hacemos un relevamiento y tareas que no afecten el entorno, no prender fuego,\u00a0 intentamos manejarnos de manera no agresiva con la naturaleza. Queremos\u00a0\u00a0 lograr que la persona pase por un lugar y que no deje ning\u00fan \u2018rastro\u2019 de que estuvo all\u00ed\u201d.<\/p>\n<p>M\u00e1s adelante Zizzi sentenci\u00f3 que \u201cen Playa Mu\u00f1oz vimos que el bajo impacto no estaba trabajado, no aparec\u00eda, hab\u00eda muchos fogones, entonces pensamos que nos gustar\u00eda cambiar algo, sobre todo en ese sitio que nos agrada mucho y donde trabajamos estas cuestiones. Por ello todos los a\u00f1os lo limpiamos, sacamos todos los residuos que la gente all\u00ed deja durante el a\u00f1o. Si alguien pasa la pr\u00f3xima semana, luego del trabajo que hacemos\u00a0 se dar\u00e1 cuenta que no queda ninguna marca. A\u00f1o tras a\u00f1o vemos que luego del verano, ese lugar queda lastimado, lleno de basura y lo que buscamos es dejar la playa en su estado natural o lo m\u00e1s cercano a ello que podamos. Para eso borramos rastros de los fogones tap\u00e1ndolos con arena nueva de la costa que es un trabajo bastante m\u00e1s que pesado, pero esperamos que con ello, la gente llegue a la playa, vea la arena limpia y no se le ocurra prender fuego, ojal\u00e1 que se pueda lograr\u201d.<\/p>\n<p>Los chicos que se alojan en el autocamping del lago Guti\u00e9rrez, donde hacen base, se dividir\u00e1n en grupos de 40, la modalidad es que un grupo por semana realice estas tareas. Zizzi relat\u00f3 que \u201clos chicos tienen de 21 a\u00f1os en adelante y se encuentran en tercer a\u00f1o de la carrera de Educaci\u00f3n F\u00edsica, est\u00e1n en una c\u00e1tedra que son las did\u00e1cticas de las pr\u00e1cticas en la naturaleza, por ello el campamento es educativo y tienen que cumplimentar con la materia y parte de esa tarea es la concientizaci\u00f3n del medio ambiente y las tareas del cuidado del mismo. Estas son cosas fuertes que tenemos que trabajar, porque de seguir por este camino, nos vamos a quedar sin lugares para poder visitar. Esto es algo que a los chicos les agrada, ya que el antes y despu\u00e9s los deja muy satisfechos\u201d.<\/p>\n<p>Fuente: Mart\u00edn Leuful para El Cordillerano<\/p><\/div>\n","protected":false},"excerpt":{"rendered":"<p>BARILOCHE.- Desde el 2003, todos los a\u00f1os, un numeroso grupo de alumnos de la carrera de Educaci\u00f3n F\u00edsica del Instituto [&hellip;]<\/p>\n","protected":false},"author":2,"featured_media":0,"comment_status":"closed","ping_status":"closed","sticky":false,"template":"","format":"standard","meta":{"site-sidebar-layout":"default","site-content-layout":"","ast-site-content-layout":"default","site-content-style":"default","site-sidebar-style":"default","ast-global-header-display":"","ast-banner-title-visibility":"","ast-main-header-display":"","ast-hfb-above-header-display":"","ast-hfb-below-header-display":"","ast-hfb-mobile-header-display":"","site-post-title":"","ast-breadcrumbs-content":"","ast-featured-img":"","footer-sml-layout":"","ast-disable-related-posts":"","theme-transparent-header-meta":"","adv-header-id-meta":"","stick-header-meta":"","header-above-stick-meta":"","header-main-stick-meta":"","header-below-stick-meta":"","astra-migrate-meta-layouts":"default","ast-page-background-enabled":"default","ast-page-background-meta":{"desktop":{"background-color":"var(--ast-global-color-5)","background-image":"","background-repeat":"repeat","background-position":"center center","background-size":"auto","background-attachment":"scroll","background-type":"","background-media":"","overlay-type":"","overlay-color":"","overlay-opacity":"","overlay-gradient":""},"tablet":{"background-color":"","background-image":"","background-repeat":"repeat","background-position":"center center","background-size":"auto","background-attachment":"scroll","background-type":"","background-media":"","overlay-type":"","overlay-color":"","overlay-opacity":"","overlay-gradient":""},"mobile":{"background-color":"","background-image":"","background-repeat":"repeat","background-position":"center center","background-size":"auto","background-attachment":"scroll","background-type":"","background-media":"","overlay-type":"","overlay-color":"","overlay-opacity":"","overlay-gradient":""}},"ast-content-background-meta":{"desktop":{"background-color":"var(--ast-global-color-4)","background-image":"","background-repeat":"repeat","background-position":"center center","background-size":"auto","background-attachment":"scroll","background-type":"","background-media":"","overlay-type":"","overlay-color":"","overlay-opacity":"","overlay-gradient":""},"tablet":{"background-color":"var(--ast-global-color-4)","background-image":"","background-repeat":"repeat","background-position":"center center","background-size":"auto","background-attachment":"scroll","background-type":"","background-media":"","overlay-type":"","overlay-color":"","overlay-opacity":"","overlay-gradient":""},"mobile":{"background-color":"var(--ast-global-color-4)","background-image":"","background-repeat":"repeat","background-position":"center center","background-size":"auto","background-attachment":"scroll","background-type":"","background-media":"","overlay-type":"","overlay-color":"","overlay-opacity":"","overlay-gradient":""}},"footnotes":""},"categories":[16,1],"tags":[],"class_list":["post-22291","post","type-post","status-publish","format-standard","hentry","category-municipales","category-noticias"],"yoast_head":"<!-- This site is optimized with the Yoast SEO Premium plugin v23.0 (Yoast SEO v27.4) - https:\/\/yoast.com\/product\/yoast-seo-premium-wordpress\/ -->\n<title>Bariloche: J\u00f3venes estudiantes limpian las costas del Guti\u00e9rrez<\/title>\n<meta name=\"robots\" content=\"index, follow, max-snippet:-1, max-image-preview:large, max-video-preview:-1\" \/>\n<link rel=\"canonical\" href=\"https:\/\/patagoniambiental.com.ar\/info\/bariloche-jovenes-estudiantes-limpian-las-costas-del-gutierrez\/\" \/>\n<meta property=\"og:locale\" content=\"es_ES\" \/>\n<meta property=\"og:type\" content=\"article\" \/>\n<meta property=\"og:title\" content=\"Bariloche: J\u00f3venes estudiantes limpian las costas del Guti\u00e9rrez\" \/>\n<meta property=\"og:description\" content=\"BARILOCHE.- Desde el 2003, todos los a\u00f1os, un numeroso grupo de alumnos de la carrera de Educaci\u00f3n F\u00edsica del Instituto [&hellip;]\" \/>\n<meta property=\"og:url\" content=\"https:\/\/patagoniambiental.com.ar\/info\/bariloche-jovenes-estudiantes-limpian-las-costas-del-gutierrez\/\" \/>\n<meta property=\"og:site_name\" content=\"Patagonia Ambiental\" \/>\n<meta property=\"article:publisher\" content=\"https:\/\/www.facebook.com\/patagonia.ambiental\" \/>\n<meta property=\"article:author\" content=\"https:\/\/www.facebook.com\/share\/1C1V8Gv9BX\/?mibextid=qi2Omg\" \/>\n<meta property=\"article:published_time\" content=\"2016-11-04T12:00:09+00:00\" \/>\n<meta name=\"author\" content=\"Patagonia Ambiental\" \/>\n<meta name=\"twitter:card\" content=\"summary_large_image\" \/>\n<meta name=\"twitter:creator\" content=\"@PatAmb\" \/>\n<meta name=\"twitter:site\" content=\"@PatAmb\" \/>\n<script type=\"application\/ld+json\" class=\"yoast-schema-graph\">{\"@context\":\"https:\\\/\\\/schema.org\",\"@graph\":[{\"@type\":\"Article\",\"@id\":\"https:\\\/\\\/patagoniambiental.com.ar\\\/info\\\/bariloche-jovenes-estudiantes-limpian-las-costas-del-gutierrez\\\/#article\",\"isPartOf\":{\"@id\":\"https:\\\/\\\/patagoniambiental.com.ar\\\/info\\\/bariloche-jovenes-estudiantes-limpian-las-costas-del-gutierrez\\\/\"},\"author\":{\"name\":\"Patagonia Ambiental\",\"@id\":\"https:\\\/\\\/patagoniambiental.com.ar\\\/info\\\/#\\\/schema\\\/person\\\/db12bff64bbcbf6a253710bf0ea37b5d\"},\"headline\":\"Bariloche: J\u00f3venes estudiantes limpian las costas del Guti\u00e9rrez\",\"datePublished\":\"2016-11-04T12:00:09+00:00\",\"mainEntityOfPage\":{\"@id\":\"https:\\\/\\\/patagoniambiental.com.ar\\\/info\\\/bariloche-jovenes-estudiantes-limpian-las-costas-del-gutierrez\\\/\"},\"wordCount\":625,\"publisher\":{\"@id\":\"https:\\\/\\\/patagoniambiental.com.ar\\\/info\\\/#organization\"},\"articleSection\":[\"Municipales\",\"Noticias\"],\"inLanguage\":\"es\"},{\"@type\":\"WebPage\",\"@id\":\"https:\\\/\\\/patagoniambiental.com.ar\\\/info\\\/bariloche-jovenes-estudiantes-limpian-las-costas-del-gutierrez\\\/\",\"url\":\"https:\\\/\\\/patagoniambiental.com.ar\\\/info\\\/bariloche-jovenes-estudiantes-limpian-las-costas-del-gutierrez\\\/\",\"name\":\"Bariloche: J\u00f3venes estudiantes limpian las costas del Guti\u00e9rrez\",\"isPartOf\":{\"@id\":\"https:\\\/\\\/patagoniambiental.com.ar\\\/info\\\/#website\"},\"datePublished\":\"2016-11-04T12:00:09+00:00\",\"breadcrumb\":{\"@id\":\"https:\\\/\\\/patagoniambiental.com.ar\\\/info\\\/bariloche-jovenes-estudiantes-limpian-las-costas-del-gutierrez\\\/#breadcrumb\"},\"inLanguage\":\"es\",\"potentialAction\":[{\"@type\":\"ReadAction\",\"target\":[\"https:\\\/\\\/patagoniambiental.com.ar\\\/info\\\/bariloche-jovenes-estudiantes-limpian-las-costas-del-gutierrez\\\/\"]}]},{\"@type\":\"BreadcrumbList\",\"@id\":\"https:\\\/\\\/patagoniambiental.com.ar\\\/info\\\/bariloche-jovenes-estudiantes-limpian-las-costas-del-gutierrez\\\/#breadcrumb\",\"itemListElement\":[{\"@type\":\"ListItem\",\"position\":1,\"name\":\"Inicio\",\"item\":\"https:\\\/\\\/patagoniambiental.com.ar\\\/info\\\/\"},{\"@type\":\"ListItem\",\"position\":2,\"name\":\"Bariloche: J\u00f3venes estudiantes limpian las costas del Guti\u00e9rrez\"}]},{\"@type\":\"WebSite\",\"@id\":\"https:\\\/\\\/patagoniambiental.com.ar\\\/info\\\/#website\",\"url\":\"https:\\\/\\\/patagoniambiental.com.ar\\\/info\\\/\",\"name\":\"Patagonia Ambiental\",\"description\":\"Monitoreo y an\u00e1lisis de la situaci\u00f3n geopol\u00edtica en el mundo y su implicancia en la Patagonia\",\"publisher\":{\"@id\":\"https:\\\/\\\/patagoniambiental.com.ar\\\/info\\\/#organization\"},\"potentialAction\":[{\"@type\":\"SearchAction\",\"target\":{\"@type\":\"EntryPoint\",\"urlTemplate\":\"https:\\\/\\\/patagoniambiental.com.ar\\\/info\\\/?s={search_term_string}\"},\"query-input\":{\"@type\":\"PropertyValueSpecification\",\"valueRequired\":true,\"valueName\":\"search_term_string\"}}],\"inLanguage\":\"es\"},{\"@type\":\"Organization\",\"@id\":\"https:\\\/\\\/patagoniambiental.com.ar\\\/info\\\/#organization\",\"name\":\"Patagonia Ambiental\",\"url\":\"https:\\\/\\\/patagoniambiental.com.ar\\\/info\\\/\",\"logo\":{\"@type\":\"ImageObject\",\"inLanguage\":\"es\",\"@id\":\"https:\\\/\\\/patagoniambiental.com.ar\\\/info\\\/#\\\/schema\\\/logo\\\/image\\\/\",\"url\":\"https:\\\/\\\/patagoniambiental.com.ar\\\/info\\\/wp-content\\\/uploads\\\/2025\\\/05\\\/LOGO-PATAGONIA-AMBIENTAL.png\",\"contentUrl\":\"https:\\\/\\\/patagoniambiental.com.ar\\\/info\\\/wp-content\\\/uploads\\\/2025\\\/05\\\/LOGO-PATAGONIA-AMBIENTAL.png\",\"width\":433,\"height\":250,\"caption\":\"Patagonia Ambiental\"},\"image\":{\"@id\":\"https:\\\/\\\/patagoniambiental.com.ar\\\/info\\\/#\\\/schema\\\/logo\\\/image\\\/\"},\"sameAs\":[\"https:\\\/\\\/www.facebook.com\\\/patagonia.ambiental\",\"https:\\\/\\\/x.com\\\/PatAmb\"]},{\"@type\":\"Person\",\"@id\":\"https:\\\/\\\/patagoniambiental.com.ar\\\/info\\\/#\\\/schema\\\/person\\\/db12bff64bbcbf6a253710bf0ea37b5d\",\"name\":\"Patagonia Ambiental\",\"description\":\"Andr\u00e9s Nievas T\u00e9cnico en manejo ambiental, consultor Ambiental y escritor para medios locales e internacionales sobre temas de geopolitica y medio ambiente.\",\"sameAs\":[\"http:\\\/\\\/www.patagoniambiental.com.ar\",\"https:\\\/\\\/www.facebook.com\\\/share\\\/1C1V8Gv9BX\\\/?mibextid=qi2Omg\",\"@patagoniambiental\",\"https:\\\/\\\/youtube.com\\\/@patagoniaambiental2023?si=BLt58t0wuXquxlYZ\"]}]}<\/script>\n<!-- \/ Yoast SEO Premium plugin. -->","yoast_head_json":{"title":"Bariloche: J\u00f3venes estudiantes limpian las costas del Guti\u00e9rrez","robots":{"index":"index","follow":"follow","max-snippet":"max-snippet:-1","max-image-preview":"max-image-preview:large","max-video-preview":"max-video-preview:-1"},"canonical":"https:\/\/patagoniambiental.com.ar\/info\/bariloche-jovenes-estudiantes-limpian-las-costas-del-gutierrez\/","og_locale":"es_ES","og_type":"article","og_title":"Bariloche: J\u00f3venes estudiantes limpian las costas del Guti\u00e9rrez","og_description":"BARILOCHE.- Desde el 2003, todos los a\u00f1os, un numeroso grupo de alumnos de la carrera de Educaci\u00f3n F\u00edsica del Instituto [&hellip;]","og_url":"https:\/\/patagoniambiental.com.ar\/info\/bariloche-jovenes-estudiantes-limpian-las-costas-del-gutierrez\/","og_site_name":"Patagonia Ambiental","article_publisher":"https:\/\/www.facebook.com\/patagonia.ambiental","article_author":"https:\/\/www.facebook.com\/share\/1C1V8Gv9BX\/?mibextid=qi2Omg","article_published_time":"2016-11-04T12:00:09+00:00","author":"Patagonia Ambiental","twitter_card":"summary_large_image","twitter_creator":"@PatAmb","twitter_site":"@PatAmb","schema":{"@context":"https:\/\/schema.org","@graph":[{"@type":"Article","@id":"https:\/\/patagoniambiental.com.ar\/info\/bariloche-jovenes-estudiantes-limpian-las-costas-del-gutierrez\/#article","isPartOf":{"@id":"https:\/\/patagoniambiental.com.ar\/info\/bariloche-jovenes-estudiantes-limpian-las-costas-del-gutierrez\/"},"author":{"name":"Patagonia Ambiental","@id":"https:\/\/patagoniambiental.com.ar\/info\/#\/schema\/person\/db12bff64bbcbf6a253710bf0ea37b5d"},"headline":"Bariloche: J\u00f3venes estudiantes limpian las costas del Guti\u00e9rrez","datePublished":"2016-11-04T12:00:09+00:00","mainEntityOfPage":{"@id":"https:\/\/patagoniambiental.com.ar\/info\/bariloche-jovenes-estudiantes-limpian-las-costas-del-gutierrez\/"},"wordCount":625,"publisher":{"@id":"https:\/\/patagoniambiental.com.ar\/info\/#organization"},"articleSection":["Municipales","Noticias"],"inLanguage":"es"},{"@type":"WebPage","@id":"https:\/\/patagoniambiental.com.ar\/info\/bariloche-jovenes-estudiantes-limpian-las-costas-del-gutierrez\/","url":"https:\/\/patagoniambiental.com.ar\/info\/bariloche-jovenes-estudiantes-limpian-las-costas-del-gutierrez\/","name":"Bariloche: J\u00f3venes estudiantes limpian las costas del Guti\u00e9rrez","isPartOf":{"@id":"https:\/\/patagoniambiental.com.ar\/info\/#website"},"datePublished":"2016-11-04T12:00:09+00:00","breadcrumb":{"@id":"https:\/\/patagoniambiental.com.ar\/info\/bariloche-jovenes-estudiantes-limpian-las-costas-del-gutierrez\/#breadcrumb"},"inLanguage":"es","potentialAction":[{"@type":"ReadAction","target":["https:\/\/patagoniambiental.com.ar\/info\/bariloche-jovenes-estudiantes-limpian-las-costas-del-gutierrez\/"]}]},{"@type":"BreadcrumbList","@id":"https:\/\/patagoniambiental.com.ar\/info\/bariloche-jovenes-estudiantes-limpian-las-costas-del-gutierrez\/#breadcrumb","itemListElement":[{"@type":"ListItem","position":1,"name":"Inicio","item":"https:\/\/patagoniambiental.com.ar\/info\/"},{"@type":"ListItem","position":2,"name":"Bariloche: J\u00f3venes estudiantes limpian las costas del Guti\u00e9rrez"}]},{"@type":"WebSite","@id":"https:\/\/patagoniambiental.com.ar\/info\/#website","url":"https:\/\/patagoniambiental.com.ar\/info\/","name":"Patagonia Ambiental","description":"Monitoreo y an\u00e1lisis de la situaci\u00f3n geopol\u00edtica en el mundo y su implicancia en la Patagonia","publisher":{"@id":"https:\/\/patagoniambiental.com.ar\/info\/#organization"},"potentialAction":[{"@type":"SearchAction","target":{"@type":"EntryPoint","urlTemplate":"https:\/\/patagoniambiental.com.ar\/info\/?s={search_term_string}"},"query-input":{"@type":"PropertyValueSpecification","valueRequired":true,"valueName":"search_term_string"}}],"inLanguage":"es"},{"@type":"Organization","@id":"https:\/\/patagoniambiental.com.ar\/info\/#organization","name":"Patagonia Ambiental","url":"https:\/\/patagoniambiental.com.ar\/info\/","logo":{"@type":"ImageObject","inLanguage":"es","@id":"https:\/\/patagoniambiental.com.ar\/info\/#\/schema\/logo\/image\/","url":"https:\/\/patagoniambiental.com.ar\/info\/wp-content\/uploads\/2025\/05\/LOGO-PATAGONIA-AMBIENTAL.png","contentUrl":"https:\/\/patagoniambiental.com.ar\/info\/wp-content\/uploads\/2025\/05\/LOGO-PATAGONIA-AMBIENTAL.png","width":433,"height":250,"caption":"Patagonia Ambiental"},"image":{"@id":"https:\/\/patagoniambiental.com.ar\/info\/#\/schema\/logo\/image\/"},"sameAs":["https:\/\/www.facebook.com\/patagonia.ambiental","https:\/\/x.com\/PatAmb"]},{"@type":"Person","@id":"https:\/\/patagoniambiental.com.ar\/info\/#\/schema\/person\/db12bff64bbcbf6a253710bf0ea37b5d","name":"Patagonia Ambiental","description":"Andr\u00e9s Nievas T\u00e9cnico en manejo ambiental, consultor Ambiental y escritor para medios locales e internacionales sobre temas de geopolitica y medio ambiente.","sameAs":["http:\/\/www.patagoniambiental.com.ar","https:\/\/www.facebook.com\/share\/1C1V8Gv9BX\/?mibextid=qi2Omg","@patagoniambiental","https:\/\/youtube.com\/@patagoniaambiental2023?si=BLt58t0wuXquxlYZ"]}]}},"_links":{"self":[{"href":"https:\/\/patagoniambiental.com.ar\/info\/wp-json\/wp\/v2\/posts\/22291","targetHints":{"allow":["GET"]}}],"collection":[{"href":"https:\/\/patagoniambiental.com.ar\/info\/wp-json\/wp\/v2\/posts"}],"about":[{"href":"https:\/\/patagoniambiental.com.ar\/info\/wp-json\/wp\/v2\/types\/post"}],"author":[{"embeddable":true,"href":"https:\/\/patagoniambiental.com.ar\/info\/wp-json\/wp\/v2\/users\/2"}],"replies":[{"embeddable":true,"href":"https:\/\/patagoniambiental.com.ar\/info\/wp-json\/wp\/v2\/comments?post=22291"}],"version-history":[{"count":0,"href":"https:\/\/patagoniambiental.com.ar\/info\/wp-json\/wp\/v2\/posts\/22291\/revisions"}],"wp:attachment":[{"href":"https:\/\/patagoniambiental.com.ar\/info\/wp-json\/wp\/v2\/media?parent=22291"}],"wp:term":[{"taxonomy":"category","embeddable":true,"href":"https:\/\/patagoniambiental.com.ar\/info\/wp-json\/wp\/v2\/categories?post=22291"},{"taxonomy":"post_tag","embeddable":true,"href":"https:\/\/patagoniambiental.com.ar\/info\/wp-json\/wp\/v2\/tags?post=22291"}],"curies":[{"name":"wp","href":"https:\/\/api.w.org\/{rel}","templated":true}]}}