{"id":22298,"date":"2016-11-04T09:00:43","date_gmt":"2016-11-04T12:00:43","guid":{"rendered":"http:\/\/patagoniambiental.com.ar\/?p=22298"},"modified":"2016-11-04T09:00:43","modified_gmt":"2016-11-04T12:00:43","slug":"neuquen-financian-proyectos-productivos-y-turisticos-de-comunidades-mapuche","status":"publish","type":"post","link":"https:\/\/patagoniambiental.com.ar\/info\/neuquen-financian-proyectos-productivos-y-turisticos-de-comunidades-mapuche\/","title":{"rendered":"Neuquen: Financian proyectos productivos y tur\u00edsticos de comunidades mapuche"},"content":{"rendered":"<p class=\"x_MsoNormal\"><i>NEUQNE.- <\/i>El gobierno neuquino entreg\u00f3 aportes a las comunidades mapuche Kilapi y Cayupan para la ejecuci\u00f3n de acciones destinadas al desarrollo productivo y tur\u00edstico, mediante la incorporaci\u00f3n de infraestructura ganadera, obras de agua y la construcci\u00f3n de un sal\u00f3n de ventas de artesan\u00edas y otros productos.<\/p>\n<p class=\"x_MsoNormal\">En total se desembolsaron 2,5 millones de pesos destinados a iniciativas que cuentan con el financiamiento del Proyecto de Desarrollo Rural Incluyente (Proderi), que en la provincia se ejecuta a trav\u00e9s de la subsecretar\u00eda de Producci\u00f3n, dependiente del ministerio de Producci\u00f3n y Turismo.<\/p>\n<p class=\"x_MsoNormal\">hasta el momento, y a trav\u00e9s de este instrumento, ya se destinaron 13 millones de pesos al financiamiento de proyectos presentados por organizaciones de productores y comunidades mapuche, que se suman a los fondos asignados a trav\u00e9s de otros programas de desarrollo rural en los \u00faltimos a\u00f1os.<\/p>\n<p class=\"x_MsoNormal\">En esta oportunidad, la comunidad Cayupan (del departamento Catan Lil) recibi\u00f3 1,6 millones de pesos para llevar adelante un proyecto que busca c<span lang=\"ES\">onsolidar una estrategia de comercializaci\u00f3n<\/span><span lang=\"ES\">, a trav\u00e9s de la construcci\u00f3n de un sal\u00f3n de ventas y capacitaci\u00f3n para el grupo de feriantes de la comunidad.<\/span><\/p>\n<p class=\"x_MsoNormal\"><span lang=\"ES\">Beneficiar\u00e1 a 30 familias y estar\u00e1 destinado a la venta de artesan\u00edas en telar mapuche, cueros, madera y plater\u00eda, adem\u00e1s de verduras y productos de granja, ofreciendo un servicio a turistas que transitan por\u00a0<\/span><span lang=\"ES\">la Ruta 40 con destino a San Mart\u00edn de los Andes, Jun\u00edn de los Andes o San Carlos de Bariloche.<\/span><\/p>\n<p class=\"x_MsoNormal\"><span lang=\"ES\">El objetivo es que la infraestructura permita a los feriantes contar con un espacio para la venta de su producci\u00f3n en forma permanente, para organizar capacitaciones, encuentros y otros eventos comerciales, pudiendo ofrecerlo tambi\u00e9n a comunidades cercanas.<\/span><\/p>\n<p class=\"x_MsoNormal\"><span lang=\"ES\">La iniciativa contempla instancias de capacitaci\u00f3n a cargo de una t\u00e9cnica de la secretar\u00eda de Agricultura Familiar y otros capacitadores externos.<\/span><\/p>\n<p class=\"x_MsoNormal\"><u><span lang=\"ES\">Desarrollo ganadero<\/span><\/u><\/p>\n<p class=\"x_MsoNormal\"><span lang=\"ES\">La comunidad mapuche Kilapi (del departamento Loncopu\u00e9) recibi\u00f3 cerca de 900.000 pesos, que le permitir\u00e1n iniciar obras de infraestructura y de captaci\u00f3n de agua para\u00a0<\/span>mejorar las condiciones productivas de los campos de invernada.<\/p>\n<p class=\"x_MsoNormal\">Se contemplan obras de uso colectivo, como galpones de acopio para almacenamiento de forraje, cerramiento predial de la chacra para producir pasturas, adquisici\u00f3n de herramientas de uso comunitario, construcci\u00f3n de captaciones de vertientes y redes de distribuci\u00f3n de agua para puesta en producci\u00f3n.<\/p>\n<p class=\"x_MsoNormal\">El proyecto incluye adem\u00e1s un plan de asistencia t\u00e9cnica y capacitaci\u00f3n, con el objetivo de acompa\u00f1ar a los productores en la incorporaci\u00f3n de nuevas t\u00e9cnicas de manejo.<\/p>\n<p class=\"x_MsoNormal\">Los resultados esperados apuntan a poder cubrir las necesidades de alimento en los momentos del a\u00f1o donde existe una mayor deficiencia de forraje natural (periodo invernal), mediante la siembra de pasturas y el resguardo del forraje producido. Se pretende lograr una uniformidad en la condici\u00f3n corporal de los animales, lo que permitir\u00e1 a los productores realizar un adecuado manejo ganadero que impactar\u00e1 directamente sobre el peso de los animales al momento de las ventas.<\/p>\n<p class=\"x_MsoNormal\">A trav\u00e9s del Proderi, que tiene alcance en 17 provincias argentinas, se acompa\u00f1an proyectos productivos para que las familias rurales mejoren su calidad de vida e incrementen sus ingresos. Se cuenta con el financiamiento del Fondo Internacional de Desarrollo Agr\u00edcola (FIDA), canalizado a trav\u00e9s de la Unidad de Cambio Rural (UCAR) del ministerio de Agroindustria de la Naci\u00f3n.<\/p>\n<p class=\"x_MsoNormal\">\n<p>Fuente: Gobierno de Neuquen<\/p>\n","protected":false},"excerpt":{"rendered":"<p>NEUQNE.- El gobierno neuquino entreg\u00f3 aportes a las comunidades mapuche Kilapi y Cayupan para la ejecuci\u00f3n de acciones destinadas al [&hellip;]<\/p>\n","protected":false},"author":2,"featured_media":0,"comment_status":"closed","ping_status":"closed","sticky":false,"template":"","format":"standard","meta":{"site-sidebar-layout":"default","site-content-layout":"","ast-site-content-layout":"default","site-content-style":"default","site-sidebar-style":"default","ast-global-header-display":"","ast-banner-title-visibility":"","ast-main-header-display":"","ast-hfb-above-header-display":"","ast-hfb-below-header-display":"","ast-hfb-mobile-header-display":"","site-post-title":"","ast-breadcrumbs-content":"","ast-featured-img":"","footer-sml-layout":"","ast-disable-related-posts":"","theme-transparent-header-meta":"","adv-header-id-meta":"","stick-header-meta":"","header-above-stick-meta":"","header-main-stick-meta":"","header-below-stick-meta":"","astra-migrate-meta-layouts":"default","ast-page-background-enabled":"default","ast-page-background-meta":{"desktop":{"background-color":"var(--ast-global-color-5)","background-image":"","background-repeat":"repeat","background-position":"center center","background-size":"auto","background-attachment":"scroll","background-type":"","background-media":"","overlay-type":"","overlay-color":"","overlay-opacity":"","overlay-gradient":""},"tablet":{"background-color":"","background-image":"","background-repeat":"repeat","background-position":"center center","background-size":"auto","background-attachment":"scroll","background-type":"","background-media":"","overlay-type":"","overlay-color":"","overlay-opacity":"","overlay-gradient":""},"mobile":{"background-color":"","background-image":"","background-repeat":"repeat","background-position":"center center","background-size":"auto","background-attachment":"scroll","background-type":"","background-media":"","overlay-type":"","overlay-color":"","overlay-opacity":"","overlay-gradient":""}},"ast-content-background-meta":{"desktop":{"background-color":"var(--ast-global-color-4)","background-image":"","background-repeat":"repeat","background-position":"center center","background-size":"auto","background-attachment":"scroll","background-type":"","background-media":"","overlay-type":"","overlay-color":"","overlay-opacity":"","overlay-gradient":""},"tablet":{"background-color":"var(--ast-global-color-4)","background-image":"","background-repeat":"repeat","background-position":"center center","background-size":"auto","background-attachment":"scroll","background-type":"","background-media":"","overlay-type":"","overlay-color":"","overlay-opacity":"","overlay-gradient":""},"mobile":{"background-color":"var(--ast-global-color-4)","background-image":"","background-repeat":"repeat","background-position":"center center","background-size":"auto","background-attachment":"scroll","background-type":"","background-media":"","overlay-type":"","overlay-color":"","overlay-opacity":"","overlay-gradient":""}},"footnotes":""},"categories":[18,1,13],"tags":[],"class_list":["post-22298","post","type-post","status-publish","format-standard","hentry","category-neuquen","category-noticias","category-provinciales"],"yoast_head":"<!-- This site is optimized with the Yoast SEO Premium plugin v23.0 (Yoast SEO v27.5) - https:\/\/yoast.com\/product\/yoast-seo-premium-wordpress\/ -->\n<title>Neuquen: Financian proyectos productivos y tur\u00edsticos de comunidades mapuche<\/title>\n<meta name=\"robots\" content=\"index, follow, max-snippet:-1, max-image-preview:large, max-video-preview:-1\" \/>\n<link rel=\"canonical\" href=\"https:\/\/patagoniambiental.com.ar\/info\/neuquen-financian-proyectos-productivos-y-turisticos-de-comunidades-mapuche\/\" \/>\n<meta property=\"og:locale\" content=\"es_ES\" \/>\n<meta property=\"og:type\" content=\"article\" \/>\n<meta property=\"og:title\" content=\"Neuquen: Financian proyectos productivos y tur\u00edsticos de comunidades mapuche\" \/>\n<meta property=\"og:description\" content=\"NEUQNE.- El gobierno neuquino entreg\u00f3 aportes a las comunidades mapuche Kilapi y Cayupan para la ejecuci\u00f3n de acciones destinadas al [&hellip;]\" \/>\n<meta property=\"og:url\" content=\"https:\/\/patagoniambiental.com.ar\/info\/neuquen-financian-proyectos-productivos-y-turisticos-de-comunidades-mapuche\/\" \/>\n<meta property=\"og:site_name\" content=\"Patagonia Ambiental\" \/>\n<meta property=\"article:publisher\" content=\"https:\/\/www.facebook.com\/patagonia.ambiental\" \/>\n<meta property=\"article:author\" content=\"https:\/\/www.facebook.com\/share\/1C1V8Gv9BX\/?mibextid=qi2Omg\" \/>\n<meta property=\"article:published_time\" content=\"2016-11-04T12:00:43+00:00\" \/>\n<meta name=\"author\" content=\"Patagonia Ambiental\" \/>\n<meta name=\"twitter:card\" content=\"summary_large_image\" \/>\n<meta name=\"twitter:creator\" content=\"@PatAmb\" \/>\n<meta name=\"twitter:site\" content=\"@PatAmb\" \/>\n<script type=\"application\/ld+json\" class=\"yoast-schema-graph\">{\"@context\":\"https:\\\/\\\/schema.org\",\"@graph\":[{\"@type\":\"Article\",\"@id\":\"https:\\\/\\\/patagoniambiental.com.ar\\\/info\\\/neuquen-financian-proyectos-productivos-y-turisticos-de-comunidades-mapuche\\\/#article\",\"isPartOf\":{\"@id\":\"https:\\\/\\\/patagoniambiental.com.ar\\\/info\\\/neuquen-financian-proyectos-productivos-y-turisticos-de-comunidades-mapuche\\\/\"},\"author\":{\"name\":\"Patagonia Ambiental\",\"@id\":\"https:\\\/\\\/patagoniambiental.com.ar\\\/info\\\/#\\\/schema\\\/person\\\/db12bff64bbcbf6a253710bf0ea37b5d\"},\"headline\":\"Neuquen: Financian proyectos productivos y tur\u00edsticos de comunidades mapuche\",\"datePublished\":\"2016-11-04T12:00:43+00:00\",\"mainEntityOfPage\":{\"@id\":\"https:\\\/\\\/patagoniambiental.com.ar\\\/info\\\/neuquen-financian-proyectos-productivos-y-turisticos-de-comunidades-mapuche\\\/\"},\"wordCount\":588,\"publisher\":{\"@id\":\"https:\\\/\\\/patagoniambiental.com.ar\\\/info\\\/#organization\"},\"articleSection\":[\"Neuqu\u00e9n\",\"Noticias\",\"Provinciales\"],\"inLanguage\":\"es\"},{\"@type\":\"WebPage\",\"@id\":\"https:\\\/\\\/patagoniambiental.com.ar\\\/info\\\/neuquen-financian-proyectos-productivos-y-turisticos-de-comunidades-mapuche\\\/\",\"url\":\"https:\\\/\\\/patagoniambiental.com.ar\\\/info\\\/neuquen-financian-proyectos-productivos-y-turisticos-de-comunidades-mapuche\\\/\",\"name\":\"Neuquen: Financian proyectos productivos y tur\u00edsticos de comunidades mapuche\",\"isPartOf\":{\"@id\":\"https:\\\/\\\/patagoniambiental.com.ar\\\/info\\\/#website\"},\"datePublished\":\"2016-11-04T12:00:43+00:00\",\"breadcrumb\":{\"@id\":\"https:\\\/\\\/patagoniambiental.com.ar\\\/info\\\/neuquen-financian-proyectos-productivos-y-turisticos-de-comunidades-mapuche\\\/#breadcrumb\"},\"inLanguage\":\"es\",\"potentialAction\":[{\"@type\":\"ReadAction\",\"target\":[\"https:\\\/\\\/patagoniambiental.com.ar\\\/info\\\/neuquen-financian-proyectos-productivos-y-turisticos-de-comunidades-mapuche\\\/\"]}]},{\"@type\":\"BreadcrumbList\",\"@id\":\"https:\\\/\\\/patagoniambiental.com.ar\\\/info\\\/neuquen-financian-proyectos-productivos-y-turisticos-de-comunidades-mapuche\\\/#breadcrumb\",\"itemListElement\":[{\"@type\":\"ListItem\",\"position\":1,\"name\":\"Inicio\",\"item\":\"https:\\\/\\\/patagoniambiental.com.ar\\\/info\\\/\"},{\"@type\":\"ListItem\",\"position\":2,\"name\":\"Neuquen: Financian proyectos productivos y tur\u00edsticos de comunidades mapuche\"}]},{\"@type\":\"WebSite\",\"@id\":\"https:\\\/\\\/patagoniambiental.com.ar\\\/info\\\/#website\",\"url\":\"https:\\\/\\\/patagoniambiental.com.ar\\\/info\\\/\",\"name\":\"Patagonia Ambiental\",\"description\":\"Monitoreo y an\u00e1lisis de la situaci\u00f3n geopol\u00edtica en el mundo y su implicancia en la Patagonia\",\"publisher\":{\"@id\":\"https:\\\/\\\/patagoniambiental.com.ar\\\/info\\\/#organization\"},\"potentialAction\":[{\"@type\":\"SearchAction\",\"target\":{\"@type\":\"EntryPoint\",\"urlTemplate\":\"https:\\\/\\\/patagoniambiental.com.ar\\\/info\\\/?s={search_term_string}\"},\"query-input\":{\"@type\":\"PropertyValueSpecification\",\"valueRequired\":true,\"valueName\":\"search_term_string\"}}],\"inLanguage\":\"es\"},{\"@type\":\"Organization\",\"@id\":\"https:\\\/\\\/patagoniambiental.com.ar\\\/info\\\/#organization\",\"name\":\"Patagonia Ambiental\",\"url\":\"https:\\\/\\\/patagoniambiental.com.ar\\\/info\\\/\",\"logo\":{\"@type\":\"ImageObject\",\"inLanguage\":\"es\",\"@id\":\"https:\\\/\\\/patagoniambiental.com.ar\\\/info\\\/#\\\/schema\\\/logo\\\/image\\\/\",\"url\":\"https:\\\/\\\/patagoniambiental.com.ar\\\/info\\\/wp-content\\\/uploads\\\/2025\\\/05\\\/LOGO-PATAGONIA-AMBIENTAL.png\",\"contentUrl\":\"https:\\\/\\\/patagoniambiental.com.ar\\\/info\\\/wp-content\\\/uploads\\\/2025\\\/05\\\/LOGO-PATAGONIA-AMBIENTAL.png\",\"width\":433,\"height\":250,\"caption\":\"Patagonia Ambiental\"},\"image\":{\"@id\":\"https:\\\/\\\/patagoniambiental.com.ar\\\/info\\\/#\\\/schema\\\/logo\\\/image\\\/\"},\"sameAs\":[\"https:\\\/\\\/www.facebook.com\\\/patagonia.ambiental\",\"https:\\\/\\\/x.com\\\/PatAmb\"]},{\"@type\":\"Person\",\"@id\":\"https:\\\/\\\/patagoniambiental.com.ar\\\/info\\\/#\\\/schema\\\/person\\\/db12bff64bbcbf6a253710bf0ea37b5d\",\"name\":\"Patagonia Ambiental\",\"description\":\"Andr\u00e9s Nievas T\u00e9cnico en manejo ambiental, consultor Ambiental y escritor para medios locales e internacionales sobre temas de geopolitica y medio ambiente.\",\"sameAs\":[\"http:\\\/\\\/www.patagoniambiental.com.ar\",\"https:\\\/\\\/www.facebook.com\\\/share\\\/1C1V8Gv9BX\\\/?mibextid=qi2Omg\",\"@patagoniambiental\",\"https:\\\/\\\/youtube.com\\\/@patagoniaambiental2023?si=BLt58t0wuXquxlYZ\"]}]}<\/script>\n<!-- \/ Yoast SEO Premium plugin. -->","yoast_head_json":{"title":"Neuquen: Financian proyectos productivos y tur\u00edsticos de comunidades mapuche","robots":{"index":"index","follow":"follow","max-snippet":"max-snippet:-1","max-image-preview":"max-image-preview:large","max-video-preview":"max-video-preview:-1"},"canonical":"https:\/\/patagoniambiental.com.ar\/info\/neuquen-financian-proyectos-productivos-y-turisticos-de-comunidades-mapuche\/","og_locale":"es_ES","og_type":"article","og_title":"Neuquen: Financian proyectos productivos y tur\u00edsticos de comunidades mapuche","og_description":"NEUQNE.- El gobierno neuquino entreg\u00f3 aportes a las comunidades mapuche Kilapi y Cayupan para la ejecuci\u00f3n de acciones destinadas al [&hellip;]","og_url":"https:\/\/patagoniambiental.com.ar\/info\/neuquen-financian-proyectos-productivos-y-turisticos-de-comunidades-mapuche\/","og_site_name":"Patagonia Ambiental","article_publisher":"https:\/\/www.facebook.com\/patagonia.ambiental","article_author":"https:\/\/www.facebook.com\/share\/1C1V8Gv9BX\/?mibextid=qi2Omg","article_published_time":"2016-11-04T12:00:43+00:00","author":"Patagonia Ambiental","twitter_card":"summary_large_image","twitter_creator":"@PatAmb","twitter_site":"@PatAmb","schema":{"@context":"https:\/\/schema.org","@graph":[{"@type":"Article","@id":"https:\/\/patagoniambiental.com.ar\/info\/neuquen-financian-proyectos-productivos-y-turisticos-de-comunidades-mapuche\/#article","isPartOf":{"@id":"https:\/\/patagoniambiental.com.ar\/info\/neuquen-financian-proyectos-productivos-y-turisticos-de-comunidades-mapuche\/"},"author":{"name":"Patagonia Ambiental","@id":"https:\/\/patagoniambiental.com.ar\/info\/#\/schema\/person\/db12bff64bbcbf6a253710bf0ea37b5d"},"headline":"Neuquen: Financian proyectos productivos y tur\u00edsticos de comunidades mapuche","datePublished":"2016-11-04T12:00:43+00:00","mainEntityOfPage":{"@id":"https:\/\/patagoniambiental.com.ar\/info\/neuquen-financian-proyectos-productivos-y-turisticos-de-comunidades-mapuche\/"},"wordCount":588,"publisher":{"@id":"https:\/\/patagoniambiental.com.ar\/info\/#organization"},"articleSection":["Neuqu\u00e9n","Noticias","Provinciales"],"inLanguage":"es"},{"@type":"WebPage","@id":"https:\/\/patagoniambiental.com.ar\/info\/neuquen-financian-proyectos-productivos-y-turisticos-de-comunidades-mapuche\/","url":"https:\/\/patagoniambiental.com.ar\/info\/neuquen-financian-proyectos-productivos-y-turisticos-de-comunidades-mapuche\/","name":"Neuquen: Financian proyectos productivos y tur\u00edsticos de comunidades mapuche","isPartOf":{"@id":"https:\/\/patagoniambiental.com.ar\/info\/#website"},"datePublished":"2016-11-04T12:00:43+00:00","breadcrumb":{"@id":"https:\/\/patagoniambiental.com.ar\/info\/neuquen-financian-proyectos-productivos-y-turisticos-de-comunidades-mapuche\/#breadcrumb"},"inLanguage":"es","potentialAction":[{"@type":"ReadAction","target":["https:\/\/patagoniambiental.com.ar\/info\/neuquen-financian-proyectos-productivos-y-turisticos-de-comunidades-mapuche\/"]}]},{"@type":"BreadcrumbList","@id":"https:\/\/patagoniambiental.com.ar\/info\/neuquen-financian-proyectos-productivos-y-turisticos-de-comunidades-mapuche\/#breadcrumb","itemListElement":[{"@type":"ListItem","position":1,"name":"Inicio","item":"https:\/\/patagoniambiental.com.ar\/info\/"},{"@type":"ListItem","position":2,"name":"Neuquen: Financian proyectos productivos y tur\u00edsticos de comunidades mapuche"}]},{"@type":"WebSite","@id":"https:\/\/patagoniambiental.com.ar\/info\/#website","url":"https:\/\/patagoniambiental.com.ar\/info\/","name":"Patagonia Ambiental","description":"Monitoreo y an\u00e1lisis de la situaci\u00f3n geopol\u00edtica en el mundo y su implicancia en la Patagonia","publisher":{"@id":"https:\/\/patagoniambiental.com.ar\/info\/#organization"},"potentialAction":[{"@type":"SearchAction","target":{"@type":"EntryPoint","urlTemplate":"https:\/\/patagoniambiental.com.ar\/info\/?s={search_term_string}"},"query-input":{"@type":"PropertyValueSpecification","valueRequired":true,"valueName":"search_term_string"}}],"inLanguage":"es"},{"@type":"Organization","@id":"https:\/\/patagoniambiental.com.ar\/info\/#organization","name":"Patagonia Ambiental","url":"https:\/\/patagoniambiental.com.ar\/info\/","logo":{"@type":"ImageObject","inLanguage":"es","@id":"https:\/\/patagoniambiental.com.ar\/info\/#\/schema\/logo\/image\/","url":"https:\/\/patagoniambiental.com.ar\/info\/wp-content\/uploads\/2025\/05\/LOGO-PATAGONIA-AMBIENTAL.png","contentUrl":"https:\/\/patagoniambiental.com.ar\/info\/wp-content\/uploads\/2025\/05\/LOGO-PATAGONIA-AMBIENTAL.png","width":433,"height":250,"caption":"Patagonia Ambiental"},"image":{"@id":"https:\/\/patagoniambiental.com.ar\/info\/#\/schema\/logo\/image\/"},"sameAs":["https:\/\/www.facebook.com\/patagonia.ambiental","https:\/\/x.com\/PatAmb"]},{"@type":"Person","@id":"https:\/\/patagoniambiental.com.ar\/info\/#\/schema\/person\/db12bff64bbcbf6a253710bf0ea37b5d","name":"Patagonia Ambiental","description":"Andr\u00e9s Nievas T\u00e9cnico en manejo ambiental, consultor Ambiental y escritor para medios locales e internacionales sobre temas de geopolitica y medio ambiente.","sameAs":["http:\/\/www.patagoniambiental.com.ar","https:\/\/www.facebook.com\/share\/1C1V8Gv9BX\/?mibextid=qi2Omg","@patagoniambiental","https:\/\/youtube.com\/@patagoniaambiental2023?si=BLt58t0wuXquxlYZ"]}]}},"_links":{"self":[{"href":"https:\/\/patagoniambiental.com.ar\/info\/wp-json\/wp\/v2\/posts\/22298","targetHints":{"allow":["GET"]}}],"collection":[{"href":"https:\/\/patagoniambiental.com.ar\/info\/wp-json\/wp\/v2\/posts"}],"about":[{"href":"https:\/\/patagoniambiental.com.ar\/info\/wp-json\/wp\/v2\/types\/post"}],"author":[{"embeddable":true,"href":"https:\/\/patagoniambiental.com.ar\/info\/wp-json\/wp\/v2\/users\/2"}],"replies":[{"embeddable":true,"href":"https:\/\/patagoniambiental.com.ar\/info\/wp-json\/wp\/v2\/comments?post=22298"}],"version-history":[{"count":0,"href":"https:\/\/patagoniambiental.com.ar\/info\/wp-json\/wp\/v2\/posts\/22298\/revisions"}],"wp:attachment":[{"href":"https:\/\/patagoniambiental.com.ar\/info\/wp-json\/wp\/v2\/media?parent=22298"}],"wp:term":[{"taxonomy":"category","embeddable":true,"href":"https:\/\/patagoniambiental.com.ar\/info\/wp-json\/wp\/v2\/categories?post=22298"},{"taxonomy":"post_tag","embeddable":true,"href":"https:\/\/patagoniambiental.com.ar\/info\/wp-json\/wp\/v2\/tags?post=22298"}],"curies":[{"name":"wp","href":"https:\/\/api.w.org\/{rel}","templated":true}]}}