{"id":22386,"date":"2016-11-08T09:00:42","date_gmt":"2016-11-08T12:00:42","guid":{"rendered":"http:\/\/patagoniambiental.com.ar\/?p=22386"},"modified":"2016-11-08T09:00:42","modified_gmt":"2016-11-08T12:00:42","slug":"rio-grande-adhirio-a-la-ley-nacional-de-fomento-del-uso-de-fuentes-de-energias-renovables","status":"publish","type":"post","link":"https:\/\/patagoniambiental.com.ar\/info\/rio-grande-adhirio-a-la-ley-nacional-de-fomento-del-uso-de-fuentes-de-energias-renovables\/","title":{"rendered":"R\u00edo Grande adhiri\u00f3 a la ley nacional de fomento del uso de fuentes de energ\u00edas renovables"},"content":{"rendered":"<p>RIO GRANDE.- El intendente Gustavo Melella rubric\u00f3 el decreto mediante el cual el Municipio de R\u00edo Grande adhiere a la Ley Nacional 26.190 de \u201cR\u00e9gimen de Fomento Nacional para el uso de fuentes renovables de energ\u00eda destinada a la producci\u00f3n de energ\u00eda el\u00e9ctrica\u201d y promueve estas acciones puertas adentro de la instituci\u00f3n municipal en el quehacer diario de los agentes municipales.<\/p>\n<p>El decreto 0951\/2016 adem\u00e1s promueve la coordinaci\u00f3n de acciones con organismos de la sociedad civil, instituciones provinciales, nacionales e internacionales, que coadyuden en el cuidado dl medioambiente.<br \/>\n<span class=\"marker\">\u201cCon el decreto se instan a las instituciones que forman parte del Municipio de R\u00edo Grande a aplicar todo lo que tiene que ver con el uso de las energ\u00edas renovables y, a su vez, este decreto se desprende de un proyecto para adherir a la ley 26.190 y sus modificatorias que tienen que ver con el uso de las energ\u00edas renovables<\/span>\u201d, explic\u00f3 la secretaria de Innovaci\u00f3n y Modernizaci\u00f3n, Laura Rojo.<br \/>\nLa funcionaria agreg\u00f3 que \u201csiguiendo la pol\u00edtica ambiental que el intendente Gustavo Melella ha implementado promoviendo un ambiente sano, saludable, es que instamos al uso de lo que son fuentes de energ\u00eda no contaminantes para el medio ambiente\u201d.<br \/>\nEsto adem\u00e1s se enmarca en las acciones dentro del Pacto Ambiental. \u201dHemos hecho varias acciones al respecto y esta es una de las m\u00e1s importantes\u201d, entendi\u00f3 Rojo.<br \/>\nEn tanto la secretaria de la Producci\u00f3n y Ambiente, Sonia Castiglione, rescat\u00f3 que \u201ca partir de la firma del Pacto Ambiental se marca una decisi\u00f3n pol\u00edtica p\u00fablica y est\u00e1 vinculada a la conservaci\u00f3n del medio ambiente. Desde la Direcci\u00f3n de Ecolog\u00eda y Medio Ambiente, junto con otras \u00e1reas municipales, se ha comenzado un camino donde, a instancias del \u00e1rea de Innovaci\u00f3n, se han firmado el Pacto de Acaldes por el tema de cambio clim\u00e1tico cuyo camino ya comenzamos con las mediciones de gases que emitimos, entonces esto es empezar por casa, generar protocolos dentro del Municipio, procedimientos, usos y costumbres puertas adentro, que contribuyan a menores emisiones de gases\u201d.<br \/>\n<span class=\"marker\">\u201cPara salir a proponer a la comunidad que tome determinados cambios de conducta hay que empezar por casa<\/span>, estamos haciendo un trabajo interno, hemos tenido un taller de sensibilizaci\u00f3n donde hablamos y tratamos de ver qu\u00e9 rol tenemos y c\u00f3mo podemos aportar al Pacto Ambiental desde nuestro lugar en el Municipio, en nuestra cuesti\u00f3n diaria\u201d, se\u00f1al\u00f3 la funcionaria.<br \/>\n\u201cEs un paso m\u00e1s en este camino de la pol\u00edtica p\u00fablica que nos marca el Intendente Melella con un horizonte clar\u00edsimo: tener un ambiente m\u00e1s sano y que todos podamos disfrutar\u201d, consider\u00f3 Castiglione.<\/p>\n<p>Fuente: www.sur54.com<\/p>\n","protected":false},"excerpt":{"rendered":"<p>RIO GRANDE.- El intendente Gustavo Melella rubric\u00f3 el decreto mediante el cual el Municipio de R\u00edo Grande adhiere a la [&hellip;]<\/p>\n","protected":false},"author":2,"featured_media":0,"comment_status":"closed","ping_status":"closed","sticky":false,"template":"","format":"standard","meta":{"site-sidebar-layout":"default","site-content-layout":"","ast-site-content-layout":"default","site-content-style":"default","site-sidebar-style":"default","ast-global-header-display":"","ast-banner-title-visibility":"","ast-main-header-display":"","ast-hfb-above-header-display":"","ast-hfb-below-header-display":"","ast-hfb-mobile-header-display":"","site-post-title":"","ast-breadcrumbs-content":"","ast-featured-img":"","footer-sml-layout":"","ast-disable-related-posts":"","theme-transparent-header-meta":"","adv-header-id-meta":"","stick-header-meta":"","header-above-stick-meta":"","header-main-stick-meta":"","header-below-stick-meta":"","astra-migrate-meta-layouts":"default","ast-page-background-enabled":"default","ast-page-background-meta":{"desktop":{"background-color":"var(--ast-global-color-5)","background-image":"","background-repeat":"repeat","background-position":"center center","background-size":"auto","background-attachment":"scroll","background-type":"","background-media":"","overlay-type":"","overlay-color":"","overlay-opacity":"","overlay-gradient":""},"tablet":{"background-color":"","background-image":"","background-repeat":"repeat","background-position":"center center","background-size":"auto","background-attachment":"scroll","background-type":"","background-media":"","overlay-type":"","overlay-color":"","overlay-opacity":"","overlay-gradient":""},"mobile":{"background-color":"","background-image":"","background-repeat":"repeat","background-position":"center center","background-size":"auto","background-attachment":"scroll","background-type":"","background-media":"","overlay-type":"","overlay-color":"","overlay-opacity":"","overlay-gradient":""}},"ast-content-background-meta":{"desktop":{"background-color":"var(--ast-global-color-4)","background-image":"","background-repeat":"repeat","background-position":"center center","background-size":"auto","background-attachment":"scroll","background-type":"","background-media":"","overlay-type":"","overlay-color":"","overlay-opacity":"","overlay-gradient":""},"tablet":{"background-color":"var(--ast-global-color-4)","background-image":"","background-repeat":"repeat","background-position":"center center","background-size":"auto","background-attachment":"scroll","background-type":"","background-media":"","overlay-type":"","overlay-color":"","overlay-opacity":"","overlay-gradient":""},"mobile":{"background-color":"var(--ast-global-color-4)","background-image":"","background-repeat":"repeat","background-position":"center center","background-size":"auto","background-attachment":"scroll","background-type":"","background-media":"","overlay-type":"","overlay-color":"","overlay-opacity":"","overlay-gradient":""}},"footnotes":""},"categories":[16,1],"tags":[],"class_list":["post-22386","post","type-post","status-publish","format-standard","hentry","category-municipales","category-noticias"],"yoast_head":"<!-- This site is optimized with the Yoast SEO Premium plugin v23.0 (Yoast SEO v27.4) - https:\/\/yoast.com\/product\/yoast-seo-premium-wordpress\/ -->\n<title>R\u00edo Grande adhiri\u00f3 a la ley nacional de fomento del uso de fuentes de energ\u00edas renovables<\/title>\n<meta name=\"robots\" content=\"index, follow, max-snippet:-1, max-image-preview:large, max-video-preview:-1\" \/>\n<link rel=\"canonical\" href=\"https:\/\/patagoniambiental.com.ar\/info\/rio-grande-adhirio-a-la-ley-nacional-de-fomento-del-uso-de-fuentes-de-energias-renovables\/\" \/>\n<meta property=\"og:locale\" content=\"es_ES\" \/>\n<meta property=\"og:type\" content=\"article\" \/>\n<meta property=\"og:title\" content=\"R\u00edo Grande adhiri\u00f3 a la ley nacional de fomento del uso de fuentes de energ\u00edas renovables\" \/>\n<meta property=\"og:description\" content=\"RIO GRANDE.- El intendente Gustavo Melella rubric\u00f3 el decreto mediante el cual el Municipio de R\u00edo Grande adhiere a la [&hellip;]\" \/>\n<meta property=\"og:url\" content=\"https:\/\/patagoniambiental.com.ar\/info\/rio-grande-adhirio-a-la-ley-nacional-de-fomento-del-uso-de-fuentes-de-energias-renovables\/\" \/>\n<meta property=\"og:site_name\" content=\"Patagonia Ambiental\" \/>\n<meta property=\"article:publisher\" content=\"https:\/\/www.facebook.com\/patagonia.ambiental\" \/>\n<meta property=\"article:author\" content=\"https:\/\/www.facebook.com\/share\/1C1V8Gv9BX\/?mibextid=qi2Omg\" \/>\n<meta property=\"article:published_time\" content=\"2016-11-08T12:00:42+00:00\" \/>\n<meta name=\"author\" content=\"Patagonia Ambiental\" \/>\n<meta name=\"twitter:card\" content=\"summary_large_image\" \/>\n<meta name=\"twitter:creator\" content=\"@PatAmb\" \/>\n<meta name=\"twitter:site\" content=\"@PatAmb\" \/>\n<script type=\"application\/ld+json\" class=\"yoast-schema-graph\">{\"@context\":\"https:\\\/\\\/schema.org\",\"@graph\":[{\"@type\":\"Article\",\"@id\":\"https:\\\/\\\/patagoniambiental.com.ar\\\/info\\\/rio-grande-adhirio-a-la-ley-nacional-de-fomento-del-uso-de-fuentes-de-energias-renovables\\\/#article\",\"isPartOf\":{\"@id\":\"https:\\\/\\\/patagoniambiental.com.ar\\\/info\\\/rio-grande-adhirio-a-la-ley-nacional-de-fomento-del-uso-de-fuentes-de-energias-renovables\\\/\"},\"author\":{\"name\":\"Patagonia Ambiental\",\"@id\":\"https:\\\/\\\/patagoniambiental.com.ar\\\/info\\\/#\\\/schema\\\/person\\\/db12bff64bbcbf6a253710bf0ea37b5d\"},\"headline\":\"R\u00edo Grande adhiri\u00f3 a la ley nacional de fomento del uso de fuentes de energ\u00edas renovables\",\"datePublished\":\"2016-11-08T12:00:42+00:00\",\"mainEntityOfPage\":{\"@id\":\"https:\\\/\\\/patagoniambiental.com.ar\\\/info\\\/rio-grande-adhirio-a-la-ley-nacional-de-fomento-del-uso-de-fuentes-de-energias-renovables\\\/\"},\"wordCount\":480,\"publisher\":{\"@id\":\"https:\\\/\\\/patagoniambiental.com.ar\\\/info\\\/#organization\"},\"articleSection\":[\"Municipales\",\"Noticias\"],\"inLanguage\":\"es\"},{\"@type\":\"WebPage\",\"@id\":\"https:\\\/\\\/patagoniambiental.com.ar\\\/info\\\/rio-grande-adhirio-a-la-ley-nacional-de-fomento-del-uso-de-fuentes-de-energias-renovables\\\/\",\"url\":\"https:\\\/\\\/patagoniambiental.com.ar\\\/info\\\/rio-grande-adhirio-a-la-ley-nacional-de-fomento-del-uso-de-fuentes-de-energias-renovables\\\/\",\"name\":\"R\u00edo Grande adhiri\u00f3 a la ley nacional de fomento del uso de fuentes de energ\u00edas renovables\",\"isPartOf\":{\"@id\":\"https:\\\/\\\/patagoniambiental.com.ar\\\/info\\\/#website\"},\"datePublished\":\"2016-11-08T12:00:42+00:00\",\"breadcrumb\":{\"@id\":\"https:\\\/\\\/patagoniambiental.com.ar\\\/info\\\/rio-grande-adhirio-a-la-ley-nacional-de-fomento-del-uso-de-fuentes-de-energias-renovables\\\/#breadcrumb\"},\"inLanguage\":\"es\",\"potentialAction\":[{\"@type\":\"ReadAction\",\"target\":[\"https:\\\/\\\/patagoniambiental.com.ar\\\/info\\\/rio-grande-adhirio-a-la-ley-nacional-de-fomento-del-uso-de-fuentes-de-energias-renovables\\\/\"]}]},{\"@type\":\"BreadcrumbList\",\"@id\":\"https:\\\/\\\/patagoniambiental.com.ar\\\/info\\\/rio-grande-adhirio-a-la-ley-nacional-de-fomento-del-uso-de-fuentes-de-energias-renovables\\\/#breadcrumb\",\"itemListElement\":[{\"@type\":\"ListItem\",\"position\":1,\"name\":\"Inicio\",\"item\":\"https:\\\/\\\/patagoniambiental.com.ar\\\/info\\\/\"},{\"@type\":\"ListItem\",\"position\":2,\"name\":\"R\u00edo Grande adhiri\u00f3 a la ley nacional de fomento del uso de fuentes de energ\u00edas renovables\"}]},{\"@type\":\"WebSite\",\"@id\":\"https:\\\/\\\/patagoniambiental.com.ar\\\/info\\\/#website\",\"url\":\"https:\\\/\\\/patagoniambiental.com.ar\\\/info\\\/\",\"name\":\"Patagonia Ambiental\",\"description\":\"Monitoreo y an\u00e1lisis de la situaci\u00f3n geopol\u00edtica en el mundo y su implicancia en la Patagonia\",\"publisher\":{\"@id\":\"https:\\\/\\\/patagoniambiental.com.ar\\\/info\\\/#organization\"},\"potentialAction\":[{\"@type\":\"SearchAction\",\"target\":{\"@type\":\"EntryPoint\",\"urlTemplate\":\"https:\\\/\\\/patagoniambiental.com.ar\\\/info\\\/?s={search_term_string}\"},\"query-input\":{\"@type\":\"PropertyValueSpecification\",\"valueRequired\":true,\"valueName\":\"search_term_string\"}}],\"inLanguage\":\"es\"},{\"@type\":\"Organization\",\"@id\":\"https:\\\/\\\/patagoniambiental.com.ar\\\/info\\\/#organization\",\"name\":\"Patagonia Ambiental\",\"url\":\"https:\\\/\\\/patagoniambiental.com.ar\\\/info\\\/\",\"logo\":{\"@type\":\"ImageObject\",\"inLanguage\":\"es\",\"@id\":\"https:\\\/\\\/patagoniambiental.com.ar\\\/info\\\/#\\\/schema\\\/logo\\\/image\\\/\",\"url\":\"https:\\\/\\\/patagoniambiental.com.ar\\\/info\\\/wp-content\\\/uploads\\\/2025\\\/05\\\/LOGO-PATAGONIA-AMBIENTAL.png\",\"contentUrl\":\"https:\\\/\\\/patagoniambiental.com.ar\\\/info\\\/wp-content\\\/uploads\\\/2025\\\/05\\\/LOGO-PATAGONIA-AMBIENTAL.png\",\"width\":433,\"height\":250,\"caption\":\"Patagonia Ambiental\"},\"image\":{\"@id\":\"https:\\\/\\\/patagoniambiental.com.ar\\\/info\\\/#\\\/schema\\\/logo\\\/image\\\/\"},\"sameAs\":[\"https:\\\/\\\/www.facebook.com\\\/patagonia.ambiental\",\"https:\\\/\\\/x.com\\\/PatAmb\"]},{\"@type\":\"Person\",\"@id\":\"https:\\\/\\\/patagoniambiental.com.ar\\\/info\\\/#\\\/schema\\\/person\\\/db12bff64bbcbf6a253710bf0ea37b5d\",\"name\":\"Patagonia Ambiental\",\"description\":\"Andr\u00e9s Nievas T\u00e9cnico en manejo ambiental, consultor Ambiental y escritor para medios locales e internacionales sobre temas de geopolitica y medio ambiente.\",\"sameAs\":[\"http:\\\/\\\/www.patagoniambiental.com.ar\",\"https:\\\/\\\/www.facebook.com\\\/share\\\/1C1V8Gv9BX\\\/?mibextid=qi2Omg\",\"@patagoniambiental\",\"https:\\\/\\\/youtube.com\\\/@patagoniaambiental2023?si=BLt58t0wuXquxlYZ\"]}]}<\/script>\n<!-- \/ Yoast SEO Premium plugin. -->","yoast_head_json":{"title":"R\u00edo Grande adhiri\u00f3 a la ley nacional de fomento del uso de fuentes de energ\u00edas renovables","robots":{"index":"index","follow":"follow","max-snippet":"max-snippet:-1","max-image-preview":"max-image-preview:large","max-video-preview":"max-video-preview:-1"},"canonical":"https:\/\/patagoniambiental.com.ar\/info\/rio-grande-adhirio-a-la-ley-nacional-de-fomento-del-uso-de-fuentes-de-energias-renovables\/","og_locale":"es_ES","og_type":"article","og_title":"R\u00edo Grande adhiri\u00f3 a la ley nacional de fomento del uso de fuentes de energ\u00edas renovables","og_description":"RIO GRANDE.- El intendente Gustavo Melella rubric\u00f3 el decreto mediante el cual el Municipio de R\u00edo Grande adhiere a la [&hellip;]","og_url":"https:\/\/patagoniambiental.com.ar\/info\/rio-grande-adhirio-a-la-ley-nacional-de-fomento-del-uso-de-fuentes-de-energias-renovables\/","og_site_name":"Patagonia Ambiental","article_publisher":"https:\/\/www.facebook.com\/patagonia.ambiental","article_author":"https:\/\/www.facebook.com\/share\/1C1V8Gv9BX\/?mibextid=qi2Omg","article_published_time":"2016-11-08T12:00:42+00:00","author":"Patagonia Ambiental","twitter_card":"summary_large_image","twitter_creator":"@PatAmb","twitter_site":"@PatAmb","schema":{"@context":"https:\/\/schema.org","@graph":[{"@type":"Article","@id":"https:\/\/patagoniambiental.com.ar\/info\/rio-grande-adhirio-a-la-ley-nacional-de-fomento-del-uso-de-fuentes-de-energias-renovables\/#article","isPartOf":{"@id":"https:\/\/patagoniambiental.com.ar\/info\/rio-grande-adhirio-a-la-ley-nacional-de-fomento-del-uso-de-fuentes-de-energias-renovables\/"},"author":{"name":"Patagonia Ambiental","@id":"https:\/\/patagoniambiental.com.ar\/info\/#\/schema\/person\/db12bff64bbcbf6a253710bf0ea37b5d"},"headline":"R\u00edo Grande adhiri\u00f3 a la ley nacional de fomento del uso de fuentes de energ\u00edas renovables","datePublished":"2016-11-08T12:00:42+00:00","mainEntityOfPage":{"@id":"https:\/\/patagoniambiental.com.ar\/info\/rio-grande-adhirio-a-la-ley-nacional-de-fomento-del-uso-de-fuentes-de-energias-renovables\/"},"wordCount":480,"publisher":{"@id":"https:\/\/patagoniambiental.com.ar\/info\/#organization"},"articleSection":["Municipales","Noticias"],"inLanguage":"es"},{"@type":"WebPage","@id":"https:\/\/patagoniambiental.com.ar\/info\/rio-grande-adhirio-a-la-ley-nacional-de-fomento-del-uso-de-fuentes-de-energias-renovables\/","url":"https:\/\/patagoniambiental.com.ar\/info\/rio-grande-adhirio-a-la-ley-nacional-de-fomento-del-uso-de-fuentes-de-energias-renovables\/","name":"R\u00edo Grande adhiri\u00f3 a la ley nacional de fomento del uso de fuentes de energ\u00edas renovables","isPartOf":{"@id":"https:\/\/patagoniambiental.com.ar\/info\/#website"},"datePublished":"2016-11-08T12:00:42+00:00","breadcrumb":{"@id":"https:\/\/patagoniambiental.com.ar\/info\/rio-grande-adhirio-a-la-ley-nacional-de-fomento-del-uso-de-fuentes-de-energias-renovables\/#breadcrumb"},"inLanguage":"es","potentialAction":[{"@type":"ReadAction","target":["https:\/\/patagoniambiental.com.ar\/info\/rio-grande-adhirio-a-la-ley-nacional-de-fomento-del-uso-de-fuentes-de-energias-renovables\/"]}]},{"@type":"BreadcrumbList","@id":"https:\/\/patagoniambiental.com.ar\/info\/rio-grande-adhirio-a-la-ley-nacional-de-fomento-del-uso-de-fuentes-de-energias-renovables\/#breadcrumb","itemListElement":[{"@type":"ListItem","position":1,"name":"Inicio","item":"https:\/\/patagoniambiental.com.ar\/info\/"},{"@type":"ListItem","position":2,"name":"R\u00edo Grande adhiri\u00f3 a la ley nacional de fomento del uso de fuentes de energ\u00edas renovables"}]},{"@type":"WebSite","@id":"https:\/\/patagoniambiental.com.ar\/info\/#website","url":"https:\/\/patagoniambiental.com.ar\/info\/","name":"Patagonia Ambiental","description":"Monitoreo y an\u00e1lisis de la situaci\u00f3n geopol\u00edtica en el mundo y su implicancia en la Patagonia","publisher":{"@id":"https:\/\/patagoniambiental.com.ar\/info\/#organization"},"potentialAction":[{"@type":"SearchAction","target":{"@type":"EntryPoint","urlTemplate":"https:\/\/patagoniambiental.com.ar\/info\/?s={search_term_string}"},"query-input":{"@type":"PropertyValueSpecification","valueRequired":true,"valueName":"search_term_string"}}],"inLanguage":"es"},{"@type":"Organization","@id":"https:\/\/patagoniambiental.com.ar\/info\/#organization","name":"Patagonia Ambiental","url":"https:\/\/patagoniambiental.com.ar\/info\/","logo":{"@type":"ImageObject","inLanguage":"es","@id":"https:\/\/patagoniambiental.com.ar\/info\/#\/schema\/logo\/image\/","url":"https:\/\/patagoniambiental.com.ar\/info\/wp-content\/uploads\/2025\/05\/LOGO-PATAGONIA-AMBIENTAL.png","contentUrl":"https:\/\/patagoniambiental.com.ar\/info\/wp-content\/uploads\/2025\/05\/LOGO-PATAGONIA-AMBIENTAL.png","width":433,"height":250,"caption":"Patagonia Ambiental"},"image":{"@id":"https:\/\/patagoniambiental.com.ar\/info\/#\/schema\/logo\/image\/"},"sameAs":["https:\/\/www.facebook.com\/patagonia.ambiental","https:\/\/x.com\/PatAmb"]},{"@type":"Person","@id":"https:\/\/patagoniambiental.com.ar\/info\/#\/schema\/person\/db12bff64bbcbf6a253710bf0ea37b5d","name":"Patagonia Ambiental","description":"Andr\u00e9s Nievas T\u00e9cnico en manejo ambiental, consultor Ambiental y escritor para medios locales e internacionales sobre temas de geopolitica y medio ambiente.","sameAs":["http:\/\/www.patagoniambiental.com.ar","https:\/\/www.facebook.com\/share\/1C1V8Gv9BX\/?mibextid=qi2Omg","@patagoniambiental","https:\/\/youtube.com\/@patagoniaambiental2023?si=BLt58t0wuXquxlYZ"]}]}},"_links":{"self":[{"href":"https:\/\/patagoniambiental.com.ar\/info\/wp-json\/wp\/v2\/posts\/22386","targetHints":{"allow":["GET"]}}],"collection":[{"href":"https:\/\/patagoniambiental.com.ar\/info\/wp-json\/wp\/v2\/posts"}],"about":[{"href":"https:\/\/patagoniambiental.com.ar\/info\/wp-json\/wp\/v2\/types\/post"}],"author":[{"embeddable":true,"href":"https:\/\/patagoniambiental.com.ar\/info\/wp-json\/wp\/v2\/users\/2"}],"replies":[{"embeddable":true,"href":"https:\/\/patagoniambiental.com.ar\/info\/wp-json\/wp\/v2\/comments?post=22386"}],"version-history":[{"count":0,"href":"https:\/\/patagoniambiental.com.ar\/info\/wp-json\/wp\/v2\/posts\/22386\/revisions"}],"wp:attachment":[{"href":"https:\/\/patagoniambiental.com.ar\/info\/wp-json\/wp\/v2\/media?parent=22386"}],"wp:term":[{"taxonomy":"category","embeddable":true,"href":"https:\/\/patagoniambiental.com.ar\/info\/wp-json\/wp\/v2\/categories?post=22386"},{"taxonomy":"post_tag","embeddable":true,"href":"https:\/\/patagoniambiental.com.ar\/info\/wp-json\/wp\/v2\/tags?post=22386"}],"curies":[{"name":"wp","href":"https:\/\/api.w.org\/{rel}","templated":true}]}}