{"id":22523,"date":"2016-11-11T09:00:35","date_gmt":"2016-11-11T12:00:35","guid":{"rendered":"http:\/\/patagoniambiental.com.ar\/?p=22523"},"modified":"2016-11-11T09:00:35","modified_gmt":"2016-11-11T12:00:35","slug":"viedma-despeje-de-arena-mejoramiento-de-calles-y-forestacion-en-el-condor","status":"publish","type":"post","link":"https:\/\/patagoniambiental.com.ar\/info\/viedma-despeje-de-arena-mejoramiento-de-calles-y-forestacion-en-el-condor\/","title":{"rendered":"Viedma: Despeje de arena, mejoramiento de calles y forestaci\u00f3n en El C\u00f3ndor"},"content":{"rendered":"<div dir=\"ltr\">\n<div>VIEDMA.-Con diferentes tareas de limpieza, despeje de arena y forestaci\u00f3n, las cuadrillas municipales trabajan intensamente en El C\u00f3ndor, de cara a la temporada estival 2016\/2017.<\/div>\n<p>Para la realizaci\u00f3n del despeje de arena en la costanera se utilizan dos camiones volcados, una motoniveladora, una cargadora frontal y una minicargadora. Esta maquinaria tambi\u00e9n est\u00e1 afectada al repaso de calles.<\/p>\n<div class=\"x_text_exposed_show\">\n<p>Tambi\u00e9n se realiza el despeje de arena, detr\u00e1s de los paredones de la costanera. Las tareas son ejecutadas con equipos cedidos por el Departamento Provincial de Aguas. En este caso se afecta una pala cargadora frontal y un tractor con pala de arrastre.<\/p>\n<p>Adem\u00e1s, se procedi\u00f3 a la limpieza en la cantera ubicada frente al mirador de Ceferino, sobre la Ruta Provincial N\u00ba1. En el lugar, se limpiaron escombros y ramas para un primer despeje de la zona. Tambi\u00e9n se est\u00e1 construyendo un alambrado perimetral interno para el ordenamiento del lugar.<\/p>\n<p>Por otra parte, se iniciaron trabajos de forestaci\u00f3n en diferentes sectores de la villa balnearia. En la entrada a El C\u00f3ndor, sobre calle 18, se plantaron quince pinos. Otros veinte aromos fueron colocados al lado de las oficinas de informes tur\u00edsticos, con riego por goteo.\u00a0 En el mirador de Ceferino se colocaron diferentes tipos de plantas como lavandas, retamas y aromos.<\/p>\n<p>Adem\u00e1s, la Secretar\u00eda de Ordenamiento Territorial y Servicios P\u00fablicos procedi\u00f3 al corrimiento del guardrail sobre el acantilado, ubicado en el estacionamiento de segunda Bajada de El Faro.<\/p>\n<p>Fuente: Municipio de Viedma<\/p>\n<\/div>\n<\/div>\n","protected":false},"excerpt":{"rendered":"<p>VIEDMA.-Con diferentes tareas de limpieza, despeje de arena y forestaci\u00f3n, las cuadrillas municipales trabajan intensamente en El C\u00f3ndor, de cara [&hellip;]<\/p>\n","protected":false},"author":2,"featured_media":0,"comment_status":"closed","ping_status":"closed","sticky":false,"template":"","format":"standard","meta":{"site-sidebar-layout":"default","site-content-layout":"","ast-site-content-layout":"default","site-content-style":"default","site-sidebar-style":"default","ast-global-header-display":"","ast-banner-title-visibility":"","ast-main-header-display":"","ast-hfb-above-header-display":"","ast-hfb-below-header-display":"","ast-hfb-mobile-header-display":"","site-post-title":"","ast-breadcrumbs-content":"","ast-featured-img":"","footer-sml-layout":"","ast-disable-related-posts":"","theme-transparent-header-meta":"","adv-header-id-meta":"","stick-header-meta":"","header-above-stick-meta":"","header-main-stick-meta":"","header-below-stick-meta":"","astra-migrate-meta-layouts":"default","ast-page-background-enabled":"default","ast-page-background-meta":{"desktop":{"background-color":"var(--ast-global-color-5)","background-image":"","background-repeat":"repeat","background-position":"center center","background-size":"auto","background-attachment":"scroll","background-type":"","background-media":"","overlay-type":"","overlay-color":"","overlay-opacity":"","overlay-gradient":""},"tablet":{"background-color":"","background-image":"","background-repeat":"repeat","background-position":"center center","background-size":"auto","background-attachment":"scroll","background-type":"","background-media":"","overlay-type":"","overlay-color":"","overlay-opacity":"","overlay-gradient":""},"mobile":{"background-color":"","background-image":"","background-repeat":"repeat","background-position":"center center","background-size":"auto","background-attachment":"scroll","background-type":"","background-media":"","overlay-type":"","overlay-color":"","overlay-opacity":"","overlay-gradient":""}},"ast-content-background-meta":{"desktop":{"background-color":"var(--ast-global-color-4)","background-image":"","background-repeat":"repeat","background-position":"center center","background-size":"auto","background-attachment":"scroll","background-type":"","background-media":"","overlay-type":"","overlay-color":"","overlay-opacity":"","overlay-gradient":""},"tablet":{"background-color":"var(--ast-global-color-4)","background-image":"","background-repeat":"repeat","background-position":"center center","background-size":"auto","background-attachment":"scroll","background-type":"","background-media":"","overlay-type":"","overlay-color":"","overlay-opacity":"","overlay-gradient":""},"mobile":{"background-color":"var(--ast-global-color-4)","background-image":"","background-repeat":"repeat","background-position":"center center","background-size":"auto","background-attachment":"scroll","background-type":"","background-media":"","overlay-type":"","overlay-color":"","overlay-opacity":"","overlay-gradient":""}},"footnotes":""},"categories":[16,1],"tags":[],"class_list":["post-22523","post","type-post","status-publish","format-standard","hentry","category-municipales","category-noticias"],"yoast_head":"<!-- This site is optimized with the Yoast SEO Premium plugin v23.0 (Yoast SEO v27.4) - https:\/\/yoast.com\/product\/yoast-seo-premium-wordpress\/ -->\n<title>Viedma: Despeje de arena, mejoramiento de calles y forestaci\u00f3n en El C\u00f3ndor<\/title>\n<meta name=\"robots\" content=\"index, follow, max-snippet:-1, max-image-preview:large, max-video-preview:-1\" \/>\n<link rel=\"canonical\" href=\"https:\/\/patagoniambiental.com.ar\/info\/viedma-despeje-de-arena-mejoramiento-de-calles-y-forestacion-en-el-condor\/\" \/>\n<meta property=\"og:locale\" content=\"es_ES\" \/>\n<meta property=\"og:type\" content=\"article\" \/>\n<meta property=\"og:title\" content=\"Viedma: Despeje de arena, mejoramiento de calles y forestaci\u00f3n en El C\u00f3ndor\" \/>\n<meta property=\"og:description\" content=\"VIEDMA.-Con diferentes tareas de limpieza, despeje de arena y forestaci\u00f3n, las cuadrillas municipales trabajan intensamente en El C\u00f3ndor, de cara [&hellip;]\" \/>\n<meta property=\"og:url\" content=\"https:\/\/patagoniambiental.com.ar\/info\/viedma-despeje-de-arena-mejoramiento-de-calles-y-forestacion-en-el-condor\/\" \/>\n<meta property=\"og:site_name\" content=\"Patagonia Ambiental\" \/>\n<meta property=\"article:publisher\" content=\"https:\/\/www.facebook.com\/patagonia.ambiental\" \/>\n<meta property=\"article:author\" content=\"https:\/\/www.facebook.com\/share\/1C1V8Gv9BX\/?mibextid=qi2Omg\" \/>\n<meta property=\"article:published_time\" content=\"2016-11-11T12:00:35+00:00\" \/>\n<meta name=\"author\" content=\"Patagonia Ambiental\" \/>\n<meta name=\"twitter:card\" content=\"summary_large_image\" \/>\n<meta name=\"twitter:creator\" content=\"@PatAmb\" \/>\n<meta name=\"twitter:site\" content=\"@PatAmb\" \/>\n<script type=\"application\/ld+json\" class=\"yoast-schema-graph\">{\"@context\":\"https:\\\/\\\/schema.org\",\"@graph\":[{\"@type\":\"Article\",\"@id\":\"https:\\\/\\\/patagoniambiental.com.ar\\\/info\\\/viedma-despeje-de-arena-mejoramiento-de-calles-y-forestacion-en-el-condor\\\/#article\",\"isPartOf\":{\"@id\":\"https:\\\/\\\/patagoniambiental.com.ar\\\/info\\\/viedma-despeje-de-arena-mejoramiento-de-calles-y-forestacion-en-el-condor\\\/\"},\"author\":{\"name\":\"Patagonia Ambiental\",\"@id\":\"https:\\\/\\\/patagoniambiental.com.ar\\\/info\\\/#\\\/schema\\\/person\\\/db12bff64bbcbf6a253710bf0ea37b5d\"},\"headline\":\"Viedma: Despeje de arena, mejoramiento de calles y forestaci\u00f3n en El C\u00f3ndor\",\"datePublished\":\"2016-11-11T12:00:35+00:00\",\"mainEntityOfPage\":{\"@id\":\"https:\\\/\\\/patagoniambiental.com.ar\\\/info\\\/viedma-despeje-de-arena-mejoramiento-de-calles-y-forestacion-en-el-condor\\\/\"},\"wordCount\":267,\"publisher\":{\"@id\":\"https:\\\/\\\/patagoniambiental.com.ar\\\/info\\\/#organization\"},\"articleSection\":[\"Municipales\",\"Noticias\"],\"inLanguage\":\"es\"},{\"@type\":\"WebPage\",\"@id\":\"https:\\\/\\\/patagoniambiental.com.ar\\\/info\\\/viedma-despeje-de-arena-mejoramiento-de-calles-y-forestacion-en-el-condor\\\/\",\"url\":\"https:\\\/\\\/patagoniambiental.com.ar\\\/info\\\/viedma-despeje-de-arena-mejoramiento-de-calles-y-forestacion-en-el-condor\\\/\",\"name\":\"Viedma: Despeje de arena, mejoramiento de calles y forestaci\u00f3n en El C\u00f3ndor\",\"isPartOf\":{\"@id\":\"https:\\\/\\\/patagoniambiental.com.ar\\\/info\\\/#website\"},\"datePublished\":\"2016-11-11T12:00:35+00:00\",\"breadcrumb\":{\"@id\":\"https:\\\/\\\/patagoniambiental.com.ar\\\/info\\\/viedma-despeje-de-arena-mejoramiento-de-calles-y-forestacion-en-el-condor\\\/#breadcrumb\"},\"inLanguage\":\"es\",\"potentialAction\":[{\"@type\":\"ReadAction\",\"target\":[\"https:\\\/\\\/patagoniambiental.com.ar\\\/info\\\/viedma-despeje-de-arena-mejoramiento-de-calles-y-forestacion-en-el-condor\\\/\"]}]},{\"@type\":\"BreadcrumbList\",\"@id\":\"https:\\\/\\\/patagoniambiental.com.ar\\\/info\\\/viedma-despeje-de-arena-mejoramiento-de-calles-y-forestacion-en-el-condor\\\/#breadcrumb\",\"itemListElement\":[{\"@type\":\"ListItem\",\"position\":1,\"name\":\"Inicio\",\"item\":\"https:\\\/\\\/patagoniambiental.com.ar\\\/info\\\/\"},{\"@type\":\"ListItem\",\"position\":2,\"name\":\"Viedma: Despeje de arena, mejoramiento de calles y forestaci\u00f3n en El C\u00f3ndor\"}]},{\"@type\":\"WebSite\",\"@id\":\"https:\\\/\\\/patagoniambiental.com.ar\\\/info\\\/#website\",\"url\":\"https:\\\/\\\/patagoniambiental.com.ar\\\/info\\\/\",\"name\":\"Patagonia Ambiental\",\"description\":\"Monitoreo y an\u00e1lisis de la situaci\u00f3n geopol\u00edtica en el mundo y su implicancia en la Patagonia\",\"publisher\":{\"@id\":\"https:\\\/\\\/patagoniambiental.com.ar\\\/info\\\/#organization\"},\"potentialAction\":[{\"@type\":\"SearchAction\",\"target\":{\"@type\":\"EntryPoint\",\"urlTemplate\":\"https:\\\/\\\/patagoniambiental.com.ar\\\/info\\\/?s={search_term_string}\"},\"query-input\":{\"@type\":\"PropertyValueSpecification\",\"valueRequired\":true,\"valueName\":\"search_term_string\"}}],\"inLanguage\":\"es\"},{\"@type\":\"Organization\",\"@id\":\"https:\\\/\\\/patagoniambiental.com.ar\\\/info\\\/#organization\",\"name\":\"Patagonia Ambiental\",\"url\":\"https:\\\/\\\/patagoniambiental.com.ar\\\/info\\\/\",\"logo\":{\"@type\":\"ImageObject\",\"inLanguage\":\"es\",\"@id\":\"https:\\\/\\\/patagoniambiental.com.ar\\\/info\\\/#\\\/schema\\\/logo\\\/image\\\/\",\"url\":\"https:\\\/\\\/patagoniambiental.com.ar\\\/info\\\/wp-content\\\/uploads\\\/2025\\\/05\\\/LOGO-PATAGONIA-AMBIENTAL.png\",\"contentUrl\":\"https:\\\/\\\/patagoniambiental.com.ar\\\/info\\\/wp-content\\\/uploads\\\/2025\\\/05\\\/LOGO-PATAGONIA-AMBIENTAL.png\",\"width\":433,\"height\":250,\"caption\":\"Patagonia Ambiental\"},\"image\":{\"@id\":\"https:\\\/\\\/patagoniambiental.com.ar\\\/info\\\/#\\\/schema\\\/logo\\\/image\\\/\"},\"sameAs\":[\"https:\\\/\\\/www.facebook.com\\\/patagonia.ambiental\",\"https:\\\/\\\/x.com\\\/PatAmb\"]},{\"@type\":\"Person\",\"@id\":\"https:\\\/\\\/patagoniambiental.com.ar\\\/info\\\/#\\\/schema\\\/person\\\/db12bff64bbcbf6a253710bf0ea37b5d\",\"name\":\"Patagonia Ambiental\",\"description\":\"Andr\u00e9s Nievas T\u00e9cnico en manejo ambiental, consultor Ambiental y escritor para medios locales e internacionales sobre temas de geopolitica y medio ambiente.\",\"sameAs\":[\"http:\\\/\\\/www.patagoniambiental.com.ar\",\"https:\\\/\\\/www.facebook.com\\\/share\\\/1C1V8Gv9BX\\\/?mibextid=qi2Omg\",\"@patagoniambiental\",\"https:\\\/\\\/youtube.com\\\/@patagoniaambiental2023?si=BLt58t0wuXquxlYZ\"]}]}<\/script>\n<!-- \/ Yoast SEO Premium plugin. -->","yoast_head_json":{"title":"Viedma: Despeje de arena, mejoramiento de calles y forestaci\u00f3n en El C\u00f3ndor","robots":{"index":"index","follow":"follow","max-snippet":"max-snippet:-1","max-image-preview":"max-image-preview:large","max-video-preview":"max-video-preview:-1"},"canonical":"https:\/\/patagoniambiental.com.ar\/info\/viedma-despeje-de-arena-mejoramiento-de-calles-y-forestacion-en-el-condor\/","og_locale":"es_ES","og_type":"article","og_title":"Viedma: Despeje de arena, mejoramiento de calles y forestaci\u00f3n en El C\u00f3ndor","og_description":"VIEDMA.-Con diferentes tareas de limpieza, despeje de arena y forestaci\u00f3n, las cuadrillas municipales trabajan intensamente en El C\u00f3ndor, de cara [&hellip;]","og_url":"https:\/\/patagoniambiental.com.ar\/info\/viedma-despeje-de-arena-mejoramiento-de-calles-y-forestacion-en-el-condor\/","og_site_name":"Patagonia Ambiental","article_publisher":"https:\/\/www.facebook.com\/patagonia.ambiental","article_author":"https:\/\/www.facebook.com\/share\/1C1V8Gv9BX\/?mibextid=qi2Omg","article_published_time":"2016-11-11T12:00:35+00:00","author":"Patagonia Ambiental","twitter_card":"summary_large_image","twitter_creator":"@PatAmb","twitter_site":"@PatAmb","schema":{"@context":"https:\/\/schema.org","@graph":[{"@type":"Article","@id":"https:\/\/patagoniambiental.com.ar\/info\/viedma-despeje-de-arena-mejoramiento-de-calles-y-forestacion-en-el-condor\/#article","isPartOf":{"@id":"https:\/\/patagoniambiental.com.ar\/info\/viedma-despeje-de-arena-mejoramiento-de-calles-y-forestacion-en-el-condor\/"},"author":{"name":"Patagonia Ambiental","@id":"https:\/\/patagoniambiental.com.ar\/info\/#\/schema\/person\/db12bff64bbcbf6a253710bf0ea37b5d"},"headline":"Viedma: Despeje de arena, mejoramiento de calles y forestaci\u00f3n en El C\u00f3ndor","datePublished":"2016-11-11T12:00:35+00:00","mainEntityOfPage":{"@id":"https:\/\/patagoniambiental.com.ar\/info\/viedma-despeje-de-arena-mejoramiento-de-calles-y-forestacion-en-el-condor\/"},"wordCount":267,"publisher":{"@id":"https:\/\/patagoniambiental.com.ar\/info\/#organization"},"articleSection":["Municipales","Noticias"],"inLanguage":"es"},{"@type":"WebPage","@id":"https:\/\/patagoniambiental.com.ar\/info\/viedma-despeje-de-arena-mejoramiento-de-calles-y-forestacion-en-el-condor\/","url":"https:\/\/patagoniambiental.com.ar\/info\/viedma-despeje-de-arena-mejoramiento-de-calles-y-forestacion-en-el-condor\/","name":"Viedma: Despeje de arena, mejoramiento de calles y forestaci\u00f3n en El C\u00f3ndor","isPartOf":{"@id":"https:\/\/patagoniambiental.com.ar\/info\/#website"},"datePublished":"2016-11-11T12:00:35+00:00","breadcrumb":{"@id":"https:\/\/patagoniambiental.com.ar\/info\/viedma-despeje-de-arena-mejoramiento-de-calles-y-forestacion-en-el-condor\/#breadcrumb"},"inLanguage":"es","potentialAction":[{"@type":"ReadAction","target":["https:\/\/patagoniambiental.com.ar\/info\/viedma-despeje-de-arena-mejoramiento-de-calles-y-forestacion-en-el-condor\/"]}]},{"@type":"BreadcrumbList","@id":"https:\/\/patagoniambiental.com.ar\/info\/viedma-despeje-de-arena-mejoramiento-de-calles-y-forestacion-en-el-condor\/#breadcrumb","itemListElement":[{"@type":"ListItem","position":1,"name":"Inicio","item":"https:\/\/patagoniambiental.com.ar\/info\/"},{"@type":"ListItem","position":2,"name":"Viedma: Despeje de arena, mejoramiento de calles y forestaci\u00f3n en El C\u00f3ndor"}]},{"@type":"WebSite","@id":"https:\/\/patagoniambiental.com.ar\/info\/#website","url":"https:\/\/patagoniambiental.com.ar\/info\/","name":"Patagonia Ambiental","description":"Monitoreo y an\u00e1lisis de la situaci\u00f3n geopol\u00edtica en el mundo y su implicancia en la Patagonia","publisher":{"@id":"https:\/\/patagoniambiental.com.ar\/info\/#organization"},"potentialAction":[{"@type":"SearchAction","target":{"@type":"EntryPoint","urlTemplate":"https:\/\/patagoniambiental.com.ar\/info\/?s={search_term_string}"},"query-input":{"@type":"PropertyValueSpecification","valueRequired":true,"valueName":"search_term_string"}}],"inLanguage":"es"},{"@type":"Organization","@id":"https:\/\/patagoniambiental.com.ar\/info\/#organization","name":"Patagonia Ambiental","url":"https:\/\/patagoniambiental.com.ar\/info\/","logo":{"@type":"ImageObject","inLanguage":"es","@id":"https:\/\/patagoniambiental.com.ar\/info\/#\/schema\/logo\/image\/","url":"https:\/\/patagoniambiental.com.ar\/info\/wp-content\/uploads\/2025\/05\/LOGO-PATAGONIA-AMBIENTAL.png","contentUrl":"https:\/\/patagoniambiental.com.ar\/info\/wp-content\/uploads\/2025\/05\/LOGO-PATAGONIA-AMBIENTAL.png","width":433,"height":250,"caption":"Patagonia Ambiental"},"image":{"@id":"https:\/\/patagoniambiental.com.ar\/info\/#\/schema\/logo\/image\/"},"sameAs":["https:\/\/www.facebook.com\/patagonia.ambiental","https:\/\/x.com\/PatAmb"]},{"@type":"Person","@id":"https:\/\/patagoniambiental.com.ar\/info\/#\/schema\/person\/db12bff64bbcbf6a253710bf0ea37b5d","name":"Patagonia Ambiental","description":"Andr\u00e9s Nievas T\u00e9cnico en manejo ambiental, consultor Ambiental y escritor para medios locales e internacionales sobre temas de geopolitica y medio ambiente.","sameAs":["http:\/\/www.patagoniambiental.com.ar","https:\/\/www.facebook.com\/share\/1C1V8Gv9BX\/?mibextid=qi2Omg","@patagoniambiental","https:\/\/youtube.com\/@patagoniaambiental2023?si=BLt58t0wuXquxlYZ"]}]}},"_links":{"self":[{"href":"https:\/\/patagoniambiental.com.ar\/info\/wp-json\/wp\/v2\/posts\/22523","targetHints":{"allow":["GET"]}}],"collection":[{"href":"https:\/\/patagoniambiental.com.ar\/info\/wp-json\/wp\/v2\/posts"}],"about":[{"href":"https:\/\/patagoniambiental.com.ar\/info\/wp-json\/wp\/v2\/types\/post"}],"author":[{"embeddable":true,"href":"https:\/\/patagoniambiental.com.ar\/info\/wp-json\/wp\/v2\/users\/2"}],"replies":[{"embeddable":true,"href":"https:\/\/patagoniambiental.com.ar\/info\/wp-json\/wp\/v2\/comments?post=22523"}],"version-history":[{"count":0,"href":"https:\/\/patagoniambiental.com.ar\/info\/wp-json\/wp\/v2\/posts\/22523\/revisions"}],"wp:attachment":[{"href":"https:\/\/patagoniambiental.com.ar\/info\/wp-json\/wp\/v2\/media?parent=22523"}],"wp:term":[{"taxonomy":"category","embeddable":true,"href":"https:\/\/patagoniambiental.com.ar\/info\/wp-json\/wp\/v2\/categories?post=22523"},{"taxonomy":"post_tag","embeddable":true,"href":"https:\/\/patagoniambiental.com.ar\/info\/wp-json\/wp\/v2\/tags?post=22523"}],"curies":[{"name":"wp","href":"https:\/\/api.w.org\/{rel}","templated":true}]}}