{"id":22556,"date":"2016-11-12T09:00:48","date_gmt":"2016-11-12T12:00:48","guid":{"rendered":"http:\/\/patagoniambiental.com.ar\/?p=22556"},"modified":"2016-11-12T09:00:48","modified_gmt":"2016-11-12T12:00:48","slug":"rio-negro-nuevos-muestreos-sobre-la-calidad-del-agua-del-rio-negro-en-cipolletti","status":"publish","type":"post","link":"https:\/\/patagoniambiental.com.ar\/info\/rio-negro-nuevos-muestreos-sobre-la-calidad-del-agua-del-rio-negro-en-cipolletti\/","title":{"rendered":"R\u00edo Negro: Nuevos muestreos sobre la calidad del agua del r\u00edo Negro en Cipolletti"},"content":{"rendered":"<p align=\"JUSTIFY\">CIPOOLETTI.- Se tomaron muestras en las aguas de los r\u00edo Negro y Neuquen sobre la costa de la ciudad de Cipolletti, en un trabajo conjunto entre la legislatura de la provincia, el Departamento Provincial de Aguas, la Universidad Nacional del Comahue y el Centro de Investigaci\u00f3n y Asistencia T\u00e9cnica a la Industria, con la colaboraci\u00f3n de Prefectura.<\/p>\n<p align=\"JUSTIFY\">El presidente del bloque del Frente Progresista, Jorge Ocampos resalt\u00f3 que el trabajo se enmarca en un acuerdo de cooperaci\u00f3n firmado entre el Poder Legislativo (en cabeza de Pedro Pesatti) y el DPA, luego de aquella reuni\u00f3n que los organismos mantuvieron por el mes de mayo. \u201cEl prop\u00f3sito es justamente la realizaci\u00f3n de nuevos muestreos de calidad de aguas en los r\u00edos Neuqu\u00e9n y Negro, para evaluar eventuales contaminaciones y deterioros en la calidad de las aguas por presencia de desechos de la actividad hidrocarbur\u00edfera\u201d explic\u00f3 el diputado.<\/p>\n<p align=\"JUSTIFY\">Ocampos indic\u00f3 que participaron del muestreo el superintendente del DPA, Fernando Curetti, el ingeniero Daniel Petri, la legisladora Silvana Larrande, personal de la Secretar\u00eda de Medio Ambiente de la provincia, especialistas de la Univesidad y del CIATI, junto a personal de Prefectura.<\/p>\n<p align=\"JUSTIFY\">Detall\u00f3 Ocampos que se realizaron varias tomas en 9 lugares donde anteriormente Prefectura hab\u00eda realizado el mismo trabajo.<\/p>\n<p align=\"JUSTIFY\">Rescat\u00f3 como positiva la postura de Curetti al indicar que \u201cse mostr\u00f3 optimista para contar con los recursos durante el pr\u00f3ximo a\u00f1o y poder realizar las obras necesarias para sanear nuestros r\u00edos\u201d.<\/p>\n<p align=\"JUSTIFY\">Los trabajos se extendieron por unas 6 horas y se estima que en una semana estar\u00e1n disponibles los primeros resultados.<\/p>\n<p align=\"JUSTIFY\">Finalmente Ocampos indic\u00f3 \u201ccelebro la iniciativa de ambas instituciones de apoyar este tipo de evaluaciones que no hace ni m\u00e1s ni menos que a determinar la salud de nuestros cursos de agua\u201d resalt\u00f3 y agreg\u00f3 \u201chabla a las claras de una buena predisposici\u00f3n de todos los participantes en buscar la mejor soluci\u00f3n\u201d.<\/p>\n<p align=\"JUSTIFY\">Fuente: APP noticias<\/p>\n","protected":false},"excerpt":{"rendered":"<p>CIPOOLETTI.- Se tomaron muestras en las aguas de los r\u00edo Negro y Neuquen sobre la costa de la ciudad de [&hellip;]<\/p>\n","protected":false},"author":2,"featured_media":0,"comment_status":"closed","ping_status":"closed","sticky":false,"template":"","format":"standard","meta":{"site-sidebar-layout":"default","site-content-layout":"","ast-site-content-layout":"default","site-content-style":"default","site-sidebar-style":"default","ast-global-header-display":"","ast-banner-title-visibility":"","ast-main-header-display":"","ast-hfb-above-header-display":"","ast-hfb-below-header-display":"","ast-hfb-mobile-header-display":"","site-post-title":"","ast-breadcrumbs-content":"","ast-featured-img":"","footer-sml-layout":"","ast-disable-related-posts":"","theme-transparent-header-meta":"","adv-header-id-meta":"","stick-header-meta":"","header-above-stick-meta":"","header-main-stick-meta":"","header-below-stick-meta":"","astra-migrate-meta-layouts":"default","ast-page-background-enabled":"default","ast-page-background-meta":{"desktop":{"background-color":"var(--ast-global-color-5)","background-image":"","background-repeat":"repeat","background-position":"center center","background-size":"auto","background-attachment":"scroll","background-type":"","background-media":"","overlay-type":"","overlay-color":"","overlay-opacity":"","overlay-gradient":""},"tablet":{"background-color":"","background-image":"","background-repeat":"repeat","background-position":"center center","background-size":"auto","background-attachment":"scroll","background-type":"","background-media":"","overlay-type":"","overlay-color":"","overlay-opacity":"","overlay-gradient":""},"mobile":{"background-color":"","background-image":"","background-repeat":"repeat","background-position":"center center","background-size":"auto","background-attachment":"scroll","background-type":"","background-media":"","overlay-type":"","overlay-color":"","overlay-opacity":"","overlay-gradient":""}},"ast-content-background-meta":{"desktop":{"background-color":"var(--ast-global-color-4)","background-image":"","background-repeat":"repeat","background-position":"center center","background-size":"auto","background-attachment":"scroll","background-type":"","background-media":"","overlay-type":"","overlay-color":"","overlay-opacity":"","overlay-gradient":""},"tablet":{"background-color":"var(--ast-global-color-4)","background-image":"","background-repeat":"repeat","background-position":"center center","background-size":"auto","background-attachment":"scroll","background-type":"","background-media":"","overlay-type":"","overlay-color":"","overlay-opacity":"","overlay-gradient":""},"mobile":{"background-color":"var(--ast-global-color-4)","background-image":"","background-repeat":"repeat","background-position":"center center","background-size":"auto","background-attachment":"scroll","background-type":"","background-media":"","overlay-type":"","overlay-color":"","overlay-opacity":"","overlay-gradient":""}},"footnotes":""},"categories":[16,1],"tags":[],"class_list":["post-22556","post","type-post","status-publish","format-standard","hentry","category-municipales","category-noticias"],"yoast_head":"<!-- This site is optimized with the Yoast SEO Premium plugin v23.0 (Yoast SEO v27.4) - https:\/\/yoast.com\/product\/yoast-seo-premium-wordpress\/ -->\n<title>R\u00edo Negro: Nuevos muestreos sobre la calidad del agua del r\u00edo Negro en Cipolletti<\/title>\n<meta name=\"robots\" content=\"index, follow, max-snippet:-1, max-image-preview:large, max-video-preview:-1\" \/>\n<link rel=\"canonical\" href=\"https:\/\/patagoniambiental.com.ar\/info\/rio-negro-nuevos-muestreos-sobre-la-calidad-del-agua-del-rio-negro-en-cipolletti\/\" \/>\n<meta property=\"og:locale\" content=\"es_ES\" \/>\n<meta property=\"og:type\" content=\"article\" \/>\n<meta property=\"og:title\" content=\"R\u00edo Negro: Nuevos muestreos sobre la calidad del agua del r\u00edo Negro en Cipolletti\" \/>\n<meta property=\"og:description\" content=\"CIPOOLETTI.- Se tomaron muestras en las aguas de los r\u00edo Negro y Neuquen sobre la costa de la ciudad de [&hellip;]\" \/>\n<meta property=\"og:url\" content=\"https:\/\/patagoniambiental.com.ar\/info\/rio-negro-nuevos-muestreos-sobre-la-calidad-del-agua-del-rio-negro-en-cipolletti\/\" \/>\n<meta property=\"og:site_name\" content=\"Patagonia Ambiental\" \/>\n<meta property=\"article:publisher\" content=\"https:\/\/www.facebook.com\/patagonia.ambiental\" \/>\n<meta property=\"article:author\" content=\"https:\/\/www.facebook.com\/share\/1C1V8Gv9BX\/?mibextid=qi2Omg\" \/>\n<meta property=\"article:published_time\" content=\"2016-11-12T12:00:48+00:00\" \/>\n<meta name=\"author\" content=\"Patagonia Ambiental\" \/>\n<meta name=\"twitter:card\" content=\"summary_large_image\" \/>\n<meta name=\"twitter:creator\" content=\"@PatAmb\" \/>\n<meta name=\"twitter:site\" content=\"@PatAmb\" \/>\n<script type=\"application\/ld+json\" class=\"yoast-schema-graph\">{\"@context\":\"https:\\\/\\\/schema.org\",\"@graph\":[{\"@type\":\"Article\",\"@id\":\"https:\\\/\\\/patagoniambiental.com.ar\\\/info\\\/rio-negro-nuevos-muestreos-sobre-la-calidad-del-agua-del-rio-negro-en-cipolletti\\\/#article\",\"isPartOf\":{\"@id\":\"https:\\\/\\\/patagoniambiental.com.ar\\\/info\\\/rio-negro-nuevos-muestreos-sobre-la-calidad-del-agua-del-rio-negro-en-cipolletti\\\/\"},\"author\":{\"name\":\"Patagonia Ambiental\",\"@id\":\"https:\\\/\\\/patagoniambiental.com.ar\\\/info\\\/#\\\/schema\\\/person\\\/db12bff64bbcbf6a253710bf0ea37b5d\"},\"headline\":\"R\u00edo Negro: Nuevos muestreos sobre la calidad del agua del r\u00edo Negro en Cipolletti\",\"datePublished\":\"2016-11-12T12:00:48+00:00\",\"mainEntityOfPage\":{\"@id\":\"https:\\\/\\\/patagoniambiental.com.ar\\\/info\\\/rio-negro-nuevos-muestreos-sobre-la-calidad-del-agua-del-rio-negro-en-cipolletti\\\/\"},\"wordCount\":347,\"publisher\":{\"@id\":\"https:\\\/\\\/patagoniambiental.com.ar\\\/info\\\/#organization\"},\"articleSection\":[\"Municipales\",\"Noticias\"],\"inLanguage\":\"es\"},{\"@type\":\"WebPage\",\"@id\":\"https:\\\/\\\/patagoniambiental.com.ar\\\/info\\\/rio-negro-nuevos-muestreos-sobre-la-calidad-del-agua-del-rio-negro-en-cipolletti\\\/\",\"url\":\"https:\\\/\\\/patagoniambiental.com.ar\\\/info\\\/rio-negro-nuevos-muestreos-sobre-la-calidad-del-agua-del-rio-negro-en-cipolletti\\\/\",\"name\":\"R\u00edo Negro: Nuevos muestreos sobre la calidad del agua del r\u00edo Negro en Cipolletti\",\"isPartOf\":{\"@id\":\"https:\\\/\\\/patagoniambiental.com.ar\\\/info\\\/#website\"},\"datePublished\":\"2016-11-12T12:00:48+00:00\",\"breadcrumb\":{\"@id\":\"https:\\\/\\\/patagoniambiental.com.ar\\\/info\\\/rio-negro-nuevos-muestreos-sobre-la-calidad-del-agua-del-rio-negro-en-cipolletti\\\/#breadcrumb\"},\"inLanguage\":\"es\",\"potentialAction\":[{\"@type\":\"ReadAction\",\"target\":[\"https:\\\/\\\/patagoniambiental.com.ar\\\/info\\\/rio-negro-nuevos-muestreos-sobre-la-calidad-del-agua-del-rio-negro-en-cipolletti\\\/\"]}]},{\"@type\":\"BreadcrumbList\",\"@id\":\"https:\\\/\\\/patagoniambiental.com.ar\\\/info\\\/rio-negro-nuevos-muestreos-sobre-la-calidad-del-agua-del-rio-negro-en-cipolletti\\\/#breadcrumb\",\"itemListElement\":[{\"@type\":\"ListItem\",\"position\":1,\"name\":\"Inicio\",\"item\":\"https:\\\/\\\/patagoniambiental.com.ar\\\/info\\\/\"},{\"@type\":\"ListItem\",\"position\":2,\"name\":\"R\u00edo Negro: Nuevos muestreos sobre la calidad del agua del r\u00edo Negro en Cipolletti\"}]},{\"@type\":\"WebSite\",\"@id\":\"https:\\\/\\\/patagoniambiental.com.ar\\\/info\\\/#website\",\"url\":\"https:\\\/\\\/patagoniambiental.com.ar\\\/info\\\/\",\"name\":\"Patagonia Ambiental\",\"description\":\"Monitoreo y an\u00e1lisis de la situaci\u00f3n geopol\u00edtica en el mundo y su implicancia en la Patagonia\",\"publisher\":{\"@id\":\"https:\\\/\\\/patagoniambiental.com.ar\\\/info\\\/#organization\"},\"potentialAction\":[{\"@type\":\"SearchAction\",\"target\":{\"@type\":\"EntryPoint\",\"urlTemplate\":\"https:\\\/\\\/patagoniambiental.com.ar\\\/info\\\/?s={search_term_string}\"},\"query-input\":{\"@type\":\"PropertyValueSpecification\",\"valueRequired\":true,\"valueName\":\"search_term_string\"}}],\"inLanguage\":\"es\"},{\"@type\":\"Organization\",\"@id\":\"https:\\\/\\\/patagoniambiental.com.ar\\\/info\\\/#organization\",\"name\":\"Patagonia Ambiental\",\"url\":\"https:\\\/\\\/patagoniambiental.com.ar\\\/info\\\/\",\"logo\":{\"@type\":\"ImageObject\",\"inLanguage\":\"es\",\"@id\":\"https:\\\/\\\/patagoniambiental.com.ar\\\/info\\\/#\\\/schema\\\/logo\\\/image\\\/\",\"url\":\"https:\\\/\\\/patagoniambiental.com.ar\\\/info\\\/wp-content\\\/uploads\\\/2025\\\/05\\\/LOGO-PATAGONIA-AMBIENTAL.png\",\"contentUrl\":\"https:\\\/\\\/patagoniambiental.com.ar\\\/info\\\/wp-content\\\/uploads\\\/2025\\\/05\\\/LOGO-PATAGONIA-AMBIENTAL.png\",\"width\":433,\"height\":250,\"caption\":\"Patagonia Ambiental\"},\"image\":{\"@id\":\"https:\\\/\\\/patagoniambiental.com.ar\\\/info\\\/#\\\/schema\\\/logo\\\/image\\\/\"},\"sameAs\":[\"https:\\\/\\\/www.facebook.com\\\/patagonia.ambiental\",\"https:\\\/\\\/x.com\\\/PatAmb\"]},{\"@type\":\"Person\",\"@id\":\"https:\\\/\\\/patagoniambiental.com.ar\\\/info\\\/#\\\/schema\\\/person\\\/db12bff64bbcbf6a253710bf0ea37b5d\",\"name\":\"Patagonia Ambiental\",\"description\":\"Andr\u00e9s Nievas T\u00e9cnico en manejo ambiental, consultor Ambiental y escritor para medios locales e internacionales sobre temas de geopolitica y medio ambiente.\",\"sameAs\":[\"http:\\\/\\\/www.patagoniambiental.com.ar\",\"https:\\\/\\\/www.facebook.com\\\/share\\\/1C1V8Gv9BX\\\/?mibextid=qi2Omg\",\"@patagoniambiental\",\"https:\\\/\\\/youtube.com\\\/@patagoniaambiental2023?si=BLt58t0wuXquxlYZ\"]}]}<\/script>\n<!-- \/ Yoast SEO Premium plugin. -->","yoast_head_json":{"title":"R\u00edo Negro: Nuevos muestreos sobre la calidad del agua del r\u00edo Negro en Cipolletti","robots":{"index":"index","follow":"follow","max-snippet":"max-snippet:-1","max-image-preview":"max-image-preview:large","max-video-preview":"max-video-preview:-1"},"canonical":"https:\/\/patagoniambiental.com.ar\/info\/rio-negro-nuevos-muestreos-sobre-la-calidad-del-agua-del-rio-negro-en-cipolletti\/","og_locale":"es_ES","og_type":"article","og_title":"R\u00edo Negro: Nuevos muestreos sobre la calidad del agua del r\u00edo Negro en Cipolletti","og_description":"CIPOOLETTI.- Se tomaron muestras en las aguas de los r\u00edo Negro y Neuquen sobre la costa de la ciudad de [&hellip;]","og_url":"https:\/\/patagoniambiental.com.ar\/info\/rio-negro-nuevos-muestreos-sobre-la-calidad-del-agua-del-rio-negro-en-cipolletti\/","og_site_name":"Patagonia Ambiental","article_publisher":"https:\/\/www.facebook.com\/patagonia.ambiental","article_author":"https:\/\/www.facebook.com\/share\/1C1V8Gv9BX\/?mibextid=qi2Omg","article_published_time":"2016-11-12T12:00:48+00:00","author":"Patagonia Ambiental","twitter_card":"summary_large_image","twitter_creator":"@PatAmb","twitter_site":"@PatAmb","schema":{"@context":"https:\/\/schema.org","@graph":[{"@type":"Article","@id":"https:\/\/patagoniambiental.com.ar\/info\/rio-negro-nuevos-muestreos-sobre-la-calidad-del-agua-del-rio-negro-en-cipolletti\/#article","isPartOf":{"@id":"https:\/\/patagoniambiental.com.ar\/info\/rio-negro-nuevos-muestreos-sobre-la-calidad-del-agua-del-rio-negro-en-cipolletti\/"},"author":{"name":"Patagonia Ambiental","@id":"https:\/\/patagoniambiental.com.ar\/info\/#\/schema\/person\/db12bff64bbcbf6a253710bf0ea37b5d"},"headline":"R\u00edo Negro: Nuevos muestreos sobre la calidad del agua del r\u00edo Negro en Cipolletti","datePublished":"2016-11-12T12:00:48+00:00","mainEntityOfPage":{"@id":"https:\/\/patagoniambiental.com.ar\/info\/rio-negro-nuevos-muestreos-sobre-la-calidad-del-agua-del-rio-negro-en-cipolletti\/"},"wordCount":347,"publisher":{"@id":"https:\/\/patagoniambiental.com.ar\/info\/#organization"},"articleSection":["Municipales","Noticias"],"inLanguage":"es"},{"@type":"WebPage","@id":"https:\/\/patagoniambiental.com.ar\/info\/rio-negro-nuevos-muestreos-sobre-la-calidad-del-agua-del-rio-negro-en-cipolletti\/","url":"https:\/\/patagoniambiental.com.ar\/info\/rio-negro-nuevos-muestreos-sobre-la-calidad-del-agua-del-rio-negro-en-cipolletti\/","name":"R\u00edo Negro: Nuevos muestreos sobre la calidad del agua del r\u00edo Negro en Cipolletti","isPartOf":{"@id":"https:\/\/patagoniambiental.com.ar\/info\/#website"},"datePublished":"2016-11-12T12:00:48+00:00","breadcrumb":{"@id":"https:\/\/patagoniambiental.com.ar\/info\/rio-negro-nuevos-muestreos-sobre-la-calidad-del-agua-del-rio-negro-en-cipolletti\/#breadcrumb"},"inLanguage":"es","potentialAction":[{"@type":"ReadAction","target":["https:\/\/patagoniambiental.com.ar\/info\/rio-negro-nuevos-muestreos-sobre-la-calidad-del-agua-del-rio-negro-en-cipolletti\/"]}]},{"@type":"BreadcrumbList","@id":"https:\/\/patagoniambiental.com.ar\/info\/rio-negro-nuevos-muestreos-sobre-la-calidad-del-agua-del-rio-negro-en-cipolletti\/#breadcrumb","itemListElement":[{"@type":"ListItem","position":1,"name":"Inicio","item":"https:\/\/patagoniambiental.com.ar\/info\/"},{"@type":"ListItem","position":2,"name":"R\u00edo Negro: Nuevos muestreos sobre la calidad del agua del r\u00edo Negro en Cipolletti"}]},{"@type":"WebSite","@id":"https:\/\/patagoniambiental.com.ar\/info\/#website","url":"https:\/\/patagoniambiental.com.ar\/info\/","name":"Patagonia Ambiental","description":"Monitoreo y an\u00e1lisis de la situaci\u00f3n geopol\u00edtica en el mundo y su implicancia en la Patagonia","publisher":{"@id":"https:\/\/patagoniambiental.com.ar\/info\/#organization"},"potentialAction":[{"@type":"SearchAction","target":{"@type":"EntryPoint","urlTemplate":"https:\/\/patagoniambiental.com.ar\/info\/?s={search_term_string}"},"query-input":{"@type":"PropertyValueSpecification","valueRequired":true,"valueName":"search_term_string"}}],"inLanguage":"es"},{"@type":"Organization","@id":"https:\/\/patagoniambiental.com.ar\/info\/#organization","name":"Patagonia Ambiental","url":"https:\/\/patagoniambiental.com.ar\/info\/","logo":{"@type":"ImageObject","inLanguage":"es","@id":"https:\/\/patagoniambiental.com.ar\/info\/#\/schema\/logo\/image\/","url":"https:\/\/patagoniambiental.com.ar\/info\/wp-content\/uploads\/2025\/05\/LOGO-PATAGONIA-AMBIENTAL.png","contentUrl":"https:\/\/patagoniambiental.com.ar\/info\/wp-content\/uploads\/2025\/05\/LOGO-PATAGONIA-AMBIENTAL.png","width":433,"height":250,"caption":"Patagonia Ambiental"},"image":{"@id":"https:\/\/patagoniambiental.com.ar\/info\/#\/schema\/logo\/image\/"},"sameAs":["https:\/\/www.facebook.com\/patagonia.ambiental","https:\/\/x.com\/PatAmb"]},{"@type":"Person","@id":"https:\/\/patagoniambiental.com.ar\/info\/#\/schema\/person\/db12bff64bbcbf6a253710bf0ea37b5d","name":"Patagonia Ambiental","description":"Andr\u00e9s Nievas T\u00e9cnico en manejo ambiental, consultor Ambiental y escritor para medios locales e internacionales sobre temas de geopolitica y medio ambiente.","sameAs":["http:\/\/www.patagoniambiental.com.ar","https:\/\/www.facebook.com\/share\/1C1V8Gv9BX\/?mibextid=qi2Omg","@patagoniambiental","https:\/\/youtube.com\/@patagoniaambiental2023?si=BLt58t0wuXquxlYZ"]}]}},"_links":{"self":[{"href":"https:\/\/patagoniambiental.com.ar\/info\/wp-json\/wp\/v2\/posts\/22556","targetHints":{"allow":["GET"]}}],"collection":[{"href":"https:\/\/patagoniambiental.com.ar\/info\/wp-json\/wp\/v2\/posts"}],"about":[{"href":"https:\/\/patagoniambiental.com.ar\/info\/wp-json\/wp\/v2\/types\/post"}],"author":[{"embeddable":true,"href":"https:\/\/patagoniambiental.com.ar\/info\/wp-json\/wp\/v2\/users\/2"}],"replies":[{"embeddable":true,"href":"https:\/\/patagoniambiental.com.ar\/info\/wp-json\/wp\/v2\/comments?post=22556"}],"version-history":[{"count":0,"href":"https:\/\/patagoniambiental.com.ar\/info\/wp-json\/wp\/v2\/posts\/22556\/revisions"}],"wp:attachment":[{"href":"https:\/\/patagoniambiental.com.ar\/info\/wp-json\/wp\/v2\/media?parent=22556"}],"wp:term":[{"taxonomy":"category","embeddable":true,"href":"https:\/\/patagoniambiental.com.ar\/info\/wp-json\/wp\/v2\/categories?post=22556"},{"taxonomy":"post_tag","embeddable":true,"href":"https:\/\/patagoniambiental.com.ar\/info\/wp-json\/wp\/v2\/tags?post=22556"}],"curies":[{"name":"wp","href":"https:\/\/api.w.org\/{rel}","templated":true}]}}