{"id":22593,"date":"2016-11-14T19:00:23","date_gmt":"2016-11-14T22:00:23","guid":{"rendered":"http:\/\/patagoniambiental.com.ar\/?p=22593"},"modified":"2016-11-14T19:00:23","modified_gmt":"2016-11-14T22:00:23","slug":"se-reunio-la-comision-promotora-del-museo-de-ciencia-y-tecnologia","status":"publish","type":"post","link":"https:\/\/patagoniambiental.com.ar\/info\/se-reunio-la-comision-promotora-del-museo-de-ciencia-y-tecnologia\/","title":{"rendered":"Se reuni\u00f3 la Comisi\u00f3n Promotora del Museo de Ciencia y Tecnolog\u00eda"},"content":{"rendered":"<p>San Carlos de Bariloche.-Fue convocada por el intendente Gustavo Gennuso, a partir de la aprobaci\u00f3n de la ordenanza que promueve este desarrollo en la ciudad. Estuvieron representantes de la CNEA, INTI, INTA, Universidades Nacionales, INVAP, y Secretar\u00eda de Ciencia y Tecnolog\u00eda.<!--more--><\/p>\n<p>Fue convocada por el intendente Gustavo Gennuso, a partir de la aprobaci\u00f3n de la ordenanza que promueve este desarrollo en la ciudad. Estuvieron representantes de la CNEA, INTI, INTA, Universidades Nacionales, INVAP, y Secretar\u00eda de Ciencia y Tecnolog\u00eda.<\/p>\n<p>Durante el encuentro realizado este jueves por la tarde, el mandatario local estuvo acompa\u00f1ado por la concejal Julia Fern\u00e1ndez, quien fue elegida por sus pares para ser la representante del Concejo Municipal en esta comisi\u00f3n.<\/p>\n<p>Gennuso justific\u00f3 esta iniciativa presentada por el Poder Ejecutivo manifestando que \u201cexiste una gran potencialidad en el aspecto tecnol\u00f3gico en la ciudad, y necesitamos que el mundo, y nosotros mismos reconozcamos esta gran virtud con que contamos\u201d.<\/p>\n<p>Agreg\u00f3 \u201chay una historia en este lugar, que nos impulsa a llevar adelante este proyecto, donde no solo se trata de mostrar el conocimiento y la tecnolog\u00eda, sino que pensamos que es importante una construcci\u00f3n simb\u00f3lica y cultural de este aspecto tan importante de la ciudad. Bariloche es una usina de cient\u00edficos, que supera la media del pa\u00eds, con una gran presencia de espacios universitarios de formaci\u00f3n\u201d.<\/p>\n<p>\u201cPensamos en un lugar que muestre la historia, el presente y el futuro, y sobre todo que se plantee como interactivo con la comunidad\u201d, asever\u00f3.<\/p>\n<p>Por \u00faltimo, plante\u00f3 que adem\u00e1s se convertir\u00e1 en un nuevo atractivo tur\u00edstico, y \u201cel mundo podr\u00e1 vivir otro de los aspectos con que cuenta Bariloche, donde existe una gran cantidad de instituciones, empresas de desarrollo tecnol\u00f3gico de alta reconocimiento internacional\u201d.<\/p>\n<p>La Comisi\u00f3n est\u00e1 integrada por representantes del Ministerio de Ciencia, Tecnolog\u00eda e Innovaci\u00f3n Productiva de la Naci\u00f3n, Secretar\u00eda de Ciencia, Tecnolog\u00eda y Promoci\u00f3n de la Producci\u00f3n de la Provincia de R\u00edo Negro, de la Municipalidad de San Carlos de Bariloche, del Concejo Municipal, del CONICET CCT Patagonia Norte, CNEA, Universidad de R\u00edo Negro, Universidad Nacional del Comahue, Universidad Tecnol\u00f3gica Nacional, Instituto Nacional de Tecnolog\u00eda Agropecuaria, Instituto Balseiro, INTI, Instituto Nacional de Tecnolog\u00eda Industrial, Fundaci\u00f3n INVAP, Parque Tecnol\u00f3gico Industrial y Productivo Bariloche, y la C\u00e1mara de Turismo, Industria, Servicios y Producci\u00f3n de San Carlos de Bariloche.<\/p>\n<p>Fuente:barilocheopina<\/p>\n<p>&nbsp;<\/p>\n","protected":false},"excerpt":{"rendered":"<p>San Carlos de Bariloche.-Fue convocada por el intendente Gustavo Gennuso, a partir de la aprobaci\u00f3n de la ordenanza que promueve [&hellip;]<\/p>\n","protected":false},"author":2,"featured_media":0,"comment_status":"closed","ping_status":"closed","sticky":false,"template":"","format":"standard","meta":{"site-sidebar-layout":"default","site-content-layout":"","ast-site-content-layout":"default","site-content-style":"default","site-sidebar-style":"default","ast-global-header-display":"","ast-banner-title-visibility":"","ast-main-header-display":"","ast-hfb-above-header-display":"","ast-hfb-below-header-display":"","ast-hfb-mobile-header-display":"","site-post-title":"","ast-breadcrumbs-content":"","ast-featured-img":"","footer-sml-layout":"","ast-disable-related-posts":"","theme-transparent-header-meta":"","adv-header-id-meta":"","stick-header-meta":"","header-above-stick-meta":"","header-main-stick-meta":"","header-below-stick-meta":"","astra-migrate-meta-layouts":"default","ast-page-background-enabled":"default","ast-page-background-meta":{"desktop":{"background-color":"var(--ast-global-color-5)","background-image":"","background-repeat":"repeat","background-position":"center center","background-size":"auto","background-attachment":"scroll","background-type":"","background-media":"","overlay-type":"","overlay-color":"","overlay-opacity":"","overlay-gradient":""},"tablet":{"background-color":"","background-image":"","background-repeat":"repeat","background-position":"center center","background-size":"auto","background-attachment":"scroll","background-type":"","background-media":"","overlay-type":"","overlay-color":"","overlay-opacity":"","overlay-gradient":""},"mobile":{"background-color":"","background-image":"","background-repeat":"repeat","background-position":"center center","background-size":"auto","background-attachment":"scroll","background-type":"","background-media":"","overlay-type":"","overlay-color":"","overlay-opacity":"","overlay-gradient":""}},"ast-content-background-meta":{"desktop":{"background-color":"var(--ast-global-color-4)","background-image":"","background-repeat":"repeat","background-position":"center center","background-size":"auto","background-attachment":"scroll","background-type":"","background-media":"","overlay-type":"","overlay-color":"","overlay-opacity":"","overlay-gradient":""},"tablet":{"background-color":"var(--ast-global-color-4)","background-image":"","background-repeat":"repeat","background-position":"center center","background-size":"auto","background-attachment":"scroll","background-type":"","background-media":"","overlay-type":"","overlay-color":"","overlay-opacity":"","overlay-gradient":""},"mobile":{"background-color":"var(--ast-global-color-4)","background-image":"","background-repeat":"repeat","background-position":"center center","background-size":"auto","background-attachment":"scroll","background-type":"","background-media":"","overlay-type":"","overlay-color":"","overlay-opacity":"","overlay-gradient":""}},"footnotes":""},"categories":[16,1],"tags":[],"class_list":["post-22593","post","type-post","status-publish","format-standard","hentry","category-municipales","category-noticias"],"yoast_head":"<!-- This site is optimized with the Yoast SEO Premium plugin v23.0 (Yoast SEO v27.4) - https:\/\/yoast.com\/product\/yoast-seo-premium-wordpress\/ -->\n<title>Se reuni\u00f3 la Comisi\u00f3n Promotora del Museo de Ciencia y Tecnolog\u00eda<\/title>\n<meta name=\"robots\" content=\"index, follow, max-snippet:-1, max-image-preview:large, max-video-preview:-1\" \/>\n<link rel=\"canonical\" href=\"https:\/\/patagoniambiental.com.ar\/info\/se-reunio-la-comision-promotora-del-museo-de-ciencia-y-tecnologia\/\" \/>\n<meta property=\"og:locale\" content=\"es_ES\" \/>\n<meta property=\"og:type\" content=\"article\" \/>\n<meta property=\"og:title\" content=\"Se reuni\u00f3 la Comisi\u00f3n Promotora del Museo de Ciencia y Tecnolog\u00eda\" \/>\n<meta property=\"og:description\" content=\"San Carlos de Bariloche.-Fue convocada por el intendente Gustavo Gennuso, a partir de la aprobaci\u00f3n de la ordenanza que promueve [&hellip;]\" \/>\n<meta property=\"og:url\" content=\"https:\/\/patagoniambiental.com.ar\/info\/se-reunio-la-comision-promotora-del-museo-de-ciencia-y-tecnologia\/\" \/>\n<meta property=\"og:site_name\" content=\"Patagonia Ambiental\" \/>\n<meta property=\"article:publisher\" content=\"https:\/\/www.facebook.com\/patagonia.ambiental\" \/>\n<meta property=\"article:author\" content=\"https:\/\/www.facebook.com\/share\/1C1V8Gv9BX\/?mibextid=qi2Omg\" \/>\n<meta property=\"article:published_time\" content=\"2016-11-14T22:00:23+00:00\" \/>\n<meta name=\"author\" content=\"Patagonia Ambiental\" \/>\n<meta name=\"twitter:card\" content=\"summary_large_image\" \/>\n<meta name=\"twitter:creator\" content=\"@PatAmb\" \/>\n<meta name=\"twitter:site\" content=\"@PatAmb\" \/>\n<script type=\"application\/ld+json\" class=\"yoast-schema-graph\">{\"@context\":\"https:\\\/\\\/schema.org\",\"@graph\":[{\"@type\":\"Article\",\"@id\":\"https:\\\/\\\/patagoniambiental.com.ar\\\/info\\\/se-reunio-la-comision-promotora-del-museo-de-ciencia-y-tecnologia\\\/#article\",\"isPartOf\":{\"@id\":\"https:\\\/\\\/patagoniambiental.com.ar\\\/info\\\/se-reunio-la-comision-promotora-del-museo-de-ciencia-y-tecnologia\\\/\"},\"author\":{\"name\":\"Patagonia Ambiental\",\"@id\":\"https:\\\/\\\/patagoniambiental.com.ar\\\/info\\\/#\\\/schema\\\/person\\\/db12bff64bbcbf6a253710bf0ea37b5d\"},\"headline\":\"Se reuni\u00f3 la Comisi\u00f3n Promotora del Museo de Ciencia y Tecnolog\u00eda\",\"datePublished\":\"2016-11-14T22:00:23+00:00\",\"mainEntityOfPage\":{\"@id\":\"https:\\\/\\\/patagoniambiental.com.ar\\\/info\\\/se-reunio-la-comision-promotora-del-museo-de-ciencia-y-tecnologia\\\/\"},\"wordCount\":431,\"publisher\":{\"@id\":\"https:\\\/\\\/patagoniambiental.com.ar\\\/info\\\/#organization\"},\"articleSection\":[\"Municipales\",\"Noticias\"],\"inLanguage\":\"es\"},{\"@type\":\"WebPage\",\"@id\":\"https:\\\/\\\/patagoniambiental.com.ar\\\/info\\\/se-reunio-la-comision-promotora-del-museo-de-ciencia-y-tecnologia\\\/\",\"url\":\"https:\\\/\\\/patagoniambiental.com.ar\\\/info\\\/se-reunio-la-comision-promotora-del-museo-de-ciencia-y-tecnologia\\\/\",\"name\":\"Se reuni\u00f3 la Comisi\u00f3n Promotora del Museo de Ciencia y Tecnolog\u00eda\",\"isPartOf\":{\"@id\":\"https:\\\/\\\/patagoniambiental.com.ar\\\/info\\\/#website\"},\"datePublished\":\"2016-11-14T22:00:23+00:00\",\"breadcrumb\":{\"@id\":\"https:\\\/\\\/patagoniambiental.com.ar\\\/info\\\/se-reunio-la-comision-promotora-del-museo-de-ciencia-y-tecnologia\\\/#breadcrumb\"},\"inLanguage\":\"es\",\"potentialAction\":[{\"@type\":\"ReadAction\",\"target\":[\"https:\\\/\\\/patagoniambiental.com.ar\\\/info\\\/se-reunio-la-comision-promotora-del-museo-de-ciencia-y-tecnologia\\\/\"]}]},{\"@type\":\"BreadcrumbList\",\"@id\":\"https:\\\/\\\/patagoniambiental.com.ar\\\/info\\\/se-reunio-la-comision-promotora-del-museo-de-ciencia-y-tecnologia\\\/#breadcrumb\",\"itemListElement\":[{\"@type\":\"ListItem\",\"position\":1,\"name\":\"Inicio\",\"item\":\"https:\\\/\\\/patagoniambiental.com.ar\\\/info\\\/\"},{\"@type\":\"ListItem\",\"position\":2,\"name\":\"Se reuni\u00f3 la Comisi\u00f3n Promotora del Museo de Ciencia y Tecnolog\u00eda\"}]},{\"@type\":\"WebSite\",\"@id\":\"https:\\\/\\\/patagoniambiental.com.ar\\\/info\\\/#website\",\"url\":\"https:\\\/\\\/patagoniambiental.com.ar\\\/info\\\/\",\"name\":\"Patagonia Ambiental\",\"description\":\"Monitoreo y an\u00e1lisis de la situaci\u00f3n geopol\u00edtica en el mundo y su implicancia en la Patagonia\",\"publisher\":{\"@id\":\"https:\\\/\\\/patagoniambiental.com.ar\\\/info\\\/#organization\"},\"potentialAction\":[{\"@type\":\"SearchAction\",\"target\":{\"@type\":\"EntryPoint\",\"urlTemplate\":\"https:\\\/\\\/patagoniambiental.com.ar\\\/info\\\/?s={search_term_string}\"},\"query-input\":{\"@type\":\"PropertyValueSpecification\",\"valueRequired\":true,\"valueName\":\"search_term_string\"}}],\"inLanguage\":\"es\"},{\"@type\":\"Organization\",\"@id\":\"https:\\\/\\\/patagoniambiental.com.ar\\\/info\\\/#organization\",\"name\":\"Patagonia Ambiental\",\"url\":\"https:\\\/\\\/patagoniambiental.com.ar\\\/info\\\/\",\"logo\":{\"@type\":\"ImageObject\",\"inLanguage\":\"es\",\"@id\":\"https:\\\/\\\/patagoniambiental.com.ar\\\/info\\\/#\\\/schema\\\/logo\\\/image\\\/\",\"url\":\"https:\\\/\\\/patagoniambiental.com.ar\\\/info\\\/wp-content\\\/uploads\\\/2025\\\/05\\\/LOGO-PATAGONIA-AMBIENTAL.png\",\"contentUrl\":\"https:\\\/\\\/patagoniambiental.com.ar\\\/info\\\/wp-content\\\/uploads\\\/2025\\\/05\\\/LOGO-PATAGONIA-AMBIENTAL.png\",\"width\":433,\"height\":250,\"caption\":\"Patagonia Ambiental\"},\"image\":{\"@id\":\"https:\\\/\\\/patagoniambiental.com.ar\\\/info\\\/#\\\/schema\\\/logo\\\/image\\\/\"},\"sameAs\":[\"https:\\\/\\\/www.facebook.com\\\/patagonia.ambiental\",\"https:\\\/\\\/x.com\\\/PatAmb\"]},{\"@type\":\"Person\",\"@id\":\"https:\\\/\\\/patagoniambiental.com.ar\\\/info\\\/#\\\/schema\\\/person\\\/db12bff64bbcbf6a253710bf0ea37b5d\",\"name\":\"Patagonia Ambiental\",\"description\":\"Andr\u00e9s Nievas T\u00e9cnico en manejo ambiental, consultor Ambiental y escritor para medios locales e internacionales sobre temas de geopolitica y medio ambiente.\",\"sameAs\":[\"http:\\\/\\\/www.patagoniambiental.com.ar\",\"https:\\\/\\\/www.facebook.com\\\/share\\\/1C1V8Gv9BX\\\/?mibextid=qi2Omg\",\"@patagoniambiental\",\"https:\\\/\\\/youtube.com\\\/@patagoniaambiental2023?si=BLt58t0wuXquxlYZ\"]}]}<\/script>\n<!-- \/ Yoast SEO Premium plugin. -->","yoast_head_json":{"title":"Se reuni\u00f3 la Comisi\u00f3n Promotora del Museo de Ciencia y Tecnolog\u00eda","robots":{"index":"index","follow":"follow","max-snippet":"max-snippet:-1","max-image-preview":"max-image-preview:large","max-video-preview":"max-video-preview:-1"},"canonical":"https:\/\/patagoniambiental.com.ar\/info\/se-reunio-la-comision-promotora-del-museo-de-ciencia-y-tecnologia\/","og_locale":"es_ES","og_type":"article","og_title":"Se reuni\u00f3 la Comisi\u00f3n Promotora del Museo de Ciencia y Tecnolog\u00eda","og_description":"San Carlos de Bariloche.-Fue convocada por el intendente Gustavo Gennuso, a partir de la aprobaci\u00f3n de la ordenanza que promueve [&hellip;]","og_url":"https:\/\/patagoniambiental.com.ar\/info\/se-reunio-la-comision-promotora-del-museo-de-ciencia-y-tecnologia\/","og_site_name":"Patagonia Ambiental","article_publisher":"https:\/\/www.facebook.com\/patagonia.ambiental","article_author":"https:\/\/www.facebook.com\/share\/1C1V8Gv9BX\/?mibextid=qi2Omg","article_published_time":"2016-11-14T22:00:23+00:00","author":"Patagonia Ambiental","twitter_card":"summary_large_image","twitter_creator":"@PatAmb","twitter_site":"@PatAmb","schema":{"@context":"https:\/\/schema.org","@graph":[{"@type":"Article","@id":"https:\/\/patagoniambiental.com.ar\/info\/se-reunio-la-comision-promotora-del-museo-de-ciencia-y-tecnologia\/#article","isPartOf":{"@id":"https:\/\/patagoniambiental.com.ar\/info\/se-reunio-la-comision-promotora-del-museo-de-ciencia-y-tecnologia\/"},"author":{"name":"Patagonia Ambiental","@id":"https:\/\/patagoniambiental.com.ar\/info\/#\/schema\/person\/db12bff64bbcbf6a253710bf0ea37b5d"},"headline":"Se reuni\u00f3 la Comisi\u00f3n Promotora del Museo de Ciencia y Tecnolog\u00eda","datePublished":"2016-11-14T22:00:23+00:00","mainEntityOfPage":{"@id":"https:\/\/patagoniambiental.com.ar\/info\/se-reunio-la-comision-promotora-del-museo-de-ciencia-y-tecnologia\/"},"wordCount":431,"publisher":{"@id":"https:\/\/patagoniambiental.com.ar\/info\/#organization"},"articleSection":["Municipales","Noticias"],"inLanguage":"es"},{"@type":"WebPage","@id":"https:\/\/patagoniambiental.com.ar\/info\/se-reunio-la-comision-promotora-del-museo-de-ciencia-y-tecnologia\/","url":"https:\/\/patagoniambiental.com.ar\/info\/se-reunio-la-comision-promotora-del-museo-de-ciencia-y-tecnologia\/","name":"Se reuni\u00f3 la Comisi\u00f3n Promotora del Museo de Ciencia y Tecnolog\u00eda","isPartOf":{"@id":"https:\/\/patagoniambiental.com.ar\/info\/#website"},"datePublished":"2016-11-14T22:00:23+00:00","breadcrumb":{"@id":"https:\/\/patagoniambiental.com.ar\/info\/se-reunio-la-comision-promotora-del-museo-de-ciencia-y-tecnologia\/#breadcrumb"},"inLanguage":"es","potentialAction":[{"@type":"ReadAction","target":["https:\/\/patagoniambiental.com.ar\/info\/se-reunio-la-comision-promotora-del-museo-de-ciencia-y-tecnologia\/"]}]},{"@type":"BreadcrumbList","@id":"https:\/\/patagoniambiental.com.ar\/info\/se-reunio-la-comision-promotora-del-museo-de-ciencia-y-tecnologia\/#breadcrumb","itemListElement":[{"@type":"ListItem","position":1,"name":"Inicio","item":"https:\/\/patagoniambiental.com.ar\/info\/"},{"@type":"ListItem","position":2,"name":"Se reuni\u00f3 la Comisi\u00f3n Promotora del Museo de Ciencia y Tecnolog\u00eda"}]},{"@type":"WebSite","@id":"https:\/\/patagoniambiental.com.ar\/info\/#website","url":"https:\/\/patagoniambiental.com.ar\/info\/","name":"Patagonia Ambiental","description":"Monitoreo y an\u00e1lisis de la situaci\u00f3n geopol\u00edtica en el mundo y su implicancia en la Patagonia","publisher":{"@id":"https:\/\/patagoniambiental.com.ar\/info\/#organization"},"potentialAction":[{"@type":"SearchAction","target":{"@type":"EntryPoint","urlTemplate":"https:\/\/patagoniambiental.com.ar\/info\/?s={search_term_string}"},"query-input":{"@type":"PropertyValueSpecification","valueRequired":true,"valueName":"search_term_string"}}],"inLanguage":"es"},{"@type":"Organization","@id":"https:\/\/patagoniambiental.com.ar\/info\/#organization","name":"Patagonia Ambiental","url":"https:\/\/patagoniambiental.com.ar\/info\/","logo":{"@type":"ImageObject","inLanguage":"es","@id":"https:\/\/patagoniambiental.com.ar\/info\/#\/schema\/logo\/image\/","url":"https:\/\/patagoniambiental.com.ar\/info\/wp-content\/uploads\/2025\/05\/LOGO-PATAGONIA-AMBIENTAL.png","contentUrl":"https:\/\/patagoniambiental.com.ar\/info\/wp-content\/uploads\/2025\/05\/LOGO-PATAGONIA-AMBIENTAL.png","width":433,"height":250,"caption":"Patagonia Ambiental"},"image":{"@id":"https:\/\/patagoniambiental.com.ar\/info\/#\/schema\/logo\/image\/"},"sameAs":["https:\/\/www.facebook.com\/patagonia.ambiental","https:\/\/x.com\/PatAmb"]},{"@type":"Person","@id":"https:\/\/patagoniambiental.com.ar\/info\/#\/schema\/person\/db12bff64bbcbf6a253710bf0ea37b5d","name":"Patagonia Ambiental","description":"Andr\u00e9s Nievas T\u00e9cnico en manejo ambiental, consultor Ambiental y escritor para medios locales e internacionales sobre temas de geopolitica y medio ambiente.","sameAs":["http:\/\/www.patagoniambiental.com.ar","https:\/\/www.facebook.com\/share\/1C1V8Gv9BX\/?mibextid=qi2Omg","@patagoniambiental","https:\/\/youtube.com\/@patagoniaambiental2023?si=BLt58t0wuXquxlYZ"]}]}},"_links":{"self":[{"href":"https:\/\/patagoniambiental.com.ar\/info\/wp-json\/wp\/v2\/posts\/22593","targetHints":{"allow":["GET"]}}],"collection":[{"href":"https:\/\/patagoniambiental.com.ar\/info\/wp-json\/wp\/v2\/posts"}],"about":[{"href":"https:\/\/patagoniambiental.com.ar\/info\/wp-json\/wp\/v2\/types\/post"}],"author":[{"embeddable":true,"href":"https:\/\/patagoniambiental.com.ar\/info\/wp-json\/wp\/v2\/users\/2"}],"replies":[{"embeddable":true,"href":"https:\/\/patagoniambiental.com.ar\/info\/wp-json\/wp\/v2\/comments?post=22593"}],"version-history":[{"count":0,"href":"https:\/\/patagoniambiental.com.ar\/info\/wp-json\/wp\/v2\/posts\/22593\/revisions"}],"wp:attachment":[{"href":"https:\/\/patagoniambiental.com.ar\/info\/wp-json\/wp\/v2\/media?parent=22593"}],"wp:term":[{"taxonomy":"category","embeddable":true,"href":"https:\/\/patagoniambiental.com.ar\/info\/wp-json\/wp\/v2\/categories?post=22593"},{"taxonomy":"post_tag","embeddable":true,"href":"https:\/\/patagoniambiental.com.ar\/info\/wp-json\/wp\/v2\/tags?post=22593"}],"curies":[{"name":"wp","href":"https:\/\/api.w.org\/{rel}","templated":true}]}}