{"id":22639,"date":"2016-11-15T19:00:25","date_gmt":"2016-11-15T22:00:25","guid":{"rendered":"http:\/\/patagoniambiental.com.ar\/?p=22639"},"modified":"2016-11-15T19:00:25","modified_gmt":"2016-11-15T22:00:25","slug":"se-llamara-laguna-de-los-angeles-comenzo-la-limpieza-de-la-laguna-del-barrio-andino","status":"publish","type":"post","link":"https:\/\/patagoniambiental.com.ar\/info\/se-llamara-laguna-de-los-angeles-comenzo-la-limpieza-de-la-laguna-del-barrio-andino\/","title":{"rendered":"SE LLAMAR\u00c1 LAGUNA DE LOS \u00c1NGELES: Comenz\u00f3 la limpieza de la laguna del barrio Andino"},"content":{"rendered":"<div class=\"volanta_individual_noticia\">Un trabajo de limpieza integral se inici\u00f3 en la laguna ubicada en el barrio Andino de la ciudad de Ushuaia, donde hace algunos meses se quem\u00f3 el refugio de cabecera para el alquiler de patines de hielo, deporte que popularmente se practicaba en el lugar.<\/div>\n<p><!--more--><\/p>\n<p class=\"titulo_individual_noticia\">Con varios a\u00f1os de inactividad y de falta de mantenimiento, la zona permanec\u00eda sin atenci\u00f3n y con signos de deterioro y abandono.<br \/>\nDurante el fin de semana se llev\u00f3 adelante la primera intervenci\u00f3n encabezada por la Secretar\u00eda de Gobierno, que realiz\u00f3 previamente un trabajo de relevamiento de la zona indicando la remoci\u00f3n de las estructuras quemadas y una primer limpieza de la laguna, de donde se sac\u00f3 basura y restos de todo tipo.<br \/>\nLa actividad, una vez m\u00e1s, permiti\u00f3 que se acercaran vecinos para colaborar, informar sobre necesidades en los espacios comunes del barrio, trabajar en forma conjunta con el quienes llevaban adelante la limpieza, y agradecer la atenci\u00f3n al sector de la ciudad.<br \/>\n\u201cEstamos trabajando en todos los sectores de la ciudad, orden\u00e1ndolos, poni\u00e9ndolos en valor, sacando aqu\u00e9llo que ya no sirve. Ahora comenzamos en este hermoso lugar limpi\u00e1ndolo, despejando toda la zona de la cabecera; removimos las maderas quemadas, la ra\u00edz del \u00e1rbol que ardi\u00f3 en el lugar y sacamos gran cantidad de basura del agua, animales muertos, botellas, hierros y maderas. Queda a\u00fan mucho trabajo por realizar\u201d, dijo Omar Becerra, secretario de Gobierno de la Municipalidad.<br \/>\nJunto a Becerra intervino en el lugar personal de Seguridad Urbana, Coordinaci\u00f3n de Tr\u00e1nsito y Transporte, Subsecretar\u00eda de Gobierno, Subsecretar\u00eda de Asuntos Pol\u00edticos y Relaciones con la Comunidad.<br \/>\nLa laguna tambi\u00e9n fue recorrida en kayak para realizar la limpieza de botellas dispersas en el agua y que no pod\u00edan ser rescatadas desde la orilla.<br \/>\nEl coordinador de Medio Ambiente, Hugo Ponzo, estuvo presente y se encuentra desde la Secretar\u00eda en conversaciones con la Universidad Nacional de Tierra del Fuego (UNTDF) para trabajar sobre el sector con el acompa\u00f1amiento de la casa de altos estudios y la preservaci\u00f3n y uso responsable de la zona, de alto valor paisaj\u00edstico y ambiental.<br \/>\n\u201cEl nombre del lugar ser\u00e1 la Laguna de los \u00c1ngeles y hoy estuvieron aqu\u00ed, se fueron acercando pasado el mediod\u00eda, un nutrido grupo de pastores de iglesias convocados por el Municipio, quienes bendijeron el lugar\u201d, expres\u00f3 Becerra.<br \/>\nFinalizada la primera etapa de la limpieza y cuando restaban algunos trabajos m\u00e1s de recolecci\u00f3n de residuos voluminosos en la zona -que se cargaron en camiones por medio de m\u00e1quinas aportadas por la Secretar\u00eda de Planificaci\u00f3n e Inversi\u00f3n P\u00fablica-, los pastores se reunieron en la pasarela que bordea la laguna con la presencia del jefe de programa de Culto, Ra\u00fal V\u00e1zquez, e hicieron una oraci\u00f3n colectiva bendiciendo el lugar.<\/p>\n<p class=\"titulo_individual_noticia\">Fuente: El Diario del Fin del Mundo<\/p>\n","protected":false},"excerpt":{"rendered":"<p>Un trabajo de limpieza integral se inici\u00f3 en la laguna ubicada en el barrio Andino de la ciudad de Ushuaia, [&hellip;]<\/p>\n","protected":false},"author":2,"featured_media":0,"comment_status":"closed","ping_status":"closed","sticky":false,"template":"","format":"standard","meta":{"site-sidebar-layout":"default","site-content-layout":"","ast-site-content-layout":"default","site-content-style":"default","site-sidebar-style":"default","ast-global-header-display":"","ast-banner-title-visibility":"","ast-main-header-display":"","ast-hfb-above-header-display":"","ast-hfb-below-header-display":"","ast-hfb-mobile-header-display":"","site-post-title":"","ast-breadcrumbs-content":"","ast-featured-img":"","footer-sml-layout":"","ast-disable-related-posts":"","theme-transparent-header-meta":"","adv-header-id-meta":"","stick-header-meta":"","header-above-stick-meta":"","header-main-stick-meta":"","header-below-stick-meta":"","astra-migrate-meta-layouts":"default","ast-page-background-enabled":"default","ast-page-background-meta":{"desktop":{"background-color":"var(--ast-global-color-5)","background-image":"","background-repeat":"repeat","background-position":"center center","background-size":"auto","background-attachment":"scroll","background-type":"","background-media":"","overlay-type":"","overlay-color":"","overlay-opacity":"","overlay-gradient":""},"tablet":{"background-color":"","background-image":"","background-repeat":"repeat","background-position":"center center","background-size":"auto","background-attachment":"scroll","background-type":"","background-media":"","overlay-type":"","overlay-color":"","overlay-opacity":"","overlay-gradient":""},"mobile":{"background-color":"","background-image":"","background-repeat":"repeat","background-position":"center center","background-size":"auto","background-attachment":"scroll","background-type":"","background-media":"","overlay-type":"","overlay-color":"","overlay-opacity":"","overlay-gradient":""}},"ast-content-background-meta":{"desktop":{"background-color":"var(--ast-global-color-4)","background-image":"","background-repeat":"repeat","background-position":"center center","background-size":"auto","background-attachment":"scroll","background-type":"","background-media":"","overlay-type":"","overlay-color":"","overlay-opacity":"","overlay-gradient":""},"tablet":{"background-color":"var(--ast-global-color-4)","background-image":"","background-repeat":"repeat","background-position":"center center","background-size":"auto","background-attachment":"scroll","background-type":"","background-media":"","overlay-type":"","overlay-color":"","overlay-opacity":"","overlay-gradient":""},"mobile":{"background-color":"var(--ast-global-color-4)","background-image":"","background-repeat":"repeat","background-position":"center center","background-size":"auto","background-attachment":"scroll","background-type":"","background-media":"","overlay-type":"","overlay-color":"","overlay-opacity":"","overlay-gradient":""}},"footnotes":""},"categories":[16,1],"tags":[],"class_list":["post-22639","post","type-post","status-publish","format-standard","hentry","category-municipales","category-noticias"],"yoast_head":"<!-- This site is optimized with the Yoast SEO Premium plugin v23.0 (Yoast SEO v27.4) - https:\/\/yoast.com\/product\/yoast-seo-premium-wordpress\/ -->\n<title>SE LLAMAR\u00c1 LAGUNA DE LOS \u00c1NGELES: Comenz\u00f3 la limpieza de la laguna del barrio Andino<\/title>\n<meta name=\"robots\" content=\"index, follow, max-snippet:-1, max-image-preview:large, max-video-preview:-1\" \/>\n<link rel=\"canonical\" href=\"https:\/\/patagoniambiental.com.ar\/info\/se-llamara-laguna-de-los-angeles-comenzo-la-limpieza-de-la-laguna-del-barrio-andino\/\" \/>\n<meta property=\"og:locale\" content=\"es_ES\" \/>\n<meta property=\"og:type\" content=\"article\" \/>\n<meta property=\"og:title\" content=\"SE LLAMAR\u00c1 LAGUNA DE LOS \u00c1NGELES: Comenz\u00f3 la limpieza de la laguna del barrio Andino\" \/>\n<meta property=\"og:description\" content=\"Un trabajo de limpieza integral se inici\u00f3 en la laguna ubicada en el barrio Andino de la ciudad de Ushuaia, [&hellip;]\" \/>\n<meta property=\"og:url\" content=\"https:\/\/patagoniambiental.com.ar\/info\/se-llamara-laguna-de-los-angeles-comenzo-la-limpieza-de-la-laguna-del-barrio-andino\/\" \/>\n<meta property=\"og:site_name\" content=\"Patagonia Ambiental\" \/>\n<meta property=\"article:publisher\" content=\"https:\/\/www.facebook.com\/patagonia.ambiental\" \/>\n<meta property=\"article:author\" content=\"https:\/\/www.facebook.com\/share\/1C1V8Gv9BX\/?mibextid=qi2Omg\" \/>\n<meta property=\"article:published_time\" content=\"2016-11-15T22:00:25+00:00\" \/>\n<meta name=\"author\" content=\"Patagonia Ambiental\" \/>\n<meta name=\"twitter:card\" content=\"summary_large_image\" \/>\n<meta name=\"twitter:creator\" content=\"@PatAmb\" \/>\n<meta name=\"twitter:site\" content=\"@PatAmb\" \/>\n<script type=\"application\/ld+json\" class=\"yoast-schema-graph\">{\"@context\":\"https:\\\/\\\/schema.org\",\"@graph\":[{\"@type\":\"Article\",\"@id\":\"https:\\\/\\\/patagoniambiental.com.ar\\\/info\\\/se-llamara-laguna-de-los-angeles-comenzo-la-limpieza-de-la-laguna-del-barrio-andino\\\/#article\",\"isPartOf\":{\"@id\":\"https:\\\/\\\/patagoniambiental.com.ar\\\/info\\\/se-llamara-laguna-de-los-angeles-comenzo-la-limpieza-de-la-laguna-del-barrio-andino\\\/\"},\"author\":{\"name\":\"Patagonia Ambiental\",\"@id\":\"https:\\\/\\\/patagoniambiental.com.ar\\\/info\\\/#\\\/schema\\\/person\\\/db12bff64bbcbf6a253710bf0ea37b5d\"},\"headline\":\"SE LLAMAR\u00c1 LAGUNA DE LOS \u00c1NGELES: Comenz\u00f3 la limpieza de la laguna del barrio Andino\",\"datePublished\":\"2016-11-15T22:00:25+00:00\",\"mainEntityOfPage\":{\"@id\":\"https:\\\/\\\/patagoniambiental.com.ar\\\/info\\\/se-llamara-laguna-de-los-angeles-comenzo-la-limpieza-de-la-laguna-del-barrio-andino\\\/\"},\"wordCount\":507,\"publisher\":{\"@id\":\"https:\\\/\\\/patagoniambiental.com.ar\\\/info\\\/#organization\"},\"articleSection\":[\"Municipales\",\"Noticias\"],\"inLanguage\":\"es\"},{\"@type\":\"WebPage\",\"@id\":\"https:\\\/\\\/patagoniambiental.com.ar\\\/info\\\/se-llamara-laguna-de-los-angeles-comenzo-la-limpieza-de-la-laguna-del-barrio-andino\\\/\",\"url\":\"https:\\\/\\\/patagoniambiental.com.ar\\\/info\\\/se-llamara-laguna-de-los-angeles-comenzo-la-limpieza-de-la-laguna-del-barrio-andino\\\/\",\"name\":\"SE LLAMAR\u00c1 LAGUNA DE LOS \u00c1NGELES: Comenz\u00f3 la limpieza de la laguna del barrio Andino\",\"isPartOf\":{\"@id\":\"https:\\\/\\\/patagoniambiental.com.ar\\\/info\\\/#website\"},\"datePublished\":\"2016-11-15T22:00:25+00:00\",\"breadcrumb\":{\"@id\":\"https:\\\/\\\/patagoniambiental.com.ar\\\/info\\\/se-llamara-laguna-de-los-angeles-comenzo-la-limpieza-de-la-laguna-del-barrio-andino\\\/#breadcrumb\"},\"inLanguage\":\"es\",\"potentialAction\":[{\"@type\":\"ReadAction\",\"target\":[\"https:\\\/\\\/patagoniambiental.com.ar\\\/info\\\/se-llamara-laguna-de-los-angeles-comenzo-la-limpieza-de-la-laguna-del-barrio-andino\\\/\"]}]},{\"@type\":\"BreadcrumbList\",\"@id\":\"https:\\\/\\\/patagoniambiental.com.ar\\\/info\\\/se-llamara-laguna-de-los-angeles-comenzo-la-limpieza-de-la-laguna-del-barrio-andino\\\/#breadcrumb\",\"itemListElement\":[{\"@type\":\"ListItem\",\"position\":1,\"name\":\"Inicio\",\"item\":\"https:\\\/\\\/patagoniambiental.com.ar\\\/info\\\/\"},{\"@type\":\"ListItem\",\"position\":2,\"name\":\"SE LLAMAR\u00c1 LAGUNA DE LOS \u00c1NGELES: Comenz\u00f3 la limpieza de la laguna del barrio Andino\"}]},{\"@type\":\"WebSite\",\"@id\":\"https:\\\/\\\/patagoniambiental.com.ar\\\/info\\\/#website\",\"url\":\"https:\\\/\\\/patagoniambiental.com.ar\\\/info\\\/\",\"name\":\"Patagonia Ambiental\",\"description\":\"Monitoreo y an\u00e1lisis de la situaci\u00f3n geopol\u00edtica en el mundo y su implicancia en la Patagonia\",\"publisher\":{\"@id\":\"https:\\\/\\\/patagoniambiental.com.ar\\\/info\\\/#organization\"},\"potentialAction\":[{\"@type\":\"SearchAction\",\"target\":{\"@type\":\"EntryPoint\",\"urlTemplate\":\"https:\\\/\\\/patagoniambiental.com.ar\\\/info\\\/?s={search_term_string}\"},\"query-input\":{\"@type\":\"PropertyValueSpecification\",\"valueRequired\":true,\"valueName\":\"search_term_string\"}}],\"inLanguage\":\"es\"},{\"@type\":\"Organization\",\"@id\":\"https:\\\/\\\/patagoniambiental.com.ar\\\/info\\\/#organization\",\"name\":\"Patagonia Ambiental\",\"url\":\"https:\\\/\\\/patagoniambiental.com.ar\\\/info\\\/\",\"logo\":{\"@type\":\"ImageObject\",\"inLanguage\":\"es\",\"@id\":\"https:\\\/\\\/patagoniambiental.com.ar\\\/info\\\/#\\\/schema\\\/logo\\\/image\\\/\",\"url\":\"https:\\\/\\\/patagoniambiental.com.ar\\\/info\\\/wp-content\\\/uploads\\\/2025\\\/05\\\/LOGO-PATAGONIA-AMBIENTAL.png\",\"contentUrl\":\"https:\\\/\\\/patagoniambiental.com.ar\\\/info\\\/wp-content\\\/uploads\\\/2025\\\/05\\\/LOGO-PATAGONIA-AMBIENTAL.png\",\"width\":433,\"height\":250,\"caption\":\"Patagonia Ambiental\"},\"image\":{\"@id\":\"https:\\\/\\\/patagoniambiental.com.ar\\\/info\\\/#\\\/schema\\\/logo\\\/image\\\/\"},\"sameAs\":[\"https:\\\/\\\/www.facebook.com\\\/patagonia.ambiental\",\"https:\\\/\\\/x.com\\\/PatAmb\"]},{\"@type\":\"Person\",\"@id\":\"https:\\\/\\\/patagoniambiental.com.ar\\\/info\\\/#\\\/schema\\\/person\\\/db12bff64bbcbf6a253710bf0ea37b5d\",\"name\":\"Patagonia Ambiental\",\"description\":\"Andr\u00e9s Nievas T\u00e9cnico en manejo ambiental, consultor Ambiental y escritor para medios locales e internacionales sobre temas de geopolitica y medio ambiente.\",\"sameAs\":[\"http:\\\/\\\/www.patagoniambiental.com.ar\",\"https:\\\/\\\/www.facebook.com\\\/share\\\/1C1V8Gv9BX\\\/?mibextid=qi2Omg\",\"@patagoniambiental\",\"https:\\\/\\\/youtube.com\\\/@patagoniaambiental2023?si=BLt58t0wuXquxlYZ\"]}]}<\/script>\n<!-- \/ Yoast SEO Premium plugin. -->","yoast_head_json":{"title":"SE LLAMAR\u00c1 LAGUNA DE LOS \u00c1NGELES: Comenz\u00f3 la limpieza de la laguna del barrio Andino","robots":{"index":"index","follow":"follow","max-snippet":"max-snippet:-1","max-image-preview":"max-image-preview:large","max-video-preview":"max-video-preview:-1"},"canonical":"https:\/\/patagoniambiental.com.ar\/info\/se-llamara-laguna-de-los-angeles-comenzo-la-limpieza-de-la-laguna-del-barrio-andino\/","og_locale":"es_ES","og_type":"article","og_title":"SE LLAMAR\u00c1 LAGUNA DE LOS \u00c1NGELES: Comenz\u00f3 la limpieza de la laguna del barrio Andino","og_description":"Un trabajo de limpieza integral se inici\u00f3 en la laguna ubicada en el barrio Andino de la ciudad de Ushuaia, [&hellip;]","og_url":"https:\/\/patagoniambiental.com.ar\/info\/se-llamara-laguna-de-los-angeles-comenzo-la-limpieza-de-la-laguna-del-barrio-andino\/","og_site_name":"Patagonia Ambiental","article_publisher":"https:\/\/www.facebook.com\/patagonia.ambiental","article_author":"https:\/\/www.facebook.com\/share\/1C1V8Gv9BX\/?mibextid=qi2Omg","article_published_time":"2016-11-15T22:00:25+00:00","author":"Patagonia Ambiental","twitter_card":"summary_large_image","twitter_creator":"@PatAmb","twitter_site":"@PatAmb","schema":{"@context":"https:\/\/schema.org","@graph":[{"@type":"Article","@id":"https:\/\/patagoniambiental.com.ar\/info\/se-llamara-laguna-de-los-angeles-comenzo-la-limpieza-de-la-laguna-del-barrio-andino\/#article","isPartOf":{"@id":"https:\/\/patagoniambiental.com.ar\/info\/se-llamara-laguna-de-los-angeles-comenzo-la-limpieza-de-la-laguna-del-barrio-andino\/"},"author":{"name":"Patagonia Ambiental","@id":"https:\/\/patagoniambiental.com.ar\/info\/#\/schema\/person\/db12bff64bbcbf6a253710bf0ea37b5d"},"headline":"SE LLAMAR\u00c1 LAGUNA DE LOS \u00c1NGELES: Comenz\u00f3 la limpieza de la laguna del barrio Andino","datePublished":"2016-11-15T22:00:25+00:00","mainEntityOfPage":{"@id":"https:\/\/patagoniambiental.com.ar\/info\/se-llamara-laguna-de-los-angeles-comenzo-la-limpieza-de-la-laguna-del-barrio-andino\/"},"wordCount":507,"publisher":{"@id":"https:\/\/patagoniambiental.com.ar\/info\/#organization"},"articleSection":["Municipales","Noticias"],"inLanguage":"es"},{"@type":"WebPage","@id":"https:\/\/patagoniambiental.com.ar\/info\/se-llamara-laguna-de-los-angeles-comenzo-la-limpieza-de-la-laguna-del-barrio-andino\/","url":"https:\/\/patagoniambiental.com.ar\/info\/se-llamara-laguna-de-los-angeles-comenzo-la-limpieza-de-la-laguna-del-barrio-andino\/","name":"SE LLAMAR\u00c1 LAGUNA DE LOS \u00c1NGELES: Comenz\u00f3 la limpieza de la laguna del barrio Andino","isPartOf":{"@id":"https:\/\/patagoniambiental.com.ar\/info\/#website"},"datePublished":"2016-11-15T22:00:25+00:00","breadcrumb":{"@id":"https:\/\/patagoniambiental.com.ar\/info\/se-llamara-laguna-de-los-angeles-comenzo-la-limpieza-de-la-laguna-del-barrio-andino\/#breadcrumb"},"inLanguage":"es","potentialAction":[{"@type":"ReadAction","target":["https:\/\/patagoniambiental.com.ar\/info\/se-llamara-laguna-de-los-angeles-comenzo-la-limpieza-de-la-laguna-del-barrio-andino\/"]}]},{"@type":"BreadcrumbList","@id":"https:\/\/patagoniambiental.com.ar\/info\/se-llamara-laguna-de-los-angeles-comenzo-la-limpieza-de-la-laguna-del-barrio-andino\/#breadcrumb","itemListElement":[{"@type":"ListItem","position":1,"name":"Inicio","item":"https:\/\/patagoniambiental.com.ar\/info\/"},{"@type":"ListItem","position":2,"name":"SE LLAMAR\u00c1 LAGUNA DE LOS \u00c1NGELES: Comenz\u00f3 la limpieza de la laguna del barrio Andino"}]},{"@type":"WebSite","@id":"https:\/\/patagoniambiental.com.ar\/info\/#website","url":"https:\/\/patagoniambiental.com.ar\/info\/","name":"Patagonia Ambiental","description":"Monitoreo y an\u00e1lisis de la situaci\u00f3n geopol\u00edtica en el mundo y su implicancia en la Patagonia","publisher":{"@id":"https:\/\/patagoniambiental.com.ar\/info\/#organization"},"potentialAction":[{"@type":"SearchAction","target":{"@type":"EntryPoint","urlTemplate":"https:\/\/patagoniambiental.com.ar\/info\/?s={search_term_string}"},"query-input":{"@type":"PropertyValueSpecification","valueRequired":true,"valueName":"search_term_string"}}],"inLanguage":"es"},{"@type":"Organization","@id":"https:\/\/patagoniambiental.com.ar\/info\/#organization","name":"Patagonia Ambiental","url":"https:\/\/patagoniambiental.com.ar\/info\/","logo":{"@type":"ImageObject","inLanguage":"es","@id":"https:\/\/patagoniambiental.com.ar\/info\/#\/schema\/logo\/image\/","url":"https:\/\/patagoniambiental.com.ar\/info\/wp-content\/uploads\/2025\/05\/LOGO-PATAGONIA-AMBIENTAL.png","contentUrl":"https:\/\/patagoniambiental.com.ar\/info\/wp-content\/uploads\/2025\/05\/LOGO-PATAGONIA-AMBIENTAL.png","width":433,"height":250,"caption":"Patagonia Ambiental"},"image":{"@id":"https:\/\/patagoniambiental.com.ar\/info\/#\/schema\/logo\/image\/"},"sameAs":["https:\/\/www.facebook.com\/patagonia.ambiental","https:\/\/x.com\/PatAmb"]},{"@type":"Person","@id":"https:\/\/patagoniambiental.com.ar\/info\/#\/schema\/person\/db12bff64bbcbf6a253710bf0ea37b5d","name":"Patagonia Ambiental","description":"Andr\u00e9s Nievas T\u00e9cnico en manejo ambiental, consultor Ambiental y escritor para medios locales e internacionales sobre temas de geopolitica y medio ambiente.","sameAs":["http:\/\/www.patagoniambiental.com.ar","https:\/\/www.facebook.com\/share\/1C1V8Gv9BX\/?mibextid=qi2Omg","@patagoniambiental","https:\/\/youtube.com\/@patagoniaambiental2023?si=BLt58t0wuXquxlYZ"]}]}},"_links":{"self":[{"href":"https:\/\/patagoniambiental.com.ar\/info\/wp-json\/wp\/v2\/posts\/22639","targetHints":{"allow":["GET"]}}],"collection":[{"href":"https:\/\/patagoniambiental.com.ar\/info\/wp-json\/wp\/v2\/posts"}],"about":[{"href":"https:\/\/patagoniambiental.com.ar\/info\/wp-json\/wp\/v2\/types\/post"}],"author":[{"embeddable":true,"href":"https:\/\/patagoniambiental.com.ar\/info\/wp-json\/wp\/v2\/users\/2"}],"replies":[{"embeddable":true,"href":"https:\/\/patagoniambiental.com.ar\/info\/wp-json\/wp\/v2\/comments?post=22639"}],"version-history":[{"count":0,"href":"https:\/\/patagoniambiental.com.ar\/info\/wp-json\/wp\/v2\/posts\/22639\/revisions"}],"wp:attachment":[{"href":"https:\/\/patagoniambiental.com.ar\/info\/wp-json\/wp\/v2\/media?parent=22639"}],"wp:term":[{"taxonomy":"category","embeddable":true,"href":"https:\/\/patagoniambiental.com.ar\/info\/wp-json\/wp\/v2\/categories?post=22639"},{"taxonomy":"post_tag","embeddable":true,"href":"https:\/\/patagoniambiental.com.ar\/info\/wp-json\/wp\/v2\/tags?post=22639"}],"curies":[{"name":"wp","href":"https:\/\/api.w.org\/{rel}","templated":true}]}}