{"id":22714,"date":"2016-11-17T19:00:12","date_gmt":"2016-11-17T22:00:12","guid":{"rendered":"http:\/\/patagoniambiental.com.ar\/?p=22714"},"modified":"2016-11-17T19:00:12","modified_gmt":"2016-11-17T22:00:12","slug":"se-aprobo-credito-para-adiquisicion-de-maquinarias-de-los-municipios-que-integran-el-consorcio-girsu-virch-valdes","status":"publish","type":"post","link":"https:\/\/patagoniambiental.com.ar\/info\/se-aprobo-credito-para-adiquisicion-de-maquinarias-de-los-municipios-que-integran-el-consorcio-girsu-virch-valdes\/","title":{"rendered":"SE APROB\u00d3 CR\u00c9DITO PARA ADIQUISICI\u00d3N DE MAQUINARIAS DE LOS MUNICIPIOS QUE INTEGRAN EL CONSORCIO GIRSU VIRCH-VALDES"},"content":{"rendered":"<p>Trelew.-Este martes se reuni\u00f3 el Consorcio Intermunicipal del Sistema de Gesti\u00f3n Integral de Residuos S\u00f3lidos Urbanos (GIRSU) de la comarca VIRCh Vald\u00e9s.<!--more--> Estuvieron presentes el presidente del Consorcio y jefe comunal de Puerto Madryn Ricardo Sastre, y los intendentes de Trelew Adri\u00e1n Maderna, de Gaiman, Mariano Garc\u00eda Aranibar, y representante del municipio de Rawson Fa<span class=\"text_exposed_show\">bi\u00e1n Torres. Tambi\u00e9n particip\u00f3 el gerente General del GIRSU, Sebasti\u00e1n De Pablo.<\/span><\/p>\n<div class=\"text_exposed_show\">\n<p>En este marco el presidente del Consorcio Ricardo Sastre se\u00f1al\u00f3 que \u00abse aprob\u00f3 el cr\u00e9dito del Programa de Desarrollo de \u00c1reas Metropolitanas del Interior (DAMI)\u00bb, que va a permitir \u00abincorporar maquinarias nuevas, lo que facilita y permite incrementar nuestro capital en cada uno de nuestros municipios para poder seguir trabajando en un tema tan sensible\u00bb.<\/p>\n<p>\u00abLos municipios van a aportar 25% de todo lo adquirido\u00bb, esto representa \u00absumas significativas en los ahorros en las municipalidades, en el caso de Trelew se va a adquirir alrededor de 4 millones de pesos y aportar\u00e1 aproximadamente 1 mill\u00f3n de pesos, Puerto Madryn 3 millones de pesos y aportar\u00e1 800 mil pesos, en menor escala lo har\u00e1 Rawson, Gaiman y Dolavon\u00bb, resalt\u00f3 Sastre, al tiempo que destac\u00f3 que \u00abes una oportunidad importante para poder capitalizarnos e incrementar nuestro patrimonio\u00bb.<br \/>\nPor su parte, Adri\u00e1n Maderna se\u00f1al\u00f3 que \u00aben esta etapa se van a comprar dos mini cargadoras, volquetes, contenedores\u00bb.<\/p>\n<p>Respecto a las tareas que se llevan adelante desde el consorcio indic\u00f3 que \u00abeste consorcio viene trabajando bien en la capacitaci\u00f3n, concientizaci\u00f3n promoviendo distintas actividades en los establecimientos educativos\u00bb, y recalc\u00f3 que \u00abla basura es un tema muy sensible\u00bb, porque se refiere adem\u00e1s \u00aba la contaminaci\u00f3n, la ecolog\u00eda, el medio ambiente, y es nuestra responsabilidad tratar de mantenernos dentro de un programa que a la larga y cuando las cosas funcionan bien dan resultados importantes\u00bb.<\/p>\n<p>En esta l\u00ednea Maderna expres\u00f3 que \u00abse va a seguir trabajando en conjunto con el consorcio en la concientizaci\u00f3n en las diferentes escuelas\u00bb.<\/p>\n<p>Respecto al mantenimiento de las ciudades limpias Sastre dijo que \u00abla gente sabe que la basura no la tiene que tirar en los alrededores de la ciudad y esto es un problema que tenemos con los mini basurales que se generan\u00bb, y destac\u00f3 que \u00ablos municipios est\u00e1n presentes y podemos demostrar que cada 48 o 72 horas estamos limpiando los sectores que permanentemente vuelven a ser dep\u00f3sito de residuos en lugares no habilitados\u00bb.<\/p>\n<p>Fuente: Direcci\u00f3n de Gesti\u00f3n Ambiental de la Municipalidad de Trelew<\/p>\n<\/div>\n","protected":false},"excerpt":{"rendered":"<p>Trelew.-Este martes se reuni\u00f3 el Consorcio Intermunicipal del Sistema de Gesti\u00f3n Integral de Residuos S\u00f3lidos Urbanos (GIRSU) de la comarca [&hellip;]<\/p>\n","protected":false},"author":2,"featured_media":4034,"comment_status":"closed","ping_status":"closed","sticky":false,"template":"","format":"standard","meta":{"site-sidebar-layout":"default","site-content-layout":"","ast-site-content-layout":"default","site-content-style":"default","site-sidebar-style":"default","ast-global-header-display":"","ast-banner-title-visibility":"","ast-main-header-display":"","ast-hfb-above-header-display":"","ast-hfb-below-header-display":"","ast-hfb-mobile-header-display":"","site-post-title":"","ast-breadcrumbs-content":"","ast-featured-img":"","footer-sml-layout":"","ast-disable-related-posts":"","theme-transparent-header-meta":"","adv-header-id-meta":"","stick-header-meta":"","header-above-stick-meta":"","header-main-stick-meta":"","header-below-stick-meta":"","astra-migrate-meta-layouts":"default","ast-page-background-enabled":"default","ast-page-background-meta":{"desktop":{"background-color":"var(--ast-global-color-5)","background-image":"","background-repeat":"repeat","background-position":"center center","background-size":"auto","background-attachment":"scroll","background-type":"","background-media":"","overlay-type":"","overlay-color":"","overlay-opacity":"","overlay-gradient":""},"tablet":{"background-color":"","background-image":"","background-repeat":"repeat","background-position":"center center","background-size":"auto","background-attachment":"scroll","background-type":"","background-media":"","overlay-type":"","overlay-color":"","overlay-opacity":"","overlay-gradient":""},"mobile":{"background-color":"","background-image":"","background-repeat":"repeat","background-position":"center center","background-size":"auto","background-attachment":"scroll","background-type":"","background-media":"","overlay-type":"","overlay-color":"","overlay-opacity":"","overlay-gradient":""}},"ast-content-background-meta":{"desktop":{"background-color":"var(--ast-global-color-4)","background-image":"","background-repeat":"repeat","background-position":"center center","background-size":"auto","background-attachment":"scroll","background-type":"","background-media":"","overlay-type":"","overlay-color":"","overlay-opacity":"","overlay-gradient":""},"tablet":{"background-color":"var(--ast-global-color-4)","background-image":"","background-repeat":"repeat","background-position":"center center","background-size":"auto","background-attachment":"scroll","background-type":"","background-media":"","overlay-type":"","overlay-color":"","overlay-opacity":"","overlay-gradient":""},"mobile":{"background-color":"var(--ast-global-color-4)","background-image":"","background-repeat":"repeat","background-position":"center center","background-size":"auto","background-attachment":"scroll","background-type":"","background-media":"","overlay-type":"","overlay-color":"","overlay-opacity":"","overlay-gradient":""}},"footnotes":""},"categories":[16,1],"tags":[],"class_list":["post-22714","post","type-post","status-publish","format-standard","has-post-thumbnail","hentry","category-municipales","category-noticias"],"yoast_head":"<!-- This site is optimized with the Yoast SEO Premium plugin v23.0 (Yoast SEO v27.4) - https:\/\/yoast.com\/product\/yoast-seo-premium-wordpress\/ -->\n<title>SE APROB\u00d3 CR\u00c9DITO PARA ADIQUISICI\u00d3N DE MAQUINARIAS DE LOS MUNICIPIOS QUE INTEGRAN EL CONSORCIO GIRSU VIRCH-VALDES<\/title>\n<meta name=\"robots\" content=\"index, follow, max-snippet:-1, max-image-preview:large, max-video-preview:-1\" \/>\n<link rel=\"canonical\" href=\"https:\/\/patagoniambiental.com.ar\/info\/se-aprobo-credito-para-adiquisicion-de-maquinarias-de-los-municipios-que-integran-el-consorcio-girsu-virch-valdes\/\" \/>\n<meta property=\"og:locale\" content=\"es_ES\" \/>\n<meta property=\"og:type\" content=\"article\" \/>\n<meta property=\"og:title\" content=\"SE APROB\u00d3 CR\u00c9DITO PARA ADIQUISICI\u00d3N DE MAQUINARIAS DE LOS MUNICIPIOS QUE INTEGRAN EL CONSORCIO GIRSU VIRCH-VALDES\" \/>\n<meta property=\"og:description\" content=\"Trelew.-Este martes se reuni\u00f3 el Consorcio Intermunicipal del Sistema de Gesti\u00f3n Integral de Residuos S\u00f3lidos Urbanos (GIRSU) de la comarca [&hellip;]\" \/>\n<meta property=\"og:url\" content=\"https:\/\/patagoniambiental.com.ar\/info\/se-aprobo-credito-para-adiquisicion-de-maquinarias-de-los-municipios-que-integran-el-consorcio-girsu-virch-valdes\/\" \/>\n<meta property=\"og:site_name\" content=\"Patagonia Ambiental\" \/>\n<meta property=\"article:publisher\" content=\"https:\/\/www.facebook.com\/patagonia.ambiental\" \/>\n<meta property=\"article:author\" content=\"https:\/\/www.facebook.com\/share\/1C1V8Gv9BX\/?mibextid=qi2Omg\" \/>\n<meta property=\"article:published_time\" content=\"2016-11-17T22:00:12+00:00\" \/>\n<meta name=\"author\" content=\"Patagonia Ambiental\" \/>\n<meta name=\"twitter:card\" content=\"summary_large_image\" \/>\n<meta name=\"twitter:creator\" content=\"@PatAmb\" \/>\n<meta name=\"twitter:site\" content=\"@PatAmb\" \/>\n<script type=\"application\/ld+json\" class=\"yoast-schema-graph\">{\"@context\":\"https:\\\/\\\/schema.org\",\"@graph\":[{\"@type\":\"Article\",\"@id\":\"https:\\\/\\\/patagoniambiental.com.ar\\\/info\\\/se-aprobo-credito-para-adiquisicion-de-maquinarias-de-los-municipios-que-integran-el-consorcio-girsu-virch-valdes\\\/#article\",\"isPartOf\":{\"@id\":\"https:\\\/\\\/patagoniambiental.com.ar\\\/info\\\/se-aprobo-credito-para-adiquisicion-de-maquinarias-de-los-municipios-que-integran-el-consorcio-girsu-virch-valdes\\\/\"},\"author\":{\"name\":\"Patagonia Ambiental\",\"@id\":\"https:\\\/\\\/patagoniambiental.com.ar\\\/info\\\/#\\\/schema\\\/person\\\/db12bff64bbcbf6a253710bf0ea37b5d\"},\"headline\":\"SE APROB\u00d3 CR\u00c9DITO PARA ADIQUISICI\u00d3N DE MAQUINARIAS DE LOS MUNICIPIOS QUE INTEGRAN EL CONSORCIO GIRSU VIRCH-VALDES\",\"datePublished\":\"2016-11-17T22:00:12+00:00\",\"mainEntityOfPage\":{\"@id\":\"https:\\\/\\\/patagoniambiental.com.ar\\\/info\\\/se-aprobo-credito-para-adiquisicion-de-maquinarias-de-los-municipios-que-integran-el-consorcio-girsu-virch-valdes\\\/\"},\"wordCount\":437,\"publisher\":{\"@id\":\"https:\\\/\\\/patagoniambiental.com.ar\\\/info\\\/#organization\"},\"image\":{\"@id\":\"https:\\\/\\\/patagoniambiental.com.ar\\\/info\\\/se-aprobo-credito-para-adiquisicion-de-maquinarias-de-los-municipios-que-integran-el-consorcio-girsu-virch-valdes\\\/#primaryimage\"},\"thumbnailUrl\":\"\",\"articleSection\":[\"Municipales\",\"Noticias\"],\"inLanguage\":\"es\"},{\"@type\":\"WebPage\",\"@id\":\"https:\\\/\\\/patagoniambiental.com.ar\\\/info\\\/se-aprobo-credito-para-adiquisicion-de-maquinarias-de-los-municipios-que-integran-el-consorcio-girsu-virch-valdes\\\/\",\"url\":\"https:\\\/\\\/patagoniambiental.com.ar\\\/info\\\/se-aprobo-credito-para-adiquisicion-de-maquinarias-de-los-municipios-que-integran-el-consorcio-girsu-virch-valdes\\\/\",\"name\":\"SE APROB\u00d3 CR\u00c9DITO PARA ADIQUISICI\u00d3N DE MAQUINARIAS DE LOS MUNICIPIOS QUE INTEGRAN EL CONSORCIO GIRSU VIRCH-VALDES\",\"isPartOf\":{\"@id\":\"https:\\\/\\\/patagoniambiental.com.ar\\\/info\\\/#website\"},\"primaryImageOfPage\":{\"@id\":\"https:\\\/\\\/patagoniambiental.com.ar\\\/info\\\/se-aprobo-credito-para-adiquisicion-de-maquinarias-de-los-municipios-que-integran-el-consorcio-girsu-virch-valdes\\\/#primaryimage\"},\"image\":{\"@id\":\"https:\\\/\\\/patagoniambiental.com.ar\\\/info\\\/se-aprobo-credito-para-adiquisicion-de-maquinarias-de-los-municipios-que-integran-el-consorcio-girsu-virch-valdes\\\/#primaryimage\"},\"thumbnailUrl\":\"\",\"datePublished\":\"2016-11-17T22:00:12+00:00\",\"breadcrumb\":{\"@id\":\"https:\\\/\\\/patagoniambiental.com.ar\\\/info\\\/se-aprobo-credito-para-adiquisicion-de-maquinarias-de-los-municipios-que-integran-el-consorcio-girsu-virch-valdes\\\/#breadcrumb\"},\"inLanguage\":\"es\",\"potentialAction\":[{\"@type\":\"ReadAction\",\"target\":[\"https:\\\/\\\/patagoniambiental.com.ar\\\/info\\\/se-aprobo-credito-para-adiquisicion-de-maquinarias-de-los-municipios-que-integran-el-consorcio-girsu-virch-valdes\\\/\"]}]},{\"@type\":\"ImageObject\",\"inLanguage\":\"es\",\"@id\":\"https:\\\/\\\/patagoniambiental.com.ar\\\/info\\\/se-aprobo-credito-para-adiquisicion-de-maquinarias-de-los-municipios-que-integran-el-consorcio-girsu-virch-valdes\\\/#primaryimage\",\"url\":\"\",\"contentUrl\":\"\"},{\"@type\":\"BreadcrumbList\",\"@id\":\"https:\\\/\\\/patagoniambiental.com.ar\\\/info\\\/se-aprobo-credito-para-adiquisicion-de-maquinarias-de-los-municipios-que-integran-el-consorcio-girsu-virch-valdes\\\/#breadcrumb\",\"itemListElement\":[{\"@type\":\"ListItem\",\"position\":1,\"name\":\"Inicio\",\"item\":\"https:\\\/\\\/patagoniambiental.com.ar\\\/info\\\/\"},{\"@type\":\"ListItem\",\"position\":2,\"name\":\"SE APROB\u00d3 CR\u00c9DITO PARA ADIQUISICI\u00d3N DE MAQUINARIAS DE LOS MUNICIPIOS QUE INTEGRAN EL CONSORCIO GIRSU VIRCH-VALDES\"}]},{\"@type\":\"WebSite\",\"@id\":\"https:\\\/\\\/patagoniambiental.com.ar\\\/info\\\/#website\",\"url\":\"https:\\\/\\\/patagoniambiental.com.ar\\\/info\\\/\",\"name\":\"Patagonia Ambiental\",\"description\":\"Monitoreo y an\u00e1lisis de la situaci\u00f3n geopol\u00edtica en el mundo y su implicancia en la Patagonia\",\"publisher\":{\"@id\":\"https:\\\/\\\/patagoniambiental.com.ar\\\/info\\\/#organization\"},\"potentialAction\":[{\"@type\":\"SearchAction\",\"target\":{\"@type\":\"EntryPoint\",\"urlTemplate\":\"https:\\\/\\\/patagoniambiental.com.ar\\\/info\\\/?s={search_term_string}\"},\"query-input\":{\"@type\":\"PropertyValueSpecification\",\"valueRequired\":true,\"valueName\":\"search_term_string\"}}],\"inLanguage\":\"es\"},{\"@type\":\"Organization\",\"@id\":\"https:\\\/\\\/patagoniambiental.com.ar\\\/info\\\/#organization\",\"name\":\"Patagonia Ambiental\",\"url\":\"https:\\\/\\\/patagoniambiental.com.ar\\\/info\\\/\",\"logo\":{\"@type\":\"ImageObject\",\"inLanguage\":\"es\",\"@id\":\"https:\\\/\\\/patagoniambiental.com.ar\\\/info\\\/#\\\/schema\\\/logo\\\/image\\\/\",\"url\":\"https:\\\/\\\/patagoniambiental.com.ar\\\/info\\\/wp-content\\\/uploads\\\/2025\\\/05\\\/LOGO-PATAGONIA-AMBIENTAL.png\",\"contentUrl\":\"https:\\\/\\\/patagoniambiental.com.ar\\\/info\\\/wp-content\\\/uploads\\\/2025\\\/05\\\/LOGO-PATAGONIA-AMBIENTAL.png\",\"width\":433,\"height\":250,\"caption\":\"Patagonia Ambiental\"},\"image\":{\"@id\":\"https:\\\/\\\/patagoniambiental.com.ar\\\/info\\\/#\\\/schema\\\/logo\\\/image\\\/\"},\"sameAs\":[\"https:\\\/\\\/www.facebook.com\\\/patagonia.ambiental\",\"https:\\\/\\\/x.com\\\/PatAmb\"]},{\"@type\":\"Person\",\"@id\":\"https:\\\/\\\/patagoniambiental.com.ar\\\/info\\\/#\\\/schema\\\/person\\\/db12bff64bbcbf6a253710bf0ea37b5d\",\"name\":\"Patagonia Ambiental\",\"description\":\"Andr\u00e9s Nievas T\u00e9cnico en manejo ambiental, consultor Ambiental y escritor para medios locales e internacionales sobre temas de geopolitica y medio ambiente.\",\"sameAs\":[\"http:\\\/\\\/www.patagoniambiental.com.ar\",\"https:\\\/\\\/www.facebook.com\\\/share\\\/1C1V8Gv9BX\\\/?mibextid=qi2Omg\",\"@patagoniambiental\",\"https:\\\/\\\/youtube.com\\\/@patagoniaambiental2023?si=BLt58t0wuXquxlYZ\"]}]}<\/script>\n<!-- \/ Yoast SEO Premium plugin. -->","yoast_head_json":{"title":"SE APROB\u00d3 CR\u00c9DITO PARA ADIQUISICI\u00d3N DE MAQUINARIAS DE LOS MUNICIPIOS QUE INTEGRAN EL CONSORCIO GIRSU VIRCH-VALDES","robots":{"index":"index","follow":"follow","max-snippet":"max-snippet:-1","max-image-preview":"max-image-preview:large","max-video-preview":"max-video-preview:-1"},"canonical":"https:\/\/patagoniambiental.com.ar\/info\/se-aprobo-credito-para-adiquisicion-de-maquinarias-de-los-municipios-que-integran-el-consorcio-girsu-virch-valdes\/","og_locale":"es_ES","og_type":"article","og_title":"SE APROB\u00d3 CR\u00c9DITO PARA ADIQUISICI\u00d3N DE MAQUINARIAS DE LOS MUNICIPIOS QUE INTEGRAN EL CONSORCIO GIRSU VIRCH-VALDES","og_description":"Trelew.-Este martes se reuni\u00f3 el Consorcio Intermunicipal del Sistema de Gesti\u00f3n Integral de Residuos S\u00f3lidos Urbanos (GIRSU) de la comarca [&hellip;]","og_url":"https:\/\/patagoniambiental.com.ar\/info\/se-aprobo-credito-para-adiquisicion-de-maquinarias-de-los-municipios-que-integran-el-consorcio-girsu-virch-valdes\/","og_site_name":"Patagonia Ambiental","article_publisher":"https:\/\/www.facebook.com\/patagonia.ambiental","article_author":"https:\/\/www.facebook.com\/share\/1C1V8Gv9BX\/?mibextid=qi2Omg","article_published_time":"2016-11-17T22:00:12+00:00","author":"Patagonia Ambiental","twitter_card":"summary_large_image","twitter_creator":"@PatAmb","twitter_site":"@PatAmb","schema":{"@context":"https:\/\/schema.org","@graph":[{"@type":"Article","@id":"https:\/\/patagoniambiental.com.ar\/info\/se-aprobo-credito-para-adiquisicion-de-maquinarias-de-los-municipios-que-integran-el-consorcio-girsu-virch-valdes\/#article","isPartOf":{"@id":"https:\/\/patagoniambiental.com.ar\/info\/se-aprobo-credito-para-adiquisicion-de-maquinarias-de-los-municipios-que-integran-el-consorcio-girsu-virch-valdes\/"},"author":{"name":"Patagonia Ambiental","@id":"https:\/\/patagoniambiental.com.ar\/info\/#\/schema\/person\/db12bff64bbcbf6a253710bf0ea37b5d"},"headline":"SE APROB\u00d3 CR\u00c9DITO PARA ADIQUISICI\u00d3N DE MAQUINARIAS DE LOS MUNICIPIOS QUE INTEGRAN EL CONSORCIO GIRSU VIRCH-VALDES","datePublished":"2016-11-17T22:00:12+00:00","mainEntityOfPage":{"@id":"https:\/\/patagoniambiental.com.ar\/info\/se-aprobo-credito-para-adiquisicion-de-maquinarias-de-los-municipios-que-integran-el-consorcio-girsu-virch-valdes\/"},"wordCount":437,"publisher":{"@id":"https:\/\/patagoniambiental.com.ar\/info\/#organization"},"image":{"@id":"https:\/\/patagoniambiental.com.ar\/info\/se-aprobo-credito-para-adiquisicion-de-maquinarias-de-los-municipios-que-integran-el-consorcio-girsu-virch-valdes\/#primaryimage"},"thumbnailUrl":"","articleSection":["Municipales","Noticias"],"inLanguage":"es"},{"@type":"WebPage","@id":"https:\/\/patagoniambiental.com.ar\/info\/se-aprobo-credito-para-adiquisicion-de-maquinarias-de-los-municipios-que-integran-el-consorcio-girsu-virch-valdes\/","url":"https:\/\/patagoniambiental.com.ar\/info\/se-aprobo-credito-para-adiquisicion-de-maquinarias-de-los-municipios-que-integran-el-consorcio-girsu-virch-valdes\/","name":"SE APROB\u00d3 CR\u00c9DITO PARA ADIQUISICI\u00d3N DE MAQUINARIAS DE LOS MUNICIPIOS QUE INTEGRAN EL CONSORCIO GIRSU VIRCH-VALDES","isPartOf":{"@id":"https:\/\/patagoniambiental.com.ar\/info\/#website"},"primaryImageOfPage":{"@id":"https:\/\/patagoniambiental.com.ar\/info\/se-aprobo-credito-para-adiquisicion-de-maquinarias-de-los-municipios-que-integran-el-consorcio-girsu-virch-valdes\/#primaryimage"},"image":{"@id":"https:\/\/patagoniambiental.com.ar\/info\/se-aprobo-credito-para-adiquisicion-de-maquinarias-de-los-municipios-que-integran-el-consorcio-girsu-virch-valdes\/#primaryimage"},"thumbnailUrl":"","datePublished":"2016-11-17T22:00:12+00:00","breadcrumb":{"@id":"https:\/\/patagoniambiental.com.ar\/info\/se-aprobo-credito-para-adiquisicion-de-maquinarias-de-los-municipios-que-integran-el-consorcio-girsu-virch-valdes\/#breadcrumb"},"inLanguage":"es","potentialAction":[{"@type":"ReadAction","target":["https:\/\/patagoniambiental.com.ar\/info\/se-aprobo-credito-para-adiquisicion-de-maquinarias-de-los-municipios-que-integran-el-consorcio-girsu-virch-valdes\/"]}]},{"@type":"ImageObject","inLanguage":"es","@id":"https:\/\/patagoniambiental.com.ar\/info\/se-aprobo-credito-para-adiquisicion-de-maquinarias-de-los-municipios-que-integran-el-consorcio-girsu-virch-valdes\/#primaryimage","url":"","contentUrl":""},{"@type":"BreadcrumbList","@id":"https:\/\/patagoniambiental.com.ar\/info\/se-aprobo-credito-para-adiquisicion-de-maquinarias-de-los-municipios-que-integran-el-consorcio-girsu-virch-valdes\/#breadcrumb","itemListElement":[{"@type":"ListItem","position":1,"name":"Inicio","item":"https:\/\/patagoniambiental.com.ar\/info\/"},{"@type":"ListItem","position":2,"name":"SE APROB\u00d3 CR\u00c9DITO PARA ADIQUISICI\u00d3N DE MAQUINARIAS DE LOS MUNICIPIOS QUE INTEGRAN EL CONSORCIO GIRSU VIRCH-VALDES"}]},{"@type":"WebSite","@id":"https:\/\/patagoniambiental.com.ar\/info\/#website","url":"https:\/\/patagoniambiental.com.ar\/info\/","name":"Patagonia Ambiental","description":"Monitoreo y an\u00e1lisis de la situaci\u00f3n geopol\u00edtica en el mundo y su implicancia en la Patagonia","publisher":{"@id":"https:\/\/patagoniambiental.com.ar\/info\/#organization"},"potentialAction":[{"@type":"SearchAction","target":{"@type":"EntryPoint","urlTemplate":"https:\/\/patagoniambiental.com.ar\/info\/?s={search_term_string}"},"query-input":{"@type":"PropertyValueSpecification","valueRequired":true,"valueName":"search_term_string"}}],"inLanguage":"es"},{"@type":"Organization","@id":"https:\/\/patagoniambiental.com.ar\/info\/#organization","name":"Patagonia Ambiental","url":"https:\/\/patagoniambiental.com.ar\/info\/","logo":{"@type":"ImageObject","inLanguage":"es","@id":"https:\/\/patagoniambiental.com.ar\/info\/#\/schema\/logo\/image\/","url":"https:\/\/patagoniambiental.com.ar\/info\/wp-content\/uploads\/2025\/05\/LOGO-PATAGONIA-AMBIENTAL.png","contentUrl":"https:\/\/patagoniambiental.com.ar\/info\/wp-content\/uploads\/2025\/05\/LOGO-PATAGONIA-AMBIENTAL.png","width":433,"height":250,"caption":"Patagonia Ambiental"},"image":{"@id":"https:\/\/patagoniambiental.com.ar\/info\/#\/schema\/logo\/image\/"},"sameAs":["https:\/\/www.facebook.com\/patagonia.ambiental","https:\/\/x.com\/PatAmb"]},{"@type":"Person","@id":"https:\/\/patagoniambiental.com.ar\/info\/#\/schema\/person\/db12bff64bbcbf6a253710bf0ea37b5d","name":"Patagonia Ambiental","description":"Andr\u00e9s Nievas T\u00e9cnico en manejo ambiental, consultor Ambiental y escritor para medios locales e internacionales sobre temas de geopolitica y medio ambiente.","sameAs":["http:\/\/www.patagoniambiental.com.ar","https:\/\/www.facebook.com\/share\/1C1V8Gv9BX\/?mibextid=qi2Omg","@patagoniambiental","https:\/\/youtube.com\/@patagoniaambiental2023?si=BLt58t0wuXquxlYZ"]}]}},"_links":{"self":[{"href":"https:\/\/patagoniambiental.com.ar\/info\/wp-json\/wp\/v2\/posts\/22714","targetHints":{"allow":["GET"]}}],"collection":[{"href":"https:\/\/patagoniambiental.com.ar\/info\/wp-json\/wp\/v2\/posts"}],"about":[{"href":"https:\/\/patagoniambiental.com.ar\/info\/wp-json\/wp\/v2\/types\/post"}],"author":[{"embeddable":true,"href":"https:\/\/patagoniambiental.com.ar\/info\/wp-json\/wp\/v2\/users\/2"}],"replies":[{"embeddable":true,"href":"https:\/\/patagoniambiental.com.ar\/info\/wp-json\/wp\/v2\/comments?post=22714"}],"version-history":[{"count":0,"href":"https:\/\/patagoniambiental.com.ar\/info\/wp-json\/wp\/v2\/posts\/22714\/revisions"}],"wp:featuredmedia":[{"embeddable":true,"href":"https:\/\/patagoniambiental.com.ar\/info\/wp-json\/"}],"wp:attachment":[{"href":"https:\/\/patagoniambiental.com.ar\/info\/wp-json\/wp\/v2\/media?parent=22714"}],"wp:term":[{"taxonomy":"category","embeddable":true,"href":"https:\/\/patagoniambiental.com.ar\/info\/wp-json\/wp\/v2\/categories?post=22714"},{"taxonomy":"post_tag","embeddable":true,"href":"https:\/\/patagoniambiental.com.ar\/info\/wp-json\/wp\/v2\/tags?post=22714"}],"curies":[{"name":"wp","href":"https:\/\/api.w.org\/{rel}","templated":true}]}}