{"id":22789,"date":"2016-11-20T09:00:54","date_gmt":"2016-11-20T12:00:54","guid":{"rendered":"http:\/\/patagoniambiental.com.ar\/?p=22789"},"modified":"2016-11-20T09:00:54","modified_gmt":"2016-11-20T12:00:54","slug":"puerto-madryn-proyecto-local-de-energia-eolica-generara-20-puestos-de-trabajo","status":"publish","type":"post","link":"https:\/\/patagoniambiental.com.ar\/info\/puerto-madryn-proyecto-local-de-energia-eolica-generara-20-puestos-de-trabajo\/","title":{"rendered":"Puerto Madryn: Proyecto local de energ\u00eda e\u00f3lica generar\u00e1 20 puestos de trabajo"},"content":{"rendered":"<p>PUERTO MADRYN.- El intendente Ricardo Sastre encabez\u00f3 un encuentro con Federico Sosa, Juan Sosa y Facundo Grondona, autores del proyecto VentoSus, ganador de los Premios Mayma. La iniciativa consiste en un generador e\u00f3lico de tecnolog\u00eda vertical de 5 Kw que, adem\u00e1s de abastecimiento el\u00e9ctrico, posee un innovador sistema de calentamiento de agua, calefacci\u00f3n de hogares y monitoreo remoto, complementado por avisos para mantenimiento y alerta de cat\u00e1strofes. \u201cEsto es ejemplo del talento, el compromiso con la comunidad y el empe\u00f1o de nuestros j\u00f3venes, siempre lo destacamos porque nos representan a nivel nacional e internacional de la mejor manera, en distintos \u00e1mbitos y disciplinas. Es un gran orgullo saber que existen propuestas como esta, que result\u00f3 ganadora de un certamen nacional de planes de negocios orientado al impulso de proyectos de triple impacto: econ\u00f3mico, social o ambiental y que, por otra parte, apunta a generar 20 puestos de trabajo de manera directa y entre 10 y 20 de modo indirecto\u201d, resalt\u00f3 el Jefe Comunal.<br \/>\nAdem\u00e1s, Sastre valor\u00f3 el trabajo conjunto entre Municipio, Provincia, Agencia de Desarrollo Productivo, UTN, CAMAD, INTI y numerosas organizaciones p\u00fablicas y privadas que promueven y acompa\u00f1an el desarrollo de este tipo de acciones.<\/p>\n<p><strong>El proyecto<\/strong><\/p>\n<p>Con el eslogan \u201ccaptamos el alma del viento para transformarla en tu energ\u00eda\u201d, VentoSus consiste en un aerogenerador e\u00f3lico de cinco Kw de tecnolog\u00eda vertical. \u201cLa innovaci\u00f3n de este producto es que, al realizar un control de la velocidad de giro del aerogenerador, reutiliza esa energ\u00eda y calienta agua. La hacemos circular por radiadores y producimos la calefacci\u00f3n de los hogares. A eso se le suman unos mensajes que env\u00eda el equipo a nuestro centro especificando si existe alg\u00fan problema o alguna falla mec\u00e1nica, el\u00e9ctrica o electr\u00f3nica y tiene avisos de cat\u00e1strofe que, cuando detecta variables elevadas en el clima, los env\u00eda a Defensa Civil\u201d, explic\u00f3 Federico Sosa.<br \/>\nSosa tambi\u00e9n afirm\u00f3 que en un mes se concretar\u00e1 el montaje. Seguidamente, una vez finalizadas las pruebas aerodin\u00e1micas, el\u00e9ctricas y electr\u00f3nicas, la idea es producir las partes componentes en Puerto Madryn. Seg\u00fan detall\u00f3, la intenci\u00f3n es generar unos 20 puestos de trabajo de manera directa y entre 10 y 20 de modo indirecto.<\/p>\n<p><strong>Los premios<\/strong><\/p>\n<p>Del encuentro tambi\u00e9n participaron Milagros Badaloni, secretaria de Ciencia, Educaci\u00f3n y Cultura del Municipio; Norberto Fraile, coordinador de la regi\u00f3n patag\u00f3nica de los premios Mayma; Luis Novoa, vicedecano de la UTN, y Carlos Maldonado de la ADP.<br \/>\nFraile expres\u00f3: \u201cVientoSus, a trav\u00e9s de quienes conforman la empresa Altec, fue el ganador nacional de Mayma, un concurso para emprendedores de triple impacto que organiza la Asociaci\u00f3n Civil \u2018Contribuir al Desarrollo Local\u2019. Hace 10 a\u00f1os que se realiza y, en esta edici\u00f3n, compitieron otros quince proyectos de distintos lugares del pa\u00eds que tienen que ver con desarrollo de emprendedores que tuvieran en cuenta, adem\u00e1s de la rentabilidad de sus negocios, el impacto social de sus proyectos y el medio ambiente\u201d.<br \/>\nEl coordinador patag\u00f3nico de este certamen coment\u00f3 que es la segunda vez que un ganador nacional es de la Patagonia, dado que la primera fue en 2014 con Nelson \u00c1vila de Caleta Olivia. \u201cPara nosotros es un orgullo, quiero destacar simplemente que esto es el emergente de un ecosistema emprendedor que existe en Madryn y que integran la Agencia de Desarrollo Productivo, pero tambi\u00e9n la UTN, la CAMAD, INTI y otras organizaciones p\u00fablicas y privadas que hacen posible que proyectos como este prosperen, trasciendan a nivel local y puedan ser difundidas a nivel nacional\u201d, sostuvo.<br \/>\nTambi\u00e9n participaron Marcelo Bauldes, capacitador del programa Mayma; Luis Novoa, vicedecano de la Universidad Tecnol\u00f3gica Nacional (UTN) \u2013 Facultad Regional Chubut; Santiago Raynoldi, secretario de Extensi\u00f3n y Vinculaci\u00f3n Tecnol\u00f3gica de esa instituci\u00f3n; Carlos Maldonado, en representaci\u00f3n de la Agencia de Desarrollo Productivo (ADP); Juan Bogner y Pablo Tedesco, vicepresidente y secretario de la C\u00e1mara de Industria Comercio y Producci\u00f3n de Puerto Madryn (CAMAD).<\/p>\n<p>Fuente: El Diario de Madryn<\/p>\n","protected":false},"excerpt":{"rendered":"<p>PUERTO MADRYN.- El intendente Ricardo Sastre encabez\u00f3 un encuentro con Federico Sosa, Juan Sosa y Facundo Grondona, autores del proyecto [&hellip;]<\/p>\n","protected":false},"author":2,"featured_media":0,"comment_status":"closed","ping_status":"closed","sticky":false,"template":"","format":"standard","meta":{"site-sidebar-layout":"default","site-content-layout":"","ast-site-content-layout":"default","site-content-style":"default","site-sidebar-style":"default","ast-global-header-display":"","ast-banner-title-visibility":"","ast-main-header-display":"","ast-hfb-above-header-display":"","ast-hfb-below-header-display":"","ast-hfb-mobile-header-display":"","site-post-title":"","ast-breadcrumbs-content":"","ast-featured-img":"","footer-sml-layout":"","ast-disable-related-posts":"","theme-transparent-header-meta":"","adv-header-id-meta":"","stick-header-meta":"","header-above-stick-meta":"","header-main-stick-meta":"","header-below-stick-meta":"","astra-migrate-meta-layouts":"default","ast-page-background-enabled":"default","ast-page-background-meta":{"desktop":{"background-color":"var(--ast-global-color-5)","background-image":"","background-repeat":"repeat","background-position":"center center","background-size":"auto","background-attachment":"scroll","background-type":"","background-media":"","overlay-type":"","overlay-color":"","overlay-opacity":"","overlay-gradient":""},"tablet":{"background-color":"","background-image":"","background-repeat":"repeat","background-position":"center center","background-size":"auto","background-attachment":"scroll","background-type":"","background-media":"","overlay-type":"","overlay-color":"","overlay-opacity":"","overlay-gradient":""},"mobile":{"background-color":"","background-image":"","background-repeat":"repeat","background-position":"center center","background-size":"auto","background-attachment":"scroll","background-type":"","background-media":"","overlay-type":"","overlay-color":"","overlay-opacity":"","overlay-gradient":""}},"ast-content-background-meta":{"desktop":{"background-color":"var(--ast-global-color-4)","background-image":"","background-repeat":"repeat","background-position":"center center","background-size":"auto","background-attachment":"scroll","background-type":"","background-media":"","overlay-type":"","overlay-color":"","overlay-opacity":"","overlay-gradient":""},"tablet":{"background-color":"var(--ast-global-color-4)","background-image":"","background-repeat":"repeat","background-position":"center center","background-size":"auto","background-attachment":"scroll","background-type":"","background-media":"","overlay-type":"","overlay-color":"","overlay-opacity":"","overlay-gradient":""},"mobile":{"background-color":"var(--ast-global-color-4)","background-image":"","background-repeat":"repeat","background-position":"center center","background-size":"auto","background-attachment":"scroll","background-type":"","background-media":"","overlay-type":"","overlay-color":"","overlay-opacity":"","overlay-gradient":""}},"footnotes":""},"categories":[16,1],"tags":[],"class_list":["post-22789","post","type-post","status-publish","format-standard","hentry","category-municipales","category-noticias"],"yoast_head":"<!-- This site is optimized with the Yoast SEO Premium plugin v23.0 (Yoast SEO v27.4) - https:\/\/yoast.com\/product\/yoast-seo-premium-wordpress\/ -->\n<title>Puerto Madryn: Proyecto local de energ\u00eda e\u00f3lica generar\u00e1 20 puestos de trabajo<\/title>\n<meta name=\"robots\" content=\"index, follow, max-snippet:-1, max-image-preview:large, max-video-preview:-1\" \/>\n<link rel=\"canonical\" href=\"https:\/\/patagoniambiental.com.ar\/info\/puerto-madryn-proyecto-local-de-energia-eolica-generara-20-puestos-de-trabajo\/\" \/>\n<meta property=\"og:locale\" content=\"es_ES\" \/>\n<meta property=\"og:type\" content=\"article\" \/>\n<meta property=\"og:title\" content=\"Puerto Madryn: Proyecto local de energ\u00eda e\u00f3lica generar\u00e1 20 puestos de trabajo\" \/>\n<meta property=\"og:description\" content=\"PUERTO MADRYN.- El intendente Ricardo Sastre encabez\u00f3 un encuentro con Federico Sosa, Juan Sosa y Facundo Grondona, autores del proyecto [&hellip;]\" \/>\n<meta property=\"og:url\" content=\"https:\/\/patagoniambiental.com.ar\/info\/puerto-madryn-proyecto-local-de-energia-eolica-generara-20-puestos-de-trabajo\/\" \/>\n<meta property=\"og:site_name\" content=\"Patagonia Ambiental\" \/>\n<meta property=\"article:publisher\" content=\"https:\/\/www.facebook.com\/patagonia.ambiental\" \/>\n<meta property=\"article:author\" content=\"https:\/\/www.facebook.com\/share\/1C1V8Gv9BX\/?mibextid=qi2Omg\" \/>\n<meta property=\"article:published_time\" content=\"2016-11-20T12:00:54+00:00\" \/>\n<meta name=\"author\" content=\"Patagonia Ambiental\" \/>\n<meta name=\"twitter:card\" content=\"summary_large_image\" \/>\n<meta name=\"twitter:creator\" content=\"@PatAmb\" \/>\n<meta name=\"twitter:site\" content=\"@PatAmb\" \/>\n<script type=\"application\/ld+json\" class=\"yoast-schema-graph\">{\"@context\":\"https:\\\/\\\/schema.org\",\"@graph\":[{\"@type\":\"Article\",\"@id\":\"https:\\\/\\\/patagoniambiental.com.ar\\\/info\\\/puerto-madryn-proyecto-local-de-energia-eolica-generara-20-puestos-de-trabajo\\\/#article\",\"isPartOf\":{\"@id\":\"https:\\\/\\\/patagoniambiental.com.ar\\\/info\\\/puerto-madryn-proyecto-local-de-energia-eolica-generara-20-puestos-de-trabajo\\\/\"},\"author\":{\"name\":\"Patagonia Ambiental\",\"@id\":\"https:\\\/\\\/patagoniambiental.com.ar\\\/info\\\/#\\\/schema\\\/person\\\/db12bff64bbcbf6a253710bf0ea37b5d\"},\"headline\":\"Puerto Madryn: Proyecto local de energ\u00eda e\u00f3lica generar\u00e1 20 puestos de trabajo\",\"datePublished\":\"2016-11-20T12:00:54+00:00\",\"mainEntityOfPage\":{\"@id\":\"https:\\\/\\\/patagoniambiental.com.ar\\\/info\\\/puerto-madryn-proyecto-local-de-energia-eolica-generara-20-puestos-de-trabajo\\\/\"},\"wordCount\":699,\"publisher\":{\"@id\":\"https:\\\/\\\/patagoniambiental.com.ar\\\/info\\\/#organization\"},\"articleSection\":[\"Municipales\",\"Noticias\"],\"inLanguage\":\"es\"},{\"@type\":\"WebPage\",\"@id\":\"https:\\\/\\\/patagoniambiental.com.ar\\\/info\\\/puerto-madryn-proyecto-local-de-energia-eolica-generara-20-puestos-de-trabajo\\\/\",\"url\":\"https:\\\/\\\/patagoniambiental.com.ar\\\/info\\\/puerto-madryn-proyecto-local-de-energia-eolica-generara-20-puestos-de-trabajo\\\/\",\"name\":\"Puerto Madryn: Proyecto local de energ\u00eda e\u00f3lica generar\u00e1 20 puestos de trabajo\",\"isPartOf\":{\"@id\":\"https:\\\/\\\/patagoniambiental.com.ar\\\/info\\\/#website\"},\"datePublished\":\"2016-11-20T12:00:54+00:00\",\"breadcrumb\":{\"@id\":\"https:\\\/\\\/patagoniambiental.com.ar\\\/info\\\/puerto-madryn-proyecto-local-de-energia-eolica-generara-20-puestos-de-trabajo\\\/#breadcrumb\"},\"inLanguage\":\"es\",\"potentialAction\":[{\"@type\":\"ReadAction\",\"target\":[\"https:\\\/\\\/patagoniambiental.com.ar\\\/info\\\/puerto-madryn-proyecto-local-de-energia-eolica-generara-20-puestos-de-trabajo\\\/\"]}]},{\"@type\":\"BreadcrumbList\",\"@id\":\"https:\\\/\\\/patagoniambiental.com.ar\\\/info\\\/puerto-madryn-proyecto-local-de-energia-eolica-generara-20-puestos-de-trabajo\\\/#breadcrumb\",\"itemListElement\":[{\"@type\":\"ListItem\",\"position\":1,\"name\":\"Inicio\",\"item\":\"https:\\\/\\\/patagoniambiental.com.ar\\\/info\\\/\"},{\"@type\":\"ListItem\",\"position\":2,\"name\":\"Puerto Madryn: Proyecto local de energ\u00eda e\u00f3lica generar\u00e1 20 puestos de trabajo\"}]},{\"@type\":\"WebSite\",\"@id\":\"https:\\\/\\\/patagoniambiental.com.ar\\\/info\\\/#website\",\"url\":\"https:\\\/\\\/patagoniambiental.com.ar\\\/info\\\/\",\"name\":\"Patagonia Ambiental\",\"description\":\"Monitoreo y an\u00e1lisis de la situaci\u00f3n geopol\u00edtica en el mundo y su implicancia en la Patagonia\",\"publisher\":{\"@id\":\"https:\\\/\\\/patagoniambiental.com.ar\\\/info\\\/#organization\"},\"potentialAction\":[{\"@type\":\"SearchAction\",\"target\":{\"@type\":\"EntryPoint\",\"urlTemplate\":\"https:\\\/\\\/patagoniambiental.com.ar\\\/info\\\/?s={search_term_string}\"},\"query-input\":{\"@type\":\"PropertyValueSpecification\",\"valueRequired\":true,\"valueName\":\"search_term_string\"}}],\"inLanguage\":\"es\"},{\"@type\":\"Organization\",\"@id\":\"https:\\\/\\\/patagoniambiental.com.ar\\\/info\\\/#organization\",\"name\":\"Patagonia Ambiental\",\"url\":\"https:\\\/\\\/patagoniambiental.com.ar\\\/info\\\/\",\"logo\":{\"@type\":\"ImageObject\",\"inLanguage\":\"es\",\"@id\":\"https:\\\/\\\/patagoniambiental.com.ar\\\/info\\\/#\\\/schema\\\/logo\\\/image\\\/\",\"url\":\"https:\\\/\\\/patagoniambiental.com.ar\\\/info\\\/wp-content\\\/uploads\\\/2025\\\/05\\\/LOGO-PATAGONIA-AMBIENTAL.png\",\"contentUrl\":\"https:\\\/\\\/patagoniambiental.com.ar\\\/info\\\/wp-content\\\/uploads\\\/2025\\\/05\\\/LOGO-PATAGONIA-AMBIENTAL.png\",\"width\":433,\"height\":250,\"caption\":\"Patagonia Ambiental\"},\"image\":{\"@id\":\"https:\\\/\\\/patagoniambiental.com.ar\\\/info\\\/#\\\/schema\\\/logo\\\/image\\\/\"},\"sameAs\":[\"https:\\\/\\\/www.facebook.com\\\/patagonia.ambiental\",\"https:\\\/\\\/x.com\\\/PatAmb\"]},{\"@type\":\"Person\",\"@id\":\"https:\\\/\\\/patagoniambiental.com.ar\\\/info\\\/#\\\/schema\\\/person\\\/db12bff64bbcbf6a253710bf0ea37b5d\",\"name\":\"Patagonia Ambiental\",\"description\":\"Andr\u00e9s Nievas T\u00e9cnico en manejo ambiental, consultor Ambiental y escritor para medios locales e internacionales sobre temas de geopolitica y medio ambiente.\",\"sameAs\":[\"http:\\\/\\\/www.patagoniambiental.com.ar\",\"https:\\\/\\\/www.facebook.com\\\/share\\\/1C1V8Gv9BX\\\/?mibextid=qi2Omg\",\"@patagoniambiental\",\"https:\\\/\\\/youtube.com\\\/@patagoniaambiental2023?si=BLt58t0wuXquxlYZ\"]}]}<\/script>\n<!-- \/ Yoast SEO Premium plugin. -->","yoast_head_json":{"title":"Puerto Madryn: Proyecto local de energ\u00eda e\u00f3lica generar\u00e1 20 puestos de trabajo","robots":{"index":"index","follow":"follow","max-snippet":"max-snippet:-1","max-image-preview":"max-image-preview:large","max-video-preview":"max-video-preview:-1"},"canonical":"https:\/\/patagoniambiental.com.ar\/info\/puerto-madryn-proyecto-local-de-energia-eolica-generara-20-puestos-de-trabajo\/","og_locale":"es_ES","og_type":"article","og_title":"Puerto Madryn: Proyecto local de energ\u00eda e\u00f3lica generar\u00e1 20 puestos de trabajo","og_description":"PUERTO MADRYN.- El intendente Ricardo Sastre encabez\u00f3 un encuentro con Federico Sosa, Juan Sosa y Facundo Grondona, autores del proyecto [&hellip;]","og_url":"https:\/\/patagoniambiental.com.ar\/info\/puerto-madryn-proyecto-local-de-energia-eolica-generara-20-puestos-de-trabajo\/","og_site_name":"Patagonia Ambiental","article_publisher":"https:\/\/www.facebook.com\/patagonia.ambiental","article_author":"https:\/\/www.facebook.com\/share\/1C1V8Gv9BX\/?mibextid=qi2Omg","article_published_time":"2016-11-20T12:00:54+00:00","author":"Patagonia Ambiental","twitter_card":"summary_large_image","twitter_creator":"@PatAmb","twitter_site":"@PatAmb","schema":{"@context":"https:\/\/schema.org","@graph":[{"@type":"Article","@id":"https:\/\/patagoniambiental.com.ar\/info\/puerto-madryn-proyecto-local-de-energia-eolica-generara-20-puestos-de-trabajo\/#article","isPartOf":{"@id":"https:\/\/patagoniambiental.com.ar\/info\/puerto-madryn-proyecto-local-de-energia-eolica-generara-20-puestos-de-trabajo\/"},"author":{"name":"Patagonia Ambiental","@id":"https:\/\/patagoniambiental.com.ar\/info\/#\/schema\/person\/db12bff64bbcbf6a253710bf0ea37b5d"},"headline":"Puerto Madryn: Proyecto local de energ\u00eda e\u00f3lica generar\u00e1 20 puestos de trabajo","datePublished":"2016-11-20T12:00:54+00:00","mainEntityOfPage":{"@id":"https:\/\/patagoniambiental.com.ar\/info\/puerto-madryn-proyecto-local-de-energia-eolica-generara-20-puestos-de-trabajo\/"},"wordCount":699,"publisher":{"@id":"https:\/\/patagoniambiental.com.ar\/info\/#organization"},"articleSection":["Municipales","Noticias"],"inLanguage":"es"},{"@type":"WebPage","@id":"https:\/\/patagoniambiental.com.ar\/info\/puerto-madryn-proyecto-local-de-energia-eolica-generara-20-puestos-de-trabajo\/","url":"https:\/\/patagoniambiental.com.ar\/info\/puerto-madryn-proyecto-local-de-energia-eolica-generara-20-puestos-de-trabajo\/","name":"Puerto Madryn: Proyecto local de energ\u00eda e\u00f3lica generar\u00e1 20 puestos de trabajo","isPartOf":{"@id":"https:\/\/patagoniambiental.com.ar\/info\/#website"},"datePublished":"2016-11-20T12:00:54+00:00","breadcrumb":{"@id":"https:\/\/patagoniambiental.com.ar\/info\/puerto-madryn-proyecto-local-de-energia-eolica-generara-20-puestos-de-trabajo\/#breadcrumb"},"inLanguage":"es","potentialAction":[{"@type":"ReadAction","target":["https:\/\/patagoniambiental.com.ar\/info\/puerto-madryn-proyecto-local-de-energia-eolica-generara-20-puestos-de-trabajo\/"]}]},{"@type":"BreadcrumbList","@id":"https:\/\/patagoniambiental.com.ar\/info\/puerto-madryn-proyecto-local-de-energia-eolica-generara-20-puestos-de-trabajo\/#breadcrumb","itemListElement":[{"@type":"ListItem","position":1,"name":"Inicio","item":"https:\/\/patagoniambiental.com.ar\/info\/"},{"@type":"ListItem","position":2,"name":"Puerto Madryn: Proyecto local de energ\u00eda e\u00f3lica generar\u00e1 20 puestos de trabajo"}]},{"@type":"WebSite","@id":"https:\/\/patagoniambiental.com.ar\/info\/#website","url":"https:\/\/patagoniambiental.com.ar\/info\/","name":"Patagonia Ambiental","description":"Monitoreo y an\u00e1lisis de la situaci\u00f3n geopol\u00edtica en el mundo y su implicancia en la Patagonia","publisher":{"@id":"https:\/\/patagoniambiental.com.ar\/info\/#organization"},"potentialAction":[{"@type":"SearchAction","target":{"@type":"EntryPoint","urlTemplate":"https:\/\/patagoniambiental.com.ar\/info\/?s={search_term_string}"},"query-input":{"@type":"PropertyValueSpecification","valueRequired":true,"valueName":"search_term_string"}}],"inLanguage":"es"},{"@type":"Organization","@id":"https:\/\/patagoniambiental.com.ar\/info\/#organization","name":"Patagonia Ambiental","url":"https:\/\/patagoniambiental.com.ar\/info\/","logo":{"@type":"ImageObject","inLanguage":"es","@id":"https:\/\/patagoniambiental.com.ar\/info\/#\/schema\/logo\/image\/","url":"https:\/\/patagoniambiental.com.ar\/info\/wp-content\/uploads\/2025\/05\/LOGO-PATAGONIA-AMBIENTAL.png","contentUrl":"https:\/\/patagoniambiental.com.ar\/info\/wp-content\/uploads\/2025\/05\/LOGO-PATAGONIA-AMBIENTAL.png","width":433,"height":250,"caption":"Patagonia Ambiental"},"image":{"@id":"https:\/\/patagoniambiental.com.ar\/info\/#\/schema\/logo\/image\/"},"sameAs":["https:\/\/www.facebook.com\/patagonia.ambiental","https:\/\/x.com\/PatAmb"]},{"@type":"Person","@id":"https:\/\/patagoniambiental.com.ar\/info\/#\/schema\/person\/db12bff64bbcbf6a253710bf0ea37b5d","name":"Patagonia Ambiental","description":"Andr\u00e9s Nievas T\u00e9cnico en manejo ambiental, consultor Ambiental y escritor para medios locales e internacionales sobre temas de geopolitica y medio ambiente.","sameAs":["http:\/\/www.patagoniambiental.com.ar","https:\/\/www.facebook.com\/share\/1C1V8Gv9BX\/?mibextid=qi2Omg","@patagoniambiental","https:\/\/youtube.com\/@patagoniaambiental2023?si=BLt58t0wuXquxlYZ"]}]}},"_links":{"self":[{"href":"https:\/\/patagoniambiental.com.ar\/info\/wp-json\/wp\/v2\/posts\/22789","targetHints":{"allow":["GET"]}}],"collection":[{"href":"https:\/\/patagoniambiental.com.ar\/info\/wp-json\/wp\/v2\/posts"}],"about":[{"href":"https:\/\/patagoniambiental.com.ar\/info\/wp-json\/wp\/v2\/types\/post"}],"author":[{"embeddable":true,"href":"https:\/\/patagoniambiental.com.ar\/info\/wp-json\/wp\/v2\/users\/2"}],"replies":[{"embeddable":true,"href":"https:\/\/patagoniambiental.com.ar\/info\/wp-json\/wp\/v2\/comments?post=22789"}],"version-history":[{"count":0,"href":"https:\/\/patagoniambiental.com.ar\/info\/wp-json\/wp\/v2\/posts\/22789\/revisions"}],"wp:attachment":[{"href":"https:\/\/patagoniambiental.com.ar\/info\/wp-json\/wp\/v2\/media?parent=22789"}],"wp:term":[{"taxonomy":"category","embeddable":true,"href":"https:\/\/patagoniambiental.com.ar\/info\/wp-json\/wp\/v2\/categories?post=22789"},{"taxonomy":"post_tag","embeddable":true,"href":"https:\/\/patagoniambiental.com.ar\/info\/wp-json\/wp\/v2\/tags?post=22789"}],"curies":[{"name":"wp","href":"https:\/\/api.w.org\/{rel}","templated":true}]}}