{"id":22813,"date":"2016-11-21T09:00:07","date_gmt":"2016-11-21T12:00:07","guid":{"rendered":"http:\/\/patagoniambiental.com.ar\/?p=22813"},"modified":"2016-11-21T09:00:07","modified_gmt":"2016-11-21T12:00:07","slug":"comodoro-tiene-un-laboratorio-de-aguas-de-ultima-generacion","status":"publish","type":"post","link":"https:\/\/patagoniambiental.com.ar\/info\/comodoro-tiene-un-laboratorio-de-aguas-de-ultima-generacion\/","title":{"rendered":"Comodoro tiene un Laboratorio de aguas de \u00faltima generaci\u00f3n"},"content":{"rendered":"<article id=\"article-post\" class=\"cat-amarillo\">\n<div class=\"cuerpo clearfix\">COMODORO RIVADAVIA.- El municipio inaugur\u00f3 su nuevo Laboratorio de Aguas. Cuenta con todas las prestaciones necesarias para su funcionamiento, salas y equipos de \u00faltima generaci\u00f3n, con el objetivo brindar un mejor servicio a la comunidad.<br \/>\nEl edificio se divide en salas y laboratorios, dep\u00f3sitos y oficinas administrativas, en un amplio espacio de alrededor de 300 metros cuadrados.<br \/>\nDurante la inauguraci\u00f3n y descubrimiento de placa, estuvieron presentes el secretario de Infraestructura, Obras y Servicios P\u00fablicos, Abel Boyero; el secretario de Servicios a la Comunidad, Rub\u00e9n Palomeque; el secretario de Tierras, Alberto Parada; el subsecretario de Medio Ambiente, Daniel Gonz\u00e1lez; el subsecretario de Obras P\u00fablicas, Luis Romero; referentes de gremios municipales y personal del \u00e1rea.<\/p>\n<p>Boyero resalt\u00f3: \u00abesta obra no solo beneficiar\u00e1 al desarrollo de la tarea diaria de los empleados municipales, sino que en una ciudad como Comodoro Rivadavia, donde las cuestiones ambientales son tan importantes, debemos contar tambi\u00e9n con controles significativos que se llevan a cabo con equipamiento de punta y grandes profesionales\u00bb.<br \/>\n\u00abD\u00edas atr\u00e1s se licit\u00f3 una ampliaci\u00f3n que corresponde a la construcci\u00f3n de oficinas donde funcionar\u00e1 Medio Ambiente y continuaremos en este camino, con la fuerte decisi\u00f3n del intendente Carlos Linares, mejorando la infraestructura municipal a fin de prestar un buen servicio a la comunidad\u00bb, subray\u00f3.<br \/>\nEl director del Laboratorio, Jorge Rubilar, valor\u00f3: \u00abel hecho de tener un lugar propio, con espacios amplios, es motivo de felicidad para todo el equipo de trabajo del Laboratorio. Es un edificio acorde a las necesidades de una ciudad como Comodoro Rivadavia, lo que nos permitir\u00e1 brindar un mejor servicio a nuestra comunidad\u00bb.<br \/>\nRespecto a las caracter\u00edsticas de las nuevas instalaciones, detall\u00f3: \u00abposee los distintos laboratorios de agua y de l\u00edquidos cloacales y residuales, salas de esterilizaci\u00f3n, de preparaci\u00f3n de medios de cultivo y de espectrofotometr\u00eda de absorci\u00f3n at\u00f3mica, este \u00faltimo con equipamiento que fue donado por PAE. Adem\u00e1s, cuenta con las dependencias de servicio, dep\u00f3sitos, sanitarios y oficinas administrativas\u00bb.<br \/>\nRubilar agradeci\u00f3 \u00abal intendente Carlos Linares, al secretario de Infraestructura, Obras y Servicios P\u00fablicos, Abel Boyero, a mis compa\u00f1eros municipales y a todos los que, desde su lugar, hicieron posible la finalizaci\u00f3n de la construcci\u00f3n de este nuevo edificio, que si bien lo vamos a utilizar nosotros, es producto de toda la comunidad de Comodoro, que tambi\u00e9n hizo su aporte\u00bb.<br \/>\nEl secretario gremial de la Asociaci\u00f3n de Personal Jer\u00e1rquico Municipal, Roberto Astete, puso en valor la soluci\u00f3n hist\u00f3rica para el Laboratorio de Agua, a partir de poder contar con edificio propio.<br \/>\n\u00abEstamos muy satisfechos con esta obra. En el a\u00f1o 1981 (el laboratorio) pas\u00f3 al municipio y desde ese momento hasta el a\u00f1o 2010, siempre funcion\u00f3 en lugares alquilados. Por lo tanto, siempre con gestiones y negociaciones, se logr\u00f3 la construcci\u00f3n de un espacio propio, que no es un dato menor, teniendo en cuenta que es uno de laboratorios que va a ser punta en la regi\u00f3n respecto a agua y medici\u00f3n de par\u00e1metros industriales\u00bb, se\u00f1al\u00f3.<br \/>\nAsimismo, agradeci\u00f3 a todos los funcionarios y empleados que acompa\u00f1aron el proceso que concluy\u00f3 en la inauguraci\u00f3n de estas instalaciones. \u00abJunto al intendente coincidimos en que es importante brindarle continuidad a estas inversiones, fortaleciendo espacios en cuanto a recurso humano, profesionaliz\u00e1ndolo y en eso trabajamos fuertemente entre gremios y la gesti\u00f3n\u00bb, indic\u00f3.<\/p><\/div>\n<\/article>\n<p><img decoding=\"async\" class=\"visitimg\" src=\"http:\/\/www.elpatagonico.com\/_post\/elpatagonico\/count.php?idNota=1521567\" \/>Fuente: El Patagonico<\/p>\n<div class=\"banner banner-floated clearfix\"><\/div>\n","protected":false},"excerpt":{"rendered":"<p>COMODORO RIVADAVIA.- El municipio inaugur\u00f3 su nuevo Laboratorio de Aguas. Cuenta con todas las prestaciones necesarias para su funcionamiento, salas [&hellip;]<\/p>\n","protected":false},"author":2,"featured_media":0,"comment_status":"closed","ping_status":"closed","sticky":false,"template":"","format":"standard","meta":{"site-sidebar-layout":"default","site-content-layout":"","ast-site-content-layout":"default","site-content-style":"default","site-sidebar-style":"default","ast-global-header-display":"","ast-banner-title-visibility":"","ast-main-header-display":"","ast-hfb-above-header-display":"","ast-hfb-below-header-display":"","ast-hfb-mobile-header-display":"","site-post-title":"","ast-breadcrumbs-content":"","ast-featured-img":"","footer-sml-layout":"","ast-disable-related-posts":"","theme-transparent-header-meta":"","adv-header-id-meta":"","stick-header-meta":"","header-above-stick-meta":"","header-main-stick-meta":"","header-below-stick-meta":"","astra-migrate-meta-layouts":"default","ast-page-background-enabled":"default","ast-page-background-meta":{"desktop":{"background-color":"var(--ast-global-color-5)","background-image":"","background-repeat":"repeat","background-position":"center center","background-size":"auto","background-attachment":"scroll","background-type":"","background-media":"","overlay-type":"","overlay-color":"","overlay-opacity":"","overlay-gradient":""},"tablet":{"background-color":"","background-image":"","background-repeat":"repeat","background-position":"center center","background-size":"auto","background-attachment":"scroll","background-type":"","background-media":"","overlay-type":"","overlay-color":"","overlay-opacity":"","overlay-gradient":""},"mobile":{"background-color":"","background-image":"","background-repeat":"repeat","background-position":"center center","background-size":"auto","background-attachment":"scroll","background-type":"","background-media":"","overlay-type":"","overlay-color":"","overlay-opacity":"","overlay-gradient":""}},"ast-content-background-meta":{"desktop":{"background-color":"var(--ast-global-color-4)","background-image":"","background-repeat":"repeat","background-position":"center center","background-size":"auto","background-attachment":"scroll","background-type":"","background-media":"","overlay-type":"","overlay-color":"","overlay-opacity":"","overlay-gradient":""},"tablet":{"background-color":"var(--ast-global-color-4)","background-image":"","background-repeat":"repeat","background-position":"center center","background-size":"auto","background-attachment":"scroll","background-type":"","background-media":"","overlay-type":"","overlay-color":"","overlay-opacity":"","overlay-gradient":""},"mobile":{"background-color":"var(--ast-global-color-4)","background-image":"","background-repeat":"repeat","background-position":"center center","background-size":"auto","background-attachment":"scroll","background-type":"","background-media":"","overlay-type":"","overlay-color":"","overlay-opacity":"","overlay-gradient":""}},"footnotes":""},"categories":[16,1],"tags":[],"class_list":["post-22813","post","type-post","status-publish","format-standard","hentry","category-municipales","category-noticias"],"yoast_head":"<!-- This site is optimized with the Yoast SEO Premium plugin v23.0 (Yoast SEO v27.4) - https:\/\/yoast.com\/product\/yoast-seo-premium-wordpress\/ -->\n<title>Comodoro tiene un Laboratorio de aguas de \u00faltima generaci\u00f3n<\/title>\n<meta name=\"robots\" content=\"index, follow, max-snippet:-1, max-image-preview:large, max-video-preview:-1\" \/>\n<link rel=\"canonical\" href=\"https:\/\/patagoniambiental.com.ar\/info\/comodoro-tiene-un-laboratorio-de-aguas-de-ultima-generacion\/\" \/>\n<meta property=\"og:locale\" content=\"es_ES\" \/>\n<meta property=\"og:type\" content=\"article\" \/>\n<meta property=\"og:title\" content=\"Comodoro tiene un Laboratorio de aguas de \u00faltima generaci\u00f3n\" \/>\n<meta property=\"og:description\" content=\"COMODORO RIVADAVIA.- El municipio inaugur\u00f3 su nuevo Laboratorio de Aguas. Cuenta con todas las prestaciones necesarias para su funcionamiento, salas [&hellip;]\" \/>\n<meta property=\"og:url\" content=\"https:\/\/patagoniambiental.com.ar\/info\/comodoro-tiene-un-laboratorio-de-aguas-de-ultima-generacion\/\" \/>\n<meta property=\"og:site_name\" content=\"Patagonia Ambiental\" \/>\n<meta property=\"article:publisher\" content=\"https:\/\/www.facebook.com\/patagonia.ambiental\" \/>\n<meta property=\"article:author\" content=\"https:\/\/www.facebook.com\/share\/1C1V8Gv9BX\/?mibextid=qi2Omg\" \/>\n<meta property=\"article:published_time\" content=\"2016-11-21T12:00:07+00:00\" \/>\n<meta property=\"og:image\" content=\"http:\/\/www.elpatagonico.com\/_post\/elpatagonico\/count.php?idNota=1521567\" \/>\n<meta name=\"author\" content=\"Patagonia Ambiental\" \/>\n<meta name=\"twitter:card\" content=\"summary_large_image\" \/>\n<meta name=\"twitter:creator\" content=\"@PatAmb\" \/>\n<meta name=\"twitter:site\" content=\"@PatAmb\" \/>\n<script type=\"application\/ld+json\" class=\"yoast-schema-graph\">{\"@context\":\"https:\\\/\\\/schema.org\",\"@graph\":[{\"@type\":\"Article\",\"@id\":\"https:\\\/\\\/patagoniambiental.com.ar\\\/info\\\/comodoro-tiene-un-laboratorio-de-aguas-de-ultima-generacion\\\/#article\",\"isPartOf\":{\"@id\":\"https:\\\/\\\/patagoniambiental.com.ar\\\/info\\\/comodoro-tiene-un-laboratorio-de-aguas-de-ultima-generacion\\\/\"},\"author\":{\"name\":\"Patagonia Ambiental\",\"@id\":\"https:\\\/\\\/patagoniambiental.com.ar\\\/info\\\/#\\\/schema\\\/person\\\/db12bff64bbcbf6a253710bf0ea37b5d\"},\"headline\":\"Comodoro tiene un Laboratorio de aguas de \u00faltima generaci\u00f3n\",\"datePublished\":\"2016-11-21T12:00:07+00:00\",\"mainEntityOfPage\":{\"@id\":\"https:\\\/\\\/patagoniambiental.com.ar\\\/info\\\/comodoro-tiene-un-laboratorio-de-aguas-de-ultima-generacion\\\/\"},\"wordCount\":589,\"publisher\":{\"@id\":\"https:\\\/\\\/patagoniambiental.com.ar\\\/info\\\/#organization\"},\"image\":{\"@id\":\"https:\\\/\\\/patagoniambiental.com.ar\\\/info\\\/comodoro-tiene-un-laboratorio-de-aguas-de-ultima-generacion\\\/#primaryimage\"},\"thumbnailUrl\":\"http:\\\/\\\/www.elpatagonico.com\\\/_post\\\/elpatagonico\\\/count.php?idNota=1521567\",\"articleSection\":[\"Municipales\",\"Noticias\"],\"inLanguage\":\"es\"},{\"@type\":\"WebPage\",\"@id\":\"https:\\\/\\\/patagoniambiental.com.ar\\\/info\\\/comodoro-tiene-un-laboratorio-de-aguas-de-ultima-generacion\\\/\",\"url\":\"https:\\\/\\\/patagoniambiental.com.ar\\\/info\\\/comodoro-tiene-un-laboratorio-de-aguas-de-ultima-generacion\\\/\",\"name\":\"Comodoro tiene un Laboratorio de aguas de \u00faltima generaci\u00f3n\",\"isPartOf\":{\"@id\":\"https:\\\/\\\/patagoniambiental.com.ar\\\/info\\\/#website\"},\"primaryImageOfPage\":{\"@id\":\"https:\\\/\\\/patagoniambiental.com.ar\\\/info\\\/comodoro-tiene-un-laboratorio-de-aguas-de-ultima-generacion\\\/#primaryimage\"},\"image\":{\"@id\":\"https:\\\/\\\/patagoniambiental.com.ar\\\/info\\\/comodoro-tiene-un-laboratorio-de-aguas-de-ultima-generacion\\\/#primaryimage\"},\"thumbnailUrl\":\"http:\\\/\\\/www.elpatagonico.com\\\/_post\\\/elpatagonico\\\/count.php?idNota=1521567\",\"datePublished\":\"2016-11-21T12:00:07+00:00\",\"breadcrumb\":{\"@id\":\"https:\\\/\\\/patagoniambiental.com.ar\\\/info\\\/comodoro-tiene-un-laboratorio-de-aguas-de-ultima-generacion\\\/#breadcrumb\"},\"inLanguage\":\"es\",\"potentialAction\":[{\"@type\":\"ReadAction\",\"target\":[\"https:\\\/\\\/patagoniambiental.com.ar\\\/info\\\/comodoro-tiene-un-laboratorio-de-aguas-de-ultima-generacion\\\/\"]}]},{\"@type\":\"ImageObject\",\"inLanguage\":\"es\",\"@id\":\"https:\\\/\\\/patagoniambiental.com.ar\\\/info\\\/comodoro-tiene-un-laboratorio-de-aguas-de-ultima-generacion\\\/#primaryimage\",\"url\":\"http:\\\/\\\/www.elpatagonico.com\\\/_post\\\/elpatagonico\\\/count.php?idNota=1521567\",\"contentUrl\":\"http:\\\/\\\/www.elpatagonico.com\\\/_post\\\/elpatagonico\\\/count.php?idNota=1521567\"},{\"@type\":\"BreadcrumbList\",\"@id\":\"https:\\\/\\\/patagoniambiental.com.ar\\\/info\\\/comodoro-tiene-un-laboratorio-de-aguas-de-ultima-generacion\\\/#breadcrumb\",\"itemListElement\":[{\"@type\":\"ListItem\",\"position\":1,\"name\":\"Inicio\",\"item\":\"https:\\\/\\\/patagoniambiental.com.ar\\\/info\\\/\"},{\"@type\":\"ListItem\",\"position\":2,\"name\":\"Comodoro tiene un Laboratorio de aguas de \u00faltima generaci\u00f3n\"}]},{\"@type\":\"WebSite\",\"@id\":\"https:\\\/\\\/patagoniambiental.com.ar\\\/info\\\/#website\",\"url\":\"https:\\\/\\\/patagoniambiental.com.ar\\\/info\\\/\",\"name\":\"Patagonia Ambiental\",\"description\":\"Monitoreo y an\u00e1lisis de la situaci\u00f3n geopol\u00edtica en el mundo y su implicancia en la Patagonia\",\"publisher\":{\"@id\":\"https:\\\/\\\/patagoniambiental.com.ar\\\/info\\\/#organization\"},\"potentialAction\":[{\"@type\":\"SearchAction\",\"target\":{\"@type\":\"EntryPoint\",\"urlTemplate\":\"https:\\\/\\\/patagoniambiental.com.ar\\\/info\\\/?s={search_term_string}\"},\"query-input\":{\"@type\":\"PropertyValueSpecification\",\"valueRequired\":true,\"valueName\":\"search_term_string\"}}],\"inLanguage\":\"es\"},{\"@type\":\"Organization\",\"@id\":\"https:\\\/\\\/patagoniambiental.com.ar\\\/info\\\/#organization\",\"name\":\"Patagonia Ambiental\",\"url\":\"https:\\\/\\\/patagoniambiental.com.ar\\\/info\\\/\",\"logo\":{\"@type\":\"ImageObject\",\"inLanguage\":\"es\",\"@id\":\"https:\\\/\\\/patagoniambiental.com.ar\\\/info\\\/#\\\/schema\\\/logo\\\/image\\\/\",\"url\":\"https:\\\/\\\/patagoniambiental.com.ar\\\/info\\\/wp-content\\\/uploads\\\/2025\\\/05\\\/LOGO-PATAGONIA-AMBIENTAL.png\",\"contentUrl\":\"https:\\\/\\\/patagoniambiental.com.ar\\\/info\\\/wp-content\\\/uploads\\\/2025\\\/05\\\/LOGO-PATAGONIA-AMBIENTAL.png\",\"width\":433,\"height\":250,\"caption\":\"Patagonia Ambiental\"},\"image\":{\"@id\":\"https:\\\/\\\/patagoniambiental.com.ar\\\/info\\\/#\\\/schema\\\/logo\\\/image\\\/\"},\"sameAs\":[\"https:\\\/\\\/www.facebook.com\\\/patagonia.ambiental\",\"https:\\\/\\\/x.com\\\/PatAmb\"]},{\"@type\":\"Person\",\"@id\":\"https:\\\/\\\/patagoniambiental.com.ar\\\/info\\\/#\\\/schema\\\/person\\\/db12bff64bbcbf6a253710bf0ea37b5d\",\"name\":\"Patagonia Ambiental\",\"description\":\"Andr\u00e9s Nievas T\u00e9cnico en manejo ambiental, consultor Ambiental y escritor para medios locales e internacionales sobre temas de geopolitica y medio ambiente.\",\"sameAs\":[\"http:\\\/\\\/www.patagoniambiental.com.ar\",\"https:\\\/\\\/www.facebook.com\\\/share\\\/1C1V8Gv9BX\\\/?mibextid=qi2Omg\",\"@patagoniambiental\",\"https:\\\/\\\/youtube.com\\\/@patagoniaambiental2023?si=BLt58t0wuXquxlYZ\"]}]}<\/script>\n<!-- \/ Yoast SEO Premium plugin. -->","yoast_head_json":{"title":"Comodoro tiene un Laboratorio de aguas de \u00faltima generaci\u00f3n","robots":{"index":"index","follow":"follow","max-snippet":"max-snippet:-1","max-image-preview":"max-image-preview:large","max-video-preview":"max-video-preview:-1"},"canonical":"https:\/\/patagoniambiental.com.ar\/info\/comodoro-tiene-un-laboratorio-de-aguas-de-ultima-generacion\/","og_locale":"es_ES","og_type":"article","og_title":"Comodoro tiene un Laboratorio de aguas de \u00faltima generaci\u00f3n","og_description":"COMODORO RIVADAVIA.- El municipio inaugur\u00f3 su nuevo Laboratorio de Aguas. Cuenta con todas las prestaciones necesarias para su funcionamiento, salas [&hellip;]","og_url":"https:\/\/patagoniambiental.com.ar\/info\/comodoro-tiene-un-laboratorio-de-aguas-de-ultima-generacion\/","og_site_name":"Patagonia Ambiental","article_publisher":"https:\/\/www.facebook.com\/patagonia.ambiental","article_author":"https:\/\/www.facebook.com\/share\/1C1V8Gv9BX\/?mibextid=qi2Omg","article_published_time":"2016-11-21T12:00:07+00:00","og_image":[{"url":"http:\/\/www.elpatagonico.com\/_post\/elpatagonico\/count.php?idNota=1521567","type":"","width":"","height":""}],"author":"Patagonia Ambiental","twitter_card":"summary_large_image","twitter_creator":"@PatAmb","twitter_site":"@PatAmb","schema":{"@context":"https:\/\/schema.org","@graph":[{"@type":"Article","@id":"https:\/\/patagoniambiental.com.ar\/info\/comodoro-tiene-un-laboratorio-de-aguas-de-ultima-generacion\/#article","isPartOf":{"@id":"https:\/\/patagoniambiental.com.ar\/info\/comodoro-tiene-un-laboratorio-de-aguas-de-ultima-generacion\/"},"author":{"name":"Patagonia Ambiental","@id":"https:\/\/patagoniambiental.com.ar\/info\/#\/schema\/person\/db12bff64bbcbf6a253710bf0ea37b5d"},"headline":"Comodoro tiene un Laboratorio de aguas de \u00faltima generaci\u00f3n","datePublished":"2016-11-21T12:00:07+00:00","mainEntityOfPage":{"@id":"https:\/\/patagoniambiental.com.ar\/info\/comodoro-tiene-un-laboratorio-de-aguas-de-ultima-generacion\/"},"wordCount":589,"publisher":{"@id":"https:\/\/patagoniambiental.com.ar\/info\/#organization"},"image":{"@id":"https:\/\/patagoniambiental.com.ar\/info\/comodoro-tiene-un-laboratorio-de-aguas-de-ultima-generacion\/#primaryimage"},"thumbnailUrl":"http:\/\/www.elpatagonico.com\/_post\/elpatagonico\/count.php?idNota=1521567","articleSection":["Municipales","Noticias"],"inLanguage":"es"},{"@type":"WebPage","@id":"https:\/\/patagoniambiental.com.ar\/info\/comodoro-tiene-un-laboratorio-de-aguas-de-ultima-generacion\/","url":"https:\/\/patagoniambiental.com.ar\/info\/comodoro-tiene-un-laboratorio-de-aguas-de-ultima-generacion\/","name":"Comodoro tiene un Laboratorio de aguas de \u00faltima generaci\u00f3n","isPartOf":{"@id":"https:\/\/patagoniambiental.com.ar\/info\/#website"},"primaryImageOfPage":{"@id":"https:\/\/patagoniambiental.com.ar\/info\/comodoro-tiene-un-laboratorio-de-aguas-de-ultima-generacion\/#primaryimage"},"image":{"@id":"https:\/\/patagoniambiental.com.ar\/info\/comodoro-tiene-un-laboratorio-de-aguas-de-ultima-generacion\/#primaryimage"},"thumbnailUrl":"http:\/\/www.elpatagonico.com\/_post\/elpatagonico\/count.php?idNota=1521567","datePublished":"2016-11-21T12:00:07+00:00","breadcrumb":{"@id":"https:\/\/patagoniambiental.com.ar\/info\/comodoro-tiene-un-laboratorio-de-aguas-de-ultima-generacion\/#breadcrumb"},"inLanguage":"es","potentialAction":[{"@type":"ReadAction","target":["https:\/\/patagoniambiental.com.ar\/info\/comodoro-tiene-un-laboratorio-de-aguas-de-ultima-generacion\/"]}]},{"@type":"ImageObject","inLanguage":"es","@id":"https:\/\/patagoniambiental.com.ar\/info\/comodoro-tiene-un-laboratorio-de-aguas-de-ultima-generacion\/#primaryimage","url":"http:\/\/www.elpatagonico.com\/_post\/elpatagonico\/count.php?idNota=1521567","contentUrl":"http:\/\/www.elpatagonico.com\/_post\/elpatagonico\/count.php?idNota=1521567"},{"@type":"BreadcrumbList","@id":"https:\/\/patagoniambiental.com.ar\/info\/comodoro-tiene-un-laboratorio-de-aguas-de-ultima-generacion\/#breadcrumb","itemListElement":[{"@type":"ListItem","position":1,"name":"Inicio","item":"https:\/\/patagoniambiental.com.ar\/info\/"},{"@type":"ListItem","position":2,"name":"Comodoro tiene un Laboratorio de aguas de \u00faltima generaci\u00f3n"}]},{"@type":"WebSite","@id":"https:\/\/patagoniambiental.com.ar\/info\/#website","url":"https:\/\/patagoniambiental.com.ar\/info\/","name":"Patagonia Ambiental","description":"Monitoreo y an\u00e1lisis de la situaci\u00f3n geopol\u00edtica en el mundo y su implicancia en la Patagonia","publisher":{"@id":"https:\/\/patagoniambiental.com.ar\/info\/#organization"},"potentialAction":[{"@type":"SearchAction","target":{"@type":"EntryPoint","urlTemplate":"https:\/\/patagoniambiental.com.ar\/info\/?s={search_term_string}"},"query-input":{"@type":"PropertyValueSpecification","valueRequired":true,"valueName":"search_term_string"}}],"inLanguage":"es"},{"@type":"Organization","@id":"https:\/\/patagoniambiental.com.ar\/info\/#organization","name":"Patagonia Ambiental","url":"https:\/\/patagoniambiental.com.ar\/info\/","logo":{"@type":"ImageObject","inLanguage":"es","@id":"https:\/\/patagoniambiental.com.ar\/info\/#\/schema\/logo\/image\/","url":"https:\/\/patagoniambiental.com.ar\/info\/wp-content\/uploads\/2025\/05\/LOGO-PATAGONIA-AMBIENTAL.png","contentUrl":"https:\/\/patagoniambiental.com.ar\/info\/wp-content\/uploads\/2025\/05\/LOGO-PATAGONIA-AMBIENTAL.png","width":433,"height":250,"caption":"Patagonia Ambiental"},"image":{"@id":"https:\/\/patagoniambiental.com.ar\/info\/#\/schema\/logo\/image\/"},"sameAs":["https:\/\/www.facebook.com\/patagonia.ambiental","https:\/\/x.com\/PatAmb"]},{"@type":"Person","@id":"https:\/\/patagoniambiental.com.ar\/info\/#\/schema\/person\/db12bff64bbcbf6a253710bf0ea37b5d","name":"Patagonia Ambiental","description":"Andr\u00e9s Nievas T\u00e9cnico en manejo ambiental, consultor Ambiental y escritor para medios locales e internacionales sobre temas de geopolitica y medio ambiente.","sameAs":["http:\/\/www.patagoniambiental.com.ar","https:\/\/www.facebook.com\/share\/1C1V8Gv9BX\/?mibextid=qi2Omg","@patagoniambiental","https:\/\/youtube.com\/@patagoniaambiental2023?si=BLt58t0wuXquxlYZ"]}]}},"_links":{"self":[{"href":"https:\/\/patagoniambiental.com.ar\/info\/wp-json\/wp\/v2\/posts\/22813","targetHints":{"allow":["GET"]}}],"collection":[{"href":"https:\/\/patagoniambiental.com.ar\/info\/wp-json\/wp\/v2\/posts"}],"about":[{"href":"https:\/\/patagoniambiental.com.ar\/info\/wp-json\/wp\/v2\/types\/post"}],"author":[{"embeddable":true,"href":"https:\/\/patagoniambiental.com.ar\/info\/wp-json\/wp\/v2\/users\/2"}],"replies":[{"embeddable":true,"href":"https:\/\/patagoniambiental.com.ar\/info\/wp-json\/wp\/v2\/comments?post=22813"}],"version-history":[{"count":0,"href":"https:\/\/patagoniambiental.com.ar\/info\/wp-json\/wp\/v2\/posts\/22813\/revisions"}],"wp:attachment":[{"href":"https:\/\/patagoniambiental.com.ar\/info\/wp-json\/wp\/v2\/media?parent=22813"}],"wp:term":[{"taxonomy":"category","embeddable":true,"href":"https:\/\/patagoniambiental.com.ar\/info\/wp-json\/wp\/v2\/categories?post=22813"},{"taxonomy":"post_tag","embeddable":true,"href":"https:\/\/patagoniambiental.com.ar\/info\/wp-json\/wp\/v2\/tags?post=22813"}],"curies":[{"name":"wp","href":"https:\/\/api.w.org\/{rel}","templated":true}]}}