{"id":22975,"date":"2016-11-27T09:00:13","date_gmt":"2016-11-27T12:00:13","guid":{"rendered":"http:\/\/patagoniambiental.com.ar\/?p=22975"},"modified":"2016-11-27T09:00:13","modified_gmt":"2016-11-27T12:00:13","slug":"rio-negro-ambiente-acompano-el-cierre-de-la-edicion-2016-de-sembrar-conciencia","status":"publish","type":"post","link":"https:\/\/patagoniambiental.com.ar\/info\/rio-negro-ambiente-acompano-el-cierre-de-la-edicion-2016-de-sembrar-conciencia\/","title":{"rendered":"R\u00edo Negro: Ambiente acompa\u00f1\u00f3 el cierre de la edici\u00f3n 2016 de Sembrar Conciencia"},"content":{"rendered":"<p class=\"x_MsoNormal\">GENERAL ROCA.- La Secretar\u00eda de Ambiente y Desarrollo Sustentable, dependiente de la Secretar\u00eda General, particip\u00f3 del acto de cierre del programa Sembrar Conciencia 2016, realizado en diferentes localidades de R\u00edo Negro y Neuqu\u00e9n, y que durante esta edici\u00f3n brind\u00f3 capacitaciones a docentes, alumnos, aplicadores, profesionales de la salud, personal municipal y t\u00e9cnicos. Para culminar las propuestas de este a\u00f1o, las instituciones y organismos participantes firmaron la adhesi\u00f3n al Reglamento de la Mesa Interinstitucional p\u00fablico y privado.<\/p>\n<p class=\"x_MsoNormal\">La actividad, que se llev\u00f3 a cabo el mi\u00e9rcoles en el Centro Regional Patagonia Norte del SENASA, en General Roca, cont\u00f3 con la presencia de autoridades de las instituciones p\u00fablicas y privadas que forman parte del programa, que encabeza la SAyDS.<\/p>\n<p class=\"x_MsoNormal\">La bienvenida estuvo a cargo del director Regional del SENASA, Ricardo S\u00e1nchez. Luego se comparti\u00f3 un video en el que se expusieron los resultados y las diferentes acciones durante este 2016.<\/p>\n<p class=\"x_MsoNormal\">En R\u00edo Negro, Sembrar Conciencia se desarroll\u00f3 en Cinco Saltos, Cipolletti, Fern\u00e1ndez Oro, Allen, General Roca, Villa Regina y Valle Medio. Participaron 116 docentes, provenientes de escuela desde Sargento Vidal hasta Valle Medio, quienes obtuvieron puntaje a trav\u00e9s de una Resoluci\u00f3n del Ministerio de Educaci\u00f3n y Derechos Humanos de la provincia.<\/p>\n<p class=\"x_MsoNormal\">Tambi\u00e9n se brindaron charlas en escuelas de Allen, Regina y Roca, llegando a 90 alumnos rionegrinos. Adem\u00e1s se capacit\u00f3 a aplicadores frut\u00edcolas y hort\u00edcolas; a profesionales de la Salud\u00a0 de ambas provincias a trav\u00e9s del sistema presencial y por teleconferencia.<\/p>\n<p class=\"x_MsoNormal\">Sembrar Conciencia tambi\u00e9n estuvo presente en San Juan, La Pampa, Buenos Aires y Chubut, donde los capacitadores expusieron acerca del trabajo que se lleva adelante desde el programa, como modelo de gesti\u00f3n p\u00fablica y privada.<\/p>\n<p class=\"x_MsoNormal\">Tras dar a conocer los resultados de la edici\u00f3n 2016, se procedi\u00f3 a la lectura del Reglamento de la Mesa Sembrar Conciencia, que le otorga al mismo un marco institucional y formaliza la tarea que se viene desarrollando desde hace 11 a\u00f1os. El mismo fue firmado por las autoridades presentes.<\/p>\n<p class=\"x_MsoNormal\">Como cierre se proyect\u00f3 un video con la experiencia vivida en un establecimiento educativo que particip\u00f3 de la capacitaci\u00f3n Buenas Pr\u00e1cticas Agr\u00edcolas en el Uso de Agroqu\u00edmicos, las expectativas y la proyecci\u00f3n para la curr\u00edcula 2017. Una muestra de los trabajos por alumnos de escuelas agrot\u00e9cnicas complet\u00f3 la jornada.<\/p>\n<p>Fuente: Gobierno de R\u00edo Negro<\/p>\n","protected":false},"excerpt":{"rendered":"<p>GENERAL ROCA.- La Secretar\u00eda de Ambiente y Desarrollo Sustentable, dependiente de la Secretar\u00eda General, particip\u00f3 del acto de cierre del [&hellip;]<\/p>\n","protected":false},"author":2,"featured_media":0,"comment_status":"closed","ping_status":"closed","sticky":false,"template":"","format":"standard","meta":{"site-sidebar-layout":"default","site-content-layout":"","ast-site-content-layout":"default","site-content-style":"default","site-sidebar-style":"default","ast-global-header-display":"","ast-banner-title-visibility":"","ast-main-header-display":"","ast-hfb-above-header-display":"","ast-hfb-below-header-display":"","ast-hfb-mobile-header-display":"","site-post-title":"","ast-breadcrumbs-content":"","ast-featured-img":"","footer-sml-layout":"","ast-disable-related-posts":"","theme-transparent-header-meta":"","adv-header-id-meta":"","stick-header-meta":"","header-above-stick-meta":"","header-main-stick-meta":"","header-below-stick-meta":"","astra-migrate-meta-layouts":"default","ast-page-background-enabled":"default","ast-page-background-meta":{"desktop":{"background-color":"var(--ast-global-color-5)","background-image":"","background-repeat":"repeat","background-position":"center center","background-size":"auto","background-attachment":"scroll","background-type":"","background-media":"","overlay-type":"","overlay-color":"","overlay-opacity":"","overlay-gradient":""},"tablet":{"background-color":"","background-image":"","background-repeat":"repeat","background-position":"center center","background-size":"auto","background-attachment":"scroll","background-type":"","background-media":"","overlay-type":"","overlay-color":"","overlay-opacity":"","overlay-gradient":""},"mobile":{"background-color":"","background-image":"","background-repeat":"repeat","background-position":"center center","background-size":"auto","background-attachment":"scroll","background-type":"","background-media":"","overlay-type":"","overlay-color":"","overlay-opacity":"","overlay-gradient":""}},"ast-content-background-meta":{"desktop":{"background-color":"var(--ast-global-color-4)","background-image":"","background-repeat":"repeat","background-position":"center center","background-size":"auto","background-attachment":"scroll","background-type":"","background-media":"","overlay-type":"","overlay-color":"","overlay-opacity":"","overlay-gradient":""},"tablet":{"background-color":"var(--ast-global-color-4)","background-image":"","background-repeat":"repeat","background-position":"center center","background-size":"auto","background-attachment":"scroll","background-type":"","background-media":"","overlay-type":"","overlay-color":"","overlay-opacity":"","overlay-gradient":""},"mobile":{"background-color":"var(--ast-global-color-4)","background-image":"","background-repeat":"repeat","background-position":"center center","background-size":"auto","background-attachment":"scroll","background-type":"","background-media":"","overlay-type":"","overlay-color":"","overlay-opacity":"","overlay-gradient":""}},"footnotes":""},"categories":[16,1],"tags":[],"class_list":["post-22975","post","type-post","status-publish","format-standard","hentry","category-municipales","category-noticias"],"yoast_head":"<!-- This site is optimized with the Yoast SEO Premium plugin v23.0 (Yoast SEO v27.4) - https:\/\/yoast.com\/product\/yoast-seo-premium-wordpress\/ -->\n<title>R\u00edo Negro: Ambiente acompa\u00f1\u00f3 el cierre de la edici\u00f3n 2016 de Sembrar Conciencia<\/title>\n<meta name=\"robots\" content=\"index, follow, max-snippet:-1, max-image-preview:large, max-video-preview:-1\" \/>\n<link rel=\"canonical\" href=\"https:\/\/patagoniambiental.com.ar\/info\/rio-negro-ambiente-acompano-el-cierre-de-la-edicion-2016-de-sembrar-conciencia\/\" \/>\n<meta property=\"og:locale\" content=\"es_ES\" \/>\n<meta property=\"og:type\" content=\"article\" \/>\n<meta property=\"og:title\" content=\"R\u00edo Negro: Ambiente acompa\u00f1\u00f3 el cierre de la edici\u00f3n 2016 de Sembrar Conciencia\" \/>\n<meta property=\"og:description\" content=\"GENERAL ROCA.- La Secretar\u00eda de Ambiente y Desarrollo Sustentable, dependiente de la Secretar\u00eda General, particip\u00f3 del acto de cierre del [&hellip;]\" \/>\n<meta property=\"og:url\" content=\"https:\/\/patagoniambiental.com.ar\/info\/rio-negro-ambiente-acompano-el-cierre-de-la-edicion-2016-de-sembrar-conciencia\/\" \/>\n<meta property=\"og:site_name\" content=\"Patagonia Ambiental\" \/>\n<meta property=\"article:publisher\" content=\"https:\/\/www.facebook.com\/patagonia.ambiental\" \/>\n<meta property=\"article:author\" content=\"https:\/\/www.facebook.com\/share\/1C1V8Gv9BX\/?mibextid=qi2Omg\" \/>\n<meta property=\"article:published_time\" content=\"2016-11-27T12:00:13+00:00\" \/>\n<meta name=\"author\" content=\"Patagonia Ambiental\" \/>\n<meta name=\"twitter:card\" content=\"summary_large_image\" \/>\n<meta name=\"twitter:creator\" content=\"@PatAmb\" \/>\n<meta name=\"twitter:site\" content=\"@PatAmb\" \/>\n<script type=\"application\/ld+json\" class=\"yoast-schema-graph\">{\"@context\":\"https:\\\/\\\/schema.org\",\"@graph\":[{\"@type\":\"Article\",\"@id\":\"https:\\\/\\\/patagoniambiental.com.ar\\\/info\\\/rio-negro-ambiente-acompano-el-cierre-de-la-edicion-2016-de-sembrar-conciencia\\\/#article\",\"isPartOf\":{\"@id\":\"https:\\\/\\\/patagoniambiental.com.ar\\\/info\\\/rio-negro-ambiente-acompano-el-cierre-de-la-edicion-2016-de-sembrar-conciencia\\\/\"},\"author\":{\"name\":\"Patagonia Ambiental\",\"@id\":\"https:\\\/\\\/patagoniambiental.com.ar\\\/info\\\/#\\\/schema\\\/person\\\/db12bff64bbcbf6a253710bf0ea37b5d\"},\"headline\":\"R\u00edo Negro: Ambiente acompa\u00f1\u00f3 el cierre de la edici\u00f3n 2016 de Sembrar Conciencia\",\"datePublished\":\"2016-11-27T12:00:13+00:00\",\"mainEntityOfPage\":{\"@id\":\"https:\\\/\\\/patagoniambiental.com.ar\\\/info\\\/rio-negro-ambiente-acompano-el-cierre-de-la-edicion-2016-de-sembrar-conciencia\\\/\"},\"wordCount\":421,\"publisher\":{\"@id\":\"https:\\\/\\\/patagoniambiental.com.ar\\\/info\\\/#organization\"},\"articleSection\":[\"Municipales\",\"Noticias\"],\"inLanguage\":\"es\"},{\"@type\":\"WebPage\",\"@id\":\"https:\\\/\\\/patagoniambiental.com.ar\\\/info\\\/rio-negro-ambiente-acompano-el-cierre-de-la-edicion-2016-de-sembrar-conciencia\\\/\",\"url\":\"https:\\\/\\\/patagoniambiental.com.ar\\\/info\\\/rio-negro-ambiente-acompano-el-cierre-de-la-edicion-2016-de-sembrar-conciencia\\\/\",\"name\":\"R\u00edo Negro: Ambiente acompa\u00f1\u00f3 el cierre de la edici\u00f3n 2016 de Sembrar Conciencia\",\"isPartOf\":{\"@id\":\"https:\\\/\\\/patagoniambiental.com.ar\\\/info\\\/#website\"},\"datePublished\":\"2016-11-27T12:00:13+00:00\",\"breadcrumb\":{\"@id\":\"https:\\\/\\\/patagoniambiental.com.ar\\\/info\\\/rio-negro-ambiente-acompano-el-cierre-de-la-edicion-2016-de-sembrar-conciencia\\\/#breadcrumb\"},\"inLanguage\":\"es\",\"potentialAction\":[{\"@type\":\"ReadAction\",\"target\":[\"https:\\\/\\\/patagoniambiental.com.ar\\\/info\\\/rio-negro-ambiente-acompano-el-cierre-de-la-edicion-2016-de-sembrar-conciencia\\\/\"]}]},{\"@type\":\"BreadcrumbList\",\"@id\":\"https:\\\/\\\/patagoniambiental.com.ar\\\/info\\\/rio-negro-ambiente-acompano-el-cierre-de-la-edicion-2016-de-sembrar-conciencia\\\/#breadcrumb\",\"itemListElement\":[{\"@type\":\"ListItem\",\"position\":1,\"name\":\"Inicio\",\"item\":\"https:\\\/\\\/patagoniambiental.com.ar\\\/info\\\/\"},{\"@type\":\"ListItem\",\"position\":2,\"name\":\"R\u00edo Negro: Ambiente acompa\u00f1\u00f3 el cierre de la edici\u00f3n 2016 de Sembrar Conciencia\"}]},{\"@type\":\"WebSite\",\"@id\":\"https:\\\/\\\/patagoniambiental.com.ar\\\/info\\\/#website\",\"url\":\"https:\\\/\\\/patagoniambiental.com.ar\\\/info\\\/\",\"name\":\"Patagonia Ambiental\",\"description\":\"Monitoreo y an\u00e1lisis de la situaci\u00f3n geopol\u00edtica en el mundo y su implicancia en la Patagonia\",\"publisher\":{\"@id\":\"https:\\\/\\\/patagoniambiental.com.ar\\\/info\\\/#organization\"},\"potentialAction\":[{\"@type\":\"SearchAction\",\"target\":{\"@type\":\"EntryPoint\",\"urlTemplate\":\"https:\\\/\\\/patagoniambiental.com.ar\\\/info\\\/?s={search_term_string}\"},\"query-input\":{\"@type\":\"PropertyValueSpecification\",\"valueRequired\":true,\"valueName\":\"search_term_string\"}}],\"inLanguage\":\"es\"},{\"@type\":\"Organization\",\"@id\":\"https:\\\/\\\/patagoniambiental.com.ar\\\/info\\\/#organization\",\"name\":\"Patagonia Ambiental\",\"url\":\"https:\\\/\\\/patagoniambiental.com.ar\\\/info\\\/\",\"logo\":{\"@type\":\"ImageObject\",\"inLanguage\":\"es\",\"@id\":\"https:\\\/\\\/patagoniambiental.com.ar\\\/info\\\/#\\\/schema\\\/logo\\\/image\\\/\",\"url\":\"https:\\\/\\\/patagoniambiental.com.ar\\\/info\\\/wp-content\\\/uploads\\\/2025\\\/05\\\/LOGO-PATAGONIA-AMBIENTAL.png\",\"contentUrl\":\"https:\\\/\\\/patagoniambiental.com.ar\\\/info\\\/wp-content\\\/uploads\\\/2025\\\/05\\\/LOGO-PATAGONIA-AMBIENTAL.png\",\"width\":433,\"height\":250,\"caption\":\"Patagonia Ambiental\"},\"image\":{\"@id\":\"https:\\\/\\\/patagoniambiental.com.ar\\\/info\\\/#\\\/schema\\\/logo\\\/image\\\/\"},\"sameAs\":[\"https:\\\/\\\/www.facebook.com\\\/patagonia.ambiental\",\"https:\\\/\\\/x.com\\\/PatAmb\"]},{\"@type\":\"Person\",\"@id\":\"https:\\\/\\\/patagoniambiental.com.ar\\\/info\\\/#\\\/schema\\\/person\\\/db12bff64bbcbf6a253710bf0ea37b5d\",\"name\":\"Patagonia Ambiental\",\"description\":\"Andr\u00e9s Nievas T\u00e9cnico en manejo ambiental, consultor Ambiental y escritor para medios locales e internacionales sobre temas de geopolitica y medio ambiente.\",\"sameAs\":[\"http:\\\/\\\/www.patagoniambiental.com.ar\",\"https:\\\/\\\/www.facebook.com\\\/share\\\/1C1V8Gv9BX\\\/?mibextid=qi2Omg\",\"@patagoniambiental\",\"https:\\\/\\\/youtube.com\\\/@patagoniaambiental2023?si=BLt58t0wuXquxlYZ\"]}]}<\/script>\n<!-- \/ Yoast SEO Premium plugin. -->","yoast_head_json":{"title":"R\u00edo Negro: Ambiente acompa\u00f1\u00f3 el cierre de la edici\u00f3n 2016 de Sembrar Conciencia","robots":{"index":"index","follow":"follow","max-snippet":"max-snippet:-1","max-image-preview":"max-image-preview:large","max-video-preview":"max-video-preview:-1"},"canonical":"https:\/\/patagoniambiental.com.ar\/info\/rio-negro-ambiente-acompano-el-cierre-de-la-edicion-2016-de-sembrar-conciencia\/","og_locale":"es_ES","og_type":"article","og_title":"R\u00edo Negro: Ambiente acompa\u00f1\u00f3 el cierre de la edici\u00f3n 2016 de Sembrar Conciencia","og_description":"GENERAL ROCA.- La Secretar\u00eda de Ambiente y Desarrollo Sustentable, dependiente de la Secretar\u00eda General, particip\u00f3 del acto de cierre del [&hellip;]","og_url":"https:\/\/patagoniambiental.com.ar\/info\/rio-negro-ambiente-acompano-el-cierre-de-la-edicion-2016-de-sembrar-conciencia\/","og_site_name":"Patagonia Ambiental","article_publisher":"https:\/\/www.facebook.com\/patagonia.ambiental","article_author":"https:\/\/www.facebook.com\/share\/1C1V8Gv9BX\/?mibextid=qi2Omg","article_published_time":"2016-11-27T12:00:13+00:00","author":"Patagonia Ambiental","twitter_card":"summary_large_image","twitter_creator":"@PatAmb","twitter_site":"@PatAmb","schema":{"@context":"https:\/\/schema.org","@graph":[{"@type":"Article","@id":"https:\/\/patagoniambiental.com.ar\/info\/rio-negro-ambiente-acompano-el-cierre-de-la-edicion-2016-de-sembrar-conciencia\/#article","isPartOf":{"@id":"https:\/\/patagoniambiental.com.ar\/info\/rio-negro-ambiente-acompano-el-cierre-de-la-edicion-2016-de-sembrar-conciencia\/"},"author":{"name":"Patagonia Ambiental","@id":"https:\/\/patagoniambiental.com.ar\/info\/#\/schema\/person\/db12bff64bbcbf6a253710bf0ea37b5d"},"headline":"R\u00edo Negro: Ambiente acompa\u00f1\u00f3 el cierre de la edici\u00f3n 2016 de Sembrar Conciencia","datePublished":"2016-11-27T12:00:13+00:00","mainEntityOfPage":{"@id":"https:\/\/patagoniambiental.com.ar\/info\/rio-negro-ambiente-acompano-el-cierre-de-la-edicion-2016-de-sembrar-conciencia\/"},"wordCount":421,"publisher":{"@id":"https:\/\/patagoniambiental.com.ar\/info\/#organization"},"articleSection":["Municipales","Noticias"],"inLanguage":"es"},{"@type":"WebPage","@id":"https:\/\/patagoniambiental.com.ar\/info\/rio-negro-ambiente-acompano-el-cierre-de-la-edicion-2016-de-sembrar-conciencia\/","url":"https:\/\/patagoniambiental.com.ar\/info\/rio-negro-ambiente-acompano-el-cierre-de-la-edicion-2016-de-sembrar-conciencia\/","name":"R\u00edo Negro: Ambiente acompa\u00f1\u00f3 el cierre de la edici\u00f3n 2016 de Sembrar Conciencia","isPartOf":{"@id":"https:\/\/patagoniambiental.com.ar\/info\/#website"},"datePublished":"2016-11-27T12:00:13+00:00","breadcrumb":{"@id":"https:\/\/patagoniambiental.com.ar\/info\/rio-negro-ambiente-acompano-el-cierre-de-la-edicion-2016-de-sembrar-conciencia\/#breadcrumb"},"inLanguage":"es","potentialAction":[{"@type":"ReadAction","target":["https:\/\/patagoniambiental.com.ar\/info\/rio-negro-ambiente-acompano-el-cierre-de-la-edicion-2016-de-sembrar-conciencia\/"]}]},{"@type":"BreadcrumbList","@id":"https:\/\/patagoniambiental.com.ar\/info\/rio-negro-ambiente-acompano-el-cierre-de-la-edicion-2016-de-sembrar-conciencia\/#breadcrumb","itemListElement":[{"@type":"ListItem","position":1,"name":"Inicio","item":"https:\/\/patagoniambiental.com.ar\/info\/"},{"@type":"ListItem","position":2,"name":"R\u00edo Negro: Ambiente acompa\u00f1\u00f3 el cierre de la edici\u00f3n 2016 de Sembrar Conciencia"}]},{"@type":"WebSite","@id":"https:\/\/patagoniambiental.com.ar\/info\/#website","url":"https:\/\/patagoniambiental.com.ar\/info\/","name":"Patagonia Ambiental","description":"Monitoreo y an\u00e1lisis de la situaci\u00f3n geopol\u00edtica en el mundo y su implicancia en la Patagonia","publisher":{"@id":"https:\/\/patagoniambiental.com.ar\/info\/#organization"},"potentialAction":[{"@type":"SearchAction","target":{"@type":"EntryPoint","urlTemplate":"https:\/\/patagoniambiental.com.ar\/info\/?s={search_term_string}"},"query-input":{"@type":"PropertyValueSpecification","valueRequired":true,"valueName":"search_term_string"}}],"inLanguage":"es"},{"@type":"Organization","@id":"https:\/\/patagoniambiental.com.ar\/info\/#organization","name":"Patagonia Ambiental","url":"https:\/\/patagoniambiental.com.ar\/info\/","logo":{"@type":"ImageObject","inLanguage":"es","@id":"https:\/\/patagoniambiental.com.ar\/info\/#\/schema\/logo\/image\/","url":"https:\/\/patagoniambiental.com.ar\/info\/wp-content\/uploads\/2025\/05\/LOGO-PATAGONIA-AMBIENTAL.png","contentUrl":"https:\/\/patagoniambiental.com.ar\/info\/wp-content\/uploads\/2025\/05\/LOGO-PATAGONIA-AMBIENTAL.png","width":433,"height":250,"caption":"Patagonia Ambiental"},"image":{"@id":"https:\/\/patagoniambiental.com.ar\/info\/#\/schema\/logo\/image\/"},"sameAs":["https:\/\/www.facebook.com\/patagonia.ambiental","https:\/\/x.com\/PatAmb"]},{"@type":"Person","@id":"https:\/\/patagoniambiental.com.ar\/info\/#\/schema\/person\/db12bff64bbcbf6a253710bf0ea37b5d","name":"Patagonia Ambiental","description":"Andr\u00e9s Nievas T\u00e9cnico en manejo ambiental, consultor Ambiental y escritor para medios locales e internacionales sobre temas de geopolitica y medio ambiente.","sameAs":["http:\/\/www.patagoniambiental.com.ar","https:\/\/www.facebook.com\/share\/1C1V8Gv9BX\/?mibextid=qi2Omg","@patagoniambiental","https:\/\/youtube.com\/@patagoniaambiental2023?si=BLt58t0wuXquxlYZ"]}]}},"_links":{"self":[{"href":"https:\/\/patagoniambiental.com.ar\/info\/wp-json\/wp\/v2\/posts\/22975","targetHints":{"allow":["GET"]}}],"collection":[{"href":"https:\/\/patagoniambiental.com.ar\/info\/wp-json\/wp\/v2\/posts"}],"about":[{"href":"https:\/\/patagoniambiental.com.ar\/info\/wp-json\/wp\/v2\/types\/post"}],"author":[{"embeddable":true,"href":"https:\/\/patagoniambiental.com.ar\/info\/wp-json\/wp\/v2\/users\/2"}],"replies":[{"embeddable":true,"href":"https:\/\/patagoniambiental.com.ar\/info\/wp-json\/wp\/v2\/comments?post=22975"}],"version-history":[{"count":0,"href":"https:\/\/patagoniambiental.com.ar\/info\/wp-json\/wp\/v2\/posts\/22975\/revisions"}],"wp:attachment":[{"href":"https:\/\/patagoniambiental.com.ar\/info\/wp-json\/wp\/v2\/media?parent=22975"}],"wp:term":[{"taxonomy":"category","embeddable":true,"href":"https:\/\/patagoniambiental.com.ar\/info\/wp-json\/wp\/v2\/categories?post=22975"},{"taxonomy":"post_tag","embeddable":true,"href":"https:\/\/patagoniambiental.com.ar\/info\/wp-json\/wp\/v2\/tags?post=22975"}],"curies":[{"name":"wp","href":"https:\/\/api.w.org\/{rel}","templated":true}]}}