{"id":22978,"date":"2016-11-28T11:21:30","date_gmt":"2016-11-28T14:21:30","guid":{"rendered":"http:\/\/patagoniambiental.com.ar\/?p=22978"},"modified":"2016-11-28T11:21:30","modified_gmt":"2016-11-28T14:21:30","slug":"aguas-rionegrinas-impulsa-capacitacion-a-operarios-en-choele-choel","status":"publish","type":"post","link":"https:\/\/patagoniambiental.com.ar\/info\/aguas-rionegrinas-impulsa-capacitacion-a-operarios-en-choele-choel\/","title":{"rendered":"Aguas Rionegrinas impulsa capacitaci\u00f3n a operarios en Choele Choel"},"content":{"rendered":"<p class=\"x_MsoNormal\">CHOELE CHOEL.- <span style=\"font-size: large;\">La empresa estatal Aguas Rionegrinas en conjunto con el Sindicato de Trabajadores de Saneamiento de R\u00edo Negro impulsa una serie de cursos de capacitaci\u00f3n destinados a operarios y p\u00fablico en general.<\/span><\/p>\n<p class=\"x_MsoNormal\"><span style=\"font-size: large;\">A ra\u00edz de un convenio entre el Ministerio de Trabajo, Empleo y Seguridad Social de Naci\u00f3n y el Sindicato de Trabajadores de Saneamiento surgi\u00f3 la propuesta de formalizar cursos de formaci\u00f3n destinados a profesionalizar las pr\u00e1cticas de trabajadores y trabajadoras de diversos sectores.<\/span><\/p>\n<p class=\"x_MsoNormal\"><span style=\"font-size: large;\">Aguas Rionegrinas recibi\u00f3 con agrado la propuesta e impuls\u00f3 la aplicaci\u00f3n de los mismos en distintos puntos de la provincia.<\/span><\/p>\n<p class=\"x_MsoNormal\"><span style=\"font-size: large;\">En esta oportunidad la capacitaci\u00f3n estuvo a cargo del maestro mayor de Obras Walter Spin. La tem\u00e1tica se centr\u00f3 en la instalaci\u00f3n y mantenimiento de redes de agua potable.<\/span><\/p>\n<p class=\"x_MsoNormal\"><span style=\"font-size: large;\">Los asistentes, pertenecientes al \u00e1rea de mantenimiento y cuadrilla de Choele Choel, se mostraron satisfechos de poder contrastar sus experiencias cotidianas con los aportes te\u00f3ricos brindados por Spin, expresaron que \u201ces interesante conocer distintas pr\u00e1cticas y maneras de hacer, compartir experiencias y continuar aprendiendo\u201d.<\/span><\/p>\n<p class=\"x_MsoNormal\"><span style=\"font-size: large;\">Por su parte, el presidente de la firma rionegrina, Roger Garc\u00eda, manifest\u00f3 la importancia de profesionalizar y capacitar en forma continua a los trabajadores y trabajadoras de la empresa. \u201cEstos cursos y capacitaciones son fundamentales para continuar aplicando t\u00e9cnicas al trabajo cotidiano de los trabajadores, son oportunidades beneficiosas para los operarios y para la comunidad que se ve beneficiada con un servicio que busca estar cada vez m\u00e1s a la altura de sus expectativas\u201d.<\/span><\/p>\n<p class=\"x_MsoNormal\"><span style=\"font-size: large;\">Por \u00faltimo, la titular del Sindicato de Saneamiento, Cristina Marcelini expres\u00f3 su satisfacci\u00f3n al ver el inter\u00e9s del personal por capacitarse y los inst\u00f3 a continuar con su especializaci\u00f3n.<\/span><\/p>\n<p class=\"x_MsoNormal\"><span style=\"font-size: large;\">Se prev\u00e9 que los d\u00edas 1 y 2 de diciembre se brinde la \u00faltima capacitaci\u00f3n del a\u00f1o. En esa oportunidad los contenidos ofrecidos se enfocar\u00e1n en el mantenimiento de redes cloacales.<\/span><\/p>\n<p class=\"x_MsoNormal\">\n<p class=\"x_MsoNormal\">Fuente: Gobierno de R\u00edo Negro<\/p>\n","protected":false},"excerpt":{"rendered":"<p>CHOELE CHOEL.- La empresa estatal Aguas Rionegrinas en conjunto con el Sindicato de Trabajadores de Saneamiento de R\u00edo Negro impulsa [&hellip;]<\/p>\n","protected":false},"author":2,"featured_media":0,"comment_status":"closed","ping_status":"closed","sticky":false,"template":"","format":"standard","meta":{"site-sidebar-layout":"default","site-content-layout":"","ast-site-content-layout":"default","site-content-style":"default","site-sidebar-style":"default","ast-global-header-display":"","ast-banner-title-visibility":"","ast-main-header-display":"","ast-hfb-above-header-display":"","ast-hfb-below-header-display":"","ast-hfb-mobile-header-display":"","site-post-title":"","ast-breadcrumbs-content":"","ast-featured-img":"","footer-sml-layout":"","ast-disable-related-posts":"","theme-transparent-header-meta":"","adv-header-id-meta":"","stick-header-meta":"","header-above-stick-meta":"","header-main-stick-meta":"","header-below-stick-meta":"","astra-migrate-meta-layouts":"default","ast-page-background-enabled":"default","ast-page-background-meta":{"desktop":{"background-color":"var(--ast-global-color-5)","background-image":"","background-repeat":"repeat","background-position":"center center","background-size":"auto","background-attachment":"scroll","background-type":"","background-media":"","overlay-type":"","overlay-color":"","overlay-opacity":"","overlay-gradient":""},"tablet":{"background-color":"","background-image":"","background-repeat":"repeat","background-position":"center center","background-size":"auto","background-attachment":"scroll","background-type":"","background-media":"","overlay-type":"","overlay-color":"","overlay-opacity":"","overlay-gradient":""},"mobile":{"background-color":"","background-image":"","background-repeat":"repeat","background-position":"center center","background-size":"auto","background-attachment":"scroll","background-type":"","background-media":"","overlay-type":"","overlay-color":"","overlay-opacity":"","overlay-gradient":""}},"ast-content-background-meta":{"desktop":{"background-color":"var(--ast-global-color-4)","background-image":"","background-repeat":"repeat","background-position":"center center","background-size":"auto","background-attachment":"scroll","background-type":"","background-media":"","overlay-type":"","overlay-color":"","overlay-opacity":"","overlay-gradient":""},"tablet":{"background-color":"var(--ast-global-color-4)","background-image":"","background-repeat":"repeat","background-position":"center center","background-size":"auto","background-attachment":"scroll","background-type":"","background-media":"","overlay-type":"","overlay-color":"","overlay-opacity":"","overlay-gradient":""},"mobile":{"background-color":"var(--ast-global-color-4)","background-image":"","background-repeat":"repeat","background-position":"center center","background-size":"auto","background-attachment":"scroll","background-type":"","background-media":"","overlay-type":"","overlay-color":"","overlay-opacity":"","overlay-gradient":""}},"footnotes":""},"categories":[16,1],"tags":[],"class_list":["post-22978","post","type-post","status-publish","format-standard","hentry","category-municipales","category-noticias"],"yoast_head":"<!-- This site is optimized with the Yoast SEO Premium plugin v23.0 (Yoast SEO v27.4) - https:\/\/yoast.com\/product\/yoast-seo-premium-wordpress\/ -->\n<title>Aguas Rionegrinas impulsa capacitaci\u00f3n a operarios en Choele Choel<\/title>\n<meta name=\"robots\" content=\"index, follow, max-snippet:-1, max-image-preview:large, max-video-preview:-1\" \/>\n<link rel=\"canonical\" href=\"https:\/\/patagoniambiental.com.ar\/info\/aguas-rionegrinas-impulsa-capacitacion-a-operarios-en-choele-choel\/\" \/>\n<meta property=\"og:locale\" content=\"es_ES\" \/>\n<meta property=\"og:type\" content=\"article\" \/>\n<meta property=\"og:title\" content=\"Aguas Rionegrinas impulsa capacitaci\u00f3n a operarios en Choele Choel\" \/>\n<meta property=\"og:description\" content=\"CHOELE CHOEL.- La empresa estatal Aguas Rionegrinas en conjunto con el Sindicato de Trabajadores de Saneamiento de R\u00edo Negro impulsa [&hellip;]\" \/>\n<meta property=\"og:url\" content=\"https:\/\/patagoniambiental.com.ar\/info\/aguas-rionegrinas-impulsa-capacitacion-a-operarios-en-choele-choel\/\" \/>\n<meta property=\"og:site_name\" content=\"Patagonia Ambiental\" \/>\n<meta property=\"article:publisher\" content=\"https:\/\/www.facebook.com\/patagonia.ambiental\" \/>\n<meta property=\"article:author\" content=\"https:\/\/www.facebook.com\/share\/1C1V8Gv9BX\/?mibextid=qi2Omg\" \/>\n<meta property=\"article:published_time\" content=\"2016-11-28T14:21:30+00:00\" \/>\n<meta name=\"author\" content=\"Patagonia Ambiental\" \/>\n<meta name=\"twitter:card\" content=\"summary_large_image\" \/>\n<meta name=\"twitter:creator\" content=\"@PatAmb\" \/>\n<meta name=\"twitter:site\" content=\"@PatAmb\" \/>\n<script type=\"application\/ld+json\" class=\"yoast-schema-graph\">{\"@context\":\"https:\\\/\\\/schema.org\",\"@graph\":[{\"@type\":\"Article\",\"@id\":\"https:\\\/\\\/patagoniambiental.com.ar\\\/info\\\/aguas-rionegrinas-impulsa-capacitacion-a-operarios-en-choele-choel\\\/#article\",\"isPartOf\":{\"@id\":\"https:\\\/\\\/patagoniambiental.com.ar\\\/info\\\/aguas-rionegrinas-impulsa-capacitacion-a-operarios-en-choele-choel\\\/\"},\"author\":{\"name\":\"Patagonia Ambiental\",\"@id\":\"https:\\\/\\\/patagoniambiental.com.ar\\\/info\\\/#\\\/schema\\\/person\\\/db12bff64bbcbf6a253710bf0ea37b5d\"},\"headline\":\"Aguas Rionegrinas impulsa capacitaci\u00f3n a operarios en Choele Choel\",\"datePublished\":\"2016-11-28T14:21:30+00:00\",\"mainEntityOfPage\":{\"@id\":\"https:\\\/\\\/patagoniambiental.com.ar\\\/info\\\/aguas-rionegrinas-impulsa-capacitacion-a-operarios-en-choele-choel\\\/\"},\"wordCount\":341,\"publisher\":{\"@id\":\"https:\\\/\\\/patagoniambiental.com.ar\\\/info\\\/#organization\"},\"articleSection\":[\"Municipales\",\"Noticias\"],\"inLanguage\":\"es\"},{\"@type\":\"WebPage\",\"@id\":\"https:\\\/\\\/patagoniambiental.com.ar\\\/info\\\/aguas-rionegrinas-impulsa-capacitacion-a-operarios-en-choele-choel\\\/\",\"url\":\"https:\\\/\\\/patagoniambiental.com.ar\\\/info\\\/aguas-rionegrinas-impulsa-capacitacion-a-operarios-en-choele-choel\\\/\",\"name\":\"Aguas Rionegrinas impulsa capacitaci\u00f3n a operarios en Choele Choel\",\"isPartOf\":{\"@id\":\"https:\\\/\\\/patagoniambiental.com.ar\\\/info\\\/#website\"},\"datePublished\":\"2016-11-28T14:21:30+00:00\",\"breadcrumb\":{\"@id\":\"https:\\\/\\\/patagoniambiental.com.ar\\\/info\\\/aguas-rionegrinas-impulsa-capacitacion-a-operarios-en-choele-choel\\\/#breadcrumb\"},\"inLanguage\":\"es\",\"potentialAction\":[{\"@type\":\"ReadAction\",\"target\":[\"https:\\\/\\\/patagoniambiental.com.ar\\\/info\\\/aguas-rionegrinas-impulsa-capacitacion-a-operarios-en-choele-choel\\\/\"]}]},{\"@type\":\"BreadcrumbList\",\"@id\":\"https:\\\/\\\/patagoniambiental.com.ar\\\/info\\\/aguas-rionegrinas-impulsa-capacitacion-a-operarios-en-choele-choel\\\/#breadcrumb\",\"itemListElement\":[{\"@type\":\"ListItem\",\"position\":1,\"name\":\"Inicio\",\"item\":\"https:\\\/\\\/patagoniambiental.com.ar\\\/info\\\/\"},{\"@type\":\"ListItem\",\"position\":2,\"name\":\"Aguas Rionegrinas impulsa capacitaci\u00f3n a operarios en Choele Choel\"}]},{\"@type\":\"WebSite\",\"@id\":\"https:\\\/\\\/patagoniambiental.com.ar\\\/info\\\/#website\",\"url\":\"https:\\\/\\\/patagoniambiental.com.ar\\\/info\\\/\",\"name\":\"Patagonia Ambiental\",\"description\":\"Monitoreo y an\u00e1lisis de la situaci\u00f3n geopol\u00edtica en el mundo y su implicancia en la Patagonia\",\"publisher\":{\"@id\":\"https:\\\/\\\/patagoniambiental.com.ar\\\/info\\\/#organization\"},\"potentialAction\":[{\"@type\":\"SearchAction\",\"target\":{\"@type\":\"EntryPoint\",\"urlTemplate\":\"https:\\\/\\\/patagoniambiental.com.ar\\\/info\\\/?s={search_term_string}\"},\"query-input\":{\"@type\":\"PropertyValueSpecification\",\"valueRequired\":true,\"valueName\":\"search_term_string\"}}],\"inLanguage\":\"es\"},{\"@type\":\"Organization\",\"@id\":\"https:\\\/\\\/patagoniambiental.com.ar\\\/info\\\/#organization\",\"name\":\"Patagonia Ambiental\",\"url\":\"https:\\\/\\\/patagoniambiental.com.ar\\\/info\\\/\",\"logo\":{\"@type\":\"ImageObject\",\"inLanguage\":\"es\",\"@id\":\"https:\\\/\\\/patagoniambiental.com.ar\\\/info\\\/#\\\/schema\\\/logo\\\/image\\\/\",\"url\":\"https:\\\/\\\/patagoniambiental.com.ar\\\/info\\\/wp-content\\\/uploads\\\/2025\\\/05\\\/LOGO-PATAGONIA-AMBIENTAL.png\",\"contentUrl\":\"https:\\\/\\\/patagoniambiental.com.ar\\\/info\\\/wp-content\\\/uploads\\\/2025\\\/05\\\/LOGO-PATAGONIA-AMBIENTAL.png\",\"width\":433,\"height\":250,\"caption\":\"Patagonia Ambiental\"},\"image\":{\"@id\":\"https:\\\/\\\/patagoniambiental.com.ar\\\/info\\\/#\\\/schema\\\/logo\\\/image\\\/\"},\"sameAs\":[\"https:\\\/\\\/www.facebook.com\\\/patagonia.ambiental\",\"https:\\\/\\\/x.com\\\/PatAmb\"]},{\"@type\":\"Person\",\"@id\":\"https:\\\/\\\/patagoniambiental.com.ar\\\/info\\\/#\\\/schema\\\/person\\\/db12bff64bbcbf6a253710bf0ea37b5d\",\"name\":\"Patagonia Ambiental\",\"description\":\"Andr\u00e9s Nievas T\u00e9cnico en manejo ambiental, consultor Ambiental y escritor para medios locales e internacionales sobre temas de geopolitica y medio ambiente.\",\"sameAs\":[\"http:\\\/\\\/www.patagoniambiental.com.ar\",\"https:\\\/\\\/www.facebook.com\\\/share\\\/1C1V8Gv9BX\\\/?mibextid=qi2Omg\",\"@patagoniambiental\",\"https:\\\/\\\/youtube.com\\\/@patagoniaambiental2023?si=BLt58t0wuXquxlYZ\"]}]}<\/script>\n<!-- \/ Yoast SEO Premium plugin. -->","yoast_head_json":{"title":"Aguas Rionegrinas impulsa capacitaci\u00f3n a operarios en Choele Choel","robots":{"index":"index","follow":"follow","max-snippet":"max-snippet:-1","max-image-preview":"max-image-preview:large","max-video-preview":"max-video-preview:-1"},"canonical":"https:\/\/patagoniambiental.com.ar\/info\/aguas-rionegrinas-impulsa-capacitacion-a-operarios-en-choele-choel\/","og_locale":"es_ES","og_type":"article","og_title":"Aguas Rionegrinas impulsa capacitaci\u00f3n a operarios en Choele Choel","og_description":"CHOELE CHOEL.- La empresa estatal Aguas Rionegrinas en conjunto con el Sindicato de Trabajadores de Saneamiento de R\u00edo Negro impulsa [&hellip;]","og_url":"https:\/\/patagoniambiental.com.ar\/info\/aguas-rionegrinas-impulsa-capacitacion-a-operarios-en-choele-choel\/","og_site_name":"Patagonia Ambiental","article_publisher":"https:\/\/www.facebook.com\/patagonia.ambiental","article_author":"https:\/\/www.facebook.com\/share\/1C1V8Gv9BX\/?mibextid=qi2Omg","article_published_time":"2016-11-28T14:21:30+00:00","author":"Patagonia Ambiental","twitter_card":"summary_large_image","twitter_creator":"@PatAmb","twitter_site":"@PatAmb","schema":{"@context":"https:\/\/schema.org","@graph":[{"@type":"Article","@id":"https:\/\/patagoniambiental.com.ar\/info\/aguas-rionegrinas-impulsa-capacitacion-a-operarios-en-choele-choel\/#article","isPartOf":{"@id":"https:\/\/patagoniambiental.com.ar\/info\/aguas-rionegrinas-impulsa-capacitacion-a-operarios-en-choele-choel\/"},"author":{"name":"Patagonia Ambiental","@id":"https:\/\/patagoniambiental.com.ar\/info\/#\/schema\/person\/db12bff64bbcbf6a253710bf0ea37b5d"},"headline":"Aguas Rionegrinas impulsa capacitaci\u00f3n a operarios en Choele Choel","datePublished":"2016-11-28T14:21:30+00:00","mainEntityOfPage":{"@id":"https:\/\/patagoniambiental.com.ar\/info\/aguas-rionegrinas-impulsa-capacitacion-a-operarios-en-choele-choel\/"},"wordCount":341,"publisher":{"@id":"https:\/\/patagoniambiental.com.ar\/info\/#organization"},"articleSection":["Municipales","Noticias"],"inLanguage":"es"},{"@type":"WebPage","@id":"https:\/\/patagoniambiental.com.ar\/info\/aguas-rionegrinas-impulsa-capacitacion-a-operarios-en-choele-choel\/","url":"https:\/\/patagoniambiental.com.ar\/info\/aguas-rionegrinas-impulsa-capacitacion-a-operarios-en-choele-choel\/","name":"Aguas Rionegrinas impulsa capacitaci\u00f3n a operarios en Choele Choel","isPartOf":{"@id":"https:\/\/patagoniambiental.com.ar\/info\/#website"},"datePublished":"2016-11-28T14:21:30+00:00","breadcrumb":{"@id":"https:\/\/patagoniambiental.com.ar\/info\/aguas-rionegrinas-impulsa-capacitacion-a-operarios-en-choele-choel\/#breadcrumb"},"inLanguage":"es","potentialAction":[{"@type":"ReadAction","target":["https:\/\/patagoniambiental.com.ar\/info\/aguas-rionegrinas-impulsa-capacitacion-a-operarios-en-choele-choel\/"]}]},{"@type":"BreadcrumbList","@id":"https:\/\/patagoniambiental.com.ar\/info\/aguas-rionegrinas-impulsa-capacitacion-a-operarios-en-choele-choel\/#breadcrumb","itemListElement":[{"@type":"ListItem","position":1,"name":"Inicio","item":"https:\/\/patagoniambiental.com.ar\/info\/"},{"@type":"ListItem","position":2,"name":"Aguas Rionegrinas impulsa capacitaci\u00f3n a operarios en Choele Choel"}]},{"@type":"WebSite","@id":"https:\/\/patagoniambiental.com.ar\/info\/#website","url":"https:\/\/patagoniambiental.com.ar\/info\/","name":"Patagonia Ambiental","description":"Monitoreo y an\u00e1lisis de la situaci\u00f3n geopol\u00edtica en el mundo y su implicancia en la Patagonia","publisher":{"@id":"https:\/\/patagoniambiental.com.ar\/info\/#organization"},"potentialAction":[{"@type":"SearchAction","target":{"@type":"EntryPoint","urlTemplate":"https:\/\/patagoniambiental.com.ar\/info\/?s={search_term_string}"},"query-input":{"@type":"PropertyValueSpecification","valueRequired":true,"valueName":"search_term_string"}}],"inLanguage":"es"},{"@type":"Organization","@id":"https:\/\/patagoniambiental.com.ar\/info\/#organization","name":"Patagonia Ambiental","url":"https:\/\/patagoniambiental.com.ar\/info\/","logo":{"@type":"ImageObject","inLanguage":"es","@id":"https:\/\/patagoniambiental.com.ar\/info\/#\/schema\/logo\/image\/","url":"https:\/\/patagoniambiental.com.ar\/info\/wp-content\/uploads\/2025\/05\/LOGO-PATAGONIA-AMBIENTAL.png","contentUrl":"https:\/\/patagoniambiental.com.ar\/info\/wp-content\/uploads\/2025\/05\/LOGO-PATAGONIA-AMBIENTAL.png","width":433,"height":250,"caption":"Patagonia Ambiental"},"image":{"@id":"https:\/\/patagoniambiental.com.ar\/info\/#\/schema\/logo\/image\/"},"sameAs":["https:\/\/www.facebook.com\/patagonia.ambiental","https:\/\/x.com\/PatAmb"]},{"@type":"Person","@id":"https:\/\/patagoniambiental.com.ar\/info\/#\/schema\/person\/db12bff64bbcbf6a253710bf0ea37b5d","name":"Patagonia Ambiental","description":"Andr\u00e9s Nievas T\u00e9cnico en manejo ambiental, consultor Ambiental y escritor para medios locales e internacionales sobre temas de geopolitica y medio ambiente.","sameAs":["http:\/\/www.patagoniambiental.com.ar","https:\/\/www.facebook.com\/share\/1C1V8Gv9BX\/?mibextid=qi2Omg","@patagoniambiental","https:\/\/youtube.com\/@patagoniaambiental2023?si=BLt58t0wuXquxlYZ"]}]}},"_links":{"self":[{"href":"https:\/\/patagoniambiental.com.ar\/info\/wp-json\/wp\/v2\/posts\/22978","targetHints":{"allow":["GET"]}}],"collection":[{"href":"https:\/\/patagoniambiental.com.ar\/info\/wp-json\/wp\/v2\/posts"}],"about":[{"href":"https:\/\/patagoniambiental.com.ar\/info\/wp-json\/wp\/v2\/types\/post"}],"author":[{"embeddable":true,"href":"https:\/\/patagoniambiental.com.ar\/info\/wp-json\/wp\/v2\/users\/2"}],"replies":[{"embeddable":true,"href":"https:\/\/patagoniambiental.com.ar\/info\/wp-json\/wp\/v2\/comments?post=22978"}],"version-history":[{"count":0,"href":"https:\/\/patagoniambiental.com.ar\/info\/wp-json\/wp\/v2\/posts\/22978\/revisions"}],"wp:attachment":[{"href":"https:\/\/patagoniambiental.com.ar\/info\/wp-json\/wp\/v2\/media?parent=22978"}],"wp:term":[{"taxonomy":"category","embeddable":true,"href":"https:\/\/patagoniambiental.com.ar\/info\/wp-json\/wp\/v2\/categories?post=22978"},{"taxonomy":"post_tag","embeddable":true,"href":"https:\/\/patagoniambiental.com.ar\/info\/wp-json\/wp\/v2\/tags?post=22978"}],"curies":[{"name":"wp","href":"https:\/\/api.w.org\/{rel}","templated":true}]}}