{"id":23010,"date":"2016-11-29T09:00:08","date_gmt":"2016-11-29T12:00:08","guid":{"rendered":"http:\/\/patagoniambiental.com.ar\/?p=23010"},"modified":"2016-11-29T09:00:08","modified_gmt":"2016-11-29T12:00:08","slug":"rio-negro-avanza-en-el-diseno-de-una-estrategia-comun-de-ordenamiento-territorial-para-la-region-sur","status":"publish","type":"post","link":"https:\/\/patagoniambiental.com.ar\/info\/rio-negro-avanza-en-el-diseno-de-una-estrategia-comun-de-ordenamiento-territorial-para-la-region-sur\/","title":{"rendered":"R\u00edo Negro: Avanza en el dise\u00f1o de una estrategia com\u00fan de ordenamiento territorial para la Regi\u00f3n Sur"},"content":{"rendered":"<p class=\"x_MsoNormal\">JACOBACCI.- Con una puesta en com\u00fan de las conclusiones finaliz\u00f3 el encuentro-taller denominado \u201cAulas RN23\u201d, que se realiz\u00f3 en Ingeniero Jacobacci y reuni\u00f3 a representantes de ocho municipios y de \u00e1reas claves del Gobierno Provincial y Nacional, para dise\u00f1ar una estrategia com\u00fan de ordenamiento territorial para la Regi\u00f3n Sur.<\/p>\n<p class=\"x_MsoNormal\">La actividad fue organizada por la Unidad de Enlace Provincial con el Consejo Federal de Inversiones, dependiente de la Secretar\u00eda General, en el marco del \u201cPrograma de Fortalecimiento de capacidades municipales para el ordenamiento y gesti\u00f3n del territorio en la L\u00ednea Sur\u201d, que se ejecuta con la asistencia t\u00e9cnica y financiera del CFI.<\/p>\n<p class=\"x_MsoNormal\">Durante dos jornadas de trabajo, se avanz\u00f3 en la identificaci\u00f3n de los desaf\u00edos a abordar en la organizaci\u00f3n urban\u00edstica de las localidades, su forma de crecimiento, la provisi\u00f3n racional de infraestructuras b\u00e1sicas y las oportunidades regionales de desarrollo productivo, que se abren a partir de la finalizaci\u00f3n de la Ruta Nacional 23, en torno a la ganader\u00eda ovina, la miner\u00eda, el turismo y las actividades log\u00edsticas. El conjunto de los participantes coincidieron en la necesidad de confluir en esquemas asociativos de gesti\u00f3n, tanto entre los municipios como entre el sector productivo y el gubernamental, que les permita complementarse en la soluci\u00f3n de problemas comunes y alcanzar econom\u00edas de mayor escala para el desarrollo econ\u00f3mico.<\/p>\n<p class=\"x_MsoNormal\">Este espacio de trabajo articulado entre Provincia y Municipios, coordinado por expertos consultores del \u201cInstituto de Gesti\u00f3n de Ciudades\u201d -contratados por el CFI-, cont\u00f3 con la presencia de referentes de las localidades de Sierra Colorada, Valcheta, Ramos Mex\u00eda, Los Menucos, Maquinchao, Jacobacci, Pilcaniyeu y Comallo; y representantes del Ministerio de Obras y Servicios P\u00fablicas, Ministerio de Turismo, Secretar\u00eda de Miner\u00eda, Secretar\u00eda General, Secretar\u00eda de Planificaci\u00f3n, Secretar\u00eda de Ambiente, Subsecretar\u00eda de Ganader\u00eda, Subsecretar\u00eda de Agricultura, Direcci\u00f3n de Municipios, Entes de Desarrollo de la Regi\u00f3n Sur y del Corredor Bioce\u00e1nico Norpatag\u00f3nico, Vialidad, ARSA, INTA y Agricultura Familiar, entre otros.<\/p>\n<p class=\"x_MsoNormal\">Tras el encuentro, la titular de la Unidad de Enlace Provincial con el CFI, Laura Perilli, se\u00f1al\u00f3: \u00abestamos muy satisfechos por la activa participaci\u00f3n de todos los referentes convocados, que trabajaron intensamente durante dos d\u00edas para acordar los ejes de intervenci\u00f3n comunes a las localidades de la Regi\u00f3n Sur, con vistas a la complementaci\u00f3n de sus potencialidades y al abordaje com\u00fan de sus problem\u00e1ticas. El pr\u00f3ximo paso es la realizaci\u00f3n de una nueva Aula Taller, en la que se convocar\u00e1 a los intendentes y autoridades del Ente de la L\u00ednea Sur, para acordar las directrices de ordenamiento territorial, que permitan avanzar hacia la\u00a0 definici\u00f3n de un modelo de desarrollo integrado para el conjunto de la Regi\u00f3n Sur y su inserci\u00f3n provincial\u201d.<\/p>\n<p>&nbsp;<\/p>\n<p>Fuente: Gobierno de R\u00edo Negro<\/p>\n","protected":false},"excerpt":{"rendered":"<p>JACOBACCI.- Con una puesta en com\u00fan de las conclusiones finaliz\u00f3 el encuentro-taller denominado \u201cAulas RN23\u201d, que se realiz\u00f3 en Ingeniero [&hellip;]<\/p>\n","protected":false},"author":2,"featured_media":0,"comment_status":"closed","ping_status":"closed","sticky":false,"template":"","format":"standard","meta":{"site-sidebar-layout":"default","site-content-layout":"","ast-site-content-layout":"default","site-content-style":"default","site-sidebar-style":"default","ast-global-header-display":"","ast-banner-title-visibility":"","ast-main-header-display":"","ast-hfb-above-header-display":"","ast-hfb-below-header-display":"","ast-hfb-mobile-header-display":"","site-post-title":"","ast-breadcrumbs-content":"","ast-featured-img":"","footer-sml-layout":"","ast-disable-related-posts":"","theme-transparent-header-meta":"","adv-header-id-meta":"","stick-header-meta":"","header-above-stick-meta":"","header-main-stick-meta":"","header-below-stick-meta":"","astra-migrate-meta-layouts":"default","ast-page-background-enabled":"default","ast-page-background-meta":{"desktop":{"background-color":"var(--ast-global-color-5)","background-image":"","background-repeat":"repeat","background-position":"center center","background-size":"auto","background-attachment":"scroll","background-type":"","background-media":"","overlay-type":"","overlay-color":"","overlay-opacity":"","overlay-gradient":""},"tablet":{"background-color":"","background-image":"","background-repeat":"repeat","background-position":"center center","background-size":"auto","background-attachment":"scroll","background-type":"","background-media":"","overlay-type":"","overlay-color":"","overlay-opacity":"","overlay-gradient":""},"mobile":{"background-color":"","background-image":"","background-repeat":"repeat","background-position":"center center","background-size":"auto","background-attachment":"scroll","background-type":"","background-media":"","overlay-type":"","overlay-color":"","overlay-opacity":"","overlay-gradient":""}},"ast-content-background-meta":{"desktop":{"background-color":"var(--ast-global-color-4)","background-image":"","background-repeat":"repeat","background-position":"center center","background-size":"auto","background-attachment":"scroll","background-type":"","background-media":"","overlay-type":"","overlay-color":"","overlay-opacity":"","overlay-gradient":""},"tablet":{"background-color":"var(--ast-global-color-4)","background-image":"","background-repeat":"repeat","background-position":"center center","background-size":"auto","background-attachment":"scroll","background-type":"","background-media":"","overlay-type":"","overlay-color":"","overlay-opacity":"","overlay-gradient":""},"mobile":{"background-color":"var(--ast-global-color-4)","background-image":"","background-repeat":"repeat","background-position":"center center","background-size":"auto","background-attachment":"scroll","background-type":"","background-media":"","overlay-type":"","overlay-color":"","overlay-opacity":"","overlay-gradient":""}},"footnotes":""},"categories":[16,1],"tags":[],"class_list":["post-23010","post","type-post","status-publish","format-standard","hentry","category-municipales","category-noticias"],"yoast_head":"<!-- This site is optimized with the Yoast SEO Premium plugin v23.0 (Yoast SEO v27.4) - https:\/\/yoast.com\/product\/yoast-seo-premium-wordpress\/ -->\n<title>R\u00edo Negro: Avanza en el dise\u00f1o de una estrategia com\u00fan de ordenamiento territorial para la Regi\u00f3n Sur<\/title>\n<meta name=\"robots\" content=\"index, follow, max-snippet:-1, max-image-preview:large, max-video-preview:-1\" \/>\n<link rel=\"canonical\" href=\"https:\/\/patagoniambiental.com.ar\/info\/rio-negro-avanza-en-el-diseno-de-una-estrategia-comun-de-ordenamiento-territorial-para-la-region-sur\/\" \/>\n<meta property=\"og:locale\" content=\"es_ES\" \/>\n<meta property=\"og:type\" content=\"article\" \/>\n<meta property=\"og:title\" content=\"R\u00edo Negro: Avanza en el dise\u00f1o de una estrategia com\u00fan de ordenamiento territorial para la Regi\u00f3n Sur\" \/>\n<meta property=\"og:description\" content=\"JACOBACCI.- Con una puesta en com\u00fan de las conclusiones finaliz\u00f3 el encuentro-taller denominado \u201cAulas RN23\u201d, que se realiz\u00f3 en Ingeniero [&hellip;]\" \/>\n<meta property=\"og:url\" content=\"https:\/\/patagoniambiental.com.ar\/info\/rio-negro-avanza-en-el-diseno-de-una-estrategia-comun-de-ordenamiento-territorial-para-la-region-sur\/\" \/>\n<meta property=\"og:site_name\" content=\"Patagonia Ambiental\" \/>\n<meta property=\"article:publisher\" content=\"https:\/\/www.facebook.com\/patagonia.ambiental\" \/>\n<meta property=\"article:author\" content=\"https:\/\/www.facebook.com\/share\/1C1V8Gv9BX\/?mibextid=qi2Omg\" \/>\n<meta property=\"article:published_time\" content=\"2016-11-29T12:00:08+00:00\" \/>\n<meta name=\"author\" content=\"Patagonia Ambiental\" \/>\n<meta name=\"twitter:card\" content=\"summary_large_image\" \/>\n<meta name=\"twitter:creator\" content=\"@PatAmb\" \/>\n<meta name=\"twitter:site\" content=\"@PatAmb\" \/>\n<script type=\"application\/ld+json\" class=\"yoast-schema-graph\">{\"@context\":\"https:\\\/\\\/schema.org\",\"@graph\":[{\"@type\":\"Article\",\"@id\":\"https:\\\/\\\/patagoniambiental.com.ar\\\/info\\\/rio-negro-avanza-en-el-diseno-de-una-estrategia-comun-de-ordenamiento-territorial-para-la-region-sur\\\/#article\",\"isPartOf\":{\"@id\":\"https:\\\/\\\/patagoniambiental.com.ar\\\/info\\\/rio-negro-avanza-en-el-diseno-de-una-estrategia-comun-de-ordenamiento-territorial-para-la-region-sur\\\/\"},\"author\":{\"name\":\"Patagonia Ambiental\",\"@id\":\"https:\\\/\\\/patagoniambiental.com.ar\\\/info\\\/#\\\/schema\\\/person\\\/db12bff64bbcbf6a253710bf0ea37b5d\"},\"headline\":\"R\u00edo Negro: Avanza en el dise\u00f1o de una estrategia com\u00fan de ordenamiento territorial para la Regi\u00f3n Sur\",\"datePublished\":\"2016-11-29T12:00:08+00:00\",\"mainEntityOfPage\":{\"@id\":\"https:\\\/\\\/patagoniambiental.com.ar\\\/info\\\/rio-negro-avanza-en-el-diseno-de-una-estrategia-comun-de-ordenamiento-territorial-para-la-region-sur\\\/\"},\"wordCount\":514,\"publisher\":{\"@id\":\"https:\\\/\\\/patagoniambiental.com.ar\\\/info\\\/#organization\"},\"articleSection\":[\"Municipales\",\"Noticias\"],\"inLanguage\":\"es\"},{\"@type\":\"WebPage\",\"@id\":\"https:\\\/\\\/patagoniambiental.com.ar\\\/info\\\/rio-negro-avanza-en-el-diseno-de-una-estrategia-comun-de-ordenamiento-territorial-para-la-region-sur\\\/\",\"url\":\"https:\\\/\\\/patagoniambiental.com.ar\\\/info\\\/rio-negro-avanza-en-el-diseno-de-una-estrategia-comun-de-ordenamiento-territorial-para-la-region-sur\\\/\",\"name\":\"R\u00edo Negro: Avanza en el dise\u00f1o de una estrategia com\u00fan de ordenamiento territorial para la Regi\u00f3n Sur\",\"isPartOf\":{\"@id\":\"https:\\\/\\\/patagoniambiental.com.ar\\\/info\\\/#website\"},\"datePublished\":\"2016-11-29T12:00:08+00:00\",\"breadcrumb\":{\"@id\":\"https:\\\/\\\/patagoniambiental.com.ar\\\/info\\\/rio-negro-avanza-en-el-diseno-de-una-estrategia-comun-de-ordenamiento-territorial-para-la-region-sur\\\/#breadcrumb\"},\"inLanguage\":\"es\",\"potentialAction\":[{\"@type\":\"ReadAction\",\"target\":[\"https:\\\/\\\/patagoniambiental.com.ar\\\/info\\\/rio-negro-avanza-en-el-diseno-de-una-estrategia-comun-de-ordenamiento-territorial-para-la-region-sur\\\/\"]}]},{\"@type\":\"BreadcrumbList\",\"@id\":\"https:\\\/\\\/patagoniambiental.com.ar\\\/info\\\/rio-negro-avanza-en-el-diseno-de-una-estrategia-comun-de-ordenamiento-territorial-para-la-region-sur\\\/#breadcrumb\",\"itemListElement\":[{\"@type\":\"ListItem\",\"position\":1,\"name\":\"Inicio\",\"item\":\"https:\\\/\\\/patagoniambiental.com.ar\\\/info\\\/\"},{\"@type\":\"ListItem\",\"position\":2,\"name\":\"R\u00edo Negro: Avanza en el dise\u00f1o de una estrategia com\u00fan de ordenamiento territorial para la Regi\u00f3n Sur\"}]},{\"@type\":\"WebSite\",\"@id\":\"https:\\\/\\\/patagoniambiental.com.ar\\\/info\\\/#website\",\"url\":\"https:\\\/\\\/patagoniambiental.com.ar\\\/info\\\/\",\"name\":\"Patagonia Ambiental\",\"description\":\"Monitoreo y an\u00e1lisis de la situaci\u00f3n geopol\u00edtica en el mundo y su implicancia en la Patagonia\",\"publisher\":{\"@id\":\"https:\\\/\\\/patagoniambiental.com.ar\\\/info\\\/#organization\"},\"potentialAction\":[{\"@type\":\"SearchAction\",\"target\":{\"@type\":\"EntryPoint\",\"urlTemplate\":\"https:\\\/\\\/patagoniambiental.com.ar\\\/info\\\/?s={search_term_string}\"},\"query-input\":{\"@type\":\"PropertyValueSpecification\",\"valueRequired\":true,\"valueName\":\"search_term_string\"}}],\"inLanguage\":\"es\"},{\"@type\":\"Organization\",\"@id\":\"https:\\\/\\\/patagoniambiental.com.ar\\\/info\\\/#organization\",\"name\":\"Patagonia Ambiental\",\"url\":\"https:\\\/\\\/patagoniambiental.com.ar\\\/info\\\/\",\"logo\":{\"@type\":\"ImageObject\",\"inLanguage\":\"es\",\"@id\":\"https:\\\/\\\/patagoniambiental.com.ar\\\/info\\\/#\\\/schema\\\/logo\\\/image\\\/\",\"url\":\"https:\\\/\\\/patagoniambiental.com.ar\\\/info\\\/wp-content\\\/uploads\\\/2025\\\/05\\\/LOGO-PATAGONIA-AMBIENTAL.png\",\"contentUrl\":\"https:\\\/\\\/patagoniambiental.com.ar\\\/info\\\/wp-content\\\/uploads\\\/2025\\\/05\\\/LOGO-PATAGONIA-AMBIENTAL.png\",\"width\":433,\"height\":250,\"caption\":\"Patagonia Ambiental\"},\"image\":{\"@id\":\"https:\\\/\\\/patagoniambiental.com.ar\\\/info\\\/#\\\/schema\\\/logo\\\/image\\\/\"},\"sameAs\":[\"https:\\\/\\\/www.facebook.com\\\/patagonia.ambiental\",\"https:\\\/\\\/x.com\\\/PatAmb\"]},{\"@type\":\"Person\",\"@id\":\"https:\\\/\\\/patagoniambiental.com.ar\\\/info\\\/#\\\/schema\\\/person\\\/db12bff64bbcbf6a253710bf0ea37b5d\",\"name\":\"Patagonia Ambiental\",\"description\":\"Andr\u00e9s Nievas T\u00e9cnico en manejo ambiental, consultor Ambiental y escritor para medios locales e internacionales sobre temas de geopolitica y medio ambiente.\",\"sameAs\":[\"http:\\\/\\\/www.patagoniambiental.com.ar\",\"https:\\\/\\\/www.facebook.com\\\/share\\\/1C1V8Gv9BX\\\/?mibextid=qi2Omg\",\"@patagoniambiental\",\"https:\\\/\\\/youtube.com\\\/@patagoniaambiental2023?si=BLt58t0wuXquxlYZ\"]}]}<\/script>\n<!-- \/ Yoast SEO Premium plugin. -->","yoast_head_json":{"title":"R\u00edo Negro: Avanza en el dise\u00f1o de una estrategia com\u00fan de ordenamiento territorial para la Regi\u00f3n Sur","robots":{"index":"index","follow":"follow","max-snippet":"max-snippet:-1","max-image-preview":"max-image-preview:large","max-video-preview":"max-video-preview:-1"},"canonical":"https:\/\/patagoniambiental.com.ar\/info\/rio-negro-avanza-en-el-diseno-de-una-estrategia-comun-de-ordenamiento-territorial-para-la-region-sur\/","og_locale":"es_ES","og_type":"article","og_title":"R\u00edo Negro: Avanza en el dise\u00f1o de una estrategia com\u00fan de ordenamiento territorial para la Regi\u00f3n Sur","og_description":"JACOBACCI.- Con una puesta en com\u00fan de las conclusiones finaliz\u00f3 el encuentro-taller denominado \u201cAulas RN23\u201d, que se realiz\u00f3 en Ingeniero [&hellip;]","og_url":"https:\/\/patagoniambiental.com.ar\/info\/rio-negro-avanza-en-el-diseno-de-una-estrategia-comun-de-ordenamiento-territorial-para-la-region-sur\/","og_site_name":"Patagonia Ambiental","article_publisher":"https:\/\/www.facebook.com\/patagonia.ambiental","article_author":"https:\/\/www.facebook.com\/share\/1C1V8Gv9BX\/?mibextid=qi2Omg","article_published_time":"2016-11-29T12:00:08+00:00","author":"Patagonia Ambiental","twitter_card":"summary_large_image","twitter_creator":"@PatAmb","twitter_site":"@PatAmb","schema":{"@context":"https:\/\/schema.org","@graph":[{"@type":"Article","@id":"https:\/\/patagoniambiental.com.ar\/info\/rio-negro-avanza-en-el-diseno-de-una-estrategia-comun-de-ordenamiento-territorial-para-la-region-sur\/#article","isPartOf":{"@id":"https:\/\/patagoniambiental.com.ar\/info\/rio-negro-avanza-en-el-diseno-de-una-estrategia-comun-de-ordenamiento-territorial-para-la-region-sur\/"},"author":{"name":"Patagonia Ambiental","@id":"https:\/\/patagoniambiental.com.ar\/info\/#\/schema\/person\/db12bff64bbcbf6a253710bf0ea37b5d"},"headline":"R\u00edo Negro: Avanza en el dise\u00f1o de una estrategia com\u00fan de ordenamiento territorial para la Regi\u00f3n Sur","datePublished":"2016-11-29T12:00:08+00:00","mainEntityOfPage":{"@id":"https:\/\/patagoniambiental.com.ar\/info\/rio-negro-avanza-en-el-diseno-de-una-estrategia-comun-de-ordenamiento-territorial-para-la-region-sur\/"},"wordCount":514,"publisher":{"@id":"https:\/\/patagoniambiental.com.ar\/info\/#organization"},"articleSection":["Municipales","Noticias"],"inLanguage":"es"},{"@type":"WebPage","@id":"https:\/\/patagoniambiental.com.ar\/info\/rio-negro-avanza-en-el-diseno-de-una-estrategia-comun-de-ordenamiento-territorial-para-la-region-sur\/","url":"https:\/\/patagoniambiental.com.ar\/info\/rio-negro-avanza-en-el-diseno-de-una-estrategia-comun-de-ordenamiento-territorial-para-la-region-sur\/","name":"R\u00edo Negro: Avanza en el dise\u00f1o de una estrategia com\u00fan de ordenamiento territorial para la Regi\u00f3n Sur","isPartOf":{"@id":"https:\/\/patagoniambiental.com.ar\/info\/#website"},"datePublished":"2016-11-29T12:00:08+00:00","breadcrumb":{"@id":"https:\/\/patagoniambiental.com.ar\/info\/rio-negro-avanza-en-el-diseno-de-una-estrategia-comun-de-ordenamiento-territorial-para-la-region-sur\/#breadcrumb"},"inLanguage":"es","potentialAction":[{"@type":"ReadAction","target":["https:\/\/patagoniambiental.com.ar\/info\/rio-negro-avanza-en-el-diseno-de-una-estrategia-comun-de-ordenamiento-territorial-para-la-region-sur\/"]}]},{"@type":"BreadcrumbList","@id":"https:\/\/patagoniambiental.com.ar\/info\/rio-negro-avanza-en-el-diseno-de-una-estrategia-comun-de-ordenamiento-territorial-para-la-region-sur\/#breadcrumb","itemListElement":[{"@type":"ListItem","position":1,"name":"Inicio","item":"https:\/\/patagoniambiental.com.ar\/info\/"},{"@type":"ListItem","position":2,"name":"R\u00edo Negro: Avanza en el dise\u00f1o de una estrategia com\u00fan de ordenamiento territorial para la Regi\u00f3n Sur"}]},{"@type":"WebSite","@id":"https:\/\/patagoniambiental.com.ar\/info\/#website","url":"https:\/\/patagoniambiental.com.ar\/info\/","name":"Patagonia Ambiental","description":"Monitoreo y an\u00e1lisis de la situaci\u00f3n geopol\u00edtica en el mundo y su implicancia en la Patagonia","publisher":{"@id":"https:\/\/patagoniambiental.com.ar\/info\/#organization"},"potentialAction":[{"@type":"SearchAction","target":{"@type":"EntryPoint","urlTemplate":"https:\/\/patagoniambiental.com.ar\/info\/?s={search_term_string}"},"query-input":{"@type":"PropertyValueSpecification","valueRequired":true,"valueName":"search_term_string"}}],"inLanguage":"es"},{"@type":"Organization","@id":"https:\/\/patagoniambiental.com.ar\/info\/#organization","name":"Patagonia Ambiental","url":"https:\/\/patagoniambiental.com.ar\/info\/","logo":{"@type":"ImageObject","inLanguage":"es","@id":"https:\/\/patagoniambiental.com.ar\/info\/#\/schema\/logo\/image\/","url":"https:\/\/patagoniambiental.com.ar\/info\/wp-content\/uploads\/2025\/05\/LOGO-PATAGONIA-AMBIENTAL.png","contentUrl":"https:\/\/patagoniambiental.com.ar\/info\/wp-content\/uploads\/2025\/05\/LOGO-PATAGONIA-AMBIENTAL.png","width":433,"height":250,"caption":"Patagonia Ambiental"},"image":{"@id":"https:\/\/patagoniambiental.com.ar\/info\/#\/schema\/logo\/image\/"},"sameAs":["https:\/\/www.facebook.com\/patagonia.ambiental","https:\/\/x.com\/PatAmb"]},{"@type":"Person","@id":"https:\/\/patagoniambiental.com.ar\/info\/#\/schema\/person\/db12bff64bbcbf6a253710bf0ea37b5d","name":"Patagonia Ambiental","description":"Andr\u00e9s Nievas T\u00e9cnico en manejo ambiental, consultor Ambiental y escritor para medios locales e internacionales sobre temas de geopolitica y medio ambiente.","sameAs":["http:\/\/www.patagoniambiental.com.ar","https:\/\/www.facebook.com\/share\/1C1V8Gv9BX\/?mibextid=qi2Omg","@patagoniambiental","https:\/\/youtube.com\/@patagoniaambiental2023?si=BLt58t0wuXquxlYZ"]}]}},"_links":{"self":[{"href":"https:\/\/patagoniambiental.com.ar\/info\/wp-json\/wp\/v2\/posts\/23010","targetHints":{"allow":["GET"]}}],"collection":[{"href":"https:\/\/patagoniambiental.com.ar\/info\/wp-json\/wp\/v2\/posts"}],"about":[{"href":"https:\/\/patagoniambiental.com.ar\/info\/wp-json\/wp\/v2\/types\/post"}],"author":[{"embeddable":true,"href":"https:\/\/patagoniambiental.com.ar\/info\/wp-json\/wp\/v2\/users\/2"}],"replies":[{"embeddable":true,"href":"https:\/\/patagoniambiental.com.ar\/info\/wp-json\/wp\/v2\/comments?post=23010"}],"version-history":[{"count":0,"href":"https:\/\/patagoniambiental.com.ar\/info\/wp-json\/wp\/v2\/posts\/23010\/revisions"}],"wp:attachment":[{"href":"https:\/\/patagoniambiental.com.ar\/info\/wp-json\/wp\/v2\/media?parent=23010"}],"wp:term":[{"taxonomy":"category","embeddable":true,"href":"https:\/\/patagoniambiental.com.ar\/info\/wp-json\/wp\/v2\/categories?post=23010"},{"taxonomy":"post_tag","embeddable":true,"href":"https:\/\/patagoniambiental.com.ar\/info\/wp-json\/wp\/v2\/tags?post=23010"}],"curies":[{"name":"wp","href":"https:\/\/api.w.org\/{rel}","templated":true}]}}