{"id":23032,"date":"2016-11-29T09:18:14","date_gmt":"2016-11-29T12:18:14","guid":{"rendered":"http:\/\/patagoniambiental.com.ar\/?p=23032"},"modified":"2016-11-29T09:18:14","modified_gmt":"2016-11-29T12:18:14","slug":"taller-sobre-el-sello-verde-puerto-madryn","status":"publish","type":"post","link":"https:\/\/patagoniambiental.com.ar\/info\/taller-sobre-el-sello-verde-puerto-madryn\/","title":{"rendered":"TALLER SOBRE EL \u201cSELLO VERDE PUERTO MADRYN\u201d"},"content":{"rendered":"<p><strong>Puerto Madryn.-Se trat\u00f3 de una capacitaci\u00f3n interna orientada a los agentes de las Secretar\u00edas de Ecolog\u00eda y Turismo del Municipio.<\/strong><!--more--><\/p>\n<p>La Secretar\u00eda de Ecolog\u00eda y Protecci\u00f3n Ambiental y la Secretar\u00eda de Turismo y Deporte de la Municipalidad de Puerto Madryn llevaron a cabo el primer taller de sensibilizaci\u00f3n para la implementaci\u00f3n del certificado del \u201cSello Verde Puerto Madryn\u201d.<\/p>\n<p>La actividad tuvo lugar en las instalaciones del Teatro del Muelle y fue la primera instancia de capacitaci\u00f3n interna orientada a informantes, promotores ambientales, guardafaunas del \u00c1rea Natural Protegida El Doradillo, cuyas tareas implican la interacci\u00f3n permanente con turistas y residentes.<\/p>\n<p>Durante el taller, disertaron Paola Marino,\u00a0directora\u00a0de Gesti\u00f3n Ambiental; Luis Pigoni, director\u00a0de Planificaci\u00f3n Ambiental y Evaluaci\u00f3n de Proyectos; Jessica Paz Ure\u00f1a, del \u00e1rea de Educaci\u00f3n Ambiental de la Secretar\u00eda de Ecolog\u00eda, y Fiorela Polotto, integrante del \u00e1rea de Eventos de la Secretar\u00eda de Turismo. En tal oportunidad, se detallaron los requisitos necesarios para la obtenci\u00f3n de la certificaci\u00f3n municipal del Sello Verde. Adem\u00e1s, se abordaron diversos temas relacionados al cuidado ambiental como la importancia del uso razonable del agua, la separaci\u00f3n de residuos y Responsabilidad Social Empresaria (RSE).<\/p>\n<p>La certificaci\u00f3n est\u00e1 destinada a aquellos establecimientos (hoteleros, comerciales) que quieran postularse voluntariamente y busquen distinguirse por su contribuci\u00f3n continua al cuidado del medio ambiente.<\/p>\n<p>Cabe destacar que se proyecta una implementaci\u00f3n gradual en los establecimientos durante el transcurso de 2017, dependiendo del compromiso y cumplimiento de cada prestador con las etapas establecidas en base a las mejoras ambientales de la actividad. Podr\u00e1n obtenerse hasta cuatro niveles de categorizaci\u00f3n y tendr\u00e1 una vigencia de dos a\u00f1os.<\/p>\n<p>\u201cSello verde \u00a0Puerto Madryn\u201d tiene como fin poner en valor el esfuerzo de comerciantes locales as\u00ed como su RSE\u00a0orientada al cuidado y conservaci\u00f3n del medio ambiente.<\/p>\n<p>Fuente: LU17<\/p>\n","protected":false},"excerpt":{"rendered":"<p>Puerto Madryn.-Se trat\u00f3 de una capacitaci\u00f3n interna orientada a los agentes de las Secretar\u00edas de Ecolog\u00eda y Turismo del Municipio.<\/p>\n","protected":false},"author":2,"featured_media":0,"comment_status":"closed","ping_status":"closed","sticky":false,"template":"","format":"standard","meta":{"site-sidebar-layout":"default","site-content-layout":"","ast-site-content-layout":"default","site-content-style":"default","site-sidebar-style":"default","ast-global-header-display":"","ast-banner-title-visibility":"","ast-main-header-display":"","ast-hfb-above-header-display":"","ast-hfb-below-header-display":"","ast-hfb-mobile-header-display":"","site-post-title":"","ast-breadcrumbs-content":"","ast-featured-img":"","footer-sml-layout":"","ast-disable-related-posts":"","theme-transparent-header-meta":"","adv-header-id-meta":"","stick-header-meta":"","header-above-stick-meta":"","header-main-stick-meta":"","header-below-stick-meta":"","astra-migrate-meta-layouts":"default","ast-page-background-enabled":"default","ast-page-background-meta":{"desktop":{"background-color":"var(--ast-global-color-5)","background-image":"","background-repeat":"repeat","background-position":"center center","background-size":"auto","background-attachment":"scroll","background-type":"","background-media":"","overlay-type":"","overlay-color":"","overlay-opacity":"","overlay-gradient":""},"tablet":{"background-color":"","background-image":"","background-repeat":"repeat","background-position":"center center","background-size":"auto","background-attachment":"scroll","background-type":"","background-media":"","overlay-type":"","overlay-color":"","overlay-opacity":"","overlay-gradient":""},"mobile":{"background-color":"","background-image":"","background-repeat":"repeat","background-position":"center center","background-size":"auto","background-attachment":"scroll","background-type":"","background-media":"","overlay-type":"","overlay-color":"","overlay-opacity":"","overlay-gradient":""}},"ast-content-background-meta":{"desktop":{"background-color":"var(--ast-global-color-4)","background-image":"","background-repeat":"repeat","background-position":"center center","background-size":"auto","background-attachment":"scroll","background-type":"","background-media":"","overlay-type":"","overlay-color":"","overlay-opacity":"","overlay-gradient":""},"tablet":{"background-color":"var(--ast-global-color-4)","background-image":"","background-repeat":"repeat","background-position":"center center","background-size":"auto","background-attachment":"scroll","background-type":"","background-media":"","overlay-type":"","overlay-color":"","overlay-opacity":"","overlay-gradient":""},"mobile":{"background-color":"var(--ast-global-color-4)","background-image":"","background-repeat":"repeat","background-position":"center center","background-size":"auto","background-attachment":"scroll","background-type":"","background-media":"","overlay-type":"","overlay-color":"","overlay-opacity":"","overlay-gradient":""}},"footnotes":""},"categories":[16,1],"tags":[],"class_list":["post-23032","post","type-post","status-publish","format-standard","hentry","category-municipales","category-noticias"],"yoast_head":"<!-- This site is optimized with the Yoast SEO Premium plugin v23.0 (Yoast SEO v27.4) - https:\/\/yoast.com\/product\/yoast-seo-premium-wordpress\/ -->\n<title>TALLER SOBRE EL \u201cSELLO VERDE PUERTO MADRYN\u201d<\/title>\n<meta name=\"robots\" content=\"index, follow, max-snippet:-1, max-image-preview:large, max-video-preview:-1\" \/>\n<link rel=\"canonical\" href=\"https:\/\/patagoniambiental.com.ar\/info\/taller-sobre-el-sello-verde-puerto-madryn\/\" \/>\n<meta property=\"og:locale\" content=\"es_ES\" \/>\n<meta property=\"og:type\" content=\"article\" \/>\n<meta property=\"og:title\" content=\"TALLER SOBRE EL \u201cSELLO VERDE PUERTO MADRYN\u201d\" \/>\n<meta property=\"og:description\" content=\"Puerto Madryn.-Se trat\u00f3 de una capacitaci\u00f3n interna orientada a los agentes de las Secretar\u00edas de Ecolog\u00eda y Turismo del Municipio.\" \/>\n<meta property=\"og:url\" content=\"https:\/\/patagoniambiental.com.ar\/info\/taller-sobre-el-sello-verde-puerto-madryn\/\" \/>\n<meta property=\"og:site_name\" content=\"Patagonia Ambiental\" \/>\n<meta property=\"article:publisher\" content=\"https:\/\/www.facebook.com\/patagonia.ambiental\" \/>\n<meta property=\"article:author\" content=\"https:\/\/www.facebook.com\/share\/1C1V8Gv9BX\/?mibextid=qi2Omg\" \/>\n<meta property=\"article:published_time\" content=\"2016-11-29T12:18:14+00:00\" \/>\n<meta name=\"author\" content=\"Patagonia Ambiental\" \/>\n<meta name=\"twitter:card\" content=\"summary_large_image\" \/>\n<meta name=\"twitter:creator\" content=\"@PatAmb\" \/>\n<meta name=\"twitter:site\" content=\"@PatAmb\" \/>\n<script type=\"application\/ld+json\" class=\"yoast-schema-graph\">{\"@context\":\"https:\\\/\\\/schema.org\",\"@graph\":[{\"@type\":\"Article\",\"@id\":\"https:\\\/\\\/patagoniambiental.com.ar\\\/info\\\/taller-sobre-el-sello-verde-puerto-madryn\\\/#article\",\"isPartOf\":{\"@id\":\"https:\\\/\\\/patagoniambiental.com.ar\\\/info\\\/taller-sobre-el-sello-verde-puerto-madryn\\\/\"},\"author\":{\"name\":\"Patagonia Ambiental\",\"@id\":\"https:\\\/\\\/patagoniambiental.com.ar\\\/info\\\/#\\\/schema\\\/person\\\/db12bff64bbcbf6a253710bf0ea37b5d\"},\"headline\":\"TALLER SOBRE EL \u201cSELLO VERDE PUERTO MADRYN\u201d\",\"datePublished\":\"2016-11-29T12:18:14+00:00\",\"mainEntityOfPage\":{\"@id\":\"https:\\\/\\\/patagoniambiental.com.ar\\\/info\\\/taller-sobre-el-sello-verde-puerto-madryn\\\/\"},\"wordCount\":331,\"publisher\":{\"@id\":\"https:\\\/\\\/patagoniambiental.com.ar\\\/info\\\/#organization\"},\"articleSection\":[\"Municipales\",\"Noticias\"],\"inLanguage\":\"es\"},{\"@type\":\"WebPage\",\"@id\":\"https:\\\/\\\/patagoniambiental.com.ar\\\/info\\\/taller-sobre-el-sello-verde-puerto-madryn\\\/\",\"url\":\"https:\\\/\\\/patagoniambiental.com.ar\\\/info\\\/taller-sobre-el-sello-verde-puerto-madryn\\\/\",\"name\":\"TALLER SOBRE EL \u201cSELLO VERDE PUERTO MADRYN\u201d\",\"isPartOf\":{\"@id\":\"https:\\\/\\\/patagoniambiental.com.ar\\\/info\\\/#website\"},\"datePublished\":\"2016-11-29T12:18:14+00:00\",\"breadcrumb\":{\"@id\":\"https:\\\/\\\/patagoniambiental.com.ar\\\/info\\\/taller-sobre-el-sello-verde-puerto-madryn\\\/#breadcrumb\"},\"inLanguage\":\"es\",\"potentialAction\":[{\"@type\":\"ReadAction\",\"target\":[\"https:\\\/\\\/patagoniambiental.com.ar\\\/info\\\/taller-sobre-el-sello-verde-puerto-madryn\\\/\"]}]},{\"@type\":\"BreadcrumbList\",\"@id\":\"https:\\\/\\\/patagoniambiental.com.ar\\\/info\\\/taller-sobre-el-sello-verde-puerto-madryn\\\/#breadcrumb\",\"itemListElement\":[{\"@type\":\"ListItem\",\"position\":1,\"name\":\"Inicio\",\"item\":\"https:\\\/\\\/patagoniambiental.com.ar\\\/info\\\/\"},{\"@type\":\"ListItem\",\"position\":2,\"name\":\"TALLER SOBRE EL \u201cSELLO VERDE PUERTO MADRYN\u201d\"}]},{\"@type\":\"WebSite\",\"@id\":\"https:\\\/\\\/patagoniambiental.com.ar\\\/info\\\/#website\",\"url\":\"https:\\\/\\\/patagoniambiental.com.ar\\\/info\\\/\",\"name\":\"Patagonia Ambiental\",\"description\":\"Monitoreo y an\u00e1lisis de la situaci\u00f3n geopol\u00edtica en el mundo y su implicancia en la Patagonia\",\"publisher\":{\"@id\":\"https:\\\/\\\/patagoniambiental.com.ar\\\/info\\\/#organization\"},\"potentialAction\":[{\"@type\":\"SearchAction\",\"target\":{\"@type\":\"EntryPoint\",\"urlTemplate\":\"https:\\\/\\\/patagoniambiental.com.ar\\\/info\\\/?s={search_term_string}\"},\"query-input\":{\"@type\":\"PropertyValueSpecification\",\"valueRequired\":true,\"valueName\":\"search_term_string\"}}],\"inLanguage\":\"es\"},{\"@type\":\"Organization\",\"@id\":\"https:\\\/\\\/patagoniambiental.com.ar\\\/info\\\/#organization\",\"name\":\"Patagonia Ambiental\",\"url\":\"https:\\\/\\\/patagoniambiental.com.ar\\\/info\\\/\",\"logo\":{\"@type\":\"ImageObject\",\"inLanguage\":\"es\",\"@id\":\"https:\\\/\\\/patagoniambiental.com.ar\\\/info\\\/#\\\/schema\\\/logo\\\/image\\\/\",\"url\":\"https:\\\/\\\/patagoniambiental.com.ar\\\/info\\\/wp-content\\\/uploads\\\/2025\\\/05\\\/LOGO-PATAGONIA-AMBIENTAL.png\",\"contentUrl\":\"https:\\\/\\\/patagoniambiental.com.ar\\\/info\\\/wp-content\\\/uploads\\\/2025\\\/05\\\/LOGO-PATAGONIA-AMBIENTAL.png\",\"width\":433,\"height\":250,\"caption\":\"Patagonia Ambiental\"},\"image\":{\"@id\":\"https:\\\/\\\/patagoniambiental.com.ar\\\/info\\\/#\\\/schema\\\/logo\\\/image\\\/\"},\"sameAs\":[\"https:\\\/\\\/www.facebook.com\\\/patagonia.ambiental\",\"https:\\\/\\\/x.com\\\/PatAmb\"]},{\"@type\":\"Person\",\"@id\":\"https:\\\/\\\/patagoniambiental.com.ar\\\/info\\\/#\\\/schema\\\/person\\\/db12bff64bbcbf6a253710bf0ea37b5d\",\"name\":\"Patagonia Ambiental\",\"description\":\"Andr\u00e9s Nievas T\u00e9cnico en manejo ambiental, consultor Ambiental y escritor para medios locales e internacionales sobre temas de geopolitica y medio ambiente.\",\"sameAs\":[\"http:\\\/\\\/www.patagoniambiental.com.ar\",\"https:\\\/\\\/www.facebook.com\\\/share\\\/1C1V8Gv9BX\\\/?mibextid=qi2Omg\",\"@patagoniambiental\",\"https:\\\/\\\/youtube.com\\\/@patagoniaambiental2023?si=BLt58t0wuXquxlYZ\"]}]}<\/script>\n<!-- \/ Yoast SEO Premium plugin. -->","yoast_head_json":{"title":"TALLER SOBRE EL \u201cSELLO VERDE PUERTO MADRYN\u201d","robots":{"index":"index","follow":"follow","max-snippet":"max-snippet:-1","max-image-preview":"max-image-preview:large","max-video-preview":"max-video-preview:-1"},"canonical":"https:\/\/patagoniambiental.com.ar\/info\/taller-sobre-el-sello-verde-puerto-madryn\/","og_locale":"es_ES","og_type":"article","og_title":"TALLER SOBRE EL \u201cSELLO VERDE PUERTO MADRYN\u201d","og_description":"Puerto Madryn.-Se trat\u00f3 de una capacitaci\u00f3n interna orientada a los agentes de las Secretar\u00edas de Ecolog\u00eda y Turismo del Municipio.","og_url":"https:\/\/patagoniambiental.com.ar\/info\/taller-sobre-el-sello-verde-puerto-madryn\/","og_site_name":"Patagonia Ambiental","article_publisher":"https:\/\/www.facebook.com\/patagonia.ambiental","article_author":"https:\/\/www.facebook.com\/share\/1C1V8Gv9BX\/?mibextid=qi2Omg","article_published_time":"2016-11-29T12:18:14+00:00","author":"Patagonia Ambiental","twitter_card":"summary_large_image","twitter_creator":"@PatAmb","twitter_site":"@PatAmb","schema":{"@context":"https:\/\/schema.org","@graph":[{"@type":"Article","@id":"https:\/\/patagoniambiental.com.ar\/info\/taller-sobre-el-sello-verde-puerto-madryn\/#article","isPartOf":{"@id":"https:\/\/patagoniambiental.com.ar\/info\/taller-sobre-el-sello-verde-puerto-madryn\/"},"author":{"name":"Patagonia Ambiental","@id":"https:\/\/patagoniambiental.com.ar\/info\/#\/schema\/person\/db12bff64bbcbf6a253710bf0ea37b5d"},"headline":"TALLER SOBRE EL \u201cSELLO VERDE PUERTO MADRYN\u201d","datePublished":"2016-11-29T12:18:14+00:00","mainEntityOfPage":{"@id":"https:\/\/patagoniambiental.com.ar\/info\/taller-sobre-el-sello-verde-puerto-madryn\/"},"wordCount":331,"publisher":{"@id":"https:\/\/patagoniambiental.com.ar\/info\/#organization"},"articleSection":["Municipales","Noticias"],"inLanguage":"es"},{"@type":"WebPage","@id":"https:\/\/patagoniambiental.com.ar\/info\/taller-sobre-el-sello-verde-puerto-madryn\/","url":"https:\/\/patagoniambiental.com.ar\/info\/taller-sobre-el-sello-verde-puerto-madryn\/","name":"TALLER SOBRE EL \u201cSELLO VERDE PUERTO MADRYN\u201d","isPartOf":{"@id":"https:\/\/patagoniambiental.com.ar\/info\/#website"},"datePublished":"2016-11-29T12:18:14+00:00","breadcrumb":{"@id":"https:\/\/patagoniambiental.com.ar\/info\/taller-sobre-el-sello-verde-puerto-madryn\/#breadcrumb"},"inLanguage":"es","potentialAction":[{"@type":"ReadAction","target":["https:\/\/patagoniambiental.com.ar\/info\/taller-sobre-el-sello-verde-puerto-madryn\/"]}]},{"@type":"BreadcrumbList","@id":"https:\/\/patagoniambiental.com.ar\/info\/taller-sobre-el-sello-verde-puerto-madryn\/#breadcrumb","itemListElement":[{"@type":"ListItem","position":1,"name":"Inicio","item":"https:\/\/patagoniambiental.com.ar\/info\/"},{"@type":"ListItem","position":2,"name":"TALLER SOBRE EL \u201cSELLO VERDE PUERTO MADRYN\u201d"}]},{"@type":"WebSite","@id":"https:\/\/patagoniambiental.com.ar\/info\/#website","url":"https:\/\/patagoniambiental.com.ar\/info\/","name":"Patagonia Ambiental","description":"Monitoreo y an\u00e1lisis de la situaci\u00f3n geopol\u00edtica en el mundo y su implicancia en la Patagonia","publisher":{"@id":"https:\/\/patagoniambiental.com.ar\/info\/#organization"},"potentialAction":[{"@type":"SearchAction","target":{"@type":"EntryPoint","urlTemplate":"https:\/\/patagoniambiental.com.ar\/info\/?s={search_term_string}"},"query-input":{"@type":"PropertyValueSpecification","valueRequired":true,"valueName":"search_term_string"}}],"inLanguage":"es"},{"@type":"Organization","@id":"https:\/\/patagoniambiental.com.ar\/info\/#organization","name":"Patagonia Ambiental","url":"https:\/\/patagoniambiental.com.ar\/info\/","logo":{"@type":"ImageObject","inLanguage":"es","@id":"https:\/\/patagoniambiental.com.ar\/info\/#\/schema\/logo\/image\/","url":"https:\/\/patagoniambiental.com.ar\/info\/wp-content\/uploads\/2025\/05\/LOGO-PATAGONIA-AMBIENTAL.png","contentUrl":"https:\/\/patagoniambiental.com.ar\/info\/wp-content\/uploads\/2025\/05\/LOGO-PATAGONIA-AMBIENTAL.png","width":433,"height":250,"caption":"Patagonia Ambiental"},"image":{"@id":"https:\/\/patagoniambiental.com.ar\/info\/#\/schema\/logo\/image\/"},"sameAs":["https:\/\/www.facebook.com\/patagonia.ambiental","https:\/\/x.com\/PatAmb"]},{"@type":"Person","@id":"https:\/\/patagoniambiental.com.ar\/info\/#\/schema\/person\/db12bff64bbcbf6a253710bf0ea37b5d","name":"Patagonia Ambiental","description":"Andr\u00e9s Nievas T\u00e9cnico en manejo ambiental, consultor Ambiental y escritor para medios locales e internacionales sobre temas de geopolitica y medio ambiente.","sameAs":["http:\/\/www.patagoniambiental.com.ar","https:\/\/www.facebook.com\/share\/1C1V8Gv9BX\/?mibextid=qi2Omg","@patagoniambiental","https:\/\/youtube.com\/@patagoniaambiental2023?si=BLt58t0wuXquxlYZ"]}]}},"_links":{"self":[{"href":"https:\/\/patagoniambiental.com.ar\/info\/wp-json\/wp\/v2\/posts\/23032","targetHints":{"allow":["GET"]}}],"collection":[{"href":"https:\/\/patagoniambiental.com.ar\/info\/wp-json\/wp\/v2\/posts"}],"about":[{"href":"https:\/\/patagoniambiental.com.ar\/info\/wp-json\/wp\/v2\/types\/post"}],"author":[{"embeddable":true,"href":"https:\/\/patagoniambiental.com.ar\/info\/wp-json\/wp\/v2\/users\/2"}],"replies":[{"embeddable":true,"href":"https:\/\/patagoniambiental.com.ar\/info\/wp-json\/wp\/v2\/comments?post=23032"}],"version-history":[{"count":0,"href":"https:\/\/patagoniambiental.com.ar\/info\/wp-json\/wp\/v2\/posts\/23032\/revisions"}],"wp:attachment":[{"href":"https:\/\/patagoniambiental.com.ar\/info\/wp-json\/wp\/v2\/media?parent=23032"}],"wp:term":[{"taxonomy":"category","embeddable":true,"href":"https:\/\/patagoniambiental.com.ar\/info\/wp-json\/wp\/v2\/categories?post=23032"},{"taxonomy":"post_tag","embeddable":true,"href":"https:\/\/patagoniambiental.com.ar\/info\/wp-json\/wp\/v2\/tags?post=23032"}],"curies":[{"name":"wp","href":"https:\/\/api.w.org\/{rel}","templated":true}]}}