{"id":23045,"date":"2016-11-30T09:00:20","date_gmt":"2016-11-30T12:00:20","guid":{"rendered":"http:\/\/patagoniambiental.com.ar\/?p=23045"},"modified":"2016-11-30T09:00:20","modified_gmt":"2016-11-30T12:00:20","slug":"preocupados-por-aparicion-de-chemtrails-concejales-de-dina-huapi-piden-informes","status":"publish","type":"post","link":"https:\/\/patagoniambiental.com.ar\/info\/preocupados-por-aparicion-de-chemtrails-concejales-de-dina-huapi-piden-informes\/","title":{"rendered":"Preocupados por aparici\u00f3n de \u201cchemtrails\u201d, concejales de Dina Huapi piden informes"},"content":{"rendered":"<p>DINA HUAPI.- Los ediles de Dina Huapi F\u00e9lix Chamorro, Alejandro Corbatta y Silvia Mosman, se mostraron preocupados por las \u201chuellas\u201d que aparecieron el cielo en las \u00faltimas semanas.<\/p>\n<p>Por esa raz\u00f3n, emitieron un pedido a la Secretar\u00eda de Medio Ambiente y Desarrollo de R\u00edo Negro, para que \u201cse informe si los vuelos dentro del espacio a\u00e9reo de la provincia y sobre todo en zona cordillerana y de estepa, que han generado consultas por parte de nuestros vecinos, \u00a0est\u00e1n o no, relacionados con estelas qu\u00edmicas, quimio estelas o com\u00fanmente conocido como chemtrails\u201d.<\/p>\n<p>\u201cConcretamente, solicitamos que nos informe si la Secretar\u00eda de Medio Ambiente tiene informaci\u00f3n al respecto y de ser as\u00ed, darnos mayor informaci\u00f3n para poder informar a nuestros vecinos\u201d, se\u00f1alaron los concejales.<\/p>\n<p>\u00bfQu\u00e9 son los chemtrails? Nadie conoce su origen, y si bien hay ciertas hip\u00f3tesis y teor\u00edas de conspiraci\u00f3n, estas tampoco se pudieron corroborar con pruebas fehacientes, por lo menos hasta el momento.<\/p>\n<p>Algunas fuentes internacionales achacan el fen\u00f3meno a la teor\u00eda mundialmente conocida como los chemtrails: aviones que vuelan bajo y dejan trazas en el cielo con restos qu\u00edmicos con el objetivo de cambiar el clima.<\/p>\n<p>\u00bfQu\u00e9 arrojan los chemtrails sobre el hombre, los animales, las plantas y la tierra? T\u00f3xicos y sustancias biol\u00f3gicas.<\/p>\n<p>A ra\u00edz de diversas pruebas que se han realizado sobre el terreno afectado, en los lugares donde frecuentan estas estelas qu\u00edmicas se han encontrado altos niveles de metales pesados tales como aluminio y bario.<\/p>\n<p>En la regi\u00f3n andina no hay informes al respecto, por eso la preocupaci\u00f3n de los concejales dinahuapenses.<\/p>\n<div class=\"creditos alert alert-info alert-block\">\n<p>Fuente: Bariloche2000<\/p>\n<\/div>\n","protected":false},"excerpt":{"rendered":"<p>DINA HUAPI.- Los ediles de Dina Huapi F\u00e9lix Chamorro, Alejandro Corbatta y Silvia Mosman, se mostraron preocupados por las \u201chuellas\u201d [&hellip;]<\/p>\n","protected":false},"author":2,"featured_media":0,"comment_status":"closed","ping_status":"closed","sticky":false,"template":"","format":"standard","meta":{"site-sidebar-layout":"default","site-content-layout":"","ast-site-content-layout":"default","site-content-style":"default","site-sidebar-style":"default","ast-global-header-display":"","ast-banner-title-visibility":"","ast-main-header-display":"","ast-hfb-above-header-display":"","ast-hfb-below-header-display":"","ast-hfb-mobile-header-display":"","site-post-title":"","ast-breadcrumbs-content":"","ast-featured-img":"","footer-sml-layout":"","ast-disable-related-posts":"","theme-transparent-header-meta":"","adv-header-id-meta":"","stick-header-meta":"","header-above-stick-meta":"","header-main-stick-meta":"","header-below-stick-meta":"","astra-migrate-meta-layouts":"default","ast-page-background-enabled":"default","ast-page-background-meta":{"desktop":{"background-color":"var(--ast-global-color-5)","background-image":"","background-repeat":"repeat","background-position":"center center","background-size":"auto","background-attachment":"scroll","background-type":"","background-media":"","overlay-type":"","overlay-color":"","overlay-opacity":"","overlay-gradient":""},"tablet":{"background-color":"","background-image":"","background-repeat":"repeat","background-position":"center center","background-size":"auto","background-attachment":"scroll","background-type":"","background-media":"","overlay-type":"","overlay-color":"","overlay-opacity":"","overlay-gradient":""},"mobile":{"background-color":"","background-image":"","background-repeat":"repeat","background-position":"center center","background-size":"auto","background-attachment":"scroll","background-type":"","background-media":"","overlay-type":"","overlay-color":"","overlay-opacity":"","overlay-gradient":""}},"ast-content-background-meta":{"desktop":{"background-color":"var(--ast-global-color-4)","background-image":"","background-repeat":"repeat","background-position":"center center","background-size":"auto","background-attachment":"scroll","background-type":"","background-media":"","overlay-type":"","overlay-color":"","overlay-opacity":"","overlay-gradient":""},"tablet":{"background-color":"var(--ast-global-color-4)","background-image":"","background-repeat":"repeat","background-position":"center center","background-size":"auto","background-attachment":"scroll","background-type":"","background-media":"","overlay-type":"","overlay-color":"","overlay-opacity":"","overlay-gradient":""},"mobile":{"background-color":"var(--ast-global-color-4)","background-image":"","background-repeat":"repeat","background-position":"center center","background-size":"auto","background-attachment":"scroll","background-type":"","background-media":"","overlay-type":"","overlay-color":"","overlay-opacity":"","overlay-gradient":""}},"footnotes":""},"categories":[16,1],"tags":[],"class_list":["post-23045","post","type-post","status-publish","format-standard","hentry","category-municipales","category-noticias"],"yoast_head":"<!-- This site is optimized with the Yoast SEO Premium plugin v23.0 (Yoast SEO v27.4) - https:\/\/yoast.com\/product\/yoast-seo-premium-wordpress\/ -->\n<title>Preocupados por aparici\u00f3n de \u201cchemtrails\u201d, concejales de Dina Huapi piden informes<\/title>\n<meta name=\"robots\" content=\"index, follow, max-snippet:-1, max-image-preview:large, max-video-preview:-1\" \/>\n<link rel=\"canonical\" href=\"https:\/\/patagoniambiental.com.ar\/info\/preocupados-por-aparicion-de-chemtrails-concejales-de-dina-huapi-piden-informes\/\" \/>\n<meta property=\"og:locale\" content=\"es_ES\" \/>\n<meta property=\"og:type\" content=\"article\" \/>\n<meta property=\"og:title\" content=\"Preocupados por aparici\u00f3n de \u201cchemtrails\u201d, concejales de Dina Huapi piden informes\" \/>\n<meta property=\"og:description\" content=\"DINA HUAPI.- Los ediles de Dina Huapi F\u00e9lix Chamorro, Alejandro Corbatta y Silvia Mosman, se mostraron preocupados por las \u201chuellas\u201d [&hellip;]\" \/>\n<meta property=\"og:url\" content=\"https:\/\/patagoniambiental.com.ar\/info\/preocupados-por-aparicion-de-chemtrails-concejales-de-dina-huapi-piden-informes\/\" \/>\n<meta property=\"og:site_name\" content=\"Patagonia Ambiental\" \/>\n<meta property=\"article:publisher\" content=\"https:\/\/www.facebook.com\/patagonia.ambiental\" \/>\n<meta property=\"article:author\" content=\"https:\/\/www.facebook.com\/share\/1C1V8Gv9BX\/?mibextid=qi2Omg\" \/>\n<meta property=\"article:published_time\" content=\"2016-11-30T12:00:20+00:00\" \/>\n<meta name=\"author\" content=\"Patagonia Ambiental\" \/>\n<meta name=\"twitter:card\" content=\"summary_large_image\" \/>\n<meta name=\"twitter:creator\" content=\"@PatAmb\" \/>\n<meta name=\"twitter:site\" content=\"@PatAmb\" \/>\n<script type=\"application\/ld+json\" class=\"yoast-schema-graph\">{\"@context\":\"https:\\\/\\\/schema.org\",\"@graph\":[{\"@type\":\"Article\",\"@id\":\"https:\\\/\\\/patagoniambiental.com.ar\\\/info\\\/preocupados-por-aparicion-de-chemtrails-concejales-de-dina-huapi-piden-informes\\\/#article\",\"isPartOf\":{\"@id\":\"https:\\\/\\\/patagoniambiental.com.ar\\\/info\\\/preocupados-por-aparicion-de-chemtrails-concejales-de-dina-huapi-piden-informes\\\/\"},\"author\":{\"name\":\"Patagonia Ambiental\",\"@id\":\"https:\\\/\\\/patagoniambiental.com.ar\\\/info\\\/#\\\/schema\\\/person\\\/db12bff64bbcbf6a253710bf0ea37b5d\"},\"headline\":\"Preocupados por aparici\u00f3n de \u201cchemtrails\u201d, concejales de Dina Huapi piden informes\",\"datePublished\":\"2016-11-30T12:00:20+00:00\",\"mainEntityOfPage\":{\"@id\":\"https:\\\/\\\/patagoniambiental.com.ar\\\/info\\\/preocupados-por-aparicion-de-chemtrails-concejales-de-dina-huapi-piden-informes\\\/\"},\"wordCount\":296,\"publisher\":{\"@id\":\"https:\\\/\\\/patagoniambiental.com.ar\\\/info\\\/#organization\"},\"articleSection\":[\"Municipales\",\"Noticias\"],\"inLanguage\":\"es\"},{\"@type\":\"WebPage\",\"@id\":\"https:\\\/\\\/patagoniambiental.com.ar\\\/info\\\/preocupados-por-aparicion-de-chemtrails-concejales-de-dina-huapi-piden-informes\\\/\",\"url\":\"https:\\\/\\\/patagoniambiental.com.ar\\\/info\\\/preocupados-por-aparicion-de-chemtrails-concejales-de-dina-huapi-piden-informes\\\/\",\"name\":\"Preocupados por aparici\u00f3n de \u201cchemtrails\u201d, concejales de Dina Huapi piden informes\",\"isPartOf\":{\"@id\":\"https:\\\/\\\/patagoniambiental.com.ar\\\/info\\\/#website\"},\"datePublished\":\"2016-11-30T12:00:20+00:00\",\"breadcrumb\":{\"@id\":\"https:\\\/\\\/patagoniambiental.com.ar\\\/info\\\/preocupados-por-aparicion-de-chemtrails-concejales-de-dina-huapi-piden-informes\\\/#breadcrumb\"},\"inLanguage\":\"es\",\"potentialAction\":[{\"@type\":\"ReadAction\",\"target\":[\"https:\\\/\\\/patagoniambiental.com.ar\\\/info\\\/preocupados-por-aparicion-de-chemtrails-concejales-de-dina-huapi-piden-informes\\\/\"]}]},{\"@type\":\"BreadcrumbList\",\"@id\":\"https:\\\/\\\/patagoniambiental.com.ar\\\/info\\\/preocupados-por-aparicion-de-chemtrails-concejales-de-dina-huapi-piden-informes\\\/#breadcrumb\",\"itemListElement\":[{\"@type\":\"ListItem\",\"position\":1,\"name\":\"Inicio\",\"item\":\"https:\\\/\\\/patagoniambiental.com.ar\\\/info\\\/\"},{\"@type\":\"ListItem\",\"position\":2,\"name\":\"Preocupados por aparici\u00f3n de \u201cchemtrails\u201d, concejales de Dina Huapi piden informes\"}]},{\"@type\":\"WebSite\",\"@id\":\"https:\\\/\\\/patagoniambiental.com.ar\\\/info\\\/#website\",\"url\":\"https:\\\/\\\/patagoniambiental.com.ar\\\/info\\\/\",\"name\":\"Patagonia Ambiental\",\"description\":\"Monitoreo y an\u00e1lisis de la situaci\u00f3n geopol\u00edtica en el mundo y su implicancia en la Patagonia\",\"publisher\":{\"@id\":\"https:\\\/\\\/patagoniambiental.com.ar\\\/info\\\/#organization\"},\"potentialAction\":[{\"@type\":\"SearchAction\",\"target\":{\"@type\":\"EntryPoint\",\"urlTemplate\":\"https:\\\/\\\/patagoniambiental.com.ar\\\/info\\\/?s={search_term_string}\"},\"query-input\":{\"@type\":\"PropertyValueSpecification\",\"valueRequired\":true,\"valueName\":\"search_term_string\"}}],\"inLanguage\":\"es\"},{\"@type\":\"Organization\",\"@id\":\"https:\\\/\\\/patagoniambiental.com.ar\\\/info\\\/#organization\",\"name\":\"Patagonia Ambiental\",\"url\":\"https:\\\/\\\/patagoniambiental.com.ar\\\/info\\\/\",\"logo\":{\"@type\":\"ImageObject\",\"inLanguage\":\"es\",\"@id\":\"https:\\\/\\\/patagoniambiental.com.ar\\\/info\\\/#\\\/schema\\\/logo\\\/image\\\/\",\"url\":\"https:\\\/\\\/patagoniambiental.com.ar\\\/info\\\/wp-content\\\/uploads\\\/2025\\\/05\\\/LOGO-PATAGONIA-AMBIENTAL.png\",\"contentUrl\":\"https:\\\/\\\/patagoniambiental.com.ar\\\/info\\\/wp-content\\\/uploads\\\/2025\\\/05\\\/LOGO-PATAGONIA-AMBIENTAL.png\",\"width\":433,\"height\":250,\"caption\":\"Patagonia Ambiental\"},\"image\":{\"@id\":\"https:\\\/\\\/patagoniambiental.com.ar\\\/info\\\/#\\\/schema\\\/logo\\\/image\\\/\"},\"sameAs\":[\"https:\\\/\\\/www.facebook.com\\\/patagonia.ambiental\",\"https:\\\/\\\/x.com\\\/PatAmb\"]},{\"@type\":\"Person\",\"@id\":\"https:\\\/\\\/patagoniambiental.com.ar\\\/info\\\/#\\\/schema\\\/person\\\/db12bff64bbcbf6a253710bf0ea37b5d\",\"name\":\"Patagonia Ambiental\",\"description\":\"Andr\u00e9s Nievas T\u00e9cnico en manejo ambiental, consultor Ambiental y escritor para medios locales e internacionales sobre temas de geopolitica y medio ambiente.\",\"sameAs\":[\"http:\\\/\\\/www.patagoniambiental.com.ar\",\"https:\\\/\\\/www.facebook.com\\\/share\\\/1C1V8Gv9BX\\\/?mibextid=qi2Omg\",\"@patagoniambiental\",\"https:\\\/\\\/youtube.com\\\/@patagoniaambiental2023?si=BLt58t0wuXquxlYZ\"]}]}<\/script>\n<!-- \/ Yoast SEO Premium plugin. -->","yoast_head_json":{"title":"Preocupados por aparici\u00f3n de \u201cchemtrails\u201d, concejales de Dina Huapi piden informes","robots":{"index":"index","follow":"follow","max-snippet":"max-snippet:-1","max-image-preview":"max-image-preview:large","max-video-preview":"max-video-preview:-1"},"canonical":"https:\/\/patagoniambiental.com.ar\/info\/preocupados-por-aparicion-de-chemtrails-concejales-de-dina-huapi-piden-informes\/","og_locale":"es_ES","og_type":"article","og_title":"Preocupados por aparici\u00f3n de \u201cchemtrails\u201d, concejales de Dina Huapi piden informes","og_description":"DINA HUAPI.- Los ediles de Dina Huapi F\u00e9lix Chamorro, Alejandro Corbatta y Silvia Mosman, se mostraron preocupados por las \u201chuellas\u201d [&hellip;]","og_url":"https:\/\/patagoniambiental.com.ar\/info\/preocupados-por-aparicion-de-chemtrails-concejales-de-dina-huapi-piden-informes\/","og_site_name":"Patagonia Ambiental","article_publisher":"https:\/\/www.facebook.com\/patagonia.ambiental","article_author":"https:\/\/www.facebook.com\/share\/1C1V8Gv9BX\/?mibextid=qi2Omg","article_published_time":"2016-11-30T12:00:20+00:00","author":"Patagonia Ambiental","twitter_card":"summary_large_image","twitter_creator":"@PatAmb","twitter_site":"@PatAmb","schema":{"@context":"https:\/\/schema.org","@graph":[{"@type":"Article","@id":"https:\/\/patagoniambiental.com.ar\/info\/preocupados-por-aparicion-de-chemtrails-concejales-de-dina-huapi-piden-informes\/#article","isPartOf":{"@id":"https:\/\/patagoniambiental.com.ar\/info\/preocupados-por-aparicion-de-chemtrails-concejales-de-dina-huapi-piden-informes\/"},"author":{"name":"Patagonia Ambiental","@id":"https:\/\/patagoniambiental.com.ar\/info\/#\/schema\/person\/db12bff64bbcbf6a253710bf0ea37b5d"},"headline":"Preocupados por aparici\u00f3n de \u201cchemtrails\u201d, concejales de Dina Huapi piden informes","datePublished":"2016-11-30T12:00:20+00:00","mainEntityOfPage":{"@id":"https:\/\/patagoniambiental.com.ar\/info\/preocupados-por-aparicion-de-chemtrails-concejales-de-dina-huapi-piden-informes\/"},"wordCount":296,"publisher":{"@id":"https:\/\/patagoniambiental.com.ar\/info\/#organization"},"articleSection":["Municipales","Noticias"],"inLanguage":"es"},{"@type":"WebPage","@id":"https:\/\/patagoniambiental.com.ar\/info\/preocupados-por-aparicion-de-chemtrails-concejales-de-dina-huapi-piden-informes\/","url":"https:\/\/patagoniambiental.com.ar\/info\/preocupados-por-aparicion-de-chemtrails-concejales-de-dina-huapi-piden-informes\/","name":"Preocupados por aparici\u00f3n de \u201cchemtrails\u201d, concejales de Dina Huapi piden informes","isPartOf":{"@id":"https:\/\/patagoniambiental.com.ar\/info\/#website"},"datePublished":"2016-11-30T12:00:20+00:00","breadcrumb":{"@id":"https:\/\/patagoniambiental.com.ar\/info\/preocupados-por-aparicion-de-chemtrails-concejales-de-dina-huapi-piden-informes\/#breadcrumb"},"inLanguage":"es","potentialAction":[{"@type":"ReadAction","target":["https:\/\/patagoniambiental.com.ar\/info\/preocupados-por-aparicion-de-chemtrails-concejales-de-dina-huapi-piden-informes\/"]}]},{"@type":"BreadcrumbList","@id":"https:\/\/patagoniambiental.com.ar\/info\/preocupados-por-aparicion-de-chemtrails-concejales-de-dina-huapi-piden-informes\/#breadcrumb","itemListElement":[{"@type":"ListItem","position":1,"name":"Inicio","item":"https:\/\/patagoniambiental.com.ar\/info\/"},{"@type":"ListItem","position":2,"name":"Preocupados por aparici\u00f3n de \u201cchemtrails\u201d, concejales de Dina Huapi piden informes"}]},{"@type":"WebSite","@id":"https:\/\/patagoniambiental.com.ar\/info\/#website","url":"https:\/\/patagoniambiental.com.ar\/info\/","name":"Patagonia Ambiental","description":"Monitoreo y an\u00e1lisis de la situaci\u00f3n geopol\u00edtica en el mundo y su implicancia en la Patagonia","publisher":{"@id":"https:\/\/patagoniambiental.com.ar\/info\/#organization"},"potentialAction":[{"@type":"SearchAction","target":{"@type":"EntryPoint","urlTemplate":"https:\/\/patagoniambiental.com.ar\/info\/?s={search_term_string}"},"query-input":{"@type":"PropertyValueSpecification","valueRequired":true,"valueName":"search_term_string"}}],"inLanguage":"es"},{"@type":"Organization","@id":"https:\/\/patagoniambiental.com.ar\/info\/#organization","name":"Patagonia Ambiental","url":"https:\/\/patagoniambiental.com.ar\/info\/","logo":{"@type":"ImageObject","inLanguage":"es","@id":"https:\/\/patagoniambiental.com.ar\/info\/#\/schema\/logo\/image\/","url":"https:\/\/patagoniambiental.com.ar\/info\/wp-content\/uploads\/2025\/05\/LOGO-PATAGONIA-AMBIENTAL.png","contentUrl":"https:\/\/patagoniambiental.com.ar\/info\/wp-content\/uploads\/2025\/05\/LOGO-PATAGONIA-AMBIENTAL.png","width":433,"height":250,"caption":"Patagonia Ambiental"},"image":{"@id":"https:\/\/patagoniambiental.com.ar\/info\/#\/schema\/logo\/image\/"},"sameAs":["https:\/\/www.facebook.com\/patagonia.ambiental","https:\/\/x.com\/PatAmb"]},{"@type":"Person","@id":"https:\/\/patagoniambiental.com.ar\/info\/#\/schema\/person\/db12bff64bbcbf6a253710bf0ea37b5d","name":"Patagonia Ambiental","description":"Andr\u00e9s Nievas T\u00e9cnico en manejo ambiental, consultor Ambiental y escritor para medios locales e internacionales sobre temas de geopolitica y medio ambiente.","sameAs":["http:\/\/www.patagoniambiental.com.ar","https:\/\/www.facebook.com\/share\/1C1V8Gv9BX\/?mibextid=qi2Omg","@patagoniambiental","https:\/\/youtube.com\/@patagoniaambiental2023?si=BLt58t0wuXquxlYZ"]}]}},"_links":{"self":[{"href":"https:\/\/patagoniambiental.com.ar\/info\/wp-json\/wp\/v2\/posts\/23045","targetHints":{"allow":["GET"]}}],"collection":[{"href":"https:\/\/patagoniambiental.com.ar\/info\/wp-json\/wp\/v2\/posts"}],"about":[{"href":"https:\/\/patagoniambiental.com.ar\/info\/wp-json\/wp\/v2\/types\/post"}],"author":[{"embeddable":true,"href":"https:\/\/patagoniambiental.com.ar\/info\/wp-json\/wp\/v2\/users\/2"}],"replies":[{"embeddable":true,"href":"https:\/\/patagoniambiental.com.ar\/info\/wp-json\/wp\/v2\/comments?post=23045"}],"version-history":[{"count":0,"href":"https:\/\/patagoniambiental.com.ar\/info\/wp-json\/wp\/v2\/posts\/23045\/revisions"}],"wp:attachment":[{"href":"https:\/\/patagoniambiental.com.ar\/info\/wp-json\/wp\/v2\/media?parent=23045"}],"wp:term":[{"taxonomy":"category","embeddable":true,"href":"https:\/\/patagoniambiental.com.ar\/info\/wp-json\/wp\/v2\/categories?post=23045"},{"taxonomy":"post_tag","embeddable":true,"href":"https:\/\/patagoniambiental.com.ar\/info\/wp-json\/wp\/v2\/tags?post=23045"}],"curies":[{"name":"wp","href":"https:\/\/api.w.org\/{rel}","templated":true}]}}