{"id":23056,"date":"2016-11-30T09:00:40","date_gmt":"2016-11-30T12:00:40","guid":{"rendered":"http:\/\/patagoniambiental.com.ar\/?p=23056"},"modified":"2016-11-30T09:00:40","modified_gmt":"2016-11-30T12:00:40","slug":"destacada-actuacion-de-la-escuela-industrial-de-viedma-en-el-desafio-eco","status":"publish","type":"post","link":"https:\/\/patagoniambiental.com.ar\/info\/destacada-actuacion-de-la-escuela-industrial-de-viedma-en-el-desafio-eco\/","title":{"rendered":"Destacada actuaci\u00f3n de la Escuela Industrial de Viedma en el Desaf\u00edo Eco"},"content":{"rendered":"<div id=\"p_p_id_contentviewerportlet_WAR_newsportlet_INSTANCE_e0394dfc856948879bbac3d2275a8e52_\" class=\"portlet-boundary portlet-boundary_contentviewerportlet_WAR_newsportlet_  portlet-static portlet-static-end content-viewer-portlet \">\n<div class=\"td-portlet\">\n<section id=\"portlet_contentviewerportlet_WAR_newsportlet_INSTANCE_e0394dfc856948879bbac3d2275a8e52\" class=\"portlet\">\n<div class=\"portlet-content\">\n<div class=\" portlet-content-container\">\n<div class=\"portlet-body\">\n<div class=\"last td-viewer full-access\">\n<div class=\"template-94\">\n<div class=\"left-block\">\n<div class=\"text font-4 fs16 resizable\">\n<div class=\"paragraph\">\n<p>VIEDMA.- El equipo del Centro de Educaci\u00f3n T\u00e9cnica N\u00b0 6 (ex Escuela Industrial Viedma) logr\u00f3 con \u201cEl Pitufo\u201d el s\u00e9ptimo puesto a nivel nacional en el Desaf\u00edo Eco 2016. Se trata de una serie de competencias organizadas en la Argentina con autos el\u00e9ctricos que deben ser dise\u00f1ados por alumnos y profesores de escuelas t\u00e9cnicas con el objeto de incentivar el uso de recursos renovables.<\/p>\n<p>En los parciales, desarrollados en un circuito callejero de la ciudad bonaerense de Tigre, el monoposto -como \u00fanico representante de la Provincia de R\u00edo Negro- se ubic\u00f3 sexto, octavo, gan\u00f3 una serie de Cuarto de Milla donde luego qued\u00f3 eliminado en la final, concluyendo 15\u00b0 en Resistencia (Endurance). El primer lugar en la general fue para la Escuela N\u00b0 292 de San Vicente, Provincia de Santa Fe.<\/p>\n<p>El peque\u00f1o veh\u00edculo, alivianado respecto de la versi\u00f3n 2015, fue conducido por dos alumnos de esta instituci\u00f3n educativa, y con la participaci\u00f3n de otros estudiantes en condici\u00f3n de mec\u00e1nicos.<\/p>\n<\/div>\n<div class=\"html_text\"><\/div>\n<div class=\"paragraph\">\n<p>El jefe de taller de la escuela, Sebasti\u00e1n Canelo, destac\u00f3 la \u201cbuena perfomance\u201d que logr\u00f3 el equipo luego de la sumatoria final de las competencias parciales.<\/p>\n<p>Se\u00f1al\u00f3 que la experiencia fue muy buena ya que se trat\u00f3 de un \u201cevento educativo mezclado con lo deportivo\u201d, y resalt\u00f3 la importancia de este acontecimiento que fue aprovechado desde distintos puntos de vista ya que por caso, las bater\u00edas de los veh\u00edculos fueron cargadas mediante paneles solares como para completar la actividad en ese \u00e1mbito de concientizaci\u00f3n sobre el uso de energ\u00edas renovables.<\/p>\n<p>Por su parte, el jefe de equipo David Lazcano, atribuy\u00f3 la ca\u00edda al 15\u00b0 puesto en Endurance a que hubo problemas con la alimentaci\u00f3n por el sistema de bater\u00edas, al parecer porque hubo fallas en la recarga durante la noche del s\u00e1bado.<\/p>\n<p>El Desaf\u00edo Eco es un evento que vincula la educaci\u00f3n y la ecolog\u00eda conservando los valores de la sustentabilidad, el deporte y la fraternidad entre los j\u00f3venes.<\/p>\n<p>En este campeonato participaron 35 instituciones educativas de Nivel Medio y Polimodal en la cual los alumnos tuvieron que construir un veh\u00edculo de emisi\u00f3n cero de contaminaci\u00f3n bas\u00e1ndose en un reglamento supervisado por el Autom\u00f3vil Club Argentino (ACA)- Federaci\u00f3n Internacional de Automovilismo (FIA). No result\u00f3 f\u00e1cil para el equipo rionegrino llegar hasta Tigre ya que hab\u00eda que oblar 70.000 pesos para participar. Finalmente se logr\u00f3 estar en la l\u00ednea largada merced a un esfuerzo de la escuela, padres y el aporte de organismos oficiales y firmas privadas.<\/p>\n<p>El auto se construye bas\u00e1ndose en un kit de armado y con la entrega de un reglamento a las escuelas. Este campeonato nacional busca, en esta nueva era en veh\u00edculos el\u00e9ctricos, aportar al programa educativo actual inculcando a los estudiantes de todo el pa\u00eds el cuidado del medio ambiente y la investigaci\u00f3n de sistemas de transporte no contaminantes.<\/p>\n<p>Esto permite ver sus creaciones basadas en las tecnolog\u00edas del futuro en busca de la m\u00e1xima eficiencia.<\/p>\n<\/div>\n<div class=\"agency font-2-bold\">Fuente: Diario R\u00edo Negro secci\u00f3n DeViedma<\/div>\n<\/div>\n<\/div>\n<div class=\"cl\"><\/div>\n<\/div>\n<\/div>\n<\/div>\n<\/div>\n<\/div>\n<\/section>\n<\/div>\n<\/div>\n<div id=\"p_p_id_articletopicsportlet_WAR_newsportlet_INSTANCE_418bd447116a40bab17bea9921b11ee6_\" class=\"portlet-boundary portlet-boundary_articletopicsportlet_WAR_newsportlet_  portlet-static portlet-static-end article-topics-portlet advanced-99\"><\/div>\n","protected":false},"excerpt":{"rendered":"<p>VIEDMA.- El equipo del Centro de Educaci\u00f3n T\u00e9cnica N\u00b0 6 (ex Escuela Industrial Viedma) logr\u00f3 con \u201cEl Pitufo\u201d el s\u00e9ptimo [&hellip;]<\/p>\n","protected":false},"author":2,"featured_media":0,"comment_status":"closed","ping_status":"closed","sticky":false,"template":"","format":"standard","meta":{"site-sidebar-layout":"default","site-content-layout":"","ast-site-content-layout":"default","site-content-style":"default","site-sidebar-style":"default","ast-global-header-display":"","ast-banner-title-visibility":"","ast-main-header-display":"","ast-hfb-above-header-display":"","ast-hfb-below-header-display":"","ast-hfb-mobile-header-display":"","site-post-title":"","ast-breadcrumbs-content":"","ast-featured-img":"","footer-sml-layout":"","ast-disable-related-posts":"","theme-transparent-header-meta":"","adv-header-id-meta":"","stick-header-meta":"","header-above-stick-meta":"","header-main-stick-meta":"","header-below-stick-meta":"","astra-migrate-meta-layouts":"default","ast-page-background-enabled":"default","ast-page-background-meta":{"desktop":{"background-color":"var(--ast-global-color-5)","background-image":"","background-repeat":"repeat","background-position":"center center","background-size":"auto","background-attachment":"scroll","background-type":"","background-media":"","overlay-type":"","overlay-color":"","overlay-opacity":"","overlay-gradient":""},"tablet":{"background-color":"","background-image":"","background-repeat":"repeat","background-position":"center center","background-size":"auto","background-attachment":"scroll","background-type":"","background-media":"","overlay-type":"","overlay-color":"","overlay-opacity":"","overlay-gradient":""},"mobile":{"background-color":"","background-image":"","background-repeat":"repeat","background-position":"center center","background-size":"auto","background-attachment":"scroll","background-type":"","background-media":"","overlay-type":"","overlay-color":"","overlay-opacity":"","overlay-gradient":""}},"ast-content-background-meta":{"desktop":{"background-color":"var(--ast-global-color-4)","background-image":"","background-repeat":"repeat","background-position":"center center","background-size":"auto","background-attachment":"scroll","background-type":"","background-media":"","overlay-type":"","overlay-color":"","overlay-opacity":"","overlay-gradient":""},"tablet":{"background-color":"var(--ast-global-color-4)","background-image":"","background-repeat":"repeat","background-position":"center center","background-size":"auto","background-attachment":"scroll","background-type":"","background-media":"","overlay-type":"","overlay-color":"","overlay-opacity":"","overlay-gradient":""},"mobile":{"background-color":"var(--ast-global-color-4)","background-image":"","background-repeat":"repeat","background-position":"center center","background-size":"auto","background-attachment":"scroll","background-type":"","background-media":"","overlay-type":"","overlay-color":"","overlay-opacity":"","overlay-gradient":""}},"footnotes":""},"categories":[16,1],"tags":[],"class_list":["post-23056","post","type-post","status-publish","format-standard","hentry","category-municipales","category-noticias"],"yoast_head":"<!-- This site is optimized with the Yoast SEO Premium plugin v23.0 (Yoast SEO v27.4) - https:\/\/yoast.com\/product\/yoast-seo-premium-wordpress\/ -->\n<title>Destacada actuaci\u00f3n de la Escuela Industrial de Viedma en el Desaf\u00edo Eco<\/title>\n<meta name=\"robots\" content=\"index, follow, max-snippet:-1, max-image-preview:large, max-video-preview:-1\" \/>\n<link rel=\"canonical\" href=\"https:\/\/patagoniambiental.com.ar\/info\/destacada-actuacion-de-la-escuela-industrial-de-viedma-en-el-desafio-eco\/\" \/>\n<meta property=\"og:locale\" content=\"es_ES\" \/>\n<meta property=\"og:type\" content=\"article\" \/>\n<meta property=\"og:title\" content=\"Destacada actuaci\u00f3n de la Escuela Industrial de Viedma en el Desaf\u00edo Eco\" \/>\n<meta property=\"og:description\" content=\"VIEDMA.- El equipo del Centro de Educaci\u00f3n T\u00e9cnica N\u00b0 6 (ex Escuela Industrial Viedma) logr\u00f3 con \u201cEl Pitufo\u201d el s\u00e9ptimo [&hellip;]\" \/>\n<meta property=\"og:url\" content=\"https:\/\/patagoniambiental.com.ar\/info\/destacada-actuacion-de-la-escuela-industrial-de-viedma-en-el-desafio-eco\/\" \/>\n<meta property=\"og:site_name\" content=\"Patagonia Ambiental\" \/>\n<meta property=\"article:publisher\" content=\"https:\/\/www.facebook.com\/patagonia.ambiental\" \/>\n<meta property=\"article:author\" content=\"https:\/\/www.facebook.com\/share\/1C1V8Gv9BX\/?mibextid=qi2Omg\" \/>\n<meta property=\"article:published_time\" content=\"2016-11-30T12:00:40+00:00\" \/>\n<meta name=\"author\" content=\"Patagonia Ambiental\" \/>\n<meta name=\"twitter:card\" content=\"summary_large_image\" \/>\n<meta name=\"twitter:creator\" content=\"@PatAmb\" \/>\n<meta name=\"twitter:site\" content=\"@PatAmb\" \/>\n<script type=\"application\/ld+json\" class=\"yoast-schema-graph\">{\"@context\":\"https:\\\/\\\/schema.org\",\"@graph\":[{\"@type\":\"Article\",\"@id\":\"https:\\\/\\\/patagoniambiental.com.ar\\\/info\\\/destacada-actuacion-de-la-escuela-industrial-de-viedma-en-el-desafio-eco\\\/#article\",\"isPartOf\":{\"@id\":\"https:\\\/\\\/patagoniambiental.com.ar\\\/info\\\/destacada-actuacion-de-la-escuela-industrial-de-viedma-en-el-desafio-eco\\\/\"},\"author\":{\"name\":\"Patagonia Ambiental\",\"@id\":\"https:\\\/\\\/patagoniambiental.com.ar\\\/info\\\/#\\\/schema\\\/person\\\/db12bff64bbcbf6a253710bf0ea37b5d\"},\"headline\":\"Destacada actuaci\u00f3n de la Escuela Industrial de Viedma en el Desaf\u00edo Eco\",\"datePublished\":\"2016-11-30T12:00:40+00:00\",\"mainEntityOfPage\":{\"@id\":\"https:\\\/\\\/patagoniambiental.com.ar\\\/info\\\/destacada-actuacion-de-la-escuela-industrial-de-viedma-en-el-desafio-eco\\\/\"},\"wordCount\":542,\"publisher\":{\"@id\":\"https:\\\/\\\/patagoniambiental.com.ar\\\/info\\\/#organization\"},\"articleSection\":[\"Municipales\",\"Noticias\"],\"inLanguage\":\"es\"},{\"@type\":\"WebPage\",\"@id\":\"https:\\\/\\\/patagoniambiental.com.ar\\\/info\\\/destacada-actuacion-de-la-escuela-industrial-de-viedma-en-el-desafio-eco\\\/\",\"url\":\"https:\\\/\\\/patagoniambiental.com.ar\\\/info\\\/destacada-actuacion-de-la-escuela-industrial-de-viedma-en-el-desafio-eco\\\/\",\"name\":\"Destacada actuaci\u00f3n de la Escuela Industrial de Viedma en el Desaf\u00edo Eco\",\"isPartOf\":{\"@id\":\"https:\\\/\\\/patagoniambiental.com.ar\\\/info\\\/#website\"},\"datePublished\":\"2016-11-30T12:00:40+00:00\",\"breadcrumb\":{\"@id\":\"https:\\\/\\\/patagoniambiental.com.ar\\\/info\\\/destacada-actuacion-de-la-escuela-industrial-de-viedma-en-el-desafio-eco\\\/#breadcrumb\"},\"inLanguage\":\"es\",\"potentialAction\":[{\"@type\":\"ReadAction\",\"target\":[\"https:\\\/\\\/patagoniambiental.com.ar\\\/info\\\/destacada-actuacion-de-la-escuela-industrial-de-viedma-en-el-desafio-eco\\\/\"]}]},{\"@type\":\"BreadcrumbList\",\"@id\":\"https:\\\/\\\/patagoniambiental.com.ar\\\/info\\\/destacada-actuacion-de-la-escuela-industrial-de-viedma-en-el-desafio-eco\\\/#breadcrumb\",\"itemListElement\":[{\"@type\":\"ListItem\",\"position\":1,\"name\":\"Inicio\",\"item\":\"https:\\\/\\\/patagoniambiental.com.ar\\\/info\\\/\"},{\"@type\":\"ListItem\",\"position\":2,\"name\":\"Destacada actuaci\u00f3n de la Escuela Industrial de Viedma en el Desaf\u00edo Eco\"}]},{\"@type\":\"WebSite\",\"@id\":\"https:\\\/\\\/patagoniambiental.com.ar\\\/info\\\/#website\",\"url\":\"https:\\\/\\\/patagoniambiental.com.ar\\\/info\\\/\",\"name\":\"Patagonia Ambiental\",\"description\":\"Monitoreo y an\u00e1lisis de la situaci\u00f3n geopol\u00edtica en el mundo y su implicancia en la Patagonia\",\"publisher\":{\"@id\":\"https:\\\/\\\/patagoniambiental.com.ar\\\/info\\\/#organization\"},\"potentialAction\":[{\"@type\":\"SearchAction\",\"target\":{\"@type\":\"EntryPoint\",\"urlTemplate\":\"https:\\\/\\\/patagoniambiental.com.ar\\\/info\\\/?s={search_term_string}\"},\"query-input\":{\"@type\":\"PropertyValueSpecification\",\"valueRequired\":true,\"valueName\":\"search_term_string\"}}],\"inLanguage\":\"es\"},{\"@type\":\"Organization\",\"@id\":\"https:\\\/\\\/patagoniambiental.com.ar\\\/info\\\/#organization\",\"name\":\"Patagonia Ambiental\",\"url\":\"https:\\\/\\\/patagoniambiental.com.ar\\\/info\\\/\",\"logo\":{\"@type\":\"ImageObject\",\"inLanguage\":\"es\",\"@id\":\"https:\\\/\\\/patagoniambiental.com.ar\\\/info\\\/#\\\/schema\\\/logo\\\/image\\\/\",\"url\":\"https:\\\/\\\/patagoniambiental.com.ar\\\/info\\\/wp-content\\\/uploads\\\/2025\\\/05\\\/LOGO-PATAGONIA-AMBIENTAL.png\",\"contentUrl\":\"https:\\\/\\\/patagoniambiental.com.ar\\\/info\\\/wp-content\\\/uploads\\\/2025\\\/05\\\/LOGO-PATAGONIA-AMBIENTAL.png\",\"width\":433,\"height\":250,\"caption\":\"Patagonia Ambiental\"},\"image\":{\"@id\":\"https:\\\/\\\/patagoniambiental.com.ar\\\/info\\\/#\\\/schema\\\/logo\\\/image\\\/\"},\"sameAs\":[\"https:\\\/\\\/www.facebook.com\\\/patagonia.ambiental\",\"https:\\\/\\\/x.com\\\/PatAmb\"]},{\"@type\":\"Person\",\"@id\":\"https:\\\/\\\/patagoniambiental.com.ar\\\/info\\\/#\\\/schema\\\/person\\\/db12bff64bbcbf6a253710bf0ea37b5d\",\"name\":\"Patagonia Ambiental\",\"description\":\"Andr\u00e9s Nievas T\u00e9cnico en manejo ambiental, consultor Ambiental y escritor para medios locales e internacionales sobre temas de geopolitica y medio ambiente.\",\"sameAs\":[\"http:\\\/\\\/www.patagoniambiental.com.ar\",\"https:\\\/\\\/www.facebook.com\\\/share\\\/1C1V8Gv9BX\\\/?mibextid=qi2Omg\",\"@patagoniambiental\",\"https:\\\/\\\/youtube.com\\\/@patagoniaambiental2023?si=BLt58t0wuXquxlYZ\"]}]}<\/script>\n<!-- \/ Yoast SEO Premium plugin. -->","yoast_head_json":{"title":"Destacada actuaci\u00f3n de la Escuela Industrial de Viedma en el Desaf\u00edo Eco","robots":{"index":"index","follow":"follow","max-snippet":"max-snippet:-1","max-image-preview":"max-image-preview:large","max-video-preview":"max-video-preview:-1"},"canonical":"https:\/\/patagoniambiental.com.ar\/info\/destacada-actuacion-de-la-escuela-industrial-de-viedma-en-el-desafio-eco\/","og_locale":"es_ES","og_type":"article","og_title":"Destacada actuaci\u00f3n de la Escuela Industrial de Viedma en el Desaf\u00edo Eco","og_description":"VIEDMA.- El equipo del Centro de Educaci\u00f3n T\u00e9cnica N\u00b0 6 (ex Escuela Industrial Viedma) logr\u00f3 con \u201cEl Pitufo\u201d el s\u00e9ptimo [&hellip;]","og_url":"https:\/\/patagoniambiental.com.ar\/info\/destacada-actuacion-de-la-escuela-industrial-de-viedma-en-el-desafio-eco\/","og_site_name":"Patagonia Ambiental","article_publisher":"https:\/\/www.facebook.com\/patagonia.ambiental","article_author":"https:\/\/www.facebook.com\/share\/1C1V8Gv9BX\/?mibextid=qi2Omg","article_published_time":"2016-11-30T12:00:40+00:00","author":"Patagonia Ambiental","twitter_card":"summary_large_image","twitter_creator":"@PatAmb","twitter_site":"@PatAmb","schema":{"@context":"https:\/\/schema.org","@graph":[{"@type":"Article","@id":"https:\/\/patagoniambiental.com.ar\/info\/destacada-actuacion-de-la-escuela-industrial-de-viedma-en-el-desafio-eco\/#article","isPartOf":{"@id":"https:\/\/patagoniambiental.com.ar\/info\/destacada-actuacion-de-la-escuela-industrial-de-viedma-en-el-desafio-eco\/"},"author":{"name":"Patagonia Ambiental","@id":"https:\/\/patagoniambiental.com.ar\/info\/#\/schema\/person\/db12bff64bbcbf6a253710bf0ea37b5d"},"headline":"Destacada actuaci\u00f3n de la Escuela Industrial de Viedma en el Desaf\u00edo Eco","datePublished":"2016-11-30T12:00:40+00:00","mainEntityOfPage":{"@id":"https:\/\/patagoniambiental.com.ar\/info\/destacada-actuacion-de-la-escuela-industrial-de-viedma-en-el-desafio-eco\/"},"wordCount":542,"publisher":{"@id":"https:\/\/patagoniambiental.com.ar\/info\/#organization"},"articleSection":["Municipales","Noticias"],"inLanguage":"es"},{"@type":"WebPage","@id":"https:\/\/patagoniambiental.com.ar\/info\/destacada-actuacion-de-la-escuela-industrial-de-viedma-en-el-desafio-eco\/","url":"https:\/\/patagoniambiental.com.ar\/info\/destacada-actuacion-de-la-escuela-industrial-de-viedma-en-el-desafio-eco\/","name":"Destacada actuaci\u00f3n de la Escuela Industrial de Viedma en el Desaf\u00edo Eco","isPartOf":{"@id":"https:\/\/patagoniambiental.com.ar\/info\/#website"},"datePublished":"2016-11-30T12:00:40+00:00","breadcrumb":{"@id":"https:\/\/patagoniambiental.com.ar\/info\/destacada-actuacion-de-la-escuela-industrial-de-viedma-en-el-desafio-eco\/#breadcrumb"},"inLanguage":"es","potentialAction":[{"@type":"ReadAction","target":["https:\/\/patagoniambiental.com.ar\/info\/destacada-actuacion-de-la-escuela-industrial-de-viedma-en-el-desafio-eco\/"]}]},{"@type":"BreadcrumbList","@id":"https:\/\/patagoniambiental.com.ar\/info\/destacada-actuacion-de-la-escuela-industrial-de-viedma-en-el-desafio-eco\/#breadcrumb","itemListElement":[{"@type":"ListItem","position":1,"name":"Inicio","item":"https:\/\/patagoniambiental.com.ar\/info\/"},{"@type":"ListItem","position":2,"name":"Destacada actuaci\u00f3n de la Escuela Industrial de Viedma en el Desaf\u00edo Eco"}]},{"@type":"WebSite","@id":"https:\/\/patagoniambiental.com.ar\/info\/#website","url":"https:\/\/patagoniambiental.com.ar\/info\/","name":"Patagonia Ambiental","description":"Monitoreo y an\u00e1lisis de la situaci\u00f3n geopol\u00edtica en el mundo y su implicancia en la Patagonia","publisher":{"@id":"https:\/\/patagoniambiental.com.ar\/info\/#organization"},"potentialAction":[{"@type":"SearchAction","target":{"@type":"EntryPoint","urlTemplate":"https:\/\/patagoniambiental.com.ar\/info\/?s={search_term_string}"},"query-input":{"@type":"PropertyValueSpecification","valueRequired":true,"valueName":"search_term_string"}}],"inLanguage":"es"},{"@type":"Organization","@id":"https:\/\/patagoniambiental.com.ar\/info\/#organization","name":"Patagonia Ambiental","url":"https:\/\/patagoniambiental.com.ar\/info\/","logo":{"@type":"ImageObject","inLanguage":"es","@id":"https:\/\/patagoniambiental.com.ar\/info\/#\/schema\/logo\/image\/","url":"https:\/\/patagoniambiental.com.ar\/info\/wp-content\/uploads\/2025\/05\/LOGO-PATAGONIA-AMBIENTAL.png","contentUrl":"https:\/\/patagoniambiental.com.ar\/info\/wp-content\/uploads\/2025\/05\/LOGO-PATAGONIA-AMBIENTAL.png","width":433,"height":250,"caption":"Patagonia Ambiental"},"image":{"@id":"https:\/\/patagoniambiental.com.ar\/info\/#\/schema\/logo\/image\/"},"sameAs":["https:\/\/www.facebook.com\/patagonia.ambiental","https:\/\/x.com\/PatAmb"]},{"@type":"Person","@id":"https:\/\/patagoniambiental.com.ar\/info\/#\/schema\/person\/db12bff64bbcbf6a253710bf0ea37b5d","name":"Patagonia Ambiental","description":"Andr\u00e9s Nievas T\u00e9cnico en manejo ambiental, consultor Ambiental y escritor para medios locales e internacionales sobre temas de geopolitica y medio ambiente.","sameAs":["http:\/\/www.patagoniambiental.com.ar","https:\/\/www.facebook.com\/share\/1C1V8Gv9BX\/?mibextid=qi2Omg","@patagoniambiental","https:\/\/youtube.com\/@patagoniaambiental2023?si=BLt58t0wuXquxlYZ"]}]}},"_links":{"self":[{"href":"https:\/\/patagoniambiental.com.ar\/info\/wp-json\/wp\/v2\/posts\/23056","targetHints":{"allow":["GET"]}}],"collection":[{"href":"https:\/\/patagoniambiental.com.ar\/info\/wp-json\/wp\/v2\/posts"}],"about":[{"href":"https:\/\/patagoniambiental.com.ar\/info\/wp-json\/wp\/v2\/types\/post"}],"author":[{"embeddable":true,"href":"https:\/\/patagoniambiental.com.ar\/info\/wp-json\/wp\/v2\/users\/2"}],"replies":[{"embeddable":true,"href":"https:\/\/patagoniambiental.com.ar\/info\/wp-json\/wp\/v2\/comments?post=23056"}],"version-history":[{"count":0,"href":"https:\/\/patagoniambiental.com.ar\/info\/wp-json\/wp\/v2\/posts\/23056\/revisions"}],"wp:attachment":[{"href":"https:\/\/patagoniambiental.com.ar\/info\/wp-json\/wp\/v2\/media?parent=23056"}],"wp:term":[{"taxonomy":"category","embeddable":true,"href":"https:\/\/patagoniambiental.com.ar\/info\/wp-json\/wp\/v2\/categories?post=23056"},{"taxonomy":"post_tag","embeddable":true,"href":"https:\/\/patagoniambiental.com.ar\/info\/wp-json\/wp\/v2\/tags?post=23056"}],"curies":[{"name":"wp","href":"https:\/\/api.w.org\/{rel}","templated":true}]}}