{"id":23078,"date":"2016-12-02T09:00:36","date_gmt":"2016-12-02T12:00:36","guid":{"rendered":"http:\/\/patagoniambiental.com.ar\/?p=23078"},"modified":"2016-12-02T09:00:36","modified_gmt":"2016-12-02T12:00:36","slug":"rio-grande-investigadores-de-la-utn-dictaran-un-curso-de-tres-dias-sobre-energias-alternativas","status":"publish","type":"post","link":"https:\/\/patagoniambiental.com.ar\/info\/rio-grande-investigadores-de-la-utn-dictaran-un-curso-de-tres-dias-sobre-energias-alternativas\/","title":{"rendered":"R\u00edo Grande: Investigadores de la UTN dictar\u00e1n un curso de tres d\u00edas sobre energ\u00edas alternativas"},"content":{"rendered":"<p>RIO GRANDE.- A trav\u00e9s del proyecto de investigaci\u00f3n para el desarrollo de sistemas h\u00edbridos para la provisi\u00f3n sustentable de electricidad y calor empleando energ\u00edas renovables, se brindar\u00e1 un curso sobre Energ\u00edas Renovables. Los tres encuentros ser\u00e1n en el edificio de la Facultad Regional R\u00edo Grande, que est\u00e1 en la calle Islas Malvinas 1650. La cursada ser\u00e1 los d\u00edas 5, 6 y 7 de diciembre de 15:30 a 21:30.<\/p>\n<p>\u201cNosotros formamos parte de un proyecto conjunto a la Facultad Regional de La Plata, la Facultad Regional de La Rioja. Es un proyecto de investigaci\u00f3n aplicada; no es un proyecto de investigaci\u00f3n b\u00e1sica, que se ocupa solamente de la parte te\u00f3rica. En este caso, lo que se busca es que tenga aplicaci\u00f3n pr\u00e1ctica\u201d, explic\u00f3 el ingeniero Jos\u00e9 Abraham, secretario de Ciencia y Tecnolog\u00eda.<\/p>\n<p>Todo el proyecto, tiene como principal objetivo, el llegar al desarrollo del sistema h\u00edbrido. Es decir, incorporar diferentes fuentes de energ\u00eda, como la energ\u00eda e\u00f3lica o solar, para aplicarlo en el funcionamiento de una vivienda. Tanto para el funcionamiento de los artefactos que requieren energ\u00eda el\u00e9ctrica, como para el calentamiento de agua.<\/p>\n<p>La capacitaci\u00f3n se dividir\u00e1 en tres m\u00f3dulos, todos dictados por la doctora Ana Castro Luna y dos ingenieros, Mariano Asteazar\u00e1n y Germ\u00e1n C\u00e9spedes, todos ellos parte del proyecto y especialistas en el \u00e1rea.<\/p>\n<p>\u201cOtro objetivo m\u00e1s del proyecto -explic\u00f3 Abraham- es el de desarrollar o adquirir elementos que pueden conformar los laboratorios o los centros de investigaci\u00f3n de materiales o todo lo que est\u00e1 conectado con la fabricaci\u00f3n y la instalaci\u00f3n de los elementos. Es decir, no es que buscamos traer equipamiento que ya est\u00e9 armado, sino que queremos desarrollarlo nosotros para que en un futuro podamos llegar a fabricarlo localmente\u201d.<\/p>\n<p>El proyecto comenz\u00f3 este a\u00f1o y va a tener una duraci\u00f3n de tres a\u00f1os. En la provincia las actividades relacionadas con el mismo comenzaron a mitad de a\u00f1o. Y para cumplir con el objetivo de formar recurso humano, es que se convoc\u00f3 a los capacitadores en esta oportunidad: \u201cLa doctora Luna es una investigadora argentina que estaba en el exterior y fue repatriada como parte del programa Ra\u00edces del periodo anterior, en el que se trajeron nuevamente investigadores que se encontraban afuera. Ella est\u00e1 liderando dentro del Conicet y dentro de la Facultad Regional de la Plata, tambi\u00e9n de la UTN, un centro de investigaci\u00f3n de materiales alternativos, y tambi\u00e9n est\u00e1 en un grupo de investigaci\u00f3n de energ\u00edas alternativas que se desempe\u00f1an los otros dos ingenieros que la acompa\u00f1an que son j\u00f3venes becarios que est\u00e1n form\u00e1ndose y est\u00e1n ampliando la base de energ\u00edas alternativas en Argentina. Nosotros, por las caracter\u00edsticas naturales que tenemos ac\u00e1, siempre est\u00e1 en discusi\u00f3n el tema o es popular el hecho de que contamos con la fuente como la energ\u00eda e\u00f3lica pero ahora hay que ir a lo concreto y profundizar, cu\u00e1les son realmente las alternativas y las posibilidades que se tienen. En ese marco es que ellos est\u00e1n viniendo\u201d, recalc\u00f3 el Ingeniero.<\/p>\n<p>Cada d\u00eda de la capacitaci\u00f3n se abordar\u00e1 un \u00e1rea espec\u00edfica de las energ\u00edas renovables. El lunes 5 se abordar\u00e1 la tem\u00e1tica \u201cDemanda y Suministro de Energ\u00eda\u201d, el m\u00f3dulo correspondiente al martes 6 es \u201cEnerg\u00eda Solar\u201d y, el mi\u00e9rcoles 7 el m\u00f3dulo final se trabajar\u00e1 con los temas concernientes a \u201cEnerg\u00eda E\u00f3lica\u201d.<\/p>\n<p>El evento es gratuito y representa una de las actividades previstas antes de una serie de acciones que incluyen la instalaci\u00f3n de un aerogenerador y paneles solares experimentales en el predio de la UTN, orientadas a la medici\u00f3n y recolecci\u00f3n de datos que posibilitar\u00e1n formular las intervenciones m\u00e1s adecuadas para nuestra provincia con el fin de reconvertir la matriz energ\u00e9tica.<\/p>\n<p>\u201cNosotros en R\u00edo Grande tenemos en el equipo de investigaci\u00f3n trabajando cuatro docentes, cinco alumnos y un graduado -detall\u00f3 Abraham-. En la extensi\u00f3n \u00e1ulica de Ushuaia, hay cinco alumnos, dos de ellos que ya se recibieron de ingenieros pesqueros, que est\u00e1n formando parte del equipo de investigaci\u00f3n\u201d.<\/p>\n<p>Y agreg\u00f3: \u201cAprovechando la situaci\u00f3n que se daba, de que la doctora viniera con los becarios a dictar el curso para los docentes y alumnos que est\u00e1n participando espec\u00edficamente del proyecto, consensuamos con ellos en hacerlo abierto a la comunidad, porque ofertas de este tipo es muy dif\u00edcil de encontrar ac\u00e1 en R\u00edo Grande y estamos inscribiendo a personas externas a la UTN que se quieran anotar. Porque sabemos que en el \u00e1mbito de la educaci\u00f3n o de la investigaci\u00f3n mismo, o a nivel hobby, hay muchos chicos que preguntan acerca de este tema\u201d.<\/p>\n<p>Quienes quieran participar tienen que acercarse a la facultad, ir a extensi\u00f3n universitaria y registrarse. La Facultad Regional R\u00edo Grande avala el dictado de la actividad mediante un certificado. Adem\u00e1s, est\u00e1 pendiente el aval del Ministerio de Educaci\u00f3n para cubrir la asistencia docentes del \u00e1rea.<\/p>\n<p>Fuente: El Sure\u00f1o<\/p>\n","protected":false},"excerpt":{"rendered":"<p>RIO GRANDE.- A trav\u00e9s del proyecto de investigaci\u00f3n para el desarrollo de sistemas h\u00edbridos para la provisi\u00f3n sustentable de electricidad [&hellip;]<\/p>\n","protected":false},"author":2,"featured_media":0,"comment_status":"closed","ping_status":"closed","sticky":false,"template":"","format":"standard","meta":{"site-sidebar-layout":"default","site-content-layout":"","ast-site-content-layout":"default","site-content-style":"default","site-sidebar-style":"default","ast-global-header-display":"","ast-banner-title-visibility":"","ast-main-header-display":"","ast-hfb-above-header-display":"","ast-hfb-below-header-display":"","ast-hfb-mobile-header-display":"","site-post-title":"","ast-breadcrumbs-content":"","ast-featured-img":"","footer-sml-layout":"","ast-disable-related-posts":"","theme-transparent-header-meta":"","adv-header-id-meta":"","stick-header-meta":"","header-above-stick-meta":"","header-main-stick-meta":"","header-below-stick-meta":"","astra-migrate-meta-layouts":"default","ast-page-background-enabled":"default","ast-page-background-meta":{"desktop":{"background-color":"var(--ast-global-color-5)","background-image":"","background-repeat":"repeat","background-position":"center center","background-size":"auto","background-attachment":"scroll","background-type":"","background-media":"","overlay-type":"","overlay-color":"","overlay-opacity":"","overlay-gradient":""},"tablet":{"background-color":"","background-image":"","background-repeat":"repeat","background-position":"center center","background-size":"auto","background-attachment":"scroll","background-type":"","background-media":"","overlay-type":"","overlay-color":"","overlay-opacity":"","overlay-gradient":""},"mobile":{"background-color":"","background-image":"","background-repeat":"repeat","background-position":"center center","background-size":"auto","background-attachment":"scroll","background-type":"","background-media":"","overlay-type":"","overlay-color":"","overlay-opacity":"","overlay-gradient":""}},"ast-content-background-meta":{"desktop":{"background-color":"var(--ast-global-color-4)","background-image":"","background-repeat":"repeat","background-position":"center center","background-size":"auto","background-attachment":"scroll","background-type":"","background-media":"","overlay-type":"","overlay-color":"","overlay-opacity":"","overlay-gradient":""},"tablet":{"background-color":"var(--ast-global-color-4)","background-image":"","background-repeat":"repeat","background-position":"center center","background-size":"auto","background-attachment":"scroll","background-type":"","background-media":"","overlay-type":"","overlay-color":"","overlay-opacity":"","overlay-gradient":""},"mobile":{"background-color":"var(--ast-global-color-4)","background-image":"","background-repeat":"repeat","background-position":"center center","background-size":"auto","background-attachment":"scroll","background-type":"","background-media":"","overlay-type":"","overlay-color":"","overlay-opacity":"","overlay-gradient":""}},"footnotes":""},"categories":[16,1],"tags":[],"class_list":["post-23078","post","type-post","status-publish","format-standard","hentry","category-municipales","category-noticias"],"yoast_head":"<!-- This site is optimized with the Yoast SEO Premium plugin v23.0 (Yoast SEO v27.4) - https:\/\/yoast.com\/product\/yoast-seo-premium-wordpress\/ -->\n<title>R\u00edo Grande: Investigadores de la UTN dictar\u00e1n un curso de tres d\u00edas sobre energ\u00edas alternativas<\/title>\n<meta name=\"robots\" content=\"index, follow, max-snippet:-1, max-image-preview:large, max-video-preview:-1\" \/>\n<link rel=\"canonical\" href=\"https:\/\/patagoniambiental.com.ar\/info\/rio-grande-investigadores-de-la-utn-dictaran-un-curso-de-tres-dias-sobre-energias-alternativas\/\" \/>\n<meta property=\"og:locale\" content=\"es_ES\" \/>\n<meta property=\"og:type\" content=\"article\" \/>\n<meta property=\"og:title\" content=\"R\u00edo Grande: Investigadores de la UTN dictar\u00e1n un curso de tres d\u00edas sobre energ\u00edas alternativas\" \/>\n<meta property=\"og:description\" content=\"RIO GRANDE.- A trav\u00e9s del proyecto de investigaci\u00f3n para el desarrollo de sistemas h\u00edbridos para la provisi\u00f3n sustentable de electricidad [&hellip;]\" \/>\n<meta property=\"og:url\" content=\"https:\/\/patagoniambiental.com.ar\/info\/rio-grande-investigadores-de-la-utn-dictaran-un-curso-de-tres-dias-sobre-energias-alternativas\/\" \/>\n<meta property=\"og:site_name\" content=\"Patagonia Ambiental\" \/>\n<meta property=\"article:publisher\" content=\"https:\/\/www.facebook.com\/patagonia.ambiental\" \/>\n<meta property=\"article:author\" content=\"https:\/\/www.facebook.com\/share\/1C1V8Gv9BX\/?mibextid=qi2Omg\" \/>\n<meta property=\"article:published_time\" content=\"2016-12-02T12:00:36+00:00\" \/>\n<meta name=\"author\" content=\"Patagonia Ambiental\" \/>\n<meta name=\"twitter:card\" content=\"summary_large_image\" \/>\n<meta name=\"twitter:creator\" content=\"@PatAmb\" \/>\n<meta name=\"twitter:site\" content=\"@PatAmb\" \/>\n<script type=\"application\/ld+json\" class=\"yoast-schema-graph\">{\"@context\":\"https:\\\/\\\/schema.org\",\"@graph\":[{\"@type\":\"Article\",\"@id\":\"https:\\\/\\\/patagoniambiental.com.ar\\\/info\\\/rio-grande-investigadores-de-la-utn-dictaran-un-curso-de-tres-dias-sobre-energias-alternativas\\\/#article\",\"isPartOf\":{\"@id\":\"https:\\\/\\\/patagoniambiental.com.ar\\\/info\\\/rio-grande-investigadores-de-la-utn-dictaran-un-curso-de-tres-dias-sobre-energias-alternativas\\\/\"},\"author\":{\"name\":\"Patagonia Ambiental\",\"@id\":\"https:\\\/\\\/patagoniambiental.com.ar\\\/info\\\/#\\\/schema\\\/person\\\/db12bff64bbcbf6a253710bf0ea37b5d\"},\"headline\":\"R\u00edo Grande: Investigadores de la UTN dictar\u00e1n un curso de tres d\u00edas sobre energ\u00edas alternativas\",\"datePublished\":\"2016-12-02T12:00:36+00:00\",\"mainEntityOfPage\":{\"@id\":\"https:\\\/\\\/patagoniambiental.com.ar\\\/info\\\/rio-grande-investigadores-de-la-utn-dictaran-un-curso-de-tres-dias-sobre-energias-alternativas\\\/\"},\"wordCount\":891,\"publisher\":{\"@id\":\"https:\\\/\\\/patagoniambiental.com.ar\\\/info\\\/#organization\"},\"articleSection\":[\"Municipales\",\"Noticias\"],\"inLanguage\":\"es\"},{\"@type\":\"WebPage\",\"@id\":\"https:\\\/\\\/patagoniambiental.com.ar\\\/info\\\/rio-grande-investigadores-de-la-utn-dictaran-un-curso-de-tres-dias-sobre-energias-alternativas\\\/\",\"url\":\"https:\\\/\\\/patagoniambiental.com.ar\\\/info\\\/rio-grande-investigadores-de-la-utn-dictaran-un-curso-de-tres-dias-sobre-energias-alternativas\\\/\",\"name\":\"R\u00edo Grande: Investigadores de la UTN dictar\u00e1n un curso de tres d\u00edas sobre energ\u00edas alternativas\",\"isPartOf\":{\"@id\":\"https:\\\/\\\/patagoniambiental.com.ar\\\/info\\\/#website\"},\"datePublished\":\"2016-12-02T12:00:36+00:00\",\"breadcrumb\":{\"@id\":\"https:\\\/\\\/patagoniambiental.com.ar\\\/info\\\/rio-grande-investigadores-de-la-utn-dictaran-un-curso-de-tres-dias-sobre-energias-alternativas\\\/#breadcrumb\"},\"inLanguage\":\"es\",\"potentialAction\":[{\"@type\":\"ReadAction\",\"target\":[\"https:\\\/\\\/patagoniambiental.com.ar\\\/info\\\/rio-grande-investigadores-de-la-utn-dictaran-un-curso-de-tres-dias-sobre-energias-alternativas\\\/\"]}]},{\"@type\":\"BreadcrumbList\",\"@id\":\"https:\\\/\\\/patagoniambiental.com.ar\\\/info\\\/rio-grande-investigadores-de-la-utn-dictaran-un-curso-de-tres-dias-sobre-energias-alternativas\\\/#breadcrumb\",\"itemListElement\":[{\"@type\":\"ListItem\",\"position\":1,\"name\":\"Inicio\",\"item\":\"https:\\\/\\\/patagoniambiental.com.ar\\\/info\\\/\"},{\"@type\":\"ListItem\",\"position\":2,\"name\":\"R\u00edo Grande: Investigadores de la UTN dictar\u00e1n un curso de tres d\u00edas sobre energ\u00edas alternativas\"}]},{\"@type\":\"WebSite\",\"@id\":\"https:\\\/\\\/patagoniambiental.com.ar\\\/info\\\/#website\",\"url\":\"https:\\\/\\\/patagoniambiental.com.ar\\\/info\\\/\",\"name\":\"Patagonia Ambiental\",\"description\":\"Monitoreo y an\u00e1lisis de la situaci\u00f3n geopol\u00edtica en el mundo y su implicancia en la Patagonia\",\"publisher\":{\"@id\":\"https:\\\/\\\/patagoniambiental.com.ar\\\/info\\\/#organization\"},\"potentialAction\":[{\"@type\":\"SearchAction\",\"target\":{\"@type\":\"EntryPoint\",\"urlTemplate\":\"https:\\\/\\\/patagoniambiental.com.ar\\\/info\\\/?s={search_term_string}\"},\"query-input\":{\"@type\":\"PropertyValueSpecification\",\"valueRequired\":true,\"valueName\":\"search_term_string\"}}],\"inLanguage\":\"es\"},{\"@type\":\"Organization\",\"@id\":\"https:\\\/\\\/patagoniambiental.com.ar\\\/info\\\/#organization\",\"name\":\"Patagonia Ambiental\",\"url\":\"https:\\\/\\\/patagoniambiental.com.ar\\\/info\\\/\",\"logo\":{\"@type\":\"ImageObject\",\"inLanguage\":\"es\",\"@id\":\"https:\\\/\\\/patagoniambiental.com.ar\\\/info\\\/#\\\/schema\\\/logo\\\/image\\\/\",\"url\":\"https:\\\/\\\/patagoniambiental.com.ar\\\/info\\\/wp-content\\\/uploads\\\/2025\\\/05\\\/LOGO-PATAGONIA-AMBIENTAL.png\",\"contentUrl\":\"https:\\\/\\\/patagoniambiental.com.ar\\\/info\\\/wp-content\\\/uploads\\\/2025\\\/05\\\/LOGO-PATAGONIA-AMBIENTAL.png\",\"width\":433,\"height\":250,\"caption\":\"Patagonia Ambiental\"},\"image\":{\"@id\":\"https:\\\/\\\/patagoniambiental.com.ar\\\/info\\\/#\\\/schema\\\/logo\\\/image\\\/\"},\"sameAs\":[\"https:\\\/\\\/www.facebook.com\\\/patagonia.ambiental\",\"https:\\\/\\\/x.com\\\/PatAmb\"]},{\"@type\":\"Person\",\"@id\":\"https:\\\/\\\/patagoniambiental.com.ar\\\/info\\\/#\\\/schema\\\/person\\\/db12bff64bbcbf6a253710bf0ea37b5d\",\"name\":\"Patagonia Ambiental\",\"description\":\"Andr\u00e9s Nievas T\u00e9cnico en manejo ambiental, consultor Ambiental y escritor para medios locales e internacionales sobre temas de geopolitica y medio ambiente.\",\"sameAs\":[\"http:\\\/\\\/www.patagoniambiental.com.ar\",\"https:\\\/\\\/www.facebook.com\\\/share\\\/1C1V8Gv9BX\\\/?mibextid=qi2Omg\",\"@patagoniambiental\",\"https:\\\/\\\/youtube.com\\\/@patagoniaambiental2023?si=BLt58t0wuXquxlYZ\"]}]}<\/script>\n<!-- \/ Yoast SEO Premium plugin. -->","yoast_head_json":{"title":"R\u00edo Grande: Investigadores de la UTN dictar\u00e1n un curso de tres d\u00edas sobre energ\u00edas alternativas","robots":{"index":"index","follow":"follow","max-snippet":"max-snippet:-1","max-image-preview":"max-image-preview:large","max-video-preview":"max-video-preview:-1"},"canonical":"https:\/\/patagoniambiental.com.ar\/info\/rio-grande-investigadores-de-la-utn-dictaran-un-curso-de-tres-dias-sobre-energias-alternativas\/","og_locale":"es_ES","og_type":"article","og_title":"R\u00edo Grande: Investigadores de la UTN dictar\u00e1n un curso de tres d\u00edas sobre energ\u00edas alternativas","og_description":"RIO GRANDE.- A trav\u00e9s del proyecto de investigaci\u00f3n para el desarrollo de sistemas h\u00edbridos para la provisi\u00f3n sustentable de electricidad [&hellip;]","og_url":"https:\/\/patagoniambiental.com.ar\/info\/rio-grande-investigadores-de-la-utn-dictaran-un-curso-de-tres-dias-sobre-energias-alternativas\/","og_site_name":"Patagonia Ambiental","article_publisher":"https:\/\/www.facebook.com\/patagonia.ambiental","article_author":"https:\/\/www.facebook.com\/share\/1C1V8Gv9BX\/?mibextid=qi2Omg","article_published_time":"2016-12-02T12:00:36+00:00","author":"Patagonia Ambiental","twitter_card":"summary_large_image","twitter_creator":"@PatAmb","twitter_site":"@PatAmb","schema":{"@context":"https:\/\/schema.org","@graph":[{"@type":"Article","@id":"https:\/\/patagoniambiental.com.ar\/info\/rio-grande-investigadores-de-la-utn-dictaran-un-curso-de-tres-dias-sobre-energias-alternativas\/#article","isPartOf":{"@id":"https:\/\/patagoniambiental.com.ar\/info\/rio-grande-investigadores-de-la-utn-dictaran-un-curso-de-tres-dias-sobre-energias-alternativas\/"},"author":{"name":"Patagonia Ambiental","@id":"https:\/\/patagoniambiental.com.ar\/info\/#\/schema\/person\/db12bff64bbcbf6a253710bf0ea37b5d"},"headline":"R\u00edo Grande: Investigadores de la UTN dictar\u00e1n un curso de tres d\u00edas sobre energ\u00edas alternativas","datePublished":"2016-12-02T12:00:36+00:00","mainEntityOfPage":{"@id":"https:\/\/patagoniambiental.com.ar\/info\/rio-grande-investigadores-de-la-utn-dictaran-un-curso-de-tres-dias-sobre-energias-alternativas\/"},"wordCount":891,"publisher":{"@id":"https:\/\/patagoniambiental.com.ar\/info\/#organization"},"articleSection":["Municipales","Noticias"],"inLanguage":"es"},{"@type":"WebPage","@id":"https:\/\/patagoniambiental.com.ar\/info\/rio-grande-investigadores-de-la-utn-dictaran-un-curso-de-tres-dias-sobre-energias-alternativas\/","url":"https:\/\/patagoniambiental.com.ar\/info\/rio-grande-investigadores-de-la-utn-dictaran-un-curso-de-tres-dias-sobre-energias-alternativas\/","name":"R\u00edo Grande: Investigadores de la UTN dictar\u00e1n un curso de tres d\u00edas sobre energ\u00edas alternativas","isPartOf":{"@id":"https:\/\/patagoniambiental.com.ar\/info\/#website"},"datePublished":"2016-12-02T12:00:36+00:00","breadcrumb":{"@id":"https:\/\/patagoniambiental.com.ar\/info\/rio-grande-investigadores-de-la-utn-dictaran-un-curso-de-tres-dias-sobre-energias-alternativas\/#breadcrumb"},"inLanguage":"es","potentialAction":[{"@type":"ReadAction","target":["https:\/\/patagoniambiental.com.ar\/info\/rio-grande-investigadores-de-la-utn-dictaran-un-curso-de-tres-dias-sobre-energias-alternativas\/"]}]},{"@type":"BreadcrumbList","@id":"https:\/\/patagoniambiental.com.ar\/info\/rio-grande-investigadores-de-la-utn-dictaran-un-curso-de-tres-dias-sobre-energias-alternativas\/#breadcrumb","itemListElement":[{"@type":"ListItem","position":1,"name":"Inicio","item":"https:\/\/patagoniambiental.com.ar\/info\/"},{"@type":"ListItem","position":2,"name":"R\u00edo Grande: Investigadores de la UTN dictar\u00e1n un curso de tres d\u00edas sobre energ\u00edas alternativas"}]},{"@type":"WebSite","@id":"https:\/\/patagoniambiental.com.ar\/info\/#website","url":"https:\/\/patagoniambiental.com.ar\/info\/","name":"Patagonia Ambiental","description":"Monitoreo y an\u00e1lisis de la situaci\u00f3n geopol\u00edtica en el mundo y su implicancia en la Patagonia","publisher":{"@id":"https:\/\/patagoniambiental.com.ar\/info\/#organization"},"potentialAction":[{"@type":"SearchAction","target":{"@type":"EntryPoint","urlTemplate":"https:\/\/patagoniambiental.com.ar\/info\/?s={search_term_string}"},"query-input":{"@type":"PropertyValueSpecification","valueRequired":true,"valueName":"search_term_string"}}],"inLanguage":"es"},{"@type":"Organization","@id":"https:\/\/patagoniambiental.com.ar\/info\/#organization","name":"Patagonia Ambiental","url":"https:\/\/patagoniambiental.com.ar\/info\/","logo":{"@type":"ImageObject","inLanguage":"es","@id":"https:\/\/patagoniambiental.com.ar\/info\/#\/schema\/logo\/image\/","url":"https:\/\/patagoniambiental.com.ar\/info\/wp-content\/uploads\/2025\/05\/LOGO-PATAGONIA-AMBIENTAL.png","contentUrl":"https:\/\/patagoniambiental.com.ar\/info\/wp-content\/uploads\/2025\/05\/LOGO-PATAGONIA-AMBIENTAL.png","width":433,"height":250,"caption":"Patagonia Ambiental"},"image":{"@id":"https:\/\/patagoniambiental.com.ar\/info\/#\/schema\/logo\/image\/"},"sameAs":["https:\/\/www.facebook.com\/patagonia.ambiental","https:\/\/x.com\/PatAmb"]},{"@type":"Person","@id":"https:\/\/patagoniambiental.com.ar\/info\/#\/schema\/person\/db12bff64bbcbf6a253710bf0ea37b5d","name":"Patagonia Ambiental","description":"Andr\u00e9s Nievas T\u00e9cnico en manejo ambiental, consultor Ambiental y escritor para medios locales e internacionales sobre temas de geopolitica y medio ambiente.","sameAs":["http:\/\/www.patagoniambiental.com.ar","https:\/\/www.facebook.com\/share\/1C1V8Gv9BX\/?mibextid=qi2Omg","@patagoniambiental","https:\/\/youtube.com\/@patagoniaambiental2023?si=BLt58t0wuXquxlYZ"]}]}},"_links":{"self":[{"href":"https:\/\/patagoniambiental.com.ar\/info\/wp-json\/wp\/v2\/posts\/23078","targetHints":{"allow":["GET"]}}],"collection":[{"href":"https:\/\/patagoniambiental.com.ar\/info\/wp-json\/wp\/v2\/posts"}],"about":[{"href":"https:\/\/patagoniambiental.com.ar\/info\/wp-json\/wp\/v2\/types\/post"}],"author":[{"embeddable":true,"href":"https:\/\/patagoniambiental.com.ar\/info\/wp-json\/wp\/v2\/users\/2"}],"replies":[{"embeddable":true,"href":"https:\/\/patagoniambiental.com.ar\/info\/wp-json\/wp\/v2\/comments?post=23078"}],"version-history":[{"count":0,"href":"https:\/\/patagoniambiental.com.ar\/info\/wp-json\/wp\/v2\/posts\/23078\/revisions"}],"wp:attachment":[{"href":"https:\/\/patagoniambiental.com.ar\/info\/wp-json\/wp\/v2\/media?parent=23078"}],"wp:term":[{"taxonomy":"category","embeddable":true,"href":"https:\/\/patagoniambiental.com.ar\/info\/wp-json\/wp\/v2\/categories?post=23078"},{"taxonomy":"post_tag","embeddable":true,"href":"https:\/\/patagoniambiental.com.ar\/info\/wp-json\/wp\/v2\/tags?post=23078"}],"curies":[{"name":"wp","href":"https:\/\/api.w.org\/{rel}","templated":true}]}}