{"id":23098,"date":"2016-12-02T19:00:31","date_gmt":"2016-12-02T22:00:31","guid":{"rendered":"http:\/\/patagoniambiental.com.ar\/?p=23098"},"modified":"2016-12-02T19:00:31","modified_gmt":"2016-12-02T22:00:31","slug":"se-firmo-el-convenio-para-la-realizacion-de-un-estudio-sobre-el-manejo-urbanistico-de-los-territorios-costeros","status":"publish","type":"post","link":"https:\/\/patagoniambiental.com.ar\/info\/se-firmo-el-convenio-para-la-realizacion-de-un-estudio-sobre-el-manejo-urbanistico-de-los-territorios-costeros\/","title":{"rendered":"Se firm\u00f3 el convenio para la realizaci\u00f3n de un estudio sobre el manejo urban\u00edstico de los territorios costeros"},"content":{"rendered":"<div dir=\"ltr\">\n<p>Viedma.-Ayer a la ma\u00f1ana, en el Centro de Atenci\u00f3n Municipal ( C.A.MU) se firm\u00f3 el acta acuerdo entre la Municipalidad de Viedma y el Gobierno de R\u00edo<\/p>\n<\/div>\n<p><!--more--><\/p>\n<p>Negro, a trav\u00e9s de la unidad de enlace con el Concejo Federal de Inversiones (CFI), para la asistencia t\u00e9cnica y financiera, para una asesor\u00eda externa sobre el manejo urban\u00edstico de los territorios costeros.<\/p>\n<div dir=\"ltr\">\n<p>El objetivo de la acuer<span class=\"x_text_exposed_show\">do es la elaboraci\u00f3n de una propuesta de manejo territorial para el nuevo ejido de Viedma. Para llevar adelante el estudio, se realizar\u00e1n tareas de campo, entrevistas con actores sociales y presentaciones publicas.<\/span><\/p>\n<p>La firma fue presidida por el Intendente de Viedma, Jos\u00e9 Lu\u00eds Foulkes. Lo acompa\u00f1aron el Vicegobernador, Pedro Pesatti, el Secretario de la Gobernaci\u00f3n Mat\u00edas Rulli, la Subsecretaria de la Unidad de Enlace Provincial con el CFI, Laura Perilli y la Secretaria de Turismo y Desarrollo Econ\u00f3mico, Laura Ramos.<\/p>\n<p>El Arquitecto Diego Capandeguy, especializado en Urbanismo y Planeamiento, fue el encargado de presentar el trabajo a desarrollar en los territorios costeros.<\/p>\n<p>Entre los objetivos generales se encuentran la formulaci\u00f3n de una propuesta precautoria y de activaci\u00f3n selectiva de la costa, recomendaciones de estudios y estrategias de acci\u00f3n.Respecto a los objetivos espec\u00edficos se proyecta un an\u00e1lisis del suelo de dominio p\u00fablico y privado, propuestas de gesti\u00f3n y contribuci\u00f3n en el ordenamiento territorial.<\/p>\n<p>El Intendente de Viedma, Jos\u00e9 Lu\u00eds Foulkes, manifest\u00f3 su agradecimiento a las autoridades, vecinos e instituciones intermedias presentes y dijo que \u201cnecesitamos de esta informaci\u00f3n b\u00e1sica para poder tomar decisiones en conjunto. Nos van a mostrar y de esta manera vamos a poder avanzar en base a los estudios generados\u201d.<\/p>\n<p>Agreg\u00f3 que se van a tener en cuenta las visiones de cada uno de los integrantes de este esquema de trabajo y habl\u00f3 de la importancia de la planificaci\u00f3n para la ciudad de Viedma.<\/p>\n<p>Agradeci\u00f3 al Gobierno Provincial, que a trav\u00e9s de la unidad de enlace con el Concejo Federal de Inversiones, \u201cnos ayud\u00f3 a buscar este financiamiento que l\u00f3gicamente es indispensable para contar con estos productos\u201d.<\/p>\n<\/div>\n<p>&nbsp;<\/p>\n<p>Fuente: Municipalidad de Viedma<\/p>\n<p>&nbsp;<\/p>\n<p>&nbsp;<\/p>\n<p>&#8212;<\/p>\n","protected":false},"excerpt":{"rendered":"<p>Viedma.-Ayer a la ma\u00f1ana, en el Centro de Atenci\u00f3n Municipal ( C.A.MU) se firm\u00f3 el acta acuerdo entre la Municipalidad [&hellip;]<\/p>\n","protected":false},"author":2,"featured_media":0,"comment_status":"closed","ping_status":"closed","sticky":false,"template":"","format":"standard","meta":{"site-sidebar-layout":"default","site-content-layout":"","ast-site-content-layout":"default","site-content-style":"default","site-sidebar-style":"default","ast-global-header-display":"","ast-banner-title-visibility":"","ast-main-header-display":"","ast-hfb-above-header-display":"","ast-hfb-below-header-display":"","ast-hfb-mobile-header-display":"","site-post-title":"","ast-breadcrumbs-content":"","ast-featured-img":"","footer-sml-layout":"","ast-disable-related-posts":"","theme-transparent-header-meta":"","adv-header-id-meta":"","stick-header-meta":"","header-above-stick-meta":"","header-main-stick-meta":"","header-below-stick-meta":"","astra-migrate-meta-layouts":"default","ast-page-background-enabled":"default","ast-page-background-meta":{"desktop":{"background-color":"var(--ast-global-color-5)","background-image":"","background-repeat":"repeat","background-position":"center center","background-size":"auto","background-attachment":"scroll","background-type":"","background-media":"","overlay-type":"","overlay-color":"","overlay-opacity":"","overlay-gradient":""},"tablet":{"background-color":"","background-image":"","background-repeat":"repeat","background-position":"center center","background-size":"auto","background-attachment":"scroll","background-type":"","background-media":"","overlay-type":"","overlay-color":"","overlay-opacity":"","overlay-gradient":""},"mobile":{"background-color":"","background-image":"","background-repeat":"repeat","background-position":"center center","background-size":"auto","background-attachment":"scroll","background-type":"","background-media":"","overlay-type":"","overlay-color":"","overlay-opacity":"","overlay-gradient":""}},"ast-content-background-meta":{"desktop":{"background-color":"var(--ast-global-color-4)","background-image":"","background-repeat":"repeat","background-position":"center center","background-size":"auto","background-attachment":"scroll","background-type":"","background-media":"","overlay-type":"","overlay-color":"","overlay-opacity":"","overlay-gradient":""},"tablet":{"background-color":"var(--ast-global-color-4)","background-image":"","background-repeat":"repeat","background-position":"center center","background-size":"auto","background-attachment":"scroll","background-type":"","background-media":"","overlay-type":"","overlay-color":"","overlay-opacity":"","overlay-gradient":""},"mobile":{"background-color":"var(--ast-global-color-4)","background-image":"","background-repeat":"repeat","background-position":"center center","background-size":"auto","background-attachment":"scroll","background-type":"","background-media":"","overlay-type":"","overlay-color":"","overlay-opacity":"","overlay-gradient":""}},"footnotes":""},"categories":[16,1],"tags":[],"class_list":["post-23098","post","type-post","status-publish","format-standard","hentry","category-municipales","category-noticias"],"yoast_head":"<!-- This site is optimized with the Yoast SEO Premium plugin v23.0 (Yoast SEO v27.4) - https:\/\/yoast.com\/product\/yoast-seo-premium-wordpress\/ -->\n<title>Se firm\u00f3 el convenio para la realizaci\u00f3n de un estudio sobre el manejo urban\u00edstico de los territorios costeros<\/title>\n<meta name=\"robots\" content=\"index, follow, max-snippet:-1, max-image-preview:large, max-video-preview:-1\" \/>\n<link rel=\"canonical\" href=\"https:\/\/patagoniambiental.com.ar\/info\/se-firmo-el-convenio-para-la-realizacion-de-un-estudio-sobre-el-manejo-urbanistico-de-los-territorios-costeros\/\" \/>\n<meta property=\"og:locale\" content=\"es_ES\" \/>\n<meta property=\"og:type\" content=\"article\" \/>\n<meta property=\"og:title\" content=\"Se firm\u00f3 el convenio para la realizaci\u00f3n de un estudio sobre el manejo urban\u00edstico de los territorios costeros\" \/>\n<meta property=\"og:description\" content=\"Viedma.-Ayer a la ma\u00f1ana, en el Centro de Atenci\u00f3n Municipal ( C.A.MU) se firm\u00f3 el acta acuerdo entre la Municipalidad [&hellip;]\" \/>\n<meta property=\"og:url\" content=\"https:\/\/patagoniambiental.com.ar\/info\/se-firmo-el-convenio-para-la-realizacion-de-un-estudio-sobre-el-manejo-urbanistico-de-los-territorios-costeros\/\" \/>\n<meta property=\"og:site_name\" content=\"Patagonia Ambiental\" \/>\n<meta property=\"article:publisher\" content=\"https:\/\/www.facebook.com\/patagonia.ambiental\" \/>\n<meta property=\"article:author\" content=\"https:\/\/www.facebook.com\/share\/1C1V8Gv9BX\/?mibextid=qi2Omg\" \/>\n<meta property=\"article:published_time\" content=\"2016-12-02T22:00:31+00:00\" \/>\n<meta name=\"author\" content=\"Patagonia Ambiental\" \/>\n<meta name=\"twitter:card\" content=\"summary_large_image\" \/>\n<meta name=\"twitter:creator\" content=\"@PatAmb\" \/>\n<meta name=\"twitter:site\" content=\"@PatAmb\" \/>\n<script type=\"application\/ld+json\" class=\"yoast-schema-graph\">{\"@context\":\"https:\\\/\\\/schema.org\",\"@graph\":[{\"@type\":\"Article\",\"@id\":\"https:\\\/\\\/patagoniambiental.com.ar\\\/info\\\/se-firmo-el-convenio-para-la-realizacion-de-un-estudio-sobre-el-manejo-urbanistico-de-los-territorios-costeros\\\/#article\",\"isPartOf\":{\"@id\":\"https:\\\/\\\/patagoniambiental.com.ar\\\/info\\\/se-firmo-el-convenio-para-la-realizacion-de-un-estudio-sobre-el-manejo-urbanistico-de-los-territorios-costeros\\\/\"},\"author\":{\"name\":\"Patagonia Ambiental\",\"@id\":\"https:\\\/\\\/patagoniambiental.com.ar\\\/info\\\/#\\\/schema\\\/person\\\/db12bff64bbcbf6a253710bf0ea37b5d\"},\"headline\":\"Se firm\u00f3 el convenio para la realizaci\u00f3n de un estudio sobre el manejo urban\u00edstico de los territorios costeros\",\"datePublished\":\"2016-12-02T22:00:31+00:00\",\"mainEntityOfPage\":{\"@id\":\"https:\\\/\\\/patagoniambiental.com.ar\\\/info\\\/se-firmo-el-convenio-para-la-realizacion-de-un-estudio-sobre-el-manejo-urbanistico-de-los-territorios-costeros\\\/\"},\"wordCount\":393,\"publisher\":{\"@id\":\"https:\\\/\\\/patagoniambiental.com.ar\\\/info\\\/#organization\"},\"articleSection\":[\"Municipales\",\"Noticias\"],\"inLanguage\":\"es\"},{\"@type\":\"WebPage\",\"@id\":\"https:\\\/\\\/patagoniambiental.com.ar\\\/info\\\/se-firmo-el-convenio-para-la-realizacion-de-un-estudio-sobre-el-manejo-urbanistico-de-los-territorios-costeros\\\/\",\"url\":\"https:\\\/\\\/patagoniambiental.com.ar\\\/info\\\/se-firmo-el-convenio-para-la-realizacion-de-un-estudio-sobre-el-manejo-urbanistico-de-los-territorios-costeros\\\/\",\"name\":\"Se firm\u00f3 el convenio para la realizaci\u00f3n de un estudio sobre el manejo urban\u00edstico de los territorios costeros\",\"isPartOf\":{\"@id\":\"https:\\\/\\\/patagoniambiental.com.ar\\\/info\\\/#website\"},\"datePublished\":\"2016-12-02T22:00:31+00:00\",\"breadcrumb\":{\"@id\":\"https:\\\/\\\/patagoniambiental.com.ar\\\/info\\\/se-firmo-el-convenio-para-la-realizacion-de-un-estudio-sobre-el-manejo-urbanistico-de-los-territorios-costeros\\\/#breadcrumb\"},\"inLanguage\":\"es\",\"potentialAction\":[{\"@type\":\"ReadAction\",\"target\":[\"https:\\\/\\\/patagoniambiental.com.ar\\\/info\\\/se-firmo-el-convenio-para-la-realizacion-de-un-estudio-sobre-el-manejo-urbanistico-de-los-territorios-costeros\\\/\"]}]},{\"@type\":\"BreadcrumbList\",\"@id\":\"https:\\\/\\\/patagoniambiental.com.ar\\\/info\\\/se-firmo-el-convenio-para-la-realizacion-de-un-estudio-sobre-el-manejo-urbanistico-de-los-territorios-costeros\\\/#breadcrumb\",\"itemListElement\":[{\"@type\":\"ListItem\",\"position\":1,\"name\":\"Inicio\",\"item\":\"https:\\\/\\\/patagoniambiental.com.ar\\\/info\\\/\"},{\"@type\":\"ListItem\",\"position\":2,\"name\":\"Se firm\u00f3 el convenio para la realizaci\u00f3n de un estudio sobre el manejo urban\u00edstico de los territorios costeros\"}]},{\"@type\":\"WebSite\",\"@id\":\"https:\\\/\\\/patagoniambiental.com.ar\\\/info\\\/#website\",\"url\":\"https:\\\/\\\/patagoniambiental.com.ar\\\/info\\\/\",\"name\":\"Patagonia Ambiental\",\"description\":\"Monitoreo y an\u00e1lisis de la situaci\u00f3n geopol\u00edtica en el mundo y su implicancia en la Patagonia\",\"publisher\":{\"@id\":\"https:\\\/\\\/patagoniambiental.com.ar\\\/info\\\/#organization\"},\"potentialAction\":[{\"@type\":\"SearchAction\",\"target\":{\"@type\":\"EntryPoint\",\"urlTemplate\":\"https:\\\/\\\/patagoniambiental.com.ar\\\/info\\\/?s={search_term_string}\"},\"query-input\":{\"@type\":\"PropertyValueSpecification\",\"valueRequired\":true,\"valueName\":\"search_term_string\"}}],\"inLanguage\":\"es\"},{\"@type\":\"Organization\",\"@id\":\"https:\\\/\\\/patagoniambiental.com.ar\\\/info\\\/#organization\",\"name\":\"Patagonia Ambiental\",\"url\":\"https:\\\/\\\/patagoniambiental.com.ar\\\/info\\\/\",\"logo\":{\"@type\":\"ImageObject\",\"inLanguage\":\"es\",\"@id\":\"https:\\\/\\\/patagoniambiental.com.ar\\\/info\\\/#\\\/schema\\\/logo\\\/image\\\/\",\"url\":\"https:\\\/\\\/patagoniambiental.com.ar\\\/info\\\/wp-content\\\/uploads\\\/2025\\\/05\\\/LOGO-PATAGONIA-AMBIENTAL.png\",\"contentUrl\":\"https:\\\/\\\/patagoniambiental.com.ar\\\/info\\\/wp-content\\\/uploads\\\/2025\\\/05\\\/LOGO-PATAGONIA-AMBIENTAL.png\",\"width\":433,\"height\":250,\"caption\":\"Patagonia Ambiental\"},\"image\":{\"@id\":\"https:\\\/\\\/patagoniambiental.com.ar\\\/info\\\/#\\\/schema\\\/logo\\\/image\\\/\"},\"sameAs\":[\"https:\\\/\\\/www.facebook.com\\\/patagonia.ambiental\",\"https:\\\/\\\/x.com\\\/PatAmb\"]},{\"@type\":\"Person\",\"@id\":\"https:\\\/\\\/patagoniambiental.com.ar\\\/info\\\/#\\\/schema\\\/person\\\/db12bff64bbcbf6a253710bf0ea37b5d\",\"name\":\"Patagonia Ambiental\",\"description\":\"Andr\u00e9s Nievas T\u00e9cnico en manejo ambiental, consultor Ambiental y escritor para medios locales e internacionales sobre temas de geopolitica y medio ambiente.\",\"sameAs\":[\"http:\\\/\\\/www.patagoniambiental.com.ar\",\"https:\\\/\\\/www.facebook.com\\\/share\\\/1C1V8Gv9BX\\\/?mibextid=qi2Omg\",\"@patagoniambiental\",\"https:\\\/\\\/youtube.com\\\/@patagoniaambiental2023?si=BLt58t0wuXquxlYZ\"]}]}<\/script>\n<!-- \/ Yoast SEO Premium plugin. -->","yoast_head_json":{"title":"Se firm\u00f3 el convenio para la realizaci\u00f3n de un estudio sobre el manejo urban\u00edstico de los territorios costeros","robots":{"index":"index","follow":"follow","max-snippet":"max-snippet:-1","max-image-preview":"max-image-preview:large","max-video-preview":"max-video-preview:-1"},"canonical":"https:\/\/patagoniambiental.com.ar\/info\/se-firmo-el-convenio-para-la-realizacion-de-un-estudio-sobre-el-manejo-urbanistico-de-los-territorios-costeros\/","og_locale":"es_ES","og_type":"article","og_title":"Se firm\u00f3 el convenio para la realizaci\u00f3n de un estudio sobre el manejo urban\u00edstico de los territorios costeros","og_description":"Viedma.-Ayer a la ma\u00f1ana, en el Centro de Atenci\u00f3n Municipal ( C.A.MU) se firm\u00f3 el acta acuerdo entre la Municipalidad [&hellip;]","og_url":"https:\/\/patagoniambiental.com.ar\/info\/se-firmo-el-convenio-para-la-realizacion-de-un-estudio-sobre-el-manejo-urbanistico-de-los-territorios-costeros\/","og_site_name":"Patagonia Ambiental","article_publisher":"https:\/\/www.facebook.com\/patagonia.ambiental","article_author":"https:\/\/www.facebook.com\/share\/1C1V8Gv9BX\/?mibextid=qi2Omg","article_published_time":"2016-12-02T22:00:31+00:00","author":"Patagonia Ambiental","twitter_card":"summary_large_image","twitter_creator":"@PatAmb","twitter_site":"@PatAmb","schema":{"@context":"https:\/\/schema.org","@graph":[{"@type":"Article","@id":"https:\/\/patagoniambiental.com.ar\/info\/se-firmo-el-convenio-para-la-realizacion-de-un-estudio-sobre-el-manejo-urbanistico-de-los-territorios-costeros\/#article","isPartOf":{"@id":"https:\/\/patagoniambiental.com.ar\/info\/se-firmo-el-convenio-para-la-realizacion-de-un-estudio-sobre-el-manejo-urbanistico-de-los-territorios-costeros\/"},"author":{"name":"Patagonia Ambiental","@id":"https:\/\/patagoniambiental.com.ar\/info\/#\/schema\/person\/db12bff64bbcbf6a253710bf0ea37b5d"},"headline":"Se firm\u00f3 el convenio para la realizaci\u00f3n de un estudio sobre el manejo urban\u00edstico de los territorios costeros","datePublished":"2016-12-02T22:00:31+00:00","mainEntityOfPage":{"@id":"https:\/\/patagoniambiental.com.ar\/info\/se-firmo-el-convenio-para-la-realizacion-de-un-estudio-sobre-el-manejo-urbanistico-de-los-territorios-costeros\/"},"wordCount":393,"publisher":{"@id":"https:\/\/patagoniambiental.com.ar\/info\/#organization"},"articleSection":["Municipales","Noticias"],"inLanguage":"es"},{"@type":"WebPage","@id":"https:\/\/patagoniambiental.com.ar\/info\/se-firmo-el-convenio-para-la-realizacion-de-un-estudio-sobre-el-manejo-urbanistico-de-los-territorios-costeros\/","url":"https:\/\/patagoniambiental.com.ar\/info\/se-firmo-el-convenio-para-la-realizacion-de-un-estudio-sobre-el-manejo-urbanistico-de-los-territorios-costeros\/","name":"Se firm\u00f3 el convenio para la realizaci\u00f3n de un estudio sobre el manejo urban\u00edstico de los territorios costeros","isPartOf":{"@id":"https:\/\/patagoniambiental.com.ar\/info\/#website"},"datePublished":"2016-12-02T22:00:31+00:00","breadcrumb":{"@id":"https:\/\/patagoniambiental.com.ar\/info\/se-firmo-el-convenio-para-la-realizacion-de-un-estudio-sobre-el-manejo-urbanistico-de-los-territorios-costeros\/#breadcrumb"},"inLanguage":"es","potentialAction":[{"@type":"ReadAction","target":["https:\/\/patagoniambiental.com.ar\/info\/se-firmo-el-convenio-para-la-realizacion-de-un-estudio-sobre-el-manejo-urbanistico-de-los-territorios-costeros\/"]}]},{"@type":"BreadcrumbList","@id":"https:\/\/patagoniambiental.com.ar\/info\/se-firmo-el-convenio-para-la-realizacion-de-un-estudio-sobre-el-manejo-urbanistico-de-los-territorios-costeros\/#breadcrumb","itemListElement":[{"@type":"ListItem","position":1,"name":"Inicio","item":"https:\/\/patagoniambiental.com.ar\/info\/"},{"@type":"ListItem","position":2,"name":"Se firm\u00f3 el convenio para la realizaci\u00f3n de un estudio sobre el manejo urban\u00edstico de los territorios costeros"}]},{"@type":"WebSite","@id":"https:\/\/patagoniambiental.com.ar\/info\/#website","url":"https:\/\/patagoniambiental.com.ar\/info\/","name":"Patagonia Ambiental","description":"Monitoreo y an\u00e1lisis de la situaci\u00f3n geopol\u00edtica en el mundo y su implicancia en la Patagonia","publisher":{"@id":"https:\/\/patagoniambiental.com.ar\/info\/#organization"},"potentialAction":[{"@type":"SearchAction","target":{"@type":"EntryPoint","urlTemplate":"https:\/\/patagoniambiental.com.ar\/info\/?s={search_term_string}"},"query-input":{"@type":"PropertyValueSpecification","valueRequired":true,"valueName":"search_term_string"}}],"inLanguage":"es"},{"@type":"Organization","@id":"https:\/\/patagoniambiental.com.ar\/info\/#organization","name":"Patagonia Ambiental","url":"https:\/\/patagoniambiental.com.ar\/info\/","logo":{"@type":"ImageObject","inLanguage":"es","@id":"https:\/\/patagoniambiental.com.ar\/info\/#\/schema\/logo\/image\/","url":"https:\/\/patagoniambiental.com.ar\/info\/wp-content\/uploads\/2025\/05\/LOGO-PATAGONIA-AMBIENTAL.png","contentUrl":"https:\/\/patagoniambiental.com.ar\/info\/wp-content\/uploads\/2025\/05\/LOGO-PATAGONIA-AMBIENTAL.png","width":433,"height":250,"caption":"Patagonia Ambiental"},"image":{"@id":"https:\/\/patagoniambiental.com.ar\/info\/#\/schema\/logo\/image\/"},"sameAs":["https:\/\/www.facebook.com\/patagonia.ambiental","https:\/\/x.com\/PatAmb"]},{"@type":"Person","@id":"https:\/\/patagoniambiental.com.ar\/info\/#\/schema\/person\/db12bff64bbcbf6a253710bf0ea37b5d","name":"Patagonia Ambiental","description":"Andr\u00e9s Nievas T\u00e9cnico en manejo ambiental, consultor Ambiental y escritor para medios locales e internacionales sobre temas de geopolitica y medio ambiente.","sameAs":["http:\/\/www.patagoniambiental.com.ar","https:\/\/www.facebook.com\/share\/1C1V8Gv9BX\/?mibextid=qi2Omg","@patagoniambiental","https:\/\/youtube.com\/@patagoniaambiental2023?si=BLt58t0wuXquxlYZ"]}]}},"_links":{"self":[{"href":"https:\/\/patagoniambiental.com.ar\/info\/wp-json\/wp\/v2\/posts\/23098","targetHints":{"allow":["GET"]}}],"collection":[{"href":"https:\/\/patagoniambiental.com.ar\/info\/wp-json\/wp\/v2\/posts"}],"about":[{"href":"https:\/\/patagoniambiental.com.ar\/info\/wp-json\/wp\/v2\/types\/post"}],"author":[{"embeddable":true,"href":"https:\/\/patagoniambiental.com.ar\/info\/wp-json\/wp\/v2\/users\/2"}],"replies":[{"embeddable":true,"href":"https:\/\/patagoniambiental.com.ar\/info\/wp-json\/wp\/v2\/comments?post=23098"}],"version-history":[{"count":0,"href":"https:\/\/patagoniambiental.com.ar\/info\/wp-json\/wp\/v2\/posts\/23098\/revisions"}],"wp:attachment":[{"href":"https:\/\/patagoniambiental.com.ar\/info\/wp-json\/wp\/v2\/media?parent=23098"}],"wp:term":[{"taxonomy":"category","embeddable":true,"href":"https:\/\/patagoniambiental.com.ar\/info\/wp-json\/wp\/v2\/categories?post=23098"},{"taxonomy":"post_tag","embeddable":true,"href":"https:\/\/patagoniambiental.com.ar\/info\/wp-json\/wp\/v2\/tags?post=23098"}],"curies":[{"name":"wp","href":"https:\/\/api.w.org\/{rel}","templated":true}]}}