{"id":23118,"date":"2016-12-03T10:16:42","date_gmt":"2016-12-03T13:16:42","guid":{"rendered":"http:\/\/patagoniambiental.com.ar\/?p=23118"},"modified":"2016-12-03T10:16:42","modified_gmt":"2016-12-03T13:16:42","slug":"se-realiza-la-segunda-campana-de-recepcion-de-envases-de-agroquimicos-en-viedma-general-conesa-rio-colorado-y-el-alto-valle","status":"publish","type":"post","link":"https:\/\/patagoniambiental.com.ar\/info\/se-realiza-la-segunda-campana-de-recepcion-de-envases-de-agroquimicos-en-viedma-general-conesa-rio-colorado-y-el-alto-valle\/","title":{"rendered":"Se realiza la segunda campa\u00f1a de recepci\u00f3n de envases de agroqu\u00edmicos en Viedma, General Conesa, R\u00edo Colorado y el Alto Valle"},"content":{"rendered":"<p class=\"x_MsoNormal\"><b><\/b>\u00a0R\u00cdO NEGRO.-\u00a0Se desarrolla en Viedma, General Conesa, R\u00edo Colorado y el Alto Valle, la segunda campa\u00f1a del a\u00f1o de recepci\u00f3n de envases vac\u00edos de productos agroqu\u00edmicos con triple lavado, que lleva adelante la Secretar\u00eda de Ambiente y Desarrollo Sustentable de la provincia de R\u00edo Negro, dependiente de la Secretaria General, junto con el Ministerio de Agricultura, Ganader\u00eda y Pesca, el INTA, la C\u00e1mara de Sanidad de Agropecuaria y Fertilizantes (CASAFE), y municipios.<\/p>\n<p class=\"x_MsoNormal\">La campa\u00f1a se extender\u00e1 hasta el pr\u00f3ximo mi\u00e9rcoles 7 de diciembre.<\/p>\n<p class=\"x_MsoNormal\">En cada localidad habr\u00e1 un centro de acopio donde los productores deber\u00e1n trasladar los bolsones con los envases. En Viedma se acopiar\u00e1n en el INTA Valle Inferior, ubicado en el Camino 4; en Conesa, en el predio del Frigor\u00edfico EndeCon, sobre Ruta 251; y en R\u00edo Colorado en las instalaciones del ex frigor\u00edfico FRUCAR, Colonia Julia y Echarren. La recepci\u00f3n se realizar\u00e1 de 9 a 12.<\/p>\n<p class=\"x_MsoNormal\">En tanto, para las localidades del Alto Valle la campa\u00f1a de recolecci\u00f3n contin\u00faa hasta el 2 de diciembre s\u00f3lo para los grandes productores, aquellos que reunieron m\u00e1s de cinco bolsones con envases vac\u00edos de agroqu\u00edmicos con triple lavado.<\/p>\n<p class=\"x_MsoNormal\">Los mismos deben ser entregados en los centros de acopio designados: en Cipolletti en las instalaciones de Crisalis; en General Roca la recicladota LP.<\/p>\n<p class=\"x_MsoNormal\">La campa\u00f1a para peque\u00f1os productores finaliz\u00f3 el pasado 25 de noviembre, quienes hicieron entrega de los envases con triple lavados en los centros designados por regiones.<\/p>\n<p class=\"x_MsoNormal\">Los envases se entregar\u00e1n en los bolsones que se proveen de manera gratuita. No se recibir\u00e1n envases sueltos, ni bolsones que contengan recipientes sucios.<\/p>\n<p class=\"x_MsoNormal\">Es importante juntar las tapitas pl\u00e1sticas por separado, retirar las tapas de seguridad de aluminio y embolsar los envases triplemente lavados.<\/p>\n<p class=\"x_MsoNormal\">\n<p class=\"x_MsoNormal\"><b><i>\u00bfC\u00f3mo se hace el triple lavado?<\/i><\/b><\/p>\n<p class=\"x_MsoNormal\">\n<p class=\"x_MsoNormal\">El triple lavado de envases es una actividad recomendada para el manejo de recipientes vac\u00edos de pesticidas o agroqu\u00edmicos y el completo aprovechamiento del contenido.<\/p>\n<p class=\"x_MsoNormal\">El procedimiento consiste en, una vez colocado todo el contenido, agregarle al recipiente agua limpia hasta una cuarta parte de la capacidad del envase, cerrarlo y agitar durante 30 segundos. Luego, vaciar el enjuague en el tanque de pulverizaci\u00f3n.\u00a0Repetir esos pasos tres veces. Finalmente, perforar el envase para evitar su reutilizaci\u00f3n.<\/p>\n<p>Recuerde utilizar siempre los elementos de protecci\u00f3n adecuados. Se recomienda no reutilizar los envases\u00a0 para el almacenamiento de agua, alimentos o productos de consumo humano y\/o animal.<\/p>\n<p>Fuente: Gobierno de R\u00edo Negro<\/p>\n","protected":false},"excerpt":{"rendered":"<p>\u00a0R\u00cdO NEGRO.-\u00a0Se desarrolla en Viedma, General Conesa, R\u00edo Colorado y el Alto Valle, la segunda campa\u00f1a del a\u00f1o de recepci\u00f3n [&hellip;]<\/p>\n","protected":false},"author":2,"featured_media":0,"comment_status":"closed","ping_status":"closed","sticky":false,"template":"","format":"standard","meta":{"site-sidebar-layout":"default","site-content-layout":"","ast-site-content-layout":"default","site-content-style":"default","site-sidebar-style":"default","ast-global-header-display":"","ast-banner-title-visibility":"","ast-main-header-display":"","ast-hfb-above-header-display":"","ast-hfb-below-header-display":"","ast-hfb-mobile-header-display":"","site-post-title":"","ast-breadcrumbs-content":"","ast-featured-img":"","footer-sml-layout":"","ast-disable-related-posts":"","theme-transparent-header-meta":"","adv-header-id-meta":"","stick-header-meta":"","header-above-stick-meta":"","header-main-stick-meta":"","header-below-stick-meta":"","astra-migrate-meta-layouts":"default","ast-page-background-enabled":"default","ast-page-background-meta":{"desktop":{"background-color":"var(--ast-global-color-5)","background-image":"","background-repeat":"repeat","background-position":"center center","background-size":"auto","background-attachment":"scroll","background-type":"","background-media":"","overlay-type":"","overlay-color":"","overlay-opacity":"","overlay-gradient":""},"tablet":{"background-color":"","background-image":"","background-repeat":"repeat","background-position":"center center","background-size":"auto","background-attachment":"scroll","background-type":"","background-media":"","overlay-type":"","overlay-color":"","overlay-opacity":"","overlay-gradient":""},"mobile":{"background-color":"","background-image":"","background-repeat":"repeat","background-position":"center center","background-size":"auto","background-attachment":"scroll","background-type":"","background-media":"","overlay-type":"","overlay-color":"","overlay-opacity":"","overlay-gradient":""}},"ast-content-background-meta":{"desktop":{"background-color":"var(--ast-global-color-4)","background-image":"","background-repeat":"repeat","background-position":"center center","background-size":"auto","background-attachment":"scroll","background-type":"","background-media":"","overlay-type":"","overlay-color":"","overlay-opacity":"","overlay-gradient":""},"tablet":{"background-color":"var(--ast-global-color-4)","background-image":"","background-repeat":"repeat","background-position":"center center","background-size":"auto","background-attachment":"scroll","background-type":"","background-media":"","overlay-type":"","overlay-color":"","overlay-opacity":"","overlay-gradient":""},"mobile":{"background-color":"var(--ast-global-color-4)","background-image":"","background-repeat":"repeat","background-position":"center center","background-size":"auto","background-attachment":"scroll","background-type":"","background-media":"","overlay-type":"","overlay-color":"","overlay-opacity":"","overlay-gradient":""}},"footnotes":""},"categories":[16,1],"tags":[],"class_list":["post-23118","post","type-post","status-publish","format-standard","hentry","category-municipales","category-noticias"],"yoast_head":"<!-- This site is optimized with the Yoast SEO Premium plugin v23.0 (Yoast SEO v27.4) - https:\/\/yoast.com\/product\/yoast-seo-premium-wordpress\/ -->\n<title>Se realiza la segunda campa\u00f1a de recepci\u00f3n de envases de agroqu\u00edmicos en Viedma, General Conesa, R\u00edo Colorado y el Alto Valle<\/title>\n<meta name=\"robots\" content=\"index, follow, max-snippet:-1, max-image-preview:large, max-video-preview:-1\" \/>\n<link rel=\"canonical\" href=\"https:\/\/patagoniambiental.com.ar\/info\/se-realiza-la-segunda-campana-de-recepcion-de-envases-de-agroquimicos-en-viedma-general-conesa-rio-colorado-y-el-alto-valle\/\" \/>\n<meta property=\"og:locale\" content=\"es_ES\" \/>\n<meta property=\"og:type\" content=\"article\" \/>\n<meta property=\"og:title\" content=\"Se realiza la segunda campa\u00f1a de recepci\u00f3n de envases de agroqu\u00edmicos en Viedma, General Conesa, R\u00edo Colorado y el Alto Valle\" \/>\n<meta property=\"og:description\" content=\"\u00a0R\u00cdO NEGRO.-\u00a0Se desarrolla en Viedma, General Conesa, R\u00edo Colorado y el Alto Valle, la segunda campa\u00f1a del a\u00f1o de recepci\u00f3n [&hellip;]\" \/>\n<meta property=\"og:url\" content=\"https:\/\/patagoniambiental.com.ar\/info\/se-realiza-la-segunda-campana-de-recepcion-de-envases-de-agroquimicos-en-viedma-general-conesa-rio-colorado-y-el-alto-valle\/\" \/>\n<meta property=\"og:site_name\" content=\"Patagonia Ambiental\" \/>\n<meta property=\"article:publisher\" content=\"https:\/\/www.facebook.com\/patagonia.ambiental\" \/>\n<meta property=\"article:author\" content=\"https:\/\/www.facebook.com\/share\/1C1V8Gv9BX\/?mibextid=qi2Omg\" \/>\n<meta property=\"article:published_time\" content=\"2016-12-03T13:16:42+00:00\" \/>\n<meta name=\"author\" content=\"Patagonia Ambiental\" \/>\n<meta name=\"twitter:card\" content=\"summary_large_image\" \/>\n<meta name=\"twitter:creator\" content=\"@PatAmb\" \/>\n<meta name=\"twitter:site\" content=\"@PatAmb\" \/>\n<script type=\"application\/ld+json\" class=\"yoast-schema-graph\">{\"@context\":\"https:\\\/\\\/schema.org\",\"@graph\":[{\"@type\":\"Article\",\"@id\":\"https:\\\/\\\/patagoniambiental.com.ar\\\/info\\\/se-realiza-la-segunda-campana-de-recepcion-de-envases-de-agroquimicos-en-viedma-general-conesa-rio-colorado-y-el-alto-valle\\\/#article\",\"isPartOf\":{\"@id\":\"https:\\\/\\\/patagoniambiental.com.ar\\\/info\\\/se-realiza-la-segunda-campana-de-recepcion-de-envases-de-agroquimicos-en-viedma-general-conesa-rio-colorado-y-el-alto-valle\\\/\"},\"author\":{\"name\":\"Patagonia Ambiental\",\"@id\":\"https:\\\/\\\/patagoniambiental.com.ar\\\/info\\\/#\\\/schema\\\/person\\\/db12bff64bbcbf6a253710bf0ea37b5d\"},\"headline\":\"Se realiza la segunda campa\u00f1a de recepci\u00f3n de envases de agroqu\u00edmicos en Viedma, General Conesa, R\u00edo Colorado y el Alto Valle\",\"datePublished\":\"2016-12-03T13:16:42+00:00\",\"mainEntityOfPage\":{\"@id\":\"https:\\\/\\\/patagoniambiental.com.ar\\\/info\\\/se-realiza-la-segunda-campana-de-recepcion-de-envases-de-agroquimicos-en-viedma-general-conesa-rio-colorado-y-el-alto-valle\\\/\"},\"wordCount\":456,\"publisher\":{\"@id\":\"https:\\\/\\\/patagoniambiental.com.ar\\\/info\\\/#organization\"},\"articleSection\":[\"Municipales\",\"Noticias\"],\"inLanguage\":\"es\"},{\"@type\":\"WebPage\",\"@id\":\"https:\\\/\\\/patagoniambiental.com.ar\\\/info\\\/se-realiza-la-segunda-campana-de-recepcion-de-envases-de-agroquimicos-en-viedma-general-conesa-rio-colorado-y-el-alto-valle\\\/\",\"url\":\"https:\\\/\\\/patagoniambiental.com.ar\\\/info\\\/se-realiza-la-segunda-campana-de-recepcion-de-envases-de-agroquimicos-en-viedma-general-conesa-rio-colorado-y-el-alto-valle\\\/\",\"name\":\"Se realiza la segunda campa\u00f1a de recepci\u00f3n de envases de agroqu\u00edmicos en Viedma, General Conesa, R\u00edo Colorado y el Alto Valle\",\"isPartOf\":{\"@id\":\"https:\\\/\\\/patagoniambiental.com.ar\\\/info\\\/#website\"},\"datePublished\":\"2016-12-03T13:16:42+00:00\",\"breadcrumb\":{\"@id\":\"https:\\\/\\\/patagoniambiental.com.ar\\\/info\\\/se-realiza-la-segunda-campana-de-recepcion-de-envases-de-agroquimicos-en-viedma-general-conesa-rio-colorado-y-el-alto-valle\\\/#breadcrumb\"},\"inLanguage\":\"es\",\"potentialAction\":[{\"@type\":\"ReadAction\",\"target\":[\"https:\\\/\\\/patagoniambiental.com.ar\\\/info\\\/se-realiza-la-segunda-campana-de-recepcion-de-envases-de-agroquimicos-en-viedma-general-conesa-rio-colorado-y-el-alto-valle\\\/\"]}]},{\"@type\":\"BreadcrumbList\",\"@id\":\"https:\\\/\\\/patagoniambiental.com.ar\\\/info\\\/se-realiza-la-segunda-campana-de-recepcion-de-envases-de-agroquimicos-en-viedma-general-conesa-rio-colorado-y-el-alto-valle\\\/#breadcrumb\",\"itemListElement\":[{\"@type\":\"ListItem\",\"position\":1,\"name\":\"Inicio\",\"item\":\"https:\\\/\\\/patagoniambiental.com.ar\\\/info\\\/\"},{\"@type\":\"ListItem\",\"position\":2,\"name\":\"Se realiza la segunda campa\u00f1a de recepci\u00f3n de envases de agroqu\u00edmicos en Viedma, General Conesa, R\u00edo Colorado y el Alto Valle\"}]},{\"@type\":\"WebSite\",\"@id\":\"https:\\\/\\\/patagoniambiental.com.ar\\\/info\\\/#website\",\"url\":\"https:\\\/\\\/patagoniambiental.com.ar\\\/info\\\/\",\"name\":\"Patagonia Ambiental\",\"description\":\"Monitoreo y an\u00e1lisis de la situaci\u00f3n geopol\u00edtica en el mundo y su implicancia en la Patagonia\",\"publisher\":{\"@id\":\"https:\\\/\\\/patagoniambiental.com.ar\\\/info\\\/#organization\"},\"potentialAction\":[{\"@type\":\"SearchAction\",\"target\":{\"@type\":\"EntryPoint\",\"urlTemplate\":\"https:\\\/\\\/patagoniambiental.com.ar\\\/info\\\/?s={search_term_string}\"},\"query-input\":{\"@type\":\"PropertyValueSpecification\",\"valueRequired\":true,\"valueName\":\"search_term_string\"}}],\"inLanguage\":\"es\"},{\"@type\":\"Organization\",\"@id\":\"https:\\\/\\\/patagoniambiental.com.ar\\\/info\\\/#organization\",\"name\":\"Patagonia Ambiental\",\"url\":\"https:\\\/\\\/patagoniambiental.com.ar\\\/info\\\/\",\"logo\":{\"@type\":\"ImageObject\",\"inLanguage\":\"es\",\"@id\":\"https:\\\/\\\/patagoniambiental.com.ar\\\/info\\\/#\\\/schema\\\/logo\\\/image\\\/\",\"url\":\"https:\\\/\\\/patagoniambiental.com.ar\\\/info\\\/wp-content\\\/uploads\\\/2025\\\/05\\\/LOGO-PATAGONIA-AMBIENTAL.png\",\"contentUrl\":\"https:\\\/\\\/patagoniambiental.com.ar\\\/info\\\/wp-content\\\/uploads\\\/2025\\\/05\\\/LOGO-PATAGONIA-AMBIENTAL.png\",\"width\":433,\"height\":250,\"caption\":\"Patagonia Ambiental\"},\"image\":{\"@id\":\"https:\\\/\\\/patagoniambiental.com.ar\\\/info\\\/#\\\/schema\\\/logo\\\/image\\\/\"},\"sameAs\":[\"https:\\\/\\\/www.facebook.com\\\/patagonia.ambiental\",\"https:\\\/\\\/x.com\\\/PatAmb\"]},{\"@type\":\"Person\",\"@id\":\"https:\\\/\\\/patagoniambiental.com.ar\\\/info\\\/#\\\/schema\\\/person\\\/db12bff64bbcbf6a253710bf0ea37b5d\",\"name\":\"Patagonia Ambiental\",\"description\":\"Andr\u00e9s Nievas T\u00e9cnico en manejo ambiental, consultor Ambiental y escritor para medios locales e internacionales sobre temas de geopolitica y medio ambiente.\",\"sameAs\":[\"http:\\\/\\\/www.patagoniambiental.com.ar\",\"https:\\\/\\\/www.facebook.com\\\/share\\\/1C1V8Gv9BX\\\/?mibextid=qi2Omg\",\"@patagoniambiental\",\"https:\\\/\\\/youtube.com\\\/@patagoniaambiental2023?si=BLt58t0wuXquxlYZ\"]}]}<\/script>\n<!-- \/ Yoast SEO Premium plugin. -->","yoast_head_json":{"title":"Se realiza la segunda campa\u00f1a de recepci\u00f3n de envases de agroqu\u00edmicos en Viedma, General Conesa, R\u00edo Colorado y el Alto Valle","robots":{"index":"index","follow":"follow","max-snippet":"max-snippet:-1","max-image-preview":"max-image-preview:large","max-video-preview":"max-video-preview:-1"},"canonical":"https:\/\/patagoniambiental.com.ar\/info\/se-realiza-la-segunda-campana-de-recepcion-de-envases-de-agroquimicos-en-viedma-general-conesa-rio-colorado-y-el-alto-valle\/","og_locale":"es_ES","og_type":"article","og_title":"Se realiza la segunda campa\u00f1a de recepci\u00f3n de envases de agroqu\u00edmicos en Viedma, General Conesa, R\u00edo Colorado y el Alto Valle","og_description":"\u00a0R\u00cdO NEGRO.-\u00a0Se desarrolla en Viedma, General Conesa, R\u00edo Colorado y el Alto Valle, la segunda campa\u00f1a del a\u00f1o de recepci\u00f3n [&hellip;]","og_url":"https:\/\/patagoniambiental.com.ar\/info\/se-realiza-la-segunda-campana-de-recepcion-de-envases-de-agroquimicos-en-viedma-general-conesa-rio-colorado-y-el-alto-valle\/","og_site_name":"Patagonia Ambiental","article_publisher":"https:\/\/www.facebook.com\/patagonia.ambiental","article_author":"https:\/\/www.facebook.com\/share\/1C1V8Gv9BX\/?mibextid=qi2Omg","article_published_time":"2016-12-03T13:16:42+00:00","author":"Patagonia Ambiental","twitter_card":"summary_large_image","twitter_creator":"@PatAmb","twitter_site":"@PatAmb","schema":{"@context":"https:\/\/schema.org","@graph":[{"@type":"Article","@id":"https:\/\/patagoniambiental.com.ar\/info\/se-realiza-la-segunda-campana-de-recepcion-de-envases-de-agroquimicos-en-viedma-general-conesa-rio-colorado-y-el-alto-valle\/#article","isPartOf":{"@id":"https:\/\/patagoniambiental.com.ar\/info\/se-realiza-la-segunda-campana-de-recepcion-de-envases-de-agroquimicos-en-viedma-general-conesa-rio-colorado-y-el-alto-valle\/"},"author":{"name":"Patagonia Ambiental","@id":"https:\/\/patagoniambiental.com.ar\/info\/#\/schema\/person\/db12bff64bbcbf6a253710bf0ea37b5d"},"headline":"Se realiza la segunda campa\u00f1a de recepci\u00f3n de envases de agroqu\u00edmicos en Viedma, General Conesa, R\u00edo Colorado y el Alto Valle","datePublished":"2016-12-03T13:16:42+00:00","mainEntityOfPage":{"@id":"https:\/\/patagoniambiental.com.ar\/info\/se-realiza-la-segunda-campana-de-recepcion-de-envases-de-agroquimicos-en-viedma-general-conesa-rio-colorado-y-el-alto-valle\/"},"wordCount":456,"publisher":{"@id":"https:\/\/patagoniambiental.com.ar\/info\/#organization"},"articleSection":["Municipales","Noticias"],"inLanguage":"es"},{"@type":"WebPage","@id":"https:\/\/patagoniambiental.com.ar\/info\/se-realiza-la-segunda-campana-de-recepcion-de-envases-de-agroquimicos-en-viedma-general-conesa-rio-colorado-y-el-alto-valle\/","url":"https:\/\/patagoniambiental.com.ar\/info\/se-realiza-la-segunda-campana-de-recepcion-de-envases-de-agroquimicos-en-viedma-general-conesa-rio-colorado-y-el-alto-valle\/","name":"Se realiza la segunda campa\u00f1a de recepci\u00f3n de envases de agroqu\u00edmicos en Viedma, General Conesa, R\u00edo Colorado y el Alto Valle","isPartOf":{"@id":"https:\/\/patagoniambiental.com.ar\/info\/#website"},"datePublished":"2016-12-03T13:16:42+00:00","breadcrumb":{"@id":"https:\/\/patagoniambiental.com.ar\/info\/se-realiza-la-segunda-campana-de-recepcion-de-envases-de-agroquimicos-en-viedma-general-conesa-rio-colorado-y-el-alto-valle\/#breadcrumb"},"inLanguage":"es","potentialAction":[{"@type":"ReadAction","target":["https:\/\/patagoniambiental.com.ar\/info\/se-realiza-la-segunda-campana-de-recepcion-de-envases-de-agroquimicos-en-viedma-general-conesa-rio-colorado-y-el-alto-valle\/"]}]},{"@type":"BreadcrumbList","@id":"https:\/\/patagoniambiental.com.ar\/info\/se-realiza-la-segunda-campana-de-recepcion-de-envases-de-agroquimicos-en-viedma-general-conesa-rio-colorado-y-el-alto-valle\/#breadcrumb","itemListElement":[{"@type":"ListItem","position":1,"name":"Inicio","item":"https:\/\/patagoniambiental.com.ar\/info\/"},{"@type":"ListItem","position":2,"name":"Se realiza la segunda campa\u00f1a de recepci\u00f3n de envases de agroqu\u00edmicos en Viedma, General Conesa, R\u00edo Colorado y el Alto Valle"}]},{"@type":"WebSite","@id":"https:\/\/patagoniambiental.com.ar\/info\/#website","url":"https:\/\/patagoniambiental.com.ar\/info\/","name":"Patagonia Ambiental","description":"Monitoreo y an\u00e1lisis de la situaci\u00f3n geopol\u00edtica en el mundo y su implicancia en la Patagonia","publisher":{"@id":"https:\/\/patagoniambiental.com.ar\/info\/#organization"},"potentialAction":[{"@type":"SearchAction","target":{"@type":"EntryPoint","urlTemplate":"https:\/\/patagoniambiental.com.ar\/info\/?s={search_term_string}"},"query-input":{"@type":"PropertyValueSpecification","valueRequired":true,"valueName":"search_term_string"}}],"inLanguage":"es"},{"@type":"Organization","@id":"https:\/\/patagoniambiental.com.ar\/info\/#organization","name":"Patagonia Ambiental","url":"https:\/\/patagoniambiental.com.ar\/info\/","logo":{"@type":"ImageObject","inLanguage":"es","@id":"https:\/\/patagoniambiental.com.ar\/info\/#\/schema\/logo\/image\/","url":"https:\/\/patagoniambiental.com.ar\/info\/wp-content\/uploads\/2025\/05\/LOGO-PATAGONIA-AMBIENTAL.png","contentUrl":"https:\/\/patagoniambiental.com.ar\/info\/wp-content\/uploads\/2025\/05\/LOGO-PATAGONIA-AMBIENTAL.png","width":433,"height":250,"caption":"Patagonia Ambiental"},"image":{"@id":"https:\/\/patagoniambiental.com.ar\/info\/#\/schema\/logo\/image\/"},"sameAs":["https:\/\/www.facebook.com\/patagonia.ambiental","https:\/\/x.com\/PatAmb"]},{"@type":"Person","@id":"https:\/\/patagoniambiental.com.ar\/info\/#\/schema\/person\/db12bff64bbcbf6a253710bf0ea37b5d","name":"Patagonia Ambiental","description":"Andr\u00e9s Nievas T\u00e9cnico en manejo ambiental, consultor Ambiental y escritor para medios locales e internacionales sobre temas de geopolitica y medio ambiente.","sameAs":["http:\/\/www.patagoniambiental.com.ar","https:\/\/www.facebook.com\/share\/1C1V8Gv9BX\/?mibextid=qi2Omg","@patagoniambiental","https:\/\/youtube.com\/@patagoniaambiental2023?si=BLt58t0wuXquxlYZ"]}]}},"_links":{"self":[{"href":"https:\/\/patagoniambiental.com.ar\/info\/wp-json\/wp\/v2\/posts\/23118","targetHints":{"allow":["GET"]}}],"collection":[{"href":"https:\/\/patagoniambiental.com.ar\/info\/wp-json\/wp\/v2\/posts"}],"about":[{"href":"https:\/\/patagoniambiental.com.ar\/info\/wp-json\/wp\/v2\/types\/post"}],"author":[{"embeddable":true,"href":"https:\/\/patagoniambiental.com.ar\/info\/wp-json\/wp\/v2\/users\/2"}],"replies":[{"embeddable":true,"href":"https:\/\/patagoniambiental.com.ar\/info\/wp-json\/wp\/v2\/comments?post=23118"}],"version-history":[{"count":0,"href":"https:\/\/patagoniambiental.com.ar\/info\/wp-json\/wp\/v2\/posts\/23118\/revisions"}],"wp:attachment":[{"href":"https:\/\/patagoniambiental.com.ar\/info\/wp-json\/wp\/v2\/media?parent=23118"}],"wp:term":[{"taxonomy":"category","embeddable":true,"href":"https:\/\/patagoniambiental.com.ar\/info\/wp-json\/wp\/v2\/categories?post=23118"},{"taxonomy":"post_tag","embeddable":true,"href":"https:\/\/patagoniambiental.com.ar\/info\/wp-json\/wp\/v2\/tags?post=23118"}],"curies":[{"name":"wp","href":"https:\/\/api.w.org\/{rel}","templated":true}]}}