{"id":23132,"date":"2016-12-03T10:32:36","date_gmt":"2016-12-03T13:32:36","guid":{"rendered":"http:\/\/patagoniambiental.com.ar\/?p=23132"},"modified":"2016-12-03T10:32:36","modified_gmt":"2016-12-03T13:32:36","slug":"hoy-se-realiza-festival-por-el-agua-por-la-vida-en-comodoro","status":"publish","type":"post","link":"https:\/\/patagoniambiental.com.ar\/info\/hoy-se-realiza-festival-por-el-agua-por-la-vida-en-comodoro\/","title":{"rendered":"Hoy se realiza festival \u201cPor el agua, por la vida\u00bb en Comodoro"},"content":{"rendered":"<div id=\"cuerpo\">\n<p>El festival \u201cPor el agua, por la vida\u201d realiza una nueva edici\u00f3n hoy a partir de las 17 horas en la plaza de la Escuela 83 sobre calle San Mart\u00edn \u2013entre Belgrano y Espa\u00f1a\u2013 organizado por artistas autoconvocados. \u201cLos artistas nos reunimos para apoyar a los movimientos sociales que defienden el agua en la Patagonia, la intenci\u00f3n es visibilizar informaci\u00f3n que los movimientos sociales se ocupan de estar manteniendo actualizada, investigando, movi\u00e9ndose y difundiendo\u201d explica desde la organizaci\u00f3n Fredi Carrizo. quien se\u00f1al\u00f3 que se trata de un encuentro de arte y conciencia ambiental.<\/p>\n<p>Se presentar\u00e1n las bandas Ska L\u00f3pez, Sin Fronteras, El Zorzal, Riddim Ready, El Crazy Che (Rawson), Duendes en Cama y el cierre lo realiza Leyenda Murguera; adem\u00e1s se brindar\u00e1 informaci\u00f3n y audios sobre distintos casos relacionados a la defensa del medioambiente y derechos humanos.<\/p>\n<p>El a\u00f1o pasado grabaron un disco con participaci\u00f3n de artistas de la ciudad cuyas ganancias se utilizaron para solventar gastos de las agrupaciones, pr\u00f3ximamente proyectan otro que incluya m\u00fasicos de toda la provincia. En este marco Zulma Usqueda desde el Foro Ambiental y Social de Patagonia valor\u00f3 la iniciativa de los artistas en una sociedad que no suele comprometerse con estas causas.<\/p>\n<p>Problem\u00e1ticas ambientales y sociales<\/p>\n<p>El encuentro estar\u00e1 enfocado en la problem\u00e1tica local de la escasez de agua, debido a la sequ\u00eda del lago Colhu\u00e9 Huapi y la falta de controles sobre el uso del recurso en el lago Musters. Adem\u00e1s se difundir\u00e1 informaci\u00f3n de Jujuy, San Juan, Catamarca, R\u00edo Negro, Neuqu\u00e9n y Santa Cruz.<\/p>\n<p>Estar\u00e1n presentes Mary L\u00f3pez de Caleta Olivia, quien tiene un problema de salud que atribuye a la contaminaci\u00f3n y present\u00f3 una denuncia a la naci\u00f3n para que se cree un comit\u00e9 de cuenca del Senguer para analizar el problema del agua en la zona. Ang\u00e9lica Guerrero es parte del grupo de vecinos de barrio Malvinas que impidieron la colocaci\u00f3n de diez pozos de YPF frente a sus viviendas; y estar\u00e1n adem\u00e1s Jos\u00e9 Belarmino Jaramillo de la Comunidad Lafken Otron y Cristina Liempichun de Comunidad Sacamata Liempichun (Alto R\u00edo Senguer).<\/p>\n<p>Tambi\u00e9n compartir\u00e1n su experiencia Mirta Curuhuinca de Lof Cushamen, quienes mantienen una toma en tierras de la multinacional Benetton, al respecto Usqueda se\u00f1al\u00f3 que \u201ces una manera de solidarizarnos con su lucha y denunciar que el estado provincial est\u00e1 avasallando sus derechos, discrimin\u00e1ndolos y atacando una cultura que es ancestral, y que hoy por hoy nos orienta hacia donde tenemos que ir, porque la igualdad frente a otros seres vivos que hoy est\u00e1n en peligro por todas las actividades extractivas, solamente lo plantean de una manera muy fuerte el pueblo mapuche\u201d.<\/p>\n<\/div>\n<div id=\"agreement\">Fuente: Cr\u00f3nica<\/div>\n","protected":false},"excerpt":{"rendered":"<p>El festival \u201cPor el agua, por la vida\u201d realiza una nueva edici\u00f3n hoy a partir de las 17 horas en [&hellip;]<\/p>\n","protected":false},"author":2,"featured_media":0,"comment_status":"closed","ping_status":"closed","sticky":false,"template":"","format":"standard","meta":{"site-sidebar-layout":"default","site-content-layout":"","ast-site-content-layout":"default","site-content-style":"default","site-sidebar-style":"default","ast-global-header-display":"","ast-banner-title-visibility":"","ast-main-header-display":"","ast-hfb-above-header-display":"","ast-hfb-below-header-display":"","ast-hfb-mobile-header-display":"","site-post-title":"","ast-breadcrumbs-content":"","ast-featured-img":"","footer-sml-layout":"","ast-disable-related-posts":"","theme-transparent-header-meta":"","adv-header-id-meta":"","stick-header-meta":"","header-above-stick-meta":"","header-main-stick-meta":"","header-below-stick-meta":"","astra-migrate-meta-layouts":"default","ast-page-background-enabled":"default","ast-page-background-meta":{"desktop":{"background-color":"var(--ast-global-color-5)","background-image":"","background-repeat":"repeat","background-position":"center center","background-size":"auto","background-attachment":"scroll","background-type":"","background-media":"","overlay-type":"","overlay-color":"","overlay-opacity":"","overlay-gradient":""},"tablet":{"background-color":"","background-image":"","background-repeat":"repeat","background-position":"center center","background-size":"auto","background-attachment":"scroll","background-type":"","background-media":"","overlay-type":"","overlay-color":"","overlay-opacity":"","overlay-gradient":""},"mobile":{"background-color":"","background-image":"","background-repeat":"repeat","background-position":"center center","background-size":"auto","background-attachment":"scroll","background-type":"","background-media":"","overlay-type":"","overlay-color":"","overlay-opacity":"","overlay-gradient":""}},"ast-content-background-meta":{"desktop":{"background-color":"var(--ast-global-color-4)","background-image":"","background-repeat":"repeat","background-position":"center center","background-size":"auto","background-attachment":"scroll","background-type":"","background-media":"","overlay-type":"","overlay-color":"","overlay-opacity":"","overlay-gradient":""},"tablet":{"background-color":"var(--ast-global-color-4)","background-image":"","background-repeat":"repeat","background-position":"center center","background-size":"auto","background-attachment":"scroll","background-type":"","background-media":"","overlay-type":"","overlay-color":"","overlay-opacity":"","overlay-gradient":""},"mobile":{"background-color":"var(--ast-global-color-4)","background-image":"","background-repeat":"repeat","background-position":"center center","background-size":"auto","background-attachment":"scroll","background-type":"","background-media":"","overlay-type":"","overlay-color":"","overlay-opacity":"","overlay-gradient":""}},"footnotes":""},"categories":[16,1],"tags":[],"class_list":["post-23132","post","type-post","status-publish","format-standard","hentry","category-municipales","category-noticias"],"yoast_head":"<!-- This site is optimized with the Yoast SEO Premium plugin v23.0 (Yoast SEO v27.4) - https:\/\/yoast.com\/product\/yoast-seo-premium-wordpress\/ -->\n<title>Hoy se realiza festival \u201cPor el agua, por la vida&quot; en Comodoro<\/title>\n<meta name=\"robots\" content=\"index, follow, max-snippet:-1, max-image-preview:large, max-video-preview:-1\" \/>\n<link rel=\"canonical\" href=\"https:\/\/patagoniambiental.com.ar\/info\/hoy-se-realiza-festival-por-el-agua-por-la-vida-en-comodoro\/\" \/>\n<meta property=\"og:locale\" content=\"es_ES\" \/>\n<meta property=\"og:type\" content=\"article\" \/>\n<meta property=\"og:title\" content=\"Hoy se realiza festival \u201cPor el agua, por la vida&quot; en Comodoro\" \/>\n<meta property=\"og:description\" content=\"El festival \u201cPor el agua, por la vida\u201d realiza una nueva edici\u00f3n hoy a partir de las 17 horas en [&hellip;]\" \/>\n<meta property=\"og:url\" content=\"https:\/\/patagoniambiental.com.ar\/info\/hoy-se-realiza-festival-por-el-agua-por-la-vida-en-comodoro\/\" \/>\n<meta property=\"og:site_name\" content=\"Patagonia Ambiental\" \/>\n<meta property=\"article:publisher\" content=\"https:\/\/www.facebook.com\/patagonia.ambiental\" \/>\n<meta property=\"article:author\" content=\"https:\/\/www.facebook.com\/share\/1C1V8Gv9BX\/?mibextid=qi2Omg\" \/>\n<meta property=\"article:published_time\" content=\"2016-12-03T13:32:36+00:00\" \/>\n<meta name=\"author\" content=\"Patagonia Ambiental\" \/>\n<meta name=\"twitter:card\" content=\"summary_large_image\" \/>\n<meta name=\"twitter:creator\" content=\"@PatAmb\" \/>\n<meta name=\"twitter:site\" content=\"@PatAmb\" \/>\n<script type=\"application\/ld+json\" class=\"yoast-schema-graph\">{\"@context\":\"https:\\\/\\\/schema.org\",\"@graph\":[{\"@type\":\"Article\",\"@id\":\"https:\\\/\\\/patagoniambiental.com.ar\\\/info\\\/hoy-se-realiza-festival-por-el-agua-por-la-vida-en-comodoro\\\/#article\",\"isPartOf\":{\"@id\":\"https:\\\/\\\/patagoniambiental.com.ar\\\/info\\\/hoy-se-realiza-festival-por-el-agua-por-la-vida-en-comodoro\\\/\"},\"author\":{\"name\":\"Patagonia Ambiental\",\"@id\":\"https:\\\/\\\/patagoniambiental.com.ar\\\/info\\\/#\\\/schema\\\/person\\\/db12bff64bbcbf6a253710bf0ea37b5d\"},\"headline\":\"Hoy se realiza festival \u201cPor el agua, por la vida\u00bb en Comodoro\",\"datePublished\":\"2016-12-03T13:32:36+00:00\",\"mainEntityOfPage\":{\"@id\":\"https:\\\/\\\/patagoniambiental.com.ar\\\/info\\\/hoy-se-realiza-festival-por-el-agua-por-la-vida-en-comodoro\\\/\"},\"wordCount\":483,\"publisher\":{\"@id\":\"https:\\\/\\\/patagoniambiental.com.ar\\\/info\\\/#organization\"},\"articleSection\":[\"Municipales\",\"Noticias\"],\"inLanguage\":\"es\"},{\"@type\":\"WebPage\",\"@id\":\"https:\\\/\\\/patagoniambiental.com.ar\\\/info\\\/hoy-se-realiza-festival-por-el-agua-por-la-vida-en-comodoro\\\/\",\"url\":\"https:\\\/\\\/patagoniambiental.com.ar\\\/info\\\/hoy-se-realiza-festival-por-el-agua-por-la-vida-en-comodoro\\\/\",\"name\":\"Hoy se realiza festival \u201cPor el agua, por la vida\\\" en Comodoro\",\"isPartOf\":{\"@id\":\"https:\\\/\\\/patagoniambiental.com.ar\\\/info\\\/#website\"},\"datePublished\":\"2016-12-03T13:32:36+00:00\",\"breadcrumb\":{\"@id\":\"https:\\\/\\\/patagoniambiental.com.ar\\\/info\\\/hoy-se-realiza-festival-por-el-agua-por-la-vida-en-comodoro\\\/#breadcrumb\"},\"inLanguage\":\"es\",\"potentialAction\":[{\"@type\":\"ReadAction\",\"target\":[\"https:\\\/\\\/patagoniambiental.com.ar\\\/info\\\/hoy-se-realiza-festival-por-el-agua-por-la-vida-en-comodoro\\\/\"]}]},{\"@type\":\"BreadcrumbList\",\"@id\":\"https:\\\/\\\/patagoniambiental.com.ar\\\/info\\\/hoy-se-realiza-festival-por-el-agua-por-la-vida-en-comodoro\\\/#breadcrumb\",\"itemListElement\":[{\"@type\":\"ListItem\",\"position\":1,\"name\":\"Inicio\",\"item\":\"https:\\\/\\\/patagoniambiental.com.ar\\\/info\\\/\"},{\"@type\":\"ListItem\",\"position\":2,\"name\":\"Hoy se realiza festival \u201cPor el agua, por la vida\u00bb en Comodoro\"}]},{\"@type\":\"WebSite\",\"@id\":\"https:\\\/\\\/patagoniambiental.com.ar\\\/info\\\/#website\",\"url\":\"https:\\\/\\\/patagoniambiental.com.ar\\\/info\\\/\",\"name\":\"Patagonia Ambiental\",\"description\":\"Monitoreo y an\u00e1lisis de la situaci\u00f3n geopol\u00edtica en el mundo y su implicancia en la Patagonia\",\"publisher\":{\"@id\":\"https:\\\/\\\/patagoniambiental.com.ar\\\/info\\\/#organization\"},\"potentialAction\":[{\"@type\":\"SearchAction\",\"target\":{\"@type\":\"EntryPoint\",\"urlTemplate\":\"https:\\\/\\\/patagoniambiental.com.ar\\\/info\\\/?s={search_term_string}\"},\"query-input\":{\"@type\":\"PropertyValueSpecification\",\"valueRequired\":true,\"valueName\":\"search_term_string\"}}],\"inLanguage\":\"es\"},{\"@type\":\"Organization\",\"@id\":\"https:\\\/\\\/patagoniambiental.com.ar\\\/info\\\/#organization\",\"name\":\"Patagonia Ambiental\",\"url\":\"https:\\\/\\\/patagoniambiental.com.ar\\\/info\\\/\",\"logo\":{\"@type\":\"ImageObject\",\"inLanguage\":\"es\",\"@id\":\"https:\\\/\\\/patagoniambiental.com.ar\\\/info\\\/#\\\/schema\\\/logo\\\/image\\\/\",\"url\":\"https:\\\/\\\/patagoniambiental.com.ar\\\/info\\\/wp-content\\\/uploads\\\/2025\\\/05\\\/LOGO-PATAGONIA-AMBIENTAL.png\",\"contentUrl\":\"https:\\\/\\\/patagoniambiental.com.ar\\\/info\\\/wp-content\\\/uploads\\\/2025\\\/05\\\/LOGO-PATAGONIA-AMBIENTAL.png\",\"width\":433,\"height\":250,\"caption\":\"Patagonia Ambiental\"},\"image\":{\"@id\":\"https:\\\/\\\/patagoniambiental.com.ar\\\/info\\\/#\\\/schema\\\/logo\\\/image\\\/\"},\"sameAs\":[\"https:\\\/\\\/www.facebook.com\\\/patagonia.ambiental\",\"https:\\\/\\\/x.com\\\/PatAmb\"]},{\"@type\":\"Person\",\"@id\":\"https:\\\/\\\/patagoniambiental.com.ar\\\/info\\\/#\\\/schema\\\/person\\\/db12bff64bbcbf6a253710bf0ea37b5d\",\"name\":\"Patagonia Ambiental\",\"description\":\"Andr\u00e9s Nievas T\u00e9cnico en manejo ambiental, consultor Ambiental y escritor para medios locales e internacionales sobre temas de geopolitica y medio ambiente.\",\"sameAs\":[\"http:\\\/\\\/www.patagoniambiental.com.ar\",\"https:\\\/\\\/www.facebook.com\\\/share\\\/1C1V8Gv9BX\\\/?mibextid=qi2Omg\",\"@patagoniambiental\",\"https:\\\/\\\/youtube.com\\\/@patagoniaambiental2023?si=BLt58t0wuXquxlYZ\"]}]}<\/script>\n<!-- \/ Yoast SEO Premium plugin. -->","yoast_head_json":{"title":"Hoy se realiza festival \u201cPor el agua, por la vida\" en Comodoro","robots":{"index":"index","follow":"follow","max-snippet":"max-snippet:-1","max-image-preview":"max-image-preview:large","max-video-preview":"max-video-preview:-1"},"canonical":"https:\/\/patagoniambiental.com.ar\/info\/hoy-se-realiza-festival-por-el-agua-por-la-vida-en-comodoro\/","og_locale":"es_ES","og_type":"article","og_title":"Hoy se realiza festival \u201cPor el agua, por la vida\" en Comodoro","og_description":"El festival \u201cPor el agua, por la vida\u201d realiza una nueva edici\u00f3n hoy a partir de las 17 horas en [&hellip;]","og_url":"https:\/\/patagoniambiental.com.ar\/info\/hoy-se-realiza-festival-por-el-agua-por-la-vida-en-comodoro\/","og_site_name":"Patagonia Ambiental","article_publisher":"https:\/\/www.facebook.com\/patagonia.ambiental","article_author":"https:\/\/www.facebook.com\/share\/1C1V8Gv9BX\/?mibextid=qi2Omg","article_published_time":"2016-12-03T13:32:36+00:00","author":"Patagonia Ambiental","twitter_card":"summary_large_image","twitter_creator":"@PatAmb","twitter_site":"@PatAmb","schema":{"@context":"https:\/\/schema.org","@graph":[{"@type":"Article","@id":"https:\/\/patagoniambiental.com.ar\/info\/hoy-se-realiza-festival-por-el-agua-por-la-vida-en-comodoro\/#article","isPartOf":{"@id":"https:\/\/patagoniambiental.com.ar\/info\/hoy-se-realiza-festival-por-el-agua-por-la-vida-en-comodoro\/"},"author":{"name":"Patagonia Ambiental","@id":"https:\/\/patagoniambiental.com.ar\/info\/#\/schema\/person\/db12bff64bbcbf6a253710bf0ea37b5d"},"headline":"Hoy se realiza festival \u201cPor el agua, por la vida\u00bb en Comodoro","datePublished":"2016-12-03T13:32:36+00:00","mainEntityOfPage":{"@id":"https:\/\/patagoniambiental.com.ar\/info\/hoy-se-realiza-festival-por-el-agua-por-la-vida-en-comodoro\/"},"wordCount":483,"publisher":{"@id":"https:\/\/patagoniambiental.com.ar\/info\/#organization"},"articleSection":["Municipales","Noticias"],"inLanguage":"es"},{"@type":"WebPage","@id":"https:\/\/patagoniambiental.com.ar\/info\/hoy-se-realiza-festival-por-el-agua-por-la-vida-en-comodoro\/","url":"https:\/\/patagoniambiental.com.ar\/info\/hoy-se-realiza-festival-por-el-agua-por-la-vida-en-comodoro\/","name":"Hoy se realiza festival \u201cPor el agua, por la vida\" en Comodoro","isPartOf":{"@id":"https:\/\/patagoniambiental.com.ar\/info\/#website"},"datePublished":"2016-12-03T13:32:36+00:00","breadcrumb":{"@id":"https:\/\/patagoniambiental.com.ar\/info\/hoy-se-realiza-festival-por-el-agua-por-la-vida-en-comodoro\/#breadcrumb"},"inLanguage":"es","potentialAction":[{"@type":"ReadAction","target":["https:\/\/patagoniambiental.com.ar\/info\/hoy-se-realiza-festival-por-el-agua-por-la-vida-en-comodoro\/"]}]},{"@type":"BreadcrumbList","@id":"https:\/\/patagoniambiental.com.ar\/info\/hoy-se-realiza-festival-por-el-agua-por-la-vida-en-comodoro\/#breadcrumb","itemListElement":[{"@type":"ListItem","position":1,"name":"Inicio","item":"https:\/\/patagoniambiental.com.ar\/info\/"},{"@type":"ListItem","position":2,"name":"Hoy se realiza festival \u201cPor el agua, por la vida\u00bb en Comodoro"}]},{"@type":"WebSite","@id":"https:\/\/patagoniambiental.com.ar\/info\/#website","url":"https:\/\/patagoniambiental.com.ar\/info\/","name":"Patagonia Ambiental","description":"Monitoreo y an\u00e1lisis de la situaci\u00f3n geopol\u00edtica en el mundo y su implicancia en la Patagonia","publisher":{"@id":"https:\/\/patagoniambiental.com.ar\/info\/#organization"},"potentialAction":[{"@type":"SearchAction","target":{"@type":"EntryPoint","urlTemplate":"https:\/\/patagoniambiental.com.ar\/info\/?s={search_term_string}"},"query-input":{"@type":"PropertyValueSpecification","valueRequired":true,"valueName":"search_term_string"}}],"inLanguage":"es"},{"@type":"Organization","@id":"https:\/\/patagoniambiental.com.ar\/info\/#organization","name":"Patagonia Ambiental","url":"https:\/\/patagoniambiental.com.ar\/info\/","logo":{"@type":"ImageObject","inLanguage":"es","@id":"https:\/\/patagoniambiental.com.ar\/info\/#\/schema\/logo\/image\/","url":"https:\/\/patagoniambiental.com.ar\/info\/wp-content\/uploads\/2025\/05\/LOGO-PATAGONIA-AMBIENTAL.png","contentUrl":"https:\/\/patagoniambiental.com.ar\/info\/wp-content\/uploads\/2025\/05\/LOGO-PATAGONIA-AMBIENTAL.png","width":433,"height":250,"caption":"Patagonia Ambiental"},"image":{"@id":"https:\/\/patagoniambiental.com.ar\/info\/#\/schema\/logo\/image\/"},"sameAs":["https:\/\/www.facebook.com\/patagonia.ambiental","https:\/\/x.com\/PatAmb"]},{"@type":"Person","@id":"https:\/\/patagoniambiental.com.ar\/info\/#\/schema\/person\/db12bff64bbcbf6a253710bf0ea37b5d","name":"Patagonia Ambiental","description":"Andr\u00e9s Nievas T\u00e9cnico en manejo ambiental, consultor Ambiental y escritor para medios locales e internacionales sobre temas de geopolitica y medio ambiente.","sameAs":["http:\/\/www.patagoniambiental.com.ar","https:\/\/www.facebook.com\/share\/1C1V8Gv9BX\/?mibextid=qi2Omg","@patagoniambiental","https:\/\/youtube.com\/@patagoniaambiental2023?si=BLt58t0wuXquxlYZ"]}]}},"_links":{"self":[{"href":"https:\/\/patagoniambiental.com.ar\/info\/wp-json\/wp\/v2\/posts\/23132","targetHints":{"allow":["GET"]}}],"collection":[{"href":"https:\/\/patagoniambiental.com.ar\/info\/wp-json\/wp\/v2\/posts"}],"about":[{"href":"https:\/\/patagoniambiental.com.ar\/info\/wp-json\/wp\/v2\/types\/post"}],"author":[{"embeddable":true,"href":"https:\/\/patagoniambiental.com.ar\/info\/wp-json\/wp\/v2\/users\/2"}],"replies":[{"embeddable":true,"href":"https:\/\/patagoniambiental.com.ar\/info\/wp-json\/wp\/v2\/comments?post=23132"}],"version-history":[{"count":0,"href":"https:\/\/patagoniambiental.com.ar\/info\/wp-json\/wp\/v2\/posts\/23132\/revisions"}],"wp:attachment":[{"href":"https:\/\/patagoniambiental.com.ar\/info\/wp-json\/wp\/v2\/media?parent=23132"}],"wp:term":[{"taxonomy":"category","embeddable":true,"href":"https:\/\/patagoniambiental.com.ar\/info\/wp-json\/wp\/v2\/categories?post=23132"},{"taxonomy":"post_tag","embeddable":true,"href":"https:\/\/patagoniambiental.com.ar\/info\/wp-json\/wp\/v2\/tags?post=23132"}],"curies":[{"name":"wp","href":"https:\/\/api.w.org\/{rel}","templated":true}]}}