{"id":23185,"date":"2016-12-06T09:00:32","date_gmt":"2016-12-06T12:00:32","guid":{"rendered":"http:\/\/patagoniambiental.com.ar\/?p=23185"},"modified":"2016-12-06T09:00:32","modified_gmt":"2016-12-06T12:00:32","slug":"latinoamerica-tiene-un-marco-regulatorio-de-energias-renovables-mas-estable-que-espana","status":"publish","type":"post","link":"https:\/\/patagoniambiental.com.ar\/info\/latinoamerica-tiene-un-marco-regulatorio-de-energias-renovables-mas-estable-que-espana\/","title":{"rendered":"\u00abLatinoam\u00e9rica tiene un marco regulatorio de energ\u00edas renovables m\u00e1s estable que Espa\u00f1a\u00bb"},"content":{"rendered":"<div id=\"bajada\">Hugo Galindo, director general de Grenergy, hace balance de este casi a\u00f1o y medio en el MAB y de los proyectos que est\u00e1 desarrollando la compa\u00f1\u00eda.<\/div>\n<div><\/div>\n<div>\n<div id=\"cuerpo\">\n<p><strong>\u00bfQu\u00e9 es Grenergy?<\/strong><\/p>\n<p>Somos un desarrollador y productor de energ\u00eda independiente basado en energ\u00edas renovables, principalmente fotovoltaica y e\u00f3lica. Cubrimos todo el ciclo de vida de un proyecto, desde el desarrollo, pasando por la construcci\u00f3n y estructuraci\u00f3n financiera, y finalmente la operaci\u00f3n de los proyectos.<\/p>\n<p>El 8 de julio de 2015 salieron a cotizar. \u00bfQu\u00e9 financiaci\u00f3n han captado en el MAB desde que salieran \u00a0y hacia qu\u00e9 proyectos la han derivado?<\/p>\n<p>Salimos a bolsa con una ampliaci\u00f3n de 4 millones de euros y posteriormente, en mayo de 2017 hicimos otra ampliaci\u00f3n de 3 millones, por lo que hemos captado 7 millones que han sido el equity necesario para la construcci\u00f3n de los proyectos que estamos haciendo en Chile. Desde 2015 estamos construyendo proyectos fotovoltaicos en Chile y, aparte de esa captaci\u00f3n de capital para acelerar la expansi\u00f3n internacional en los pa\u00edses en los que estamos presentes, ha servido para la construcci\u00f3n de los proyectos en Chile.<\/p>\n<p><strong>\u00a0\u00bfHan obtenido otras fuentes de financiaci\u00f3n?<\/strong><\/p>\n<p>La salida al MAB nos ayud\u00f3 para darnos a conocer y aportarnos visibilidad para los inversores y los bancos financiadores y desde entonces hemos conseguido casi 30 millones de d\u00f3lares para la construcci\u00f3n, contando con el equity. En el primer trimestre de 2017 conseguiremos financiaci\u00f3n para otros proyectos que vamos a iniciar la construcci\u00f3n. Estas financiaciones son mediante Project finance o sin recurso al accionista, es decir, el propio proyecto garantiza la inversi\u00f3n.<\/p>\n<p><strong>Dieron el salto a Latinoam\u00e9rica y est\u00e1n presentes en Chile, Colombia, Per\u00fa y M\u00e9xico. \u00bfPor qu\u00e9 eligieron estos mercados?<\/strong><\/p>\n<p>En 2011, una vez vimos que el marco regulatorio estaba obsoleto en Espa\u00f1a, es decir, el feed-in tariff por el que se recib\u00eda una prima por desarrollar tus proyectos y ponerlos en operaci\u00f3n ya no funcionaba y necesit\u00e1bamos internacionalizarnos. En este sentido, Latinoam\u00e9rica cumpl\u00eda con los requisitos que una empresa mediana de nuestras caracter\u00edsticas ten\u00eda: marco regulatorio estable, seguridad jur\u00eddica, electricidad cara y los costes de las renovables podr\u00edan competir sin necesidad de primas.<\/p>\n<p><strong>Recientemente hemos visto c\u00f3mo el Gobierno de Colombia ha intervenido la filial de Gas Natural en el pa\u00eds. \u00bfSon seguros los marcos regulatorios y los proyectos que est\u00e1n llevando a cabo en esos pa\u00edses?<\/strong><\/p>\n<p>Lo que tenemos que tener claro es que, hoy por hoy, las renovables son competitivas por s\u00ed mismas, frente a cualquier tipo de tecnolog\u00eda, sin necesidad de primas o tarifas, por lo que, a partir de aqu\u00ed necesitas un marco regulatorio estable. Pa\u00edses como Chile, M\u00e9xico, Per\u00fa y Colombia est\u00e1n incentivando estos desarrollos mediante los acuerdos de Kioto, Par\u00eds y Marrakech.<\/p>\n<p>Respecto al tema de la intervenci\u00f3n de Gas Natural, es una intervenci\u00f3n porque la compa\u00f1\u00eda no prestaba el servicio adecuado ni renovaba las infraestructuras debido a que los clientes, mayormente institucionales, no pagaban. No pod\u00eda ofrecer el servicio porque no cobraba por \u00e9l. Por ello, la intervenci\u00f3n del Estado seguramente redundar\u00e1 favorablemente en el futuro de Gas Natural.<\/p>\n<p><strong>\u00bfUstedes trabajan con institucionales y Administraciones P\u00fablicas all\u00ed?<\/strong><\/p>\n<p>El desarrollo de proyectos de energ\u00edas renovables hay tres formas de ponerlos en valor: vendiendo a mercado al precio de mercado del pa\u00eds; firmando PPAs o acuerdos bilaterales con un gran consumidor de energ\u00eda, que ser\u00edan contratos privados; subastas el\u00e9ctricas que convocan los Gobiernos y suelen ganar los que ofrecen el precio m\u00e1s bajo firmando un contrato a largo plazo, que es lo que necesitan los bancos para que el proyecto sea financiable. No es que trabajamos directamente con los Gobiernos o las Administraciones, es que tenemos estas tres posibles variables y en cada pa\u00eds encontramos nuestro nicho de mercado.<\/p>\n<p><strong>\u00a0\u00bfEn Espa\u00f1a son tan competitivas las renovables?, \u00bfse plantean tener negocio aqu\u00ed?<\/strong><\/p>\n<p>La \u00faltima planta que pusimos en marcha en Espa\u00f1a fue en 2013, cuando desde el 2011 era complicado poner en marcha un proyecto. Ha habido una moratoria de varios a\u00f1os y ahora el Gobierno ya est\u00e1 dando se\u00f1ales al sector y tras la reforma del 2013, en la que se estabiliz\u00f3 el marco regulatorio, ha vuelto la atracci\u00f3n de los inversores internacionales y nacionales por los proyectos que est\u00e1n operaci\u00f3n aqu\u00ed. Para cumplir los planes del 2020, el Gobierno est\u00e1 dando se\u00f1ales de que debemos implementar planes de renovables con unas subastas para este a\u00f1o o principios del que viene. Por ello, nosotros desde hace 2 a\u00f1os hemos vuelto a poner el foco en Espa\u00f1a con el desarrollo de nuevos proyectos fotovoltaicos para estar preparados para cuando la siguiente revoluci\u00f3n ocurra, que creemos que est\u00e1 al llegar, de hecho, nosotros lo llamamos \u201cProyecto Espa\u00f1a 2020\u201d, pero creemos que ser\u00e1 en 2017-2018. Tiene que pasar, pues Espa\u00f1a es el pa\u00eds con m\u00e1s radiaci\u00f3n de Europa y es realmente absurdo que el a\u00f1o pasado se instalaran a penas 20 MW de energ\u00eda fotovoltaica aqu\u00ed y 500 MW en Reino Unido o m\u00e1s de 1000 MW en Alemania, con un tercio de la radiaci\u00f3n solar. Espa\u00f1a tiene que volver a coger el tren y ser la puerta de entrada de Europa de la energ\u00eda fotovoltaica.<\/p>\n<p><strong>\u00bfLas plantas que tiene aqu\u00ed est\u00e1n paralizadas o producen?<\/strong><\/p>\n<p>Ahora mismo no hay nuevos proyectos. Los \u00faltimos de 2012-2013, pero esperamos que se puedan poner en operaci\u00f3n a partir de 2018 nuevos proyectos, basados en subastas u otros esquemas que son de venta a precio de mercado, ya que ahora las renovables son competitivas y podemos vender por debajo del precio de mercado.<\/p>\n<p><strong>\u00bfDescartan asentarse en EEUU teniendo en cuenta la mentalidad de Donald Trump con respecto a las renovables?<\/strong><\/p>\n<p>Siempre tenemos un ojo puesto en los grandes mercados donde podemos encontrar nuestro nicho y en EEUU siempre tenemos puesto el ojo. Tenemos una gran oficina en Chile y otra en M\u00e9xico y, desde la oficina de M\u00e9xico ser\u00eda muy f\u00e1cil dar el salto a EEUU. No hemos mirado nada en concreto, pero siempre estamos atentos a lo que pueda suceder.<\/p>\n<p>Con respecto a los planes de Trump\u2026 una cosa es lo que dec\u00eda en campa\u00f1a y otra es lo que vaya hacer, pero hay que mirar la parte positiva y a corto plazo puede ser positivo para nosotros, que estamos presentes en Latinoam\u00e9rica e inversiones que hay en EEUU pueden derivarse a Latinoam\u00e9rica.<\/p>\n<p><strong>\u00bfEn qu\u00e9 otros mercados ten\u00edan puesta la vista?<\/strong><\/p>\n<p>Estamos consolid\u00e1ndonos en Latinoam\u00e9rica con dos grandes oficinas en Chile y M\u00e9xico, y relaciones en Colombia y Per\u00fa. \u00a0 \u00a0 \u00a0 \u00a0 \u00a0 \u00a0 \u00a0 \u00a0 Estamos construyendo y ya tenemos en operaci\u00f3n 30 MW en Chile y ahora vamos a empezar a construir otros 35 MW. Adem\u00e1s, en Per\u00fa tenemos un proyecto e\u00f3lico adjudicado de 36 MW que vamos a empezar a construir en 2017 y en las \u00faltimas subastas de M\u00e9xico nos adjudicamos otro proyecto fotovoltaico de 30 MW que ser\u00e1 para poner en marcha en 2018. Es decir, a corto-medio plazo, estamos muy enfocados en Latinoam\u00e9rica y tenemos proyectos para desarrollar y construir entre 2017 y 2019, por lo que vamos a ir poco a poco consolid\u00e1ndonos donde estamos, con un ojo en EEUU y, c\u00f3mo no, el mercado M&amp;A es siempre interesante a futuro.<\/p>\n<p><strong>\u00a0Se encuentran entre las pocas compa\u00f1\u00edas del MAB que tienen beneficios. De hecho, en tres a\u00f1os han aumentado un 80% hasta los 3 millones con los que cerraron el 2015. \u00bfEn qu\u00e9 basan sus predicciones de mantener los n\u00fameros negros?<\/strong><\/p>\n<p>Nuestro balance se compone de un mix de ingresos recurrentes por los proyectos que tenemos en generaci\u00f3n y, una vez estos proyectos est\u00e1n generando 2 \u00f3 3 a\u00f1os, los ponemos en el mercado para que el inversor final, que es un inversor m\u00e1s financiero que busca rentabilidades m\u00e1s ajustadas, pero sin asumir riesgos de desarrollo de construcci\u00f3n, se queden con el proyecto. As\u00ed, peri\u00f3dicamente tenemos ingresos por la venta de estos proyectos. Por ello, buscamos tener un balance con unos ingresos recurrentes, por un lado, e ingresos por la venta de proyectos, por el otro.<\/p>\n<p>Este 2016 es un a\u00f1o de transici\u00f3n, en el que hemos vendido nuestros \u00faltimos proyectos en Espa\u00f1a y hemos conectado los primeros proyectos en Chile. As\u00ed que, los ingresos este a\u00f1o se van a basar en los ingresos recurrentes en Chile y, a partir del a\u00f1o que viene, se suceder\u00e1n diversas ventas.<\/p>\n<p><strong>\u00a0Morningstar sit\u00faa el fair value de la compa\u00f1\u00eda en los 1,86 euros, un 18% por encima de la cotizaci\u00f3n actual. \u00bfLe parece un valor razonable?\u00a0<\/strong><\/p>\n<p>Cuando salimos al MAB en julio de 2015, s\u00ed que habr\u00eda sido un valor razonable, pero ahora los proyectos que tenemos en Chile tienen un valor de mercado de 40 millones de d\u00f3lares y nos generan un ebitda anual de 4 millones. El capex de la compa\u00f1\u00edas tambi\u00e9n es de 40 millones de d\u00f3lares, por lo que s\u00f3lo con estos proyectos y los que estamos a punto de construir, creemos que la acci\u00f3n est\u00e1 infravalorada.<\/p>\n<p><strong>\u00a0\u00bfEstar\u00edan dispuestos a escuchar y valorar una oferta de compra de la compa\u00f1\u00eda o prefieren seguir creciendo de forma org\u00e1nica y\/o inorg\u00e1nica?<\/strong><\/p>\n<p>Nuestro objetivo cuando salimos al MAB era crecer org\u00e1nicamente durante los pr\u00f3ximos a\u00f1os y estamos cumpliendo con las expectativas y no contemplamos una venta o compras. Lo que s\u00ed contemplamos son joint ventures con otras compa\u00f1\u00edas del sector que, por su tama\u00f1o o capacidad, nos pueden ayudar. Por ejemplo, en Chile tenemos un acuerdo con Trina Solar, que es uno de los mayores fabricantes de paneles solares del mundo.<\/p>\n<p>&nbsp;<\/p>\n<p>Fuente: http:\/\/www.estrategiasdeinversion.com<\/p>\n<\/div>\n<\/div>\n","protected":false},"excerpt":{"rendered":"<p>Hugo Galindo, director general de Grenergy, hace balance de este casi a\u00f1o y medio en el MAB y de los [&hellip;]<\/p>\n","protected":false},"author":2,"featured_media":0,"comment_status":"closed","ping_status":"closed","sticky":false,"template":"","format":"standard","meta":{"site-sidebar-layout":"default","site-content-layout":"","ast-site-content-layout":"default","site-content-style":"default","site-sidebar-style":"default","ast-global-header-display":"","ast-banner-title-visibility":"","ast-main-header-display":"","ast-hfb-above-header-display":"","ast-hfb-below-header-display":"","ast-hfb-mobile-header-display":"","site-post-title":"","ast-breadcrumbs-content":"","ast-featured-img":"","footer-sml-layout":"","ast-disable-related-posts":"","theme-transparent-header-meta":"","adv-header-id-meta":"","stick-header-meta":"","header-above-stick-meta":"","header-main-stick-meta":"","header-below-stick-meta":"","astra-migrate-meta-layouts":"default","ast-page-background-enabled":"default","ast-page-background-meta":{"desktop":{"background-color":"var(--ast-global-color-5)","background-image":"","background-repeat":"repeat","background-position":"center center","background-size":"auto","background-attachment":"scroll","background-type":"","background-media":"","overlay-type":"","overlay-color":"","overlay-opacity":"","overlay-gradient":""},"tablet":{"background-color":"","background-image":"","background-repeat":"repeat","background-position":"center center","background-size":"auto","background-attachment":"scroll","background-type":"","background-media":"","overlay-type":"","overlay-color":"","overlay-opacity":"","overlay-gradient":""},"mobile":{"background-color":"","background-image":"","background-repeat":"repeat","background-position":"center center","background-size":"auto","background-attachment":"scroll","background-type":"","background-media":"","overlay-type":"","overlay-color":"","overlay-opacity":"","overlay-gradient":""}},"ast-content-background-meta":{"desktop":{"background-color":"var(--ast-global-color-4)","background-image":"","background-repeat":"repeat","background-position":"center center","background-size":"auto","background-attachment":"scroll","background-type":"","background-media":"","overlay-type":"","overlay-color":"","overlay-opacity":"","overlay-gradient":""},"tablet":{"background-color":"var(--ast-global-color-4)","background-image":"","background-repeat":"repeat","background-position":"center center","background-size":"auto","background-attachment":"scroll","background-type":"","background-media":"","overlay-type":"","overlay-color":"","overlay-opacity":"","overlay-gradient":""},"mobile":{"background-color":"var(--ast-global-color-4)","background-image":"","background-repeat":"repeat","background-position":"center center","background-size":"auto","background-attachment":"scroll","background-type":"","background-media":"","overlay-type":"","overlay-color":"","overlay-opacity":"","overlay-gradient":""}},"footnotes":""},"categories":[51,1],"tags":[],"class_list":["post-23185","post","type-post","status-publish","format-standard","hentry","category-entrevistas","category-noticias"],"yoast_head":"<!-- This site is optimized with the Yoast SEO Premium plugin v23.0 (Yoast SEO v27.5) - https:\/\/yoast.com\/product\/yoast-seo-premium-wordpress\/ -->\n<title>&quot;Latinoam\u00e9rica tiene un marco regulatorio de energ\u00edas renovables m\u00e1s estable que Espa\u00f1a&quot;<\/title>\n<meta name=\"robots\" content=\"index, follow, max-snippet:-1, max-image-preview:large, max-video-preview:-1\" \/>\n<link rel=\"canonical\" href=\"https:\/\/patagoniambiental.com.ar\/info\/latinoamerica-tiene-un-marco-regulatorio-de-energias-renovables-mas-estable-que-espana\/\" \/>\n<meta property=\"og:locale\" content=\"es_ES\" \/>\n<meta property=\"og:type\" content=\"article\" \/>\n<meta property=\"og:title\" content=\"&quot;Latinoam\u00e9rica tiene un marco regulatorio de energ\u00edas renovables m\u00e1s estable que Espa\u00f1a&quot;\" \/>\n<meta property=\"og:description\" content=\"Hugo Galindo, director general de Grenergy, hace balance de este casi a\u00f1o y medio en el MAB y de los [&hellip;]\" \/>\n<meta property=\"og:url\" content=\"https:\/\/patagoniambiental.com.ar\/info\/latinoamerica-tiene-un-marco-regulatorio-de-energias-renovables-mas-estable-que-espana\/\" \/>\n<meta property=\"og:site_name\" content=\"Patagonia Ambiental\" \/>\n<meta property=\"article:publisher\" content=\"https:\/\/www.facebook.com\/patagonia.ambiental\" \/>\n<meta property=\"article:author\" content=\"https:\/\/www.facebook.com\/share\/1C1V8Gv9BX\/?mibextid=qi2Omg\" \/>\n<meta property=\"article:published_time\" content=\"2016-12-06T12:00:32+00:00\" \/>\n<meta name=\"author\" content=\"Patagonia Ambiental\" \/>\n<meta name=\"twitter:card\" content=\"summary_large_image\" \/>\n<meta name=\"twitter:creator\" content=\"@PatAmb\" \/>\n<meta name=\"twitter:site\" content=\"@PatAmb\" \/>\n<script type=\"application\/ld+json\" class=\"yoast-schema-graph\">{\"@context\":\"https:\\\/\\\/schema.org\",\"@graph\":[{\"@type\":\"Article\",\"@id\":\"https:\\\/\\\/patagoniambiental.com.ar\\\/info\\\/latinoamerica-tiene-un-marco-regulatorio-de-energias-renovables-mas-estable-que-espana\\\/#article\",\"isPartOf\":{\"@id\":\"https:\\\/\\\/patagoniambiental.com.ar\\\/info\\\/latinoamerica-tiene-un-marco-regulatorio-de-energias-renovables-mas-estable-que-espana\\\/\"},\"author\":{\"name\":\"Patagonia Ambiental\",\"@id\":\"https:\\\/\\\/patagoniambiental.com.ar\\\/info\\\/#\\\/schema\\\/person\\\/db12bff64bbcbf6a253710bf0ea37b5d\"},\"headline\":\"\u00abLatinoam\u00e9rica tiene un marco regulatorio de energ\u00edas renovables m\u00e1s estable que Espa\u00f1a\u00bb\",\"datePublished\":\"2016-12-06T12:00:32+00:00\",\"mainEntityOfPage\":{\"@id\":\"https:\\\/\\\/patagoniambiental.com.ar\\\/info\\\/latinoamerica-tiene-un-marco-regulatorio-de-energias-renovables-mas-estable-que-espana\\\/\"},\"wordCount\":1679,\"publisher\":{\"@id\":\"https:\\\/\\\/patagoniambiental.com.ar\\\/info\\\/#organization\"},\"articleSection\":[\"Entrevistas\",\"Noticias\"],\"inLanguage\":\"es\"},{\"@type\":\"WebPage\",\"@id\":\"https:\\\/\\\/patagoniambiental.com.ar\\\/info\\\/latinoamerica-tiene-un-marco-regulatorio-de-energias-renovables-mas-estable-que-espana\\\/\",\"url\":\"https:\\\/\\\/patagoniambiental.com.ar\\\/info\\\/latinoamerica-tiene-un-marco-regulatorio-de-energias-renovables-mas-estable-que-espana\\\/\",\"name\":\"\\\"Latinoam\u00e9rica tiene un marco regulatorio de energ\u00edas renovables m\u00e1s estable que Espa\u00f1a\\\"\",\"isPartOf\":{\"@id\":\"https:\\\/\\\/patagoniambiental.com.ar\\\/info\\\/#website\"},\"datePublished\":\"2016-12-06T12:00:32+00:00\",\"breadcrumb\":{\"@id\":\"https:\\\/\\\/patagoniambiental.com.ar\\\/info\\\/latinoamerica-tiene-un-marco-regulatorio-de-energias-renovables-mas-estable-que-espana\\\/#breadcrumb\"},\"inLanguage\":\"es\",\"potentialAction\":[{\"@type\":\"ReadAction\",\"target\":[\"https:\\\/\\\/patagoniambiental.com.ar\\\/info\\\/latinoamerica-tiene-un-marco-regulatorio-de-energias-renovables-mas-estable-que-espana\\\/\"]}]},{\"@type\":\"BreadcrumbList\",\"@id\":\"https:\\\/\\\/patagoniambiental.com.ar\\\/info\\\/latinoamerica-tiene-un-marco-regulatorio-de-energias-renovables-mas-estable-que-espana\\\/#breadcrumb\",\"itemListElement\":[{\"@type\":\"ListItem\",\"position\":1,\"name\":\"Inicio\",\"item\":\"https:\\\/\\\/patagoniambiental.com.ar\\\/info\\\/\"},{\"@type\":\"ListItem\",\"position\":2,\"name\":\"\u00abLatinoam\u00e9rica tiene un marco regulatorio de energ\u00edas renovables m\u00e1s estable que Espa\u00f1a\u00bb\"}]},{\"@type\":\"WebSite\",\"@id\":\"https:\\\/\\\/patagoniambiental.com.ar\\\/info\\\/#website\",\"url\":\"https:\\\/\\\/patagoniambiental.com.ar\\\/info\\\/\",\"name\":\"Patagonia Ambiental\",\"description\":\"Monitoreo y an\u00e1lisis de la situaci\u00f3n geopol\u00edtica en el mundo y su implicancia en la Patagonia\",\"publisher\":{\"@id\":\"https:\\\/\\\/patagoniambiental.com.ar\\\/info\\\/#organization\"},\"potentialAction\":[{\"@type\":\"SearchAction\",\"target\":{\"@type\":\"EntryPoint\",\"urlTemplate\":\"https:\\\/\\\/patagoniambiental.com.ar\\\/info\\\/?s={search_term_string}\"},\"query-input\":{\"@type\":\"PropertyValueSpecification\",\"valueRequired\":true,\"valueName\":\"search_term_string\"}}],\"inLanguage\":\"es\"},{\"@type\":\"Organization\",\"@id\":\"https:\\\/\\\/patagoniambiental.com.ar\\\/info\\\/#organization\",\"name\":\"Patagonia Ambiental\",\"url\":\"https:\\\/\\\/patagoniambiental.com.ar\\\/info\\\/\",\"logo\":{\"@type\":\"ImageObject\",\"inLanguage\":\"es\",\"@id\":\"https:\\\/\\\/patagoniambiental.com.ar\\\/info\\\/#\\\/schema\\\/logo\\\/image\\\/\",\"url\":\"https:\\\/\\\/patagoniambiental.com.ar\\\/info\\\/wp-content\\\/uploads\\\/2025\\\/05\\\/LOGO-PATAGONIA-AMBIENTAL.png\",\"contentUrl\":\"https:\\\/\\\/patagoniambiental.com.ar\\\/info\\\/wp-content\\\/uploads\\\/2025\\\/05\\\/LOGO-PATAGONIA-AMBIENTAL.png\",\"width\":433,\"height\":250,\"caption\":\"Patagonia Ambiental\"},\"image\":{\"@id\":\"https:\\\/\\\/patagoniambiental.com.ar\\\/info\\\/#\\\/schema\\\/logo\\\/image\\\/\"},\"sameAs\":[\"https:\\\/\\\/www.facebook.com\\\/patagonia.ambiental\",\"https:\\\/\\\/x.com\\\/PatAmb\"]},{\"@type\":\"Person\",\"@id\":\"https:\\\/\\\/patagoniambiental.com.ar\\\/info\\\/#\\\/schema\\\/person\\\/db12bff64bbcbf6a253710bf0ea37b5d\",\"name\":\"Patagonia Ambiental\",\"description\":\"Andr\u00e9s Nievas T\u00e9cnico en manejo ambiental, consultor Ambiental y escritor para medios locales e internacionales sobre temas de geopolitica y medio ambiente.\",\"sameAs\":[\"http:\\\/\\\/www.patagoniambiental.com.ar\",\"https:\\\/\\\/www.facebook.com\\\/share\\\/1C1V8Gv9BX\\\/?mibextid=qi2Omg\",\"@patagoniambiental\",\"https:\\\/\\\/youtube.com\\\/@patagoniaambiental2023?si=BLt58t0wuXquxlYZ\"]}]}<\/script>\n<!-- \/ Yoast SEO Premium plugin. -->","yoast_head_json":{"title":"\"Latinoam\u00e9rica tiene un marco regulatorio de energ\u00edas renovables m\u00e1s estable que Espa\u00f1a\"","robots":{"index":"index","follow":"follow","max-snippet":"max-snippet:-1","max-image-preview":"max-image-preview:large","max-video-preview":"max-video-preview:-1"},"canonical":"https:\/\/patagoniambiental.com.ar\/info\/latinoamerica-tiene-un-marco-regulatorio-de-energias-renovables-mas-estable-que-espana\/","og_locale":"es_ES","og_type":"article","og_title":"\"Latinoam\u00e9rica tiene un marco regulatorio de energ\u00edas renovables m\u00e1s estable que Espa\u00f1a\"","og_description":"Hugo Galindo, director general de Grenergy, hace balance de este casi a\u00f1o y medio en el MAB y de los [&hellip;]","og_url":"https:\/\/patagoniambiental.com.ar\/info\/latinoamerica-tiene-un-marco-regulatorio-de-energias-renovables-mas-estable-que-espana\/","og_site_name":"Patagonia Ambiental","article_publisher":"https:\/\/www.facebook.com\/patagonia.ambiental","article_author":"https:\/\/www.facebook.com\/share\/1C1V8Gv9BX\/?mibextid=qi2Omg","article_published_time":"2016-12-06T12:00:32+00:00","author":"Patagonia Ambiental","twitter_card":"summary_large_image","twitter_creator":"@PatAmb","twitter_site":"@PatAmb","schema":{"@context":"https:\/\/schema.org","@graph":[{"@type":"Article","@id":"https:\/\/patagoniambiental.com.ar\/info\/latinoamerica-tiene-un-marco-regulatorio-de-energias-renovables-mas-estable-que-espana\/#article","isPartOf":{"@id":"https:\/\/patagoniambiental.com.ar\/info\/latinoamerica-tiene-un-marco-regulatorio-de-energias-renovables-mas-estable-que-espana\/"},"author":{"name":"Patagonia Ambiental","@id":"https:\/\/patagoniambiental.com.ar\/info\/#\/schema\/person\/db12bff64bbcbf6a253710bf0ea37b5d"},"headline":"\u00abLatinoam\u00e9rica tiene un marco regulatorio de energ\u00edas renovables m\u00e1s estable que Espa\u00f1a\u00bb","datePublished":"2016-12-06T12:00:32+00:00","mainEntityOfPage":{"@id":"https:\/\/patagoniambiental.com.ar\/info\/latinoamerica-tiene-un-marco-regulatorio-de-energias-renovables-mas-estable-que-espana\/"},"wordCount":1679,"publisher":{"@id":"https:\/\/patagoniambiental.com.ar\/info\/#organization"},"articleSection":["Entrevistas","Noticias"],"inLanguage":"es"},{"@type":"WebPage","@id":"https:\/\/patagoniambiental.com.ar\/info\/latinoamerica-tiene-un-marco-regulatorio-de-energias-renovables-mas-estable-que-espana\/","url":"https:\/\/patagoniambiental.com.ar\/info\/latinoamerica-tiene-un-marco-regulatorio-de-energias-renovables-mas-estable-que-espana\/","name":"\"Latinoam\u00e9rica tiene un marco regulatorio de energ\u00edas renovables m\u00e1s estable que Espa\u00f1a\"","isPartOf":{"@id":"https:\/\/patagoniambiental.com.ar\/info\/#website"},"datePublished":"2016-12-06T12:00:32+00:00","breadcrumb":{"@id":"https:\/\/patagoniambiental.com.ar\/info\/latinoamerica-tiene-un-marco-regulatorio-de-energias-renovables-mas-estable-que-espana\/#breadcrumb"},"inLanguage":"es","potentialAction":[{"@type":"ReadAction","target":["https:\/\/patagoniambiental.com.ar\/info\/latinoamerica-tiene-un-marco-regulatorio-de-energias-renovables-mas-estable-que-espana\/"]}]},{"@type":"BreadcrumbList","@id":"https:\/\/patagoniambiental.com.ar\/info\/latinoamerica-tiene-un-marco-regulatorio-de-energias-renovables-mas-estable-que-espana\/#breadcrumb","itemListElement":[{"@type":"ListItem","position":1,"name":"Inicio","item":"https:\/\/patagoniambiental.com.ar\/info\/"},{"@type":"ListItem","position":2,"name":"\u00abLatinoam\u00e9rica tiene un marco regulatorio de energ\u00edas renovables m\u00e1s estable que Espa\u00f1a\u00bb"}]},{"@type":"WebSite","@id":"https:\/\/patagoniambiental.com.ar\/info\/#website","url":"https:\/\/patagoniambiental.com.ar\/info\/","name":"Patagonia Ambiental","description":"Monitoreo y an\u00e1lisis de la situaci\u00f3n geopol\u00edtica en el mundo y su implicancia en la Patagonia","publisher":{"@id":"https:\/\/patagoniambiental.com.ar\/info\/#organization"},"potentialAction":[{"@type":"SearchAction","target":{"@type":"EntryPoint","urlTemplate":"https:\/\/patagoniambiental.com.ar\/info\/?s={search_term_string}"},"query-input":{"@type":"PropertyValueSpecification","valueRequired":true,"valueName":"search_term_string"}}],"inLanguage":"es"},{"@type":"Organization","@id":"https:\/\/patagoniambiental.com.ar\/info\/#organization","name":"Patagonia Ambiental","url":"https:\/\/patagoniambiental.com.ar\/info\/","logo":{"@type":"ImageObject","inLanguage":"es","@id":"https:\/\/patagoniambiental.com.ar\/info\/#\/schema\/logo\/image\/","url":"https:\/\/patagoniambiental.com.ar\/info\/wp-content\/uploads\/2025\/05\/LOGO-PATAGONIA-AMBIENTAL.png","contentUrl":"https:\/\/patagoniambiental.com.ar\/info\/wp-content\/uploads\/2025\/05\/LOGO-PATAGONIA-AMBIENTAL.png","width":433,"height":250,"caption":"Patagonia Ambiental"},"image":{"@id":"https:\/\/patagoniambiental.com.ar\/info\/#\/schema\/logo\/image\/"},"sameAs":["https:\/\/www.facebook.com\/patagonia.ambiental","https:\/\/x.com\/PatAmb"]},{"@type":"Person","@id":"https:\/\/patagoniambiental.com.ar\/info\/#\/schema\/person\/db12bff64bbcbf6a253710bf0ea37b5d","name":"Patagonia Ambiental","description":"Andr\u00e9s Nievas T\u00e9cnico en manejo ambiental, consultor Ambiental y escritor para medios locales e internacionales sobre temas de geopolitica y medio ambiente.","sameAs":["http:\/\/www.patagoniambiental.com.ar","https:\/\/www.facebook.com\/share\/1C1V8Gv9BX\/?mibextid=qi2Omg","@patagoniambiental","https:\/\/youtube.com\/@patagoniaambiental2023?si=BLt58t0wuXquxlYZ"]}]}},"_links":{"self":[{"href":"https:\/\/patagoniambiental.com.ar\/info\/wp-json\/wp\/v2\/posts\/23185","targetHints":{"allow":["GET"]}}],"collection":[{"href":"https:\/\/patagoniambiental.com.ar\/info\/wp-json\/wp\/v2\/posts"}],"about":[{"href":"https:\/\/patagoniambiental.com.ar\/info\/wp-json\/wp\/v2\/types\/post"}],"author":[{"embeddable":true,"href":"https:\/\/patagoniambiental.com.ar\/info\/wp-json\/wp\/v2\/users\/2"}],"replies":[{"embeddable":true,"href":"https:\/\/patagoniambiental.com.ar\/info\/wp-json\/wp\/v2\/comments?post=23185"}],"version-history":[{"count":0,"href":"https:\/\/patagoniambiental.com.ar\/info\/wp-json\/wp\/v2\/posts\/23185\/revisions"}],"wp:attachment":[{"href":"https:\/\/patagoniambiental.com.ar\/info\/wp-json\/wp\/v2\/media?parent=23185"}],"wp:term":[{"taxonomy":"category","embeddable":true,"href":"https:\/\/patagoniambiental.com.ar\/info\/wp-json\/wp\/v2\/categories?post=23185"},{"taxonomy":"post_tag","embeddable":true,"href":"https:\/\/patagoniambiental.com.ar\/info\/wp-json\/wp\/v2\/tags?post=23185"}],"curies":[{"name":"wp","href":"https:\/\/api.w.org\/{rel}","templated":true}]}}