{"id":23203,"date":"2016-12-06T09:00:23","date_gmt":"2016-12-06T12:00:23","guid":{"rendered":"http:\/\/patagoniambiental.com.ar\/?p=23203"},"modified":"2016-12-06T09:00:23","modified_gmt":"2016-12-06T12:00:23","slug":"se-realizo-la-audiencia-publica-sobre-el-impacto-ambiental-en-nueva-urbanizacion-en-ushuaia","status":"publish","type":"post","link":"https:\/\/patagoniambiental.com.ar\/info\/se-realizo-la-audiencia-publica-sobre-el-impacto-ambiental-en-nueva-urbanizacion-en-ushuaia\/","title":{"rendered":"Se realiz\u00f3 la audiencia p\u00fablica sobre el impacto ambiental en nueva urbanizaci\u00f3n en Ushuaia"},"content":{"rendered":"<div class=\"contenido_individual_noticia\">\n<p>USHUAIA.- El viernes se llev\u00f3 a cabo la audiencia p\u00fablica sobre impacto ambiental en el marco del proyecto de urbanizaci\u00f3n General San Mart\u00edn, que desarrollar\u00e1 la Municipalidad de Ushuaia.<br \/>\nFue en la antigua Casa Beban y participaron la secretaria de H\u00e1bitat y Ordenamiento Urbano del Municipio, Teresa Fern\u00e1ndez, representantes de distintos sectores ambientalistas, la Universidad Nacional de Tierra del Fuego e interesados en el Medio Ambiente.<br \/>\nFern\u00e1ndez indic\u00f3 que se dio cumplimiento a la ordenanza 4124 al presentar el informe de impacto ambiental, que es la instancia definitiva en el cumplimiento de todas las normas que \u201chemos cumplido con el proceso, tanto de las ordenanzas, la normativa provincial y nacional\u201d.<br \/>\nEn esa l\u00ednea, se\u00f1al\u00f3 que \u201cesta es la \u00faltima instancia, la presentaci\u00f3n del informe del impacto ambiental es muy detallada, con mucha informaci\u00f3n, mucho trabajo de campo, realizado por profesionales de la materia, hoy puesto a consideraci\u00f3n en audiencia p\u00fablica\u201d.<br \/>\nEn tanto, manifest\u00f3 que \u201ca partir de ahora vamos a poder llevar adelante cualquier tipo de obras en el sector\u201d y agreg\u00f3 que adem\u00e1s de la convocatoria p\u00fablica \u201chemos cursado invitaciones a distintos sectores ambientalistas, a la UNTDF y tambi\u00e9n estuvo presente gente interesada en el medio ambiente. Explicitamos nuestro proyecto, del cual siempre estuvimos seguros del mismo y de la responsabilidad que aplicamos al hacerlo\u201d.<br \/>\nFern\u00e1ndez refiri\u00f3 que \u201cestamos orgullosos del resultado que hemos conseguido, por un lado hemos trabajado con la cuesti\u00f3n t\u00e9cnica y por el otro lado la social, como el listado, las convocatorias a los adjudicatarios, el sorteo y dem\u00e1s\u201d, y por \u00faltimo expres\u00f3 que \u201clo fuimos haciendo en paralelo porque queremos sacar la ciudad lo antes posible de la emergencia habitacional, trabajar a conciencia y r\u00e1pidamente conseguir los objetivos\u201d.<\/p>\n<\/div>\n<div class=\"contenedor_share_buttons_individual_noticia\"><\/div>\n<div class=\"tags_individual_noticia\">\u00a0Fuente: El Diario del fin del Mundo<\/div>\n","protected":false},"excerpt":{"rendered":"<p>USHUAIA.- El viernes se llev\u00f3 a cabo la audiencia p\u00fablica sobre impacto ambiental en el marco del proyecto de urbanizaci\u00f3n [&hellip;]<\/p>\n","protected":false},"author":2,"featured_media":0,"comment_status":"closed","ping_status":"closed","sticky":false,"template":"","format":"standard","meta":{"site-sidebar-layout":"default","site-content-layout":"","ast-site-content-layout":"default","site-content-style":"default","site-sidebar-style":"default","ast-global-header-display":"","ast-banner-title-visibility":"","ast-main-header-display":"","ast-hfb-above-header-display":"","ast-hfb-below-header-display":"","ast-hfb-mobile-header-display":"","site-post-title":"","ast-breadcrumbs-content":"","ast-featured-img":"","footer-sml-layout":"","ast-disable-related-posts":"","theme-transparent-header-meta":"","adv-header-id-meta":"","stick-header-meta":"","header-above-stick-meta":"","header-main-stick-meta":"","header-below-stick-meta":"","astra-migrate-meta-layouts":"default","ast-page-background-enabled":"default","ast-page-background-meta":{"desktop":{"background-color":"var(--ast-global-color-5)","background-image":"","background-repeat":"repeat","background-position":"center center","background-size":"auto","background-attachment":"scroll","background-type":"","background-media":"","overlay-type":"","overlay-color":"","overlay-opacity":"","overlay-gradient":""},"tablet":{"background-color":"","background-image":"","background-repeat":"repeat","background-position":"center center","background-size":"auto","background-attachment":"scroll","background-type":"","background-media":"","overlay-type":"","overlay-color":"","overlay-opacity":"","overlay-gradient":""},"mobile":{"background-color":"","background-image":"","background-repeat":"repeat","background-position":"center center","background-size":"auto","background-attachment":"scroll","background-type":"","background-media":"","overlay-type":"","overlay-color":"","overlay-opacity":"","overlay-gradient":""}},"ast-content-background-meta":{"desktop":{"background-color":"var(--ast-global-color-4)","background-image":"","background-repeat":"repeat","background-position":"center center","background-size":"auto","background-attachment":"scroll","background-type":"","background-media":"","overlay-type":"","overlay-color":"","overlay-opacity":"","overlay-gradient":""},"tablet":{"background-color":"var(--ast-global-color-4)","background-image":"","background-repeat":"repeat","background-position":"center center","background-size":"auto","background-attachment":"scroll","background-type":"","background-media":"","overlay-type":"","overlay-color":"","overlay-opacity":"","overlay-gradient":""},"mobile":{"background-color":"var(--ast-global-color-4)","background-image":"","background-repeat":"repeat","background-position":"center center","background-size":"auto","background-attachment":"scroll","background-type":"","background-media":"","overlay-type":"","overlay-color":"","overlay-opacity":"","overlay-gradient":""}},"footnotes":""},"categories":[16,1],"tags":[],"class_list":["post-23203","post","type-post","status-publish","format-standard","hentry","category-municipales","category-noticias"],"yoast_head":"<!-- This site is optimized with the Yoast SEO Premium plugin v23.0 (Yoast SEO v27.4) - https:\/\/yoast.com\/product\/yoast-seo-premium-wordpress\/ -->\n<title>Se realiz\u00f3 la audiencia p\u00fablica sobre el impacto ambiental en nueva urbanizaci\u00f3n en Ushuaia<\/title>\n<meta name=\"robots\" content=\"index, follow, max-snippet:-1, max-image-preview:large, max-video-preview:-1\" \/>\n<link rel=\"canonical\" href=\"https:\/\/patagoniambiental.com.ar\/info\/se-realizo-la-audiencia-publica-sobre-el-impacto-ambiental-en-nueva-urbanizacion-en-ushuaia\/\" \/>\n<meta property=\"og:locale\" content=\"es_ES\" \/>\n<meta property=\"og:type\" content=\"article\" \/>\n<meta property=\"og:title\" content=\"Se realiz\u00f3 la audiencia p\u00fablica sobre el impacto ambiental en nueva urbanizaci\u00f3n en Ushuaia\" \/>\n<meta property=\"og:description\" content=\"USHUAIA.- El viernes se llev\u00f3 a cabo la audiencia p\u00fablica sobre impacto ambiental en el marco del proyecto de urbanizaci\u00f3n [&hellip;]\" \/>\n<meta property=\"og:url\" content=\"https:\/\/patagoniambiental.com.ar\/info\/se-realizo-la-audiencia-publica-sobre-el-impacto-ambiental-en-nueva-urbanizacion-en-ushuaia\/\" \/>\n<meta property=\"og:site_name\" content=\"Patagonia Ambiental\" \/>\n<meta property=\"article:publisher\" content=\"https:\/\/www.facebook.com\/patagonia.ambiental\" \/>\n<meta property=\"article:author\" content=\"https:\/\/www.facebook.com\/share\/1C1V8Gv9BX\/?mibextid=qi2Omg\" \/>\n<meta property=\"article:published_time\" content=\"2016-12-06T12:00:23+00:00\" \/>\n<meta name=\"author\" content=\"Patagonia Ambiental\" \/>\n<meta name=\"twitter:card\" content=\"summary_large_image\" \/>\n<meta name=\"twitter:creator\" content=\"@PatAmb\" \/>\n<meta name=\"twitter:site\" content=\"@PatAmb\" \/>\n<script type=\"application\/ld+json\" class=\"yoast-schema-graph\">{\"@context\":\"https:\\\/\\\/schema.org\",\"@graph\":[{\"@type\":\"Article\",\"@id\":\"https:\\\/\\\/patagoniambiental.com.ar\\\/info\\\/se-realizo-la-audiencia-publica-sobre-el-impacto-ambiental-en-nueva-urbanizacion-en-ushuaia\\\/#article\",\"isPartOf\":{\"@id\":\"https:\\\/\\\/patagoniambiental.com.ar\\\/info\\\/se-realizo-la-audiencia-publica-sobre-el-impacto-ambiental-en-nueva-urbanizacion-en-ushuaia\\\/\"},\"author\":{\"name\":\"Patagonia Ambiental\",\"@id\":\"https:\\\/\\\/patagoniambiental.com.ar\\\/info\\\/#\\\/schema\\\/person\\\/db12bff64bbcbf6a253710bf0ea37b5d\"},\"headline\":\"Se realiz\u00f3 la audiencia p\u00fablica sobre el impacto ambiental en nueva urbanizaci\u00f3n en Ushuaia\",\"datePublished\":\"2016-12-06T12:00:23+00:00\",\"mainEntityOfPage\":{\"@id\":\"https:\\\/\\\/patagoniambiental.com.ar\\\/info\\\/se-realizo-la-audiencia-publica-sobre-el-impacto-ambiental-en-nueva-urbanizacion-en-ushuaia\\\/\"},\"wordCount\":327,\"publisher\":{\"@id\":\"https:\\\/\\\/patagoniambiental.com.ar\\\/info\\\/#organization\"},\"articleSection\":[\"Municipales\",\"Noticias\"],\"inLanguage\":\"es\"},{\"@type\":\"WebPage\",\"@id\":\"https:\\\/\\\/patagoniambiental.com.ar\\\/info\\\/se-realizo-la-audiencia-publica-sobre-el-impacto-ambiental-en-nueva-urbanizacion-en-ushuaia\\\/\",\"url\":\"https:\\\/\\\/patagoniambiental.com.ar\\\/info\\\/se-realizo-la-audiencia-publica-sobre-el-impacto-ambiental-en-nueva-urbanizacion-en-ushuaia\\\/\",\"name\":\"Se realiz\u00f3 la audiencia p\u00fablica sobre el impacto ambiental en nueva urbanizaci\u00f3n en Ushuaia\",\"isPartOf\":{\"@id\":\"https:\\\/\\\/patagoniambiental.com.ar\\\/info\\\/#website\"},\"datePublished\":\"2016-12-06T12:00:23+00:00\",\"breadcrumb\":{\"@id\":\"https:\\\/\\\/patagoniambiental.com.ar\\\/info\\\/se-realizo-la-audiencia-publica-sobre-el-impacto-ambiental-en-nueva-urbanizacion-en-ushuaia\\\/#breadcrumb\"},\"inLanguage\":\"es\",\"potentialAction\":[{\"@type\":\"ReadAction\",\"target\":[\"https:\\\/\\\/patagoniambiental.com.ar\\\/info\\\/se-realizo-la-audiencia-publica-sobre-el-impacto-ambiental-en-nueva-urbanizacion-en-ushuaia\\\/\"]}]},{\"@type\":\"BreadcrumbList\",\"@id\":\"https:\\\/\\\/patagoniambiental.com.ar\\\/info\\\/se-realizo-la-audiencia-publica-sobre-el-impacto-ambiental-en-nueva-urbanizacion-en-ushuaia\\\/#breadcrumb\",\"itemListElement\":[{\"@type\":\"ListItem\",\"position\":1,\"name\":\"Inicio\",\"item\":\"https:\\\/\\\/patagoniambiental.com.ar\\\/info\\\/\"},{\"@type\":\"ListItem\",\"position\":2,\"name\":\"Se realiz\u00f3 la audiencia p\u00fablica sobre el impacto ambiental en nueva urbanizaci\u00f3n en Ushuaia\"}]},{\"@type\":\"WebSite\",\"@id\":\"https:\\\/\\\/patagoniambiental.com.ar\\\/info\\\/#website\",\"url\":\"https:\\\/\\\/patagoniambiental.com.ar\\\/info\\\/\",\"name\":\"Patagonia Ambiental\",\"description\":\"Monitoreo y an\u00e1lisis de la situaci\u00f3n geopol\u00edtica en el mundo y su implicancia en la Patagonia\",\"publisher\":{\"@id\":\"https:\\\/\\\/patagoniambiental.com.ar\\\/info\\\/#organization\"},\"potentialAction\":[{\"@type\":\"SearchAction\",\"target\":{\"@type\":\"EntryPoint\",\"urlTemplate\":\"https:\\\/\\\/patagoniambiental.com.ar\\\/info\\\/?s={search_term_string}\"},\"query-input\":{\"@type\":\"PropertyValueSpecification\",\"valueRequired\":true,\"valueName\":\"search_term_string\"}}],\"inLanguage\":\"es\"},{\"@type\":\"Organization\",\"@id\":\"https:\\\/\\\/patagoniambiental.com.ar\\\/info\\\/#organization\",\"name\":\"Patagonia Ambiental\",\"url\":\"https:\\\/\\\/patagoniambiental.com.ar\\\/info\\\/\",\"logo\":{\"@type\":\"ImageObject\",\"inLanguage\":\"es\",\"@id\":\"https:\\\/\\\/patagoniambiental.com.ar\\\/info\\\/#\\\/schema\\\/logo\\\/image\\\/\",\"url\":\"https:\\\/\\\/patagoniambiental.com.ar\\\/info\\\/wp-content\\\/uploads\\\/2025\\\/05\\\/LOGO-PATAGONIA-AMBIENTAL.png\",\"contentUrl\":\"https:\\\/\\\/patagoniambiental.com.ar\\\/info\\\/wp-content\\\/uploads\\\/2025\\\/05\\\/LOGO-PATAGONIA-AMBIENTAL.png\",\"width\":433,\"height\":250,\"caption\":\"Patagonia Ambiental\"},\"image\":{\"@id\":\"https:\\\/\\\/patagoniambiental.com.ar\\\/info\\\/#\\\/schema\\\/logo\\\/image\\\/\"},\"sameAs\":[\"https:\\\/\\\/www.facebook.com\\\/patagonia.ambiental\",\"https:\\\/\\\/x.com\\\/PatAmb\"]},{\"@type\":\"Person\",\"@id\":\"https:\\\/\\\/patagoniambiental.com.ar\\\/info\\\/#\\\/schema\\\/person\\\/db12bff64bbcbf6a253710bf0ea37b5d\",\"name\":\"Patagonia Ambiental\",\"description\":\"Andr\u00e9s Nievas T\u00e9cnico en manejo ambiental, consultor Ambiental y escritor para medios locales e internacionales sobre temas de geopolitica y medio ambiente.\",\"sameAs\":[\"http:\\\/\\\/www.patagoniambiental.com.ar\",\"https:\\\/\\\/www.facebook.com\\\/share\\\/1C1V8Gv9BX\\\/?mibextid=qi2Omg\",\"@patagoniambiental\",\"https:\\\/\\\/youtube.com\\\/@patagoniaambiental2023?si=BLt58t0wuXquxlYZ\"]}]}<\/script>\n<!-- \/ Yoast SEO Premium plugin. -->","yoast_head_json":{"title":"Se realiz\u00f3 la audiencia p\u00fablica sobre el impacto ambiental en nueva urbanizaci\u00f3n en Ushuaia","robots":{"index":"index","follow":"follow","max-snippet":"max-snippet:-1","max-image-preview":"max-image-preview:large","max-video-preview":"max-video-preview:-1"},"canonical":"https:\/\/patagoniambiental.com.ar\/info\/se-realizo-la-audiencia-publica-sobre-el-impacto-ambiental-en-nueva-urbanizacion-en-ushuaia\/","og_locale":"es_ES","og_type":"article","og_title":"Se realiz\u00f3 la audiencia p\u00fablica sobre el impacto ambiental en nueva urbanizaci\u00f3n en Ushuaia","og_description":"USHUAIA.- El viernes se llev\u00f3 a cabo la audiencia p\u00fablica sobre impacto ambiental en el marco del proyecto de urbanizaci\u00f3n [&hellip;]","og_url":"https:\/\/patagoniambiental.com.ar\/info\/se-realizo-la-audiencia-publica-sobre-el-impacto-ambiental-en-nueva-urbanizacion-en-ushuaia\/","og_site_name":"Patagonia Ambiental","article_publisher":"https:\/\/www.facebook.com\/patagonia.ambiental","article_author":"https:\/\/www.facebook.com\/share\/1C1V8Gv9BX\/?mibextid=qi2Omg","article_published_time":"2016-12-06T12:00:23+00:00","author":"Patagonia Ambiental","twitter_card":"summary_large_image","twitter_creator":"@PatAmb","twitter_site":"@PatAmb","schema":{"@context":"https:\/\/schema.org","@graph":[{"@type":"Article","@id":"https:\/\/patagoniambiental.com.ar\/info\/se-realizo-la-audiencia-publica-sobre-el-impacto-ambiental-en-nueva-urbanizacion-en-ushuaia\/#article","isPartOf":{"@id":"https:\/\/patagoniambiental.com.ar\/info\/se-realizo-la-audiencia-publica-sobre-el-impacto-ambiental-en-nueva-urbanizacion-en-ushuaia\/"},"author":{"name":"Patagonia Ambiental","@id":"https:\/\/patagoniambiental.com.ar\/info\/#\/schema\/person\/db12bff64bbcbf6a253710bf0ea37b5d"},"headline":"Se realiz\u00f3 la audiencia p\u00fablica sobre el impacto ambiental en nueva urbanizaci\u00f3n en Ushuaia","datePublished":"2016-12-06T12:00:23+00:00","mainEntityOfPage":{"@id":"https:\/\/patagoniambiental.com.ar\/info\/se-realizo-la-audiencia-publica-sobre-el-impacto-ambiental-en-nueva-urbanizacion-en-ushuaia\/"},"wordCount":327,"publisher":{"@id":"https:\/\/patagoniambiental.com.ar\/info\/#organization"},"articleSection":["Municipales","Noticias"],"inLanguage":"es"},{"@type":"WebPage","@id":"https:\/\/patagoniambiental.com.ar\/info\/se-realizo-la-audiencia-publica-sobre-el-impacto-ambiental-en-nueva-urbanizacion-en-ushuaia\/","url":"https:\/\/patagoniambiental.com.ar\/info\/se-realizo-la-audiencia-publica-sobre-el-impacto-ambiental-en-nueva-urbanizacion-en-ushuaia\/","name":"Se realiz\u00f3 la audiencia p\u00fablica sobre el impacto ambiental en nueva urbanizaci\u00f3n en Ushuaia","isPartOf":{"@id":"https:\/\/patagoniambiental.com.ar\/info\/#website"},"datePublished":"2016-12-06T12:00:23+00:00","breadcrumb":{"@id":"https:\/\/patagoniambiental.com.ar\/info\/se-realizo-la-audiencia-publica-sobre-el-impacto-ambiental-en-nueva-urbanizacion-en-ushuaia\/#breadcrumb"},"inLanguage":"es","potentialAction":[{"@type":"ReadAction","target":["https:\/\/patagoniambiental.com.ar\/info\/se-realizo-la-audiencia-publica-sobre-el-impacto-ambiental-en-nueva-urbanizacion-en-ushuaia\/"]}]},{"@type":"BreadcrumbList","@id":"https:\/\/patagoniambiental.com.ar\/info\/se-realizo-la-audiencia-publica-sobre-el-impacto-ambiental-en-nueva-urbanizacion-en-ushuaia\/#breadcrumb","itemListElement":[{"@type":"ListItem","position":1,"name":"Inicio","item":"https:\/\/patagoniambiental.com.ar\/info\/"},{"@type":"ListItem","position":2,"name":"Se realiz\u00f3 la audiencia p\u00fablica sobre el impacto ambiental en nueva urbanizaci\u00f3n en Ushuaia"}]},{"@type":"WebSite","@id":"https:\/\/patagoniambiental.com.ar\/info\/#website","url":"https:\/\/patagoniambiental.com.ar\/info\/","name":"Patagonia Ambiental","description":"Monitoreo y an\u00e1lisis de la situaci\u00f3n geopol\u00edtica en el mundo y su implicancia en la Patagonia","publisher":{"@id":"https:\/\/patagoniambiental.com.ar\/info\/#organization"},"potentialAction":[{"@type":"SearchAction","target":{"@type":"EntryPoint","urlTemplate":"https:\/\/patagoniambiental.com.ar\/info\/?s={search_term_string}"},"query-input":{"@type":"PropertyValueSpecification","valueRequired":true,"valueName":"search_term_string"}}],"inLanguage":"es"},{"@type":"Organization","@id":"https:\/\/patagoniambiental.com.ar\/info\/#organization","name":"Patagonia Ambiental","url":"https:\/\/patagoniambiental.com.ar\/info\/","logo":{"@type":"ImageObject","inLanguage":"es","@id":"https:\/\/patagoniambiental.com.ar\/info\/#\/schema\/logo\/image\/","url":"https:\/\/patagoniambiental.com.ar\/info\/wp-content\/uploads\/2025\/05\/LOGO-PATAGONIA-AMBIENTAL.png","contentUrl":"https:\/\/patagoniambiental.com.ar\/info\/wp-content\/uploads\/2025\/05\/LOGO-PATAGONIA-AMBIENTAL.png","width":433,"height":250,"caption":"Patagonia Ambiental"},"image":{"@id":"https:\/\/patagoniambiental.com.ar\/info\/#\/schema\/logo\/image\/"},"sameAs":["https:\/\/www.facebook.com\/patagonia.ambiental","https:\/\/x.com\/PatAmb"]},{"@type":"Person","@id":"https:\/\/patagoniambiental.com.ar\/info\/#\/schema\/person\/db12bff64bbcbf6a253710bf0ea37b5d","name":"Patagonia Ambiental","description":"Andr\u00e9s Nievas T\u00e9cnico en manejo ambiental, consultor Ambiental y escritor para medios locales e internacionales sobre temas de geopolitica y medio ambiente.","sameAs":["http:\/\/www.patagoniambiental.com.ar","https:\/\/www.facebook.com\/share\/1C1V8Gv9BX\/?mibextid=qi2Omg","@patagoniambiental","https:\/\/youtube.com\/@patagoniaambiental2023?si=BLt58t0wuXquxlYZ"]}]}},"_links":{"self":[{"href":"https:\/\/patagoniambiental.com.ar\/info\/wp-json\/wp\/v2\/posts\/23203","targetHints":{"allow":["GET"]}}],"collection":[{"href":"https:\/\/patagoniambiental.com.ar\/info\/wp-json\/wp\/v2\/posts"}],"about":[{"href":"https:\/\/patagoniambiental.com.ar\/info\/wp-json\/wp\/v2\/types\/post"}],"author":[{"embeddable":true,"href":"https:\/\/patagoniambiental.com.ar\/info\/wp-json\/wp\/v2\/users\/2"}],"replies":[{"embeddable":true,"href":"https:\/\/patagoniambiental.com.ar\/info\/wp-json\/wp\/v2\/comments?post=23203"}],"version-history":[{"count":0,"href":"https:\/\/patagoniambiental.com.ar\/info\/wp-json\/wp\/v2\/posts\/23203\/revisions"}],"wp:attachment":[{"href":"https:\/\/patagoniambiental.com.ar\/info\/wp-json\/wp\/v2\/media?parent=23203"}],"wp:term":[{"taxonomy":"category","embeddable":true,"href":"https:\/\/patagoniambiental.com.ar\/info\/wp-json\/wp\/v2\/categories?post=23203"},{"taxonomy":"post_tag","embeddable":true,"href":"https:\/\/patagoniambiental.com.ar\/info\/wp-json\/wp\/v2\/tags?post=23203"}],"curies":[{"name":"wp","href":"https:\/\/api.w.org\/{rel}","templated":true}]}}