{"id":23290,"date":"2016-12-11T10:14:34","date_gmt":"2016-12-11T13:14:34","guid":{"rendered":"http:\/\/patagoniambiental.com.ar\/?p=23290"},"modified":"2016-12-11T10:14:34","modified_gmt":"2016-12-11T13:14:34","slug":"aguas-rionegrinas-no-cobrara-por-el-servicio-de-agua-durante-la-turbiedad-en-cinco-saltos","status":"publish","type":"post","link":"https:\/\/patagoniambiental.com.ar\/info\/aguas-rionegrinas-no-cobrara-por-el-servicio-de-agua-durante-la-turbiedad-en-cinco-saltos\/","title":{"rendered":"Aguas Rionegrinas no cobrar\u00e1 por el servicio de agua durante la turbiedad en Cinco Saltos"},"content":{"rendered":"<p><b><\/b>\u00a0CINCO SALTOS.-\u00a0El ministro de Obras y Servicios P\u00fablicos, Carlos Valeri, dispuso la eximici\u00f3n del pago por\u00a0 el servicio de agua a los usuarios de Cinco Saltos durante el tiempo que la turbiedad del r\u00edo afecte el normal suministro en la localidad.<\/p>\n<p class=\"x_MsoNormal\">La medida, que impactar\u00e1 en la siguiente facturaci\u00f3n bimestral, fue definida en funci\u00f3n de la falta de agua potable en red, producto de la turbiedad generada por el aumento de caudal de erogaci\u00f3n de la central hidroel\u00e9ctrica de Planicie Banderita.<\/p>\n<p class=\"x_MsoNormal\">Este inconveniente hace que el agua en red s\u00f3lo pueda ser empleada para uso sanitario, ya que presenta elevados niveles de turbiedad.<\/p>\n<p class=\"x_MsoNormal\">Durante toda la contingencia, Aguas Rionegrinas realiz\u00f3 asistencia con agua a granel y en bidones de manera conjunta con el Municipio, Defensa Civil y Bomberos.<\/p>\n<p><span lang=\"ES-AR\">Fuente: Gobierno de R\u00edo Negro\u00a0<\/span><\/p>\n","protected":false},"excerpt":{"rendered":"<p>\u00a0CINCO SALTOS.-\u00a0El ministro de Obras y Servicios P\u00fablicos, Carlos Valeri, dispuso la eximici\u00f3n del pago por\u00a0 el servicio de agua [&hellip;]<\/p>\n","protected":false},"author":2,"featured_media":0,"comment_status":"closed","ping_status":"closed","sticky":false,"template":"","format":"standard","meta":{"site-sidebar-layout":"default","site-content-layout":"","ast-site-content-layout":"default","site-content-style":"default","site-sidebar-style":"default","ast-global-header-display":"","ast-banner-title-visibility":"","ast-main-header-display":"","ast-hfb-above-header-display":"","ast-hfb-below-header-display":"","ast-hfb-mobile-header-display":"","site-post-title":"","ast-breadcrumbs-content":"","ast-featured-img":"","footer-sml-layout":"","ast-disable-related-posts":"","theme-transparent-header-meta":"","adv-header-id-meta":"","stick-header-meta":"","header-above-stick-meta":"","header-main-stick-meta":"","header-below-stick-meta":"","astra-migrate-meta-layouts":"default","ast-page-background-enabled":"default","ast-page-background-meta":{"desktop":{"background-color":"var(--ast-global-color-5)","background-image":"","background-repeat":"repeat","background-position":"center center","background-size":"auto","background-attachment":"scroll","background-type":"","background-media":"","overlay-type":"","overlay-color":"","overlay-opacity":"","overlay-gradient":""},"tablet":{"background-color":"","background-image":"","background-repeat":"repeat","background-position":"center center","background-size":"auto","background-attachment":"scroll","background-type":"","background-media":"","overlay-type":"","overlay-color":"","overlay-opacity":"","overlay-gradient":""},"mobile":{"background-color":"","background-image":"","background-repeat":"repeat","background-position":"center center","background-size":"auto","background-attachment":"scroll","background-type":"","background-media":"","overlay-type":"","overlay-color":"","overlay-opacity":"","overlay-gradient":""}},"ast-content-background-meta":{"desktop":{"background-color":"var(--ast-global-color-4)","background-image":"","background-repeat":"repeat","background-position":"center center","background-size":"auto","background-attachment":"scroll","background-type":"","background-media":"","overlay-type":"","overlay-color":"","overlay-opacity":"","overlay-gradient":""},"tablet":{"background-color":"var(--ast-global-color-4)","background-image":"","background-repeat":"repeat","background-position":"center center","background-size":"auto","background-attachment":"scroll","background-type":"","background-media":"","overlay-type":"","overlay-color":"","overlay-opacity":"","overlay-gradient":""},"mobile":{"background-color":"var(--ast-global-color-4)","background-image":"","background-repeat":"repeat","background-position":"center center","background-size":"auto","background-attachment":"scroll","background-type":"","background-media":"","overlay-type":"","overlay-color":"","overlay-opacity":"","overlay-gradient":""}},"footnotes":""},"categories":[16,1],"tags":[],"class_list":["post-23290","post","type-post","status-publish","format-standard","hentry","category-municipales","category-noticias"],"yoast_head":"<!-- This site is optimized with the Yoast SEO Premium plugin v23.0 (Yoast SEO v27.4) - https:\/\/yoast.com\/product\/yoast-seo-premium-wordpress\/ -->\n<title>Aguas Rionegrinas no cobrar\u00e1 por el servicio de agua durante la turbiedad en Cinco Saltos<\/title>\n<meta name=\"robots\" content=\"index, follow, max-snippet:-1, max-image-preview:large, max-video-preview:-1\" \/>\n<link rel=\"canonical\" href=\"https:\/\/patagoniambiental.com.ar\/info\/aguas-rionegrinas-no-cobrara-por-el-servicio-de-agua-durante-la-turbiedad-en-cinco-saltos\/\" \/>\n<meta property=\"og:locale\" content=\"es_ES\" \/>\n<meta property=\"og:type\" content=\"article\" \/>\n<meta property=\"og:title\" content=\"Aguas Rionegrinas no cobrar\u00e1 por el servicio de agua durante la turbiedad en Cinco Saltos\" \/>\n<meta property=\"og:description\" content=\"\u00a0CINCO SALTOS.-\u00a0El ministro de Obras y Servicios P\u00fablicos, Carlos Valeri, dispuso la eximici\u00f3n del pago por\u00a0 el servicio de agua [&hellip;]\" \/>\n<meta property=\"og:url\" content=\"https:\/\/patagoniambiental.com.ar\/info\/aguas-rionegrinas-no-cobrara-por-el-servicio-de-agua-durante-la-turbiedad-en-cinco-saltos\/\" \/>\n<meta property=\"og:site_name\" content=\"Patagonia Ambiental\" \/>\n<meta property=\"article:publisher\" content=\"https:\/\/www.facebook.com\/patagonia.ambiental\" \/>\n<meta property=\"article:author\" content=\"https:\/\/www.facebook.com\/share\/1C1V8Gv9BX\/?mibextid=qi2Omg\" \/>\n<meta property=\"article:published_time\" content=\"2016-12-11T13:14:34+00:00\" \/>\n<meta name=\"author\" content=\"Patagonia Ambiental\" \/>\n<meta name=\"twitter:card\" content=\"summary_large_image\" \/>\n<meta name=\"twitter:creator\" content=\"@PatAmb\" \/>\n<meta name=\"twitter:site\" content=\"@PatAmb\" \/>\n<script type=\"application\/ld+json\" class=\"yoast-schema-graph\">{\"@context\":\"https:\\\/\\\/schema.org\",\"@graph\":[{\"@type\":\"Article\",\"@id\":\"https:\\\/\\\/patagoniambiental.com.ar\\\/info\\\/aguas-rionegrinas-no-cobrara-por-el-servicio-de-agua-durante-la-turbiedad-en-cinco-saltos\\\/#article\",\"isPartOf\":{\"@id\":\"https:\\\/\\\/patagoniambiental.com.ar\\\/info\\\/aguas-rionegrinas-no-cobrara-por-el-servicio-de-agua-durante-la-turbiedad-en-cinco-saltos\\\/\"},\"author\":{\"name\":\"Patagonia Ambiental\",\"@id\":\"https:\\\/\\\/patagoniambiental.com.ar\\\/info\\\/#\\\/schema\\\/person\\\/db12bff64bbcbf6a253710bf0ea37b5d\"},\"headline\":\"Aguas Rionegrinas no cobrar\u00e1 por el servicio de agua durante la turbiedad en Cinco Saltos\",\"datePublished\":\"2016-12-11T13:14:34+00:00\",\"mainEntityOfPage\":{\"@id\":\"https:\\\/\\\/patagoniambiental.com.ar\\\/info\\\/aguas-rionegrinas-no-cobrara-por-el-servicio-de-agua-durante-la-turbiedad-en-cinco-saltos\\\/\"},\"wordCount\":159,\"publisher\":{\"@id\":\"https:\\\/\\\/patagoniambiental.com.ar\\\/info\\\/#organization\"},\"articleSection\":[\"Municipales\",\"Noticias\"],\"inLanguage\":\"es\"},{\"@type\":\"WebPage\",\"@id\":\"https:\\\/\\\/patagoniambiental.com.ar\\\/info\\\/aguas-rionegrinas-no-cobrara-por-el-servicio-de-agua-durante-la-turbiedad-en-cinco-saltos\\\/\",\"url\":\"https:\\\/\\\/patagoniambiental.com.ar\\\/info\\\/aguas-rionegrinas-no-cobrara-por-el-servicio-de-agua-durante-la-turbiedad-en-cinco-saltos\\\/\",\"name\":\"Aguas Rionegrinas no cobrar\u00e1 por el servicio de agua durante la turbiedad en Cinco Saltos\",\"isPartOf\":{\"@id\":\"https:\\\/\\\/patagoniambiental.com.ar\\\/info\\\/#website\"},\"datePublished\":\"2016-12-11T13:14:34+00:00\",\"breadcrumb\":{\"@id\":\"https:\\\/\\\/patagoniambiental.com.ar\\\/info\\\/aguas-rionegrinas-no-cobrara-por-el-servicio-de-agua-durante-la-turbiedad-en-cinco-saltos\\\/#breadcrumb\"},\"inLanguage\":\"es\",\"potentialAction\":[{\"@type\":\"ReadAction\",\"target\":[\"https:\\\/\\\/patagoniambiental.com.ar\\\/info\\\/aguas-rionegrinas-no-cobrara-por-el-servicio-de-agua-durante-la-turbiedad-en-cinco-saltos\\\/\"]}]},{\"@type\":\"BreadcrumbList\",\"@id\":\"https:\\\/\\\/patagoniambiental.com.ar\\\/info\\\/aguas-rionegrinas-no-cobrara-por-el-servicio-de-agua-durante-la-turbiedad-en-cinco-saltos\\\/#breadcrumb\",\"itemListElement\":[{\"@type\":\"ListItem\",\"position\":1,\"name\":\"Inicio\",\"item\":\"https:\\\/\\\/patagoniambiental.com.ar\\\/info\\\/\"},{\"@type\":\"ListItem\",\"position\":2,\"name\":\"Aguas Rionegrinas no cobrar\u00e1 por el servicio de agua durante la turbiedad en Cinco Saltos\"}]},{\"@type\":\"WebSite\",\"@id\":\"https:\\\/\\\/patagoniambiental.com.ar\\\/info\\\/#website\",\"url\":\"https:\\\/\\\/patagoniambiental.com.ar\\\/info\\\/\",\"name\":\"Patagonia Ambiental\",\"description\":\"Monitoreo y an\u00e1lisis de la situaci\u00f3n geopol\u00edtica en el mundo y su implicancia en la Patagonia\",\"publisher\":{\"@id\":\"https:\\\/\\\/patagoniambiental.com.ar\\\/info\\\/#organization\"},\"potentialAction\":[{\"@type\":\"SearchAction\",\"target\":{\"@type\":\"EntryPoint\",\"urlTemplate\":\"https:\\\/\\\/patagoniambiental.com.ar\\\/info\\\/?s={search_term_string}\"},\"query-input\":{\"@type\":\"PropertyValueSpecification\",\"valueRequired\":true,\"valueName\":\"search_term_string\"}}],\"inLanguage\":\"es\"},{\"@type\":\"Organization\",\"@id\":\"https:\\\/\\\/patagoniambiental.com.ar\\\/info\\\/#organization\",\"name\":\"Patagonia Ambiental\",\"url\":\"https:\\\/\\\/patagoniambiental.com.ar\\\/info\\\/\",\"logo\":{\"@type\":\"ImageObject\",\"inLanguage\":\"es\",\"@id\":\"https:\\\/\\\/patagoniambiental.com.ar\\\/info\\\/#\\\/schema\\\/logo\\\/image\\\/\",\"url\":\"https:\\\/\\\/patagoniambiental.com.ar\\\/info\\\/wp-content\\\/uploads\\\/2025\\\/05\\\/LOGO-PATAGONIA-AMBIENTAL.png\",\"contentUrl\":\"https:\\\/\\\/patagoniambiental.com.ar\\\/info\\\/wp-content\\\/uploads\\\/2025\\\/05\\\/LOGO-PATAGONIA-AMBIENTAL.png\",\"width\":433,\"height\":250,\"caption\":\"Patagonia Ambiental\"},\"image\":{\"@id\":\"https:\\\/\\\/patagoniambiental.com.ar\\\/info\\\/#\\\/schema\\\/logo\\\/image\\\/\"},\"sameAs\":[\"https:\\\/\\\/www.facebook.com\\\/patagonia.ambiental\",\"https:\\\/\\\/x.com\\\/PatAmb\"]},{\"@type\":\"Person\",\"@id\":\"https:\\\/\\\/patagoniambiental.com.ar\\\/info\\\/#\\\/schema\\\/person\\\/db12bff64bbcbf6a253710bf0ea37b5d\",\"name\":\"Patagonia Ambiental\",\"description\":\"Andr\u00e9s Nievas T\u00e9cnico en manejo ambiental, consultor Ambiental y escritor para medios locales e internacionales sobre temas de geopolitica y medio ambiente.\",\"sameAs\":[\"http:\\\/\\\/www.patagoniambiental.com.ar\",\"https:\\\/\\\/www.facebook.com\\\/share\\\/1C1V8Gv9BX\\\/?mibextid=qi2Omg\",\"@patagoniambiental\",\"https:\\\/\\\/youtube.com\\\/@patagoniaambiental2023?si=BLt58t0wuXquxlYZ\"]}]}<\/script>\n<!-- \/ Yoast SEO Premium plugin. -->","yoast_head_json":{"title":"Aguas Rionegrinas no cobrar\u00e1 por el servicio de agua durante la turbiedad en Cinco Saltos","robots":{"index":"index","follow":"follow","max-snippet":"max-snippet:-1","max-image-preview":"max-image-preview:large","max-video-preview":"max-video-preview:-1"},"canonical":"https:\/\/patagoniambiental.com.ar\/info\/aguas-rionegrinas-no-cobrara-por-el-servicio-de-agua-durante-la-turbiedad-en-cinco-saltos\/","og_locale":"es_ES","og_type":"article","og_title":"Aguas Rionegrinas no cobrar\u00e1 por el servicio de agua durante la turbiedad en Cinco Saltos","og_description":"\u00a0CINCO SALTOS.-\u00a0El ministro de Obras y Servicios P\u00fablicos, Carlos Valeri, dispuso la eximici\u00f3n del pago por\u00a0 el servicio de agua [&hellip;]","og_url":"https:\/\/patagoniambiental.com.ar\/info\/aguas-rionegrinas-no-cobrara-por-el-servicio-de-agua-durante-la-turbiedad-en-cinco-saltos\/","og_site_name":"Patagonia Ambiental","article_publisher":"https:\/\/www.facebook.com\/patagonia.ambiental","article_author":"https:\/\/www.facebook.com\/share\/1C1V8Gv9BX\/?mibextid=qi2Omg","article_published_time":"2016-12-11T13:14:34+00:00","author":"Patagonia Ambiental","twitter_card":"summary_large_image","twitter_creator":"@PatAmb","twitter_site":"@PatAmb","schema":{"@context":"https:\/\/schema.org","@graph":[{"@type":"Article","@id":"https:\/\/patagoniambiental.com.ar\/info\/aguas-rionegrinas-no-cobrara-por-el-servicio-de-agua-durante-la-turbiedad-en-cinco-saltos\/#article","isPartOf":{"@id":"https:\/\/patagoniambiental.com.ar\/info\/aguas-rionegrinas-no-cobrara-por-el-servicio-de-agua-durante-la-turbiedad-en-cinco-saltos\/"},"author":{"name":"Patagonia Ambiental","@id":"https:\/\/patagoniambiental.com.ar\/info\/#\/schema\/person\/db12bff64bbcbf6a253710bf0ea37b5d"},"headline":"Aguas Rionegrinas no cobrar\u00e1 por el servicio de agua durante la turbiedad en Cinco Saltos","datePublished":"2016-12-11T13:14:34+00:00","mainEntityOfPage":{"@id":"https:\/\/patagoniambiental.com.ar\/info\/aguas-rionegrinas-no-cobrara-por-el-servicio-de-agua-durante-la-turbiedad-en-cinco-saltos\/"},"wordCount":159,"publisher":{"@id":"https:\/\/patagoniambiental.com.ar\/info\/#organization"},"articleSection":["Municipales","Noticias"],"inLanguage":"es"},{"@type":"WebPage","@id":"https:\/\/patagoniambiental.com.ar\/info\/aguas-rionegrinas-no-cobrara-por-el-servicio-de-agua-durante-la-turbiedad-en-cinco-saltos\/","url":"https:\/\/patagoniambiental.com.ar\/info\/aguas-rionegrinas-no-cobrara-por-el-servicio-de-agua-durante-la-turbiedad-en-cinco-saltos\/","name":"Aguas Rionegrinas no cobrar\u00e1 por el servicio de agua durante la turbiedad en Cinco Saltos","isPartOf":{"@id":"https:\/\/patagoniambiental.com.ar\/info\/#website"},"datePublished":"2016-12-11T13:14:34+00:00","breadcrumb":{"@id":"https:\/\/patagoniambiental.com.ar\/info\/aguas-rionegrinas-no-cobrara-por-el-servicio-de-agua-durante-la-turbiedad-en-cinco-saltos\/#breadcrumb"},"inLanguage":"es","potentialAction":[{"@type":"ReadAction","target":["https:\/\/patagoniambiental.com.ar\/info\/aguas-rionegrinas-no-cobrara-por-el-servicio-de-agua-durante-la-turbiedad-en-cinco-saltos\/"]}]},{"@type":"BreadcrumbList","@id":"https:\/\/patagoniambiental.com.ar\/info\/aguas-rionegrinas-no-cobrara-por-el-servicio-de-agua-durante-la-turbiedad-en-cinco-saltos\/#breadcrumb","itemListElement":[{"@type":"ListItem","position":1,"name":"Inicio","item":"https:\/\/patagoniambiental.com.ar\/info\/"},{"@type":"ListItem","position":2,"name":"Aguas Rionegrinas no cobrar\u00e1 por el servicio de agua durante la turbiedad en Cinco Saltos"}]},{"@type":"WebSite","@id":"https:\/\/patagoniambiental.com.ar\/info\/#website","url":"https:\/\/patagoniambiental.com.ar\/info\/","name":"Patagonia Ambiental","description":"Monitoreo y an\u00e1lisis de la situaci\u00f3n geopol\u00edtica en el mundo y su implicancia en la Patagonia","publisher":{"@id":"https:\/\/patagoniambiental.com.ar\/info\/#organization"},"potentialAction":[{"@type":"SearchAction","target":{"@type":"EntryPoint","urlTemplate":"https:\/\/patagoniambiental.com.ar\/info\/?s={search_term_string}"},"query-input":{"@type":"PropertyValueSpecification","valueRequired":true,"valueName":"search_term_string"}}],"inLanguage":"es"},{"@type":"Organization","@id":"https:\/\/patagoniambiental.com.ar\/info\/#organization","name":"Patagonia Ambiental","url":"https:\/\/patagoniambiental.com.ar\/info\/","logo":{"@type":"ImageObject","inLanguage":"es","@id":"https:\/\/patagoniambiental.com.ar\/info\/#\/schema\/logo\/image\/","url":"https:\/\/patagoniambiental.com.ar\/info\/wp-content\/uploads\/2025\/05\/LOGO-PATAGONIA-AMBIENTAL.png","contentUrl":"https:\/\/patagoniambiental.com.ar\/info\/wp-content\/uploads\/2025\/05\/LOGO-PATAGONIA-AMBIENTAL.png","width":433,"height":250,"caption":"Patagonia Ambiental"},"image":{"@id":"https:\/\/patagoniambiental.com.ar\/info\/#\/schema\/logo\/image\/"},"sameAs":["https:\/\/www.facebook.com\/patagonia.ambiental","https:\/\/x.com\/PatAmb"]},{"@type":"Person","@id":"https:\/\/patagoniambiental.com.ar\/info\/#\/schema\/person\/db12bff64bbcbf6a253710bf0ea37b5d","name":"Patagonia Ambiental","description":"Andr\u00e9s Nievas T\u00e9cnico en manejo ambiental, consultor Ambiental y escritor para medios locales e internacionales sobre temas de geopolitica y medio ambiente.","sameAs":["http:\/\/www.patagoniambiental.com.ar","https:\/\/www.facebook.com\/share\/1C1V8Gv9BX\/?mibextid=qi2Omg","@patagoniambiental","https:\/\/youtube.com\/@patagoniaambiental2023?si=BLt58t0wuXquxlYZ"]}]}},"_links":{"self":[{"href":"https:\/\/patagoniambiental.com.ar\/info\/wp-json\/wp\/v2\/posts\/23290","targetHints":{"allow":["GET"]}}],"collection":[{"href":"https:\/\/patagoniambiental.com.ar\/info\/wp-json\/wp\/v2\/posts"}],"about":[{"href":"https:\/\/patagoniambiental.com.ar\/info\/wp-json\/wp\/v2\/types\/post"}],"author":[{"embeddable":true,"href":"https:\/\/patagoniambiental.com.ar\/info\/wp-json\/wp\/v2\/users\/2"}],"replies":[{"embeddable":true,"href":"https:\/\/patagoniambiental.com.ar\/info\/wp-json\/wp\/v2\/comments?post=23290"}],"version-history":[{"count":0,"href":"https:\/\/patagoniambiental.com.ar\/info\/wp-json\/wp\/v2\/posts\/23290\/revisions"}],"wp:attachment":[{"href":"https:\/\/patagoniambiental.com.ar\/info\/wp-json\/wp\/v2\/media?parent=23290"}],"wp:term":[{"taxonomy":"category","embeddable":true,"href":"https:\/\/patagoniambiental.com.ar\/info\/wp-json\/wp\/v2\/categories?post=23290"},{"taxonomy":"post_tag","embeddable":true,"href":"https:\/\/patagoniambiental.com.ar\/info\/wp-json\/wp\/v2\/tags?post=23290"}],"curies":[{"name":"wp","href":"https:\/\/api.w.org\/{rel}","templated":true}]}}