{"id":23312,"date":"2016-12-12T09:00:51","date_gmt":"2016-12-12T12:00:51","guid":{"rendered":"http:\/\/patagoniambiental.com.ar\/?p=23312"},"modified":"2016-12-12T09:00:51","modified_gmt":"2016-12-12T12:00:51","slug":"rio-negro-presentan-una-investigacion-sobre-cuidado-del-ambiente-de-la-ciudad-en-regina","status":"publish","type":"post","link":"https:\/\/patagoniambiental.com.ar\/info\/rio-negro-presentan-una-investigacion-sobre-cuidado-del-ambiente-de-la-ciudad-en-regina\/","title":{"rendered":"R\u00edo Negro: Presentan una investigaci\u00f3n sobre cuidado del ambiente de la ciudad en Regina"},"content":{"rendered":"<p class=\"x_MsoNormal\">VILLA REGINA.-\u00a0El Centro de Actividades Infantiles de la Escuela Primaria N\u00b0 265 de Villa Regina present\u00f3 ante el Concejo Deliberante de esa ciudad un trabajo de investigaci\u00f3n realizado en torno a problemas ambientales que afectan a la comunidad educativa.<\/p>\n<p class=\"x_MsoNormal\">Estudiantes y docentes expusieron ante los ediles los principales aspectos de su investigaci\u00f3n sobre \u201c\u00bfQu\u00e9 est\u00e1 pasando en la Comunidad de la Escuela N\u00b0 265 con la Planta Elevadora de Residuos Cloacales?\u201d, como se titula el trabajo.<\/p>\n<p class=\"x_MsoNormal\">El documento expuesto fue elaborado por ni\u00f1os de primero a s\u00e9ptimo grado, con el acompa\u00f1amiento de familiares y profesores; como parte de las actividades desarrolladas en el CAI de la escuela que promueve el Ministerio de Educaci\u00f3n y Derechos Humanos de R\u00edo Negro.<\/p>\n<p class=\"x_MsoNormal\">Los CAI forman parte de una pol\u00edtica integral impulsada por la cartera y est\u00e1 orientada a favorecer el cumplimiento pleno del derecho a la educaci\u00f3n de todos los ni\u00f1os y ni\u00f1as, proponi\u00e9ndose ampliar el universo cultural y fortalecer las trayectorias escolares de los alumnos que requieren mayor acompa\u00f1amiento pedag\u00f3gico para acceder y\/o completar sus estudios. Para tal fin, estos centros, instalados en escuelas primarias cuentan con un equipo integrado por un coordinador, dos maestros comunitarios y tres talleristas que ofrecen variadas propuestas pedag\u00f3gicas y culturales.<\/p>\n<p class=\"x_MsoNormal\">El trabajo de investigaci\u00f3n realizado plantea \u201cuna problem\u00e1tica que afecta a la comunidad, como los olores cloacales que emanan de la Planta ubicada en Puelches y Araucanos del barrio Modelo\u201d, explicaron sus realizadores ante los miembros del Concejo Deliberante de Villa Regina.<\/p>\n<p class=\"x_MsoNormal\">\u201cLa Educaci\u00f3n Ambiental es un proceso que dura toda la vida y que tiene como objetivo lograr conciencia ambiental, conocimiento ecol\u00f3gico, actitudes, valores, compromiso para acciones y responsabilidades \u00e9ticas para el uso racional de los recursos con el prop\u00f3sito de lograr un desarrollo adecuado y sustentable. La Educaci\u00f3n Ambiental ayuda a desarrollar las habilidades y actitudes necesarias para comprender las relaciones entre los seres humanos, sus culturas y el mundo\u201d, remarcaron alumnos y docentes para enmarcar su exposici\u00f3n.<\/p>\n<p>Fuente: Gobierno de R\u00edo Negro<\/p>\n","protected":false},"excerpt":{"rendered":"<p>VILLA REGINA.-\u00a0El Centro de Actividades Infantiles de la Escuela Primaria N\u00b0 265 de Villa Regina present\u00f3 ante el Concejo Deliberante [&hellip;]<\/p>\n","protected":false},"author":2,"featured_media":0,"comment_status":"closed","ping_status":"closed","sticky":false,"template":"","format":"standard","meta":{"site-sidebar-layout":"default","site-content-layout":"","ast-site-content-layout":"default","site-content-style":"default","site-sidebar-style":"default","ast-global-header-display":"","ast-banner-title-visibility":"","ast-main-header-display":"","ast-hfb-above-header-display":"","ast-hfb-below-header-display":"","ast-hfb-mobile-header-display":"","site-post-title":"","ast-breadcrumbs-content":"","ast-featured-img":"","footer-sml-layout":"","ast-disable-related-posts":"","theme-transparent-header-meta":"","adv-header-id-meta":"","stick-header-meta":"","header-above-stick-meta":"","header-main-stick-meta":"","header-below-stick-meta":"","astra-migrate-meta-layouts":"default","ast-page-background-enabled":"default","ast-page-background-meta":{"desktop":{"background-color":"var(--ast-global-color-5)","background-image":"","background-repeat":"repeat","background-position":"center center","background-size":"auto","background-attachment":"scroll","background-type":"","background-media":"","overlay-type":"","overlay-color":"","overlay-opacity":"","overlay-gradient":""},"tablet":{"background-color":"","background-image":"","background-repeat":"repeat","background-position":"center center","background-size":"auto","background-attachment":"scroll","background-type":"","background-media":"","overlay-type":"","overlay-color":"","overlay-opacity":"","overlay-gradient":""},"mobile":{"background-color":"","background-image":"","background-repeat":"repeat","background-position":"center center","background-size":"auto","background-attachment":"scroll","background-type":"","background-media":"","overlay-type":"","overlay-color":"","overlay-opacity":"","overlay-gradient":""}},"ast-content-background-meta":{"desktop":{"background-color":"var(--ast-global-color-4)","background-image":"","background-repeat":"repeat","background-position":"center center","background-size":"auto","background-attachment":"scroll","background-type":"","background-media":"","overlay-type":"","overlay-color":"","overlay-opacity":"","overlay-gradient":""},"tablet":{"background-color":"var(--ast-global-color-4)","background-image":"","background-repeat":"repeat","background-position":"center center","background-size":"auto","background-attachment":"scroll","background-type":"","background-media":"","overlay-type":"","overlay-color":"","overlay-opacity":"","overlay-gradient":""},"mobile":{"background-color":"var(--ast-global-color-4)","background-image":"","background-repeat":"repeat","background-position":"center center","background-size":"auto","background-attachment":"scroll","background-type":"","background-media":"","overlay-type":"","overlay-color":"","overlay-opacity":"","overlay-gradient":""}},"footnotes":""},"categories":[16,1],"tags":[],"class_list":["post-23312","post","type-post","status-publish","format-standard","hentry","category-municipales","category-noticias"],"yoast_head":"<!-- This site is optimized with the Yoast SEO Premium plugin v23.0 (Yoast SEO v27.4) - https:\/\/yoast.com\/product\/yoast-seo-premium-wordpress\/ -->\n<title>R\u00edo Negro: Presentan una investigaci\u00f3n sobre cuidado del ambiente de la ciudad en Regina<\/title>\n<meta name=\"robots\" content=\"index, follow, max-snippet:-1, max-image-preview:large, max-video-preview:-1\" \/>\n<link rel=\"canonical\" href=\"https:\/\/patagoniambiental.com.ar\/info\/rio-negro-presentan-una-investigacion-sobre-cuidado-del-ambiente-de-la-ciudad-en-regina\/\" \/>\n<meta property=\"og:locale\" content=\"es_ES\" \/>\n<meta property=\"og:type\" content=\"article\" \/>\n<meta property=\"og:title\" content=\"R\u00edo Negro: Presentan una investigaci\u00f3n sobre cuidado del ambiente de la ciudad en Regina\" \/>\n<meta property=\"og:description\" content=\"VILLA REGINA.-\u00a0El Centro de Actividades Infantiles de la Escuela Primaria N\u00b0 265 de Villa Regina present\u00f3 ante el Concejo Deliberante [&hellip;]\" \/>\n<meta property=\"og:url\" content=\"https:\/\/patagoniambiental.com.ar\/info\/rio-negro-presentan-una-investigacion-sobre-cuidado-del-ambiente-de-la-ciudad-en-regina\/\" \/>\n<meta property=\"og:site_name\" content=\"Patagonia Ambiental\" \/>\n<meta property=\"article:publisher\" content=\"https:\/\/www.facebook.com\/patagonia.ambiental\" \/>\n<meta property=\"article:author\" content=\"https:\/\/www.facebook.com\/share\/1C1V8Gv9BX\/?mibextid=qi2Omg\" \/>\n<meta property=\"article:published_time\" content=\"2016-12-12T12:00:51+00:00\" \/>\n<meta name=\"author\" content=\"Patagonia Ambiental\" \/>\n<meta name=\"twitter:card\" content=\"summary_large_image\" \/>\n<meta name=\"twitter:creator\" content=\"@PatAmb\" \/>\n<meta name=\"twitter:site\" content=\"@PatAmb\" \/>\n<script type=\"application\/ld+json\" class=\"yoast-schema-graph\">{\"@context\":\"https:\\\/\\\/schema.org\",\"@graph\":[{\"@type\":\"Article\",\"@id\":\"https:\\\/\\\/patagoniambiental.com.ar\\\/info\\\/rio-negro-presentan-una-investigacion-sobre-cuidado-del-ambiente-de-la-ciudad-en-regina\\\/#article\",\"isPartOf\":{\"@id\":\"https:\\\/\\\/patagoniambiental.com.ar\\\/info\\\/rio-negro-presentan-una-investigacion-sobre-cuidado-del-ambiente-de-la-ciudad-en-regina\\\/\"},\"author\":{\"name\":\"Patagonia Ambiental\",\"@id\":\"https:\\\/\\\/patagoniambiental.com.ar\\\/info\\\/#\\\/schema\\\/person\\\/db12bff64bbcbf6a253710bf0ea37b5d\"},\"headline\":\"R\u00edo Negro: Presentan una investigaci\u00f3n sobre cuidado del ambiente de la ciudad en Regina\",\"datePublished\":\"2016-12-12T12:00:51+00:00\",\"mainEntityOfPage\":{\"@id\":\"https:\\\/\\\/patagoniambiental.com.ar\\\/info\\\/rio-negro-presentan-una-investigacion-sobre-cuidado-del-ambiente-de-la-ciudad-en-regina\\\/\"},\"wordCount\":369,\"publisher\":{\"@id\":\"https:\\\/\\\/patagoniambiental.com.ar\\\/info\\\/#organization\"},\"articleSection\":[\"Municipales\",\"Noticias\"],\"inLanguage\":\"es\"},{\"@type\":\"WebPage\",\"@id\":\"https:\\\/\\\/patagoniambiental.com.ar\\\/info\\\/rio-negro-presentan-una-investigacion-sobre-cuidado-del-ambiente-de-la-ciudad-en-regina\\\/\",\"url\":\"https:\\\/\\\/patagoniambiental.com.ar\\\/info\\\/rio-negro-presentan-una-investigacion-sobre-cuidado-del-ambiente-de-la-ciudad-en-regina\\\/\",\"name\":\"R\u00edo Negro: Presentan una investigaci\u00f3n sobre cuidado del ambiente de la ciudad en Regina\",\"isPartOf\":{\"@id\":\"https:\\\/\\\/patagoniambiental.com.ar\\\/info\\\/#website\"},\"datePublished\":\"2016-12-12T12:00:51+00:00\",\"breadcrumb\":{\"@id\":\"https:\\\/\\\/patagoniambiental.com.ar\\\/info\\\/rio-negro-presentan-una-investigacion-sobre-cuidado-del-ambiente-de-la-ciudad-en-regina\\\/#breadcrumb\"},\"inLanguage\":\"es\",\"potentialAction\":[{\"@type\":\"ReadAction\",\"target\":[\"https:\\\/\\\/patagoniambiental.com.ar\\\/info\\\/rio-negro-presentan-una-investigacion-sobre-cuidado-del-ambiente-de-la-ciudad-en-regina\\\/\"]}]},{\"@type\":\"BreadcrumbList\",\"@id\":\"https:\\\/\\\/patagoniambiental.com.ar\\\/info\\\/rio-negro-presentan-una-investigacion-sobre-cuidado-del-ambiente-de-la-ciudad-en-regina\\\/#breadcrumb\",\"itemListElement\":[{\"@type\":\"ListItem\",\"position\":1,\"name\":\"Inicio\",\"item\":\"https:\\\/\\\/patagoniambiental.com.ar\\\/info\\\/\"},{\"@type\":\"ListItem\",\"position\":2,\"name\":\"R\u00edo Negro: Presentan una investigaci\u00f3n sobre cuidado del ambiente de la ciudad en Regina\"}]},{\"@type\":\"WebSite\",\"@id\":\"https:\\\/\\\/patagoniambiental.com.ar\\\/info\\\/#website\",\"url\":\"https:\\\/\\\/patagoniambiental.com.ar\\\/info\\\/\",\"name\":\"Patagonia Ambiental\",\"description\":\"Monitoreo y an\u00e1lisis de la situaci\u00f3n geopol\u00edtica en el mundo y su implicancia en la Patagonia\",\"publisher\":{\"@id\":\"https:\\\/\\\/patagoniambiental.com.ar\\\/info\\\/#organization\"},\"potentialAction\":[{\"@type\":\"SearchAction\",\"target\":{\"@type\":\"EntryPoint\",\"urlTemplate\":\"https:\\\/\\\/patagoniambiental.com.ar\\\/info\\\/?s={search_term_string}\"},\"query-input\":{\"@type\":\"PropertyValueSpecification\",\"valueRequired\":true,\"valueName\":\"search_term_string\"}}],\"inLanguage\":\"es\"},{\"@type\":\"Organization\",\"@id\":\"https:\\\/\\\/patagoniambiental.com.ar\\\/info\\\/#organization\",\"name\":\"Patagonia Ambiental\",\"url\":\"https:\\\/\\\/patagoniambiental.com.ar\\\/info\\\/\",\"logo\":{\"@type\":\"ImageObject\",\"inLanguage\":\"es\",\"@id\":\"https:\\\/\\\/patagoniambiental.com.ar\\\/info\\\/#\\\/schema\\\/logo\\\/image\\\/\",\"url\":\"https:\\\/\\\/patagoniambiental.com.ar\\\/info\\\/wp-content\\\/uploads\\\/2025\\\/05\\\/LOGO-PATAGONIA-AMBIENTAL.png\",\"contentUrl\":\"https:\\\/\\\/patagoniambiental.com.ar\\\/info\\\/wp-content\\\/uploads\\\/2025\\\/05\\\/LOGO-PATAGONIA-AMBIENTAL.png\",\"width\":433,\"height\":250,\"caption\":\"Patagonia Ambiental\"},\"image\":{\"@id\":\"https:\\\/\\\/patagoniambiental.com.ar\\\/info\\\/#\\\/schema\\\/logo\\\/image\\\/\"},\"sameAs\":[\"https:\\\/\\\/www.facebook.com\\\/patagonia.ambiental\",\"https:\\\/\\\/x.com\\\/PatAmb\"]},{\"@type\":\"Person\",\"@id\":\"https:\\\/\\\/patagoniambiental.com.ar\\\/info\\\/#\\\/schema\\\/person\\\/db12bff64bbcbf6a253710bf0ea37b5d\",\"name\":\"Patagonia Ambiental\",\"description\":\"Andr\u00e9s Nievas T\u00e9cnico en manejo ambiental, consultor Ambiental y escritor para medios locales e internacionales sobre temas de geopolitica y medio ambiente.\",\"sameAs\":[\"http:\\\/\\\/www.patagoniambiental.com.ar\",\"https:\\\/\\\/www.facebook.com\\\/share\\\/1C1V8Gv9BX\\\/?mibextid=qi2Omg\",\"@patagoniambiental\",\"https:\\\/\\\/youtube.com\\\/@patagoniaambiental2023?si=BLt58t0wuXquxlYZ\"]}]}<\/script>\n<!-- \/ Yoast SEO Premium plugin. -->","yoast_head_json":{"title":"R\u00edo Negro: Presentan una investigaci\u00f3n sobre cuidado del ambiente de la ciudad en Regina","robots":{"index":"index","follow":"follow","max-snippet":"max-snippet:-1","max-image-preview":"max-image-preview:large","max-video-preview":"max-video-preview:-1"},"canonical":"https:\/\/patagoniambiental.com.ar\/info\/rio-negro-presentan-una-investigacion-sobre-cuidado-del-ambiente-de-la-ciudad-en-regina\/","og_locale":"es_ES","og_type":"article","og_title":"R\u00edo Negro: Presentan una investigaci\u00f3n sobre cuidado del ambiente de la ciudad en Regina","og_description":"VILLA REGINA.-\u00a0El Centro de Actividades Infantiles de la Escuela Primaria N\u00b0 265 de Villa Regina present\u00f3 ante el Concejo Deliberante [&hellip;]","og_url":"https:\/\/patagoniambiental.com.ar\/info\/rio-negro-presentan-una-investigacion-sobre-cuidado-del-ambiente-de-la-ciudad-en-regina\/","og_site_name":"Patagonia Ambiental","article_publisher":"https:\/\/www.facebook.com\/patagonia.ambiental","article_author":"https:\/\/www.facebook.com\/share\/1C1V8Gv9BX\/?mibextid=qi2Omg","article_published_time":"2016-12-12T12:00:51+00:00","author":"Patagonia Ambiental","twitter_card":"summary_large_image","twitter_creator":"@PatAmb","twitter_site":"@PatAmb","schema":{"@context":"https:\/\/schema.org","@graph":[{"@type":"Article","@id":"https:\/\/patagoniambiental.com.ar\/info\/rio-negro-presentan-una-investigacion-sobre-cuidado-del-ambiente-de-la-ciudad-en-regina\/#article","isPartOf":{"@id":"https:\/\/patagoniambiental.com.ar\/info\/rio-negro-presentan-una-investigacion-sobre-cuidado-del-ambiente-de-la-ciudad-en-regina\/"},"author":{"name":"Patagonia Ambiental","@id":"https:\/\/patagoniambiental.com.ar\/info\/#\/schema\/person\/db12bff64bbcbf6a253710bf0ea37b5d"},"headline":"R\u00edo Negro: Presentan una investigaci\u00f3n sobre cuidado del ambiente de la ciudad en Regina","datePublished":"2016-12-12T12:00:51+00:00","mainEntityOfPage":{"@id":"https:\/\/patagoniambiental.com.ar\/info\/rio-negro-presentan-una-investigacion-sobre-cuidado-del-ambiente-de-la-ciudad-en-regina\/"},"wordCount":369,"publisher":{"@id":"https:\/\/patagoniambiental.com.ar\/info\/#organization"},"articleSection":["Municipales","Noticias"],"inLanguage":"es"},{"@type":"WebPage","@id":"https:\/\/patagoniambiental.com.ar\/info\/rio-negro-presentan-una-investigacion-sobre-cuidado-del-ambiente-de-la-ciudad-en-regina\/","url":"https:\/\/patagoniambiental.com.ar\/info\/rio-negro-presentan-una-investigacion-sobre-cuidado-del-ambiente-de-la-ciudad-en-regina\/","name":"R\u00edo Negro: Presentan una investigaci\u00f3n sobre cuidado del ambiente de la ciudad en Regina","isPartOf":{"@id":"https:\/\/patagoniambiental.com.ar\/info\/#website"},"datePublished":"2016-12-12T12:00:51+00:00","breadcrumb":{"@id":"https:\/\/patagoniambiental.com.ar\/info\/rio-negro-presentan-una-investigacion-sobre-cuidado-del-ambiente-de-la-ciudad-en-regina\/#breadcrumb"},"inLanguage":"es","potentialAction":[{"@type":"ReadAction","target":["https:\/\/patagoniambiental.com.ar\/info\/rio-negro-presentan-una-investigacion-sobre-cuidado-del-ambiente-de-la-ciudad-en-regina\/"]}]},{"@type":"BreadcrumbList","@id":"https:\/\/patagoniambiental.com.ar\/info\/rio-negro-presentan-una-investigacion-sobre-cuidado-del-ambiente-de-la-ciudad-en-regina\/#breadcrumb","itemListElement":[{"@type":"ListItem","position":1,"name":"Inicio","item":"https:\/\/patagoniambiental.com.ar\/info\/"},{"@type":"ListItem","position":2,"name":"R\u00edo Negro: Presentan una investigaci\u00f3n sobre cuidado del ambiente de la ciudad en Regina"}]},{"@type":"WebSite","@id":"https:\/\/patagoniambiental.com.ar\/info\/#website","url":"https:\/\/patagoniambiental.com.ar\/info\/","name":"Patagonia Ambiental","description":"Monitoreo y an\u00e1lisis de la situaci\u00f3n geopol\u00edtica en el mundo y su implicancia en la Patagonia","publisher":{"@id":"https:\/\/patagoniambiental.com.ar\/info\/#organization"},"potentialAction":[{"@type":"SearchAction","target":{"@type":"EntryPoint","urlTemplate":"https:\/\/patagoniambiental.com.ar\/info\/?s={search_term_string}"},"query-input":{"@type":"PropertyValueSpecification","valueRequired":true,"valueName":"search_term_string"}}],"inLanguage":"es"},{"@type":"Organization","@id":"https:\/\/patagoniambiental.com.ar\/info\/#organization","name":"Patagonia Ambiental","url":"https:\/\/patagoniambiental.com.ar\/info\/","logo":{"@type":"ImageObject","inLanguage":"es","@id":"https:\/\/patagoniambiental.com.ar\/info\/#\/schema\/logo\/image\/","url":"https:\/\/patagoniambiental.com.ar\/info\/wp-content\/uploads\/2025\/05\/LOGO-PATAGONIA-AMBIENTAL.png","contentUrl":"https:\/\/patagoniambiental.com.ar\/info\/wp-content\/uploads\/2025\/05\/LOGO-PATAGONIA-AMBIENTAL.png","width":433,"height":250,"caption":"Patagonia Ambiental"},"image":{"@id":"https:\/\/patagoniambiental.com.ar\/info\/#\/schema\/logo\/image\/"},"sameAs":["https:\/\/www.facebook.com\/patagonia.ambiental","https:\/\/x.com\/PatAmb"]},{"@type":"Person","@id":"https:\/\/patagoniambiental.com.ar\/info\/#\/schema\/person\/db12bff64bbcbf6a253710bf0ea37b5d","name":"Patagonia Ambiental","description":"Andr\u00e9s Nievas T\u00e9cnico en manejo ambiental, consultor Ambiental y escritor para medios locales e internacionales sobre temas de geopolitica y medio ambiente.","sameAs":["http:\/\/www.patagoniambiental.com.ar","https:\/\/www.facebook.com\/share\/1C1V8Gv9BX\/?mibextid=qi2Omg","@patagoniambiental","https:\/\/youtube.com\/@patagoniaambiental2023?si=BLt58t0wuXquxlYZ"]}]}},"_links":{"self":[{"href":"https:\/\/patagoniambiental.com.ar\/info\/wp-json\/wp\/v2\/posts\/23312","targetHints":{"allow":["GET"]}}],"collection":[{"href":"https:\/\/patagoniambiental.com.ar\/info\/wp-json\/wp\/v2\/posts"}],"about":[{"href":"https:\/\/patagoniambiental.com.ar\/info\/wp-json\/wp\/v2\/types\/post"}],"author":[{"embeddable":true,"href":"https:\/\/patagoniambiental.com.ar\/info\/wp-json\/wp\/v2\/users\/2"}],"replies":[{"embeddable":true,"href":"https:\/\/patagoniambiental.com.ar\/info\/wp-json\/wp\/v2\/comments?post=23312"}],"version-history":[{"count":0,"href":"https:\/\/patagoniambiental.com.ar\/info\/wp-json\/wp\/v2\/posts\/23312\/revisions"}],"wp:attachment":[{"href":"https:\/\/patagoniambiental.com.ar\/info\/wp-json\/wp\/v2\/media?parent=23312"}],"wp:term":[{"taxonomy":"category","embeddable":true,"href":"https:\/\/patagoniambiental.com.ar\/info\/wp-json\/wp\/v2\/categories?post=23312"},{"taxonomy":"post_tag","embeddable":true,"href":"https:\/\/patagoniambiental.com.ar\/info\/wp-json\/wp\/v2\/tags?post=23312"}],"curies":[{"name":"wp","href":"https:\/\/api.w.org\/{rel}","templated":true}]}}