{"id":23361,"date":"2016-12-14T09:00:45","date_gmt":"2016-12-14T12:00:45","guid":{"rendered":"http:\/\/patagoniambiental.com.ar\/?p=23361"},"modified":"2016-12-14T09:00:45","modified_gmt":"2016-12-14T12:00:45","slug":"rio-negro-convocan-a-audiencia-publica-en-campo-grande-por-la-planta-de-tratamiento-y-disposicion-final-de-residuos-especiales","status":"publish","type":"post","link":"https:\/\/patagoniambiental.com.ar\/info\/rio-negro-convocan-a-audiencia-publica-en-campo-grande-por-la-planta-de-tratamiento-y-disposicion-final-de-residuos-especiales\/","title":{"rendered":"R\u00edo Negro: Convocan a audiencia p\u00fablica en Campo Grande por la planta de tratamiento y disposici\u00f3n final de residuos especiales"},"content":{"rendered":"<p class=\"x_MsoNormal\"><b><\/b>\u00a0CAMPO GRANDE.-\u00a0La Secretar\u00eda de Ambiente y Desarrollo Sustentable \u00a0informa que el pr\u00f3ximo 28 de diciembre se realizar\u00e1 la Audiencia P\u00fablica para el proyecto de construcci\u00f3n de la planta de tratamiento y disposici\u00f3n final de residuos especiales en Campo Grande. Tanto en la Delegaci\u00f3n Alto Valle como en la localidad se encuentra abierto el Registro de inscripci\u00f3n para posibilitar la participaci\u00f3n ciudadana.<\/p>\n<p class=\"x_MsoNormal\">Esta instancia se desarrolla en el marco de la evaluaci\u00f3n de Impacto Ambiental del mencionado proyecto, presentado por la empresa Treater Neuqu\u00e9n, por el que se inici\u00f3 un expediente en la Secretar\u00eda de Ambiente.<\/p>\n<p class=\"x_MsoNormal\">Las personas, instituciones, ONG y todo aquel interesado en participar de la audiencia pueden inscribirse en el Registro acerc\u00e1ndose a las Delegaci\u00f3n Alto Valle de la SAyDS, ubicada en la ciudad de Fern\u00e1ndez Oro, en Avenida Cipolletti 321, tel\u00e9fono 0299-.4996787. Las planillas tambi\u00e9n se encuentran a disposici\u00f3n en la Municipalidad de Campo Grande, ubicada en calle Coronel Lorenzo Vinter y Dr. Luis Pasteur N\u00b0 69, 0299- 4973173. En estos lugares tambi\u00e9n se encuentra disponible un resumen del proyecto.<\/p>\n<p class=\"x_MsoNormal\">En tanto aquellos que requieran vista del expediente y actuaciones deber\u00e1n acercarse a la sede central de Ambiente en la ciudad de Viedma, de 9 a 13 horas, en Col\u00f3n 275, 3\u00b0 piso.<\/p>\n<p class=\"x_MsoNormal\">El plazo para anotarse vence 72 horas antes de la realizaci\u00f3n de la audiencia. El debate ser\u00e1 presidido por autoridades de la SAyDS, mientras que oficiar\u00e1 como moderadora Ayel\u00e9n C\u00e1ceres, o quien ella designe.<\/p>\n<p class=\"x_MsoNormal\">La actividad se realizar\u00e1 el 28 de diciembre en el sal\u00f3n comunitario municipal &#8211; calle Buenos Aires 250 &#8211; de Sargento Vidal, en Campo Grande, a partir de las 9.<\/p>\n<p>Fuente: Gobierno de R\u00edo Negro<\/p>\n","protected":false},"excerpt":{"rendered":"<p>\u00a0CAMPO GRANDE.-\u00a0La Secretar\u00eda de Ambiente y Desarrollo Sustentable \u00a0informa que el pr\u00f3ximo 28 de diciembre se realizar\u00e1 la Audiencia P\u00fablica [&hellip;]<\/p>\n","protected":false},"author":2,"featured_media":0,"comment_status":"closed","ping_status":"closed","sticky":false,"template":"","format":"standard","meta":{"site-sidebar-layout":"default","site-content-layout":"","ast-site-content-layout":"default","site-content-style":"default","site-sidebar-style":"default","ast-global-header-display":"","ast-banner-title-visibility":"","ast-main-header-display":"","ast-hfb-above-header-display":"","ast-hfb-below-header-display":"","ast-hfb-mobile-header-display":"","site-post-title":"","ast-breadcrumbs-content":"","ast-featured-img":"","footer-sml-layout":"","ast-disable-related-posts":"","theme-transparent-header-meta":"","adv-header-id-meta":"","stick-header-meta":"","header-above-stick-meta":"","header-main-stick-meta":"","header-below-stick-meta":"","astra-migrate-meta-layouts":"default","ast-page-background-enabled":"default","ast-page-background-meta":{"desktop":{"background-color":"var(--ast-global-color-5)","background-image":"","background-repeat":"repeat","background-position":"center center","background-size":"auto","background-attachment":"scroll","background-type":"","background-media":"","overlay-type":"","overlay-color":"","overlay-opacity":"","overlay-gradient":""},"tablet":{"background-color":"","background-image":"","background-repeat":"repeat","background-position":"center center","background-size":"auto","background-attachment":"scroll","background-type":"","background-media":"","overlay-type":"","overlay-color":"","overlay-opacity":"","overlay-gradient":""},"mobile":{"background-color":"","background-image":"","background-repeat":"repeat","background-position":"center center","background-size":"auto","background-attachment":"scroll","background-type":"","background-media":"","overlay-type":"","overlay-color":"","overlay-opacity":"","overlay-gradient":""}},"ast-content-background-meta":{"desktop":{"background-color":"var(--ast-global-color-4)","background-image":"","background-repeat":"repeat","background-position":"center center","background-size":"auto","background-attachment":"scroll","background-type":"","background-media":"","overlay-type":"","overlay-color":"","overlay-opacity":"","overlay-gradient":""},"tablet":{"background-color":"var(--ast-global-color-4)","background-image":"","background-repeat":"repeat","background-position":"center center","background-size":"auto","background-attachment":"scroll","background-type":"","background-media":"","overlay-type":"","overlay-color":"","overlay-opacity":"","overlay-gradient":""},"mobile":{"background-color":"var(--ast-global-color-4)","background-image":"","background-repeat":"repeat","background-position":"center center","background-size":"auto","background-attachment":"scroll","background-type":"","background-media":"","overlay-type":"","overlay-color":"","overlay-opacity":"","overlay-gradient":""}},"footnotes":""},"categories":[16,1],"tags":[],"class_list":["post-23361","post","type-post","status-publish","format-standard","hentry","category-municipales","category-noticias"],"yoast_head":"<!-- This site is optimized with the Yoast SEO Premium plugin v23.0 (Yoast SEO v27.4) - https:\/\/yoast.com\/product\/yoast-seo-premium-wordpress\/ -->\n<title>R\u00edo Negro: Convocan a audiencia p\u00fablica en Campo Grande por la planta de tratamiento y disposici\u00f3n final de residuos especiales<\/title>\n<meta name=\"robots\" content=\"index, follow, max-snippet:-1, max-image-preview:large, max-video-preview:-1\" \/>\n<link rel=\"canonical\" href=\"https:\/\/patagoniambiental.com.ar\/info\/rio-negro-convocan-a-audiencia-publica-en-campo-grande-por-la-planta-de-tratamiento-y-disposicion-final-de-residuos-especiales\/\" \/>\n<meta property=\"og:locale\" content=\"es_ES\" \/>\n<meta property=\"og:type\" content=\"article\" \/>\n<meta property=\"og:title\" content=\"R\u00edo Negro: Convocan a audiencia p\u00fablica en Campo Grande por la planta de tratamiento y disposici\u00f3n final de residuos especiales\" \/>\n<meta property=\"og:description\" content=\"\u00a0CAMPO GRANDE.-\u00a0La Secretar\u00eda de Ambiente y Desarrollo Sustentable \u00a0informa que el pr\u00f3ximo 28 de diciembre se realizar\u00e1 la Audiencia P\u00fablica [&hellip;]\" \/>\n<meta property=\"og:url\" content=\"https:\/\/patagoniambiental.com.ar\/info\/rio-negro-convocan-a-audiencia-publica-en-campo-grande-por-la-planta-de-tratamiento-y-disposicion-final-de-residuos-especiales\/\" \/>\n<meta property=\"og:site_name\" content=\"Patagonia Ambiental\" \/>\n<meta property=\"article:publisher\" content=\"https:\/\/www.facebook.com\/patagonia.ambiental\" \/>\n<meta property=\"article:author\" content=\"https:\/\/www.facebook.com\/share\/1C1V8Gv9BX\/?mibextid=qi2Omg\" \/>\n<meta property=\"article:published_time\" content=\"2016-12-14T12:00:45+00:00\" \/>\n<meta name=\"author\" content=\"Patagonia Ambiental\" \/>\n<meta name=\"twitter:card\" content=\"summary_large_image\" \/>\n<meta name=\"twitter:creator\" content=\"@PatAmb\" \/>\n<meta name=\"twitter:site\" content=\"@PatAmb\" \/>\n<script type=\"application\/ld+json\" class=\"yoast-schema-graph\">{\"@context\":\"https:\\\/\\\/schema.org\",\"@graph\":[{\"@type\":\"Article\",\"@id\":\"https:\\\/\\\/patagoniambiental.com.ar\\\/info\\\/rio-negro-convocan-a-audiencia-publica-en-campo-grande-por-la-planta-de-tratamiento-y-disposicion-final-de-residuos-especiales\\\/#article\",\"isPartOf\":{\"@id\":\"https:\\\/\\\/patagoniambiental.com.ar\\\/info\\\/rio-negro-convocan-a-audiencia-publica-en-campo-grande-por-la-planta-de-tratamiento-y-disposicion-final-de-residuos-especiales\\\/\"},\"author\":{\"name\":\"Patagonia Ambiental\",\"@id\":\"https:\\\/\\\/patagoniambiental.com.ar\\\/info\\\/#\\\/schema\\\/person\\\/db12bff64bbcbf6a253710bf0ea37b5d\"},\"headline\":\"R\u00edo Negro: Convocan a audiencia p\u00fablica en Campo Grande por la planta de tratamiento y disposici\u00f3n final de residuos especiales\",\"datePublished\":\"2016-12-14T12:00:45+00:00\",\"mainEntityOfPage\":{\"@id\":\"https:\\\/\\\/patagoniambiental.com.ar\\\/info\\\/rio-negro-convocan-a-audiencia-publica-en-campo-grande-por-la-planta-de-tratamiento-y-disposicion-final-de-residuos-especiales\\\/\"},\"wordCount\":313,\"publisher\":{\"@id\":\"https:\\\/\\\/patagoniambiental.com.ar\\\/info\\\/#organization\"},\"articleSection\":[\"Municipales\",\"Noticias\"],\"inLanguage\":\"es\"},{\"@type\":\"WebPage\",\"@id\":\"https:\\\/\\\/patagoniambiental.com.ar\\\/info\\\/rio-negro-convocan-a-audiencia-publica-en-campo-grande-por-la-planta-de-tratamiento-y-disposicion-final-de-residuos-especiales\\\/\",\"url\":\"https:\\\/\\\/patagoniambiental.com.ar\\\/info\\\/rio-negro-convocan-a-audiencia-publica-en-campo-grande-por-la-planta-de-tratamiento-y-disposicion-final-de-residuos-especiales\\\/\",\"name\":\"R\u00edo Negro: Convocan a audiencia p\u00fablica en Campo Grande por la planta de tratamiento y disposici\u00f3n final de residuos especiales\",\"isPartOf\":{\"@id\":\"https:\\\/\\\/patagoniambiental.com.ar\\\/info\\\/#website\"},\"datePublished\":\"2016-12-14T12:00:45+00:00\",\"breadcrumb\":{\"@id\":\"https:\\\/\\\/patagoniambiental.com.ar\\\/info\\\/rio-negro-convocan-a-audiencia-publica-en-campo-grande-por-la-planta-de-tratamiento-y-disposicion-final-de-residuos-especiales\\\/#breadcrumb\"},\"inLanguage\":\"es\",\"potentialAction\":[{\"@type\":\"ReadAction\",\"target\":[\"https:\\\/\\\/patagoniambiental.com.ar\\\/info\\\/rio-negro-convocan-a-audiencia-publica-en-campo-grande-por-la-planta-de-tratamiento-y-disposicion-final-de-residuos-especiales\\\/\"]}]},{\"@type\":\"BreadcrumbList\",\"@id\":\"https:\\\/\\\/patagoniambiental.com.ar\\\/info\\\/rio-negro-convocan-a-audiencia-publica-en-campo-grande-por-la-planta-de-tratamiento-y-disposicion-final-de-residuos-especiales\\\/#breadcrumb\",\"itemListElement\":[{\"@type\":\"ListItem\",\"position\":1,\"name\":\"Inicio\",\"item\":\"https:\\\/\\\/patagoniambiental.com.ar\\\/info\\\/\"},{\"@type\":\"ListItem\",\"position\":2,\"name\":\"R\u00edo Negro: Convocan a audiencia p\u00fablica en Campo Grande por la planta de tratamiento y disposici\u00f3n final de residuos especiales\"}]},{\"@type\":\"WebSite\",\"@id\":\"https:\\\/\\\/patagoniambiental.com.ar\\\/info\\\/#website\",\"url\":\"https:\\\/\\\/patagoniambiental.com.ar\\\/info\\\/\",\"name\":\"Patagonia Ambiental\",\"description\":\"Monitoreo y an\u00e1lisis de la situaci\u00f3n geopol\u00edtica en el mundo y su implicancia en la Patagonia\",\"publisher\":{\"@id\":\"https:\\\/\\\/patagoniambiental.com.ar\\\/info\\\/#organization\"},\"potentialAction\":[{\"@type\":\"SearchAction\",\"target\":{\"@type\":\"EntryPoint\",\"urlTemplate\":\"https:\\\/\\\/patagoniambiental.com.ar\\\/info\\\/?s={search_term_string}\"},\"query-input\":{\"@type\":\"PropertyValueSpecification\",\"valueRequired\":true,\"valueName\":\"search_term_string\"}}],\"inLanguage\":\"es\"},{\"@type\":\"Organization\",\"@id\":\"https:\\\/\\\/patagoniambiental.com.ar\\\/info\\\/#organization\",\"name\":\"Patagonia Ambiental\",\"url\":\"https:\\\/\\\/patagoniambiental.com.ar\\\/info\\\/\",\"logo\":{\"@type\":\"ImageObject\",\"inLanguage\":\"es\",\"@id\":\"https:\\\/\\\/patagoniambiental.com.ar\\\/info\\\/#\\\/schema\\\/logo\\\/image\\\/\",\"url\":\"https:\\\/\\\/patagoniambiental.com.ar\\\/info\\\/wp-content\\\/uploads\\\/2025\\\/05\\\/LOGO-PATAGONIA-AMBIENTAL.png\",\"contentUrl\":\"https:\\\/\\\/patagoniambiental.com.ar\\\/info\\\/wp-content\\\/uploads\\\/2025\\\/05\\\/LOGO-PATAGONIA-AMBIENTAL.png\",\"width\":433,\"height\":250,\"caption\":\"Patagonia Ambiental\"},\"image\":{\"@id\":\"https:\\\/\\\/patagoniambiental.com.ar\\\/info\\\/#\\\/schema\\\/logo\\\/image\\\/\"},\"sameAs\":[\"https:\\\/\\\/www.facebook.com\\\/patagonia.ambiental\",\"https:\\\/\\\/x.com\\\/PatAmb\"]},{\"@type\":\"Person\",\"@id\":\"https:\\\/\\\/patagoniambiental.com.ar\\\/info\\\/#\\\/schema\\\/person\\\/db12bff64bbcbf6a253710bf0ea37b5d\",\"name\":\"Patagonia Ambiental\",\"description\":\"Andr\u00e9s Nievas T\u00e9cnico en manejo ambiental, consultor Ambiental y escritor para medios locales e internacionales sobre temas de geopolitica y medio ambiente.\",\"sameAs\":[\"http:\\\/\\\/www.patagoniambiental.com.ar\",\"https:\\\/\\\/www.facebook.com\\\/share\\\/1C1V8Gv9BX\\\/?mibextid=qi2Omg\",\"@patagoniambiental\",\"https:\\\/\\\/youtube.com\\\/@patagoniaambiental2023?si=BLt58t0wuXquxlYZ\"]}]}<\/script>\n<!-- \/ Yoast SEO Premium plugin. -->","yoast_head_json":{"title":"R\u00edo Negro: Convocan a audiencia p\u00fablica en Campo Grande por la planta de tratamiento y disposici\u00f3n final de residuos especiales","robots":{"index":"index","follow":"follow","max-snippet":"max-snippet:-1","max-image-preview":"max-image-preview:large","max-video-preview":"max-video-preview:-1"},"canonical":"https:\/\/patagoniambiental.com.ar\/info\/rio-negro-convocan-a-audiencia-publica-en-campo-grande-por-la-planta-de-tratamiento-y-disposicion-final-de-residuos-especiales\/","og_locale":"es_ES","og_type":"article","og_title":"R\u00edo Negro: Convocan a audiencia p\u00fablica en Campo Grande por la planta de tratamiento y disposici\u00f3n final de residuos especiales","og_description":"\u00a0CAMPO GRANDE.-\u00a0La Secretar\u00eda de Ambiente y Desarrollo Sustentable \u00a0informa que el pr\u00f3ximo 28 de diciembre se realizar\u00e1 la Audiencia P\u00fablica [&hellip;]","og_url":"https:\/\/patagoniambiental.com.ar\/info\/rio-negro-convocan-a-audiencia-publica-en-campo-grande-por-la-planta-de-tratamiento-y-disposicion-final-de-residuos-especiales\/","og_site_name":"Patagonia Ambiental","article_publisher":"https:\/\/www.facebook.com\/patagonia.ambiental","article_author":"https:\/\/www.facebook.com\/share\/1C1V8Gv9BX\/?mibextid=qi2Omg","article_published_time":"2016-12-14T12:00:45+00:00","author":"Patagonia Ambiental","twitter_card":"summary_large_image","twitter_creator":"@PatAmb","twitter_site":"@PatAmb","schema":{"@context":"https:\/\/schema.org","@graph":[{"@type":"Article","@id":"https:\/\/patagoniambiental.com.ar\/info\/rio-negro-convocan-a-audiencia-publica-en-campo-grande-por-la-planta-de-tratamiento-y-disposicion-final-de-residuos-especiales\/#article","isPartOf":{"@id":"https:\/\/patagoniambiental.com.ar\/info\/rio-negro-convocan-a-audiencia-publica-en-campo-grande-por-la-planta-de-tratamiento-y-disposicion-final-de-residuos-especiales\/"},"author":{"name":"Patagonia Ambiental","@id":"https:\/\/patagoniambiental.com.ar\/info\/#\/schema\/person\/db12bff64bbcbf6a253710bf0ea37b5d"},"headline":"R\u00edo Negro: Convocan a audiencia p\u00fablica en Campo Grande por la planta de tratamiento y disposici\u00f3n final de residuos especiales","datePublished":"2016-12-14T12:00:45+00:00","mainEntityOfPage":{"@id":"https:\/\/patagoniambiental.com.ar\/info\/rio-negro-convocan-a-audiencia-publica-en-campo-grande-por-la-planta-de-tratamiento-y-disposicion-final-de-residuos-especiales\/"},"wordCount":313,"publisher":{"@id":"https:\/\/patagoniambiental.com.ar\/info\/#organization"},"articleSection":["Municipales","Noticias"],"inLanguage":"es"},{"@type":"WebPage","@id":"https:\/\/patagoniambiental.com.ar\/info\/rio-negro-convocan-a-audiencia-publica-en-campo-grande-por-la-planta-de-tratamiento-y-disposicion-final-de-residuos-especiales\/","url":"https:\/\/patagoniambiental.com.ar\/info\/rio-negro-convocan-a-audiencia-publica-en-campo-grande-por-la-planta-de-tratamiento-y-disposicion-final-de-residuos-especiales\/","name":"R\u00edo Negro: Convocan a audiencia p\u00fablica en Campo Grande por la planta de tratamiento y disposici\u00f3n final de residuos especiales","isPartOf":{"@id":"https:\/\/patagoniambiental.com.ar\/info\/#website"},"datePublished":"2016-12-14T12:00:45+00:00","breadcrumb":{"@id":"https:\/\/patagoniambiental.com.ar\/info\/rio-negro-convocan-a-audiencia-publica-en-campo-grande-por-la-planta-de-tratamiento-y-disposicion-final-de-residuos-especiales\/#breadcrumb"},"inLanguage":"es","potentialAction":[{"@type":"ReadAction","target":["https:\/\/patagoniambiental.com.ar\/info\/rio-negro-convocan-a-audiencia-publica-en-campo-grande-por-la-planta-de-tratamiento-y-disposicion-final-de-residuos-especiales\/"]}]},{"@type":"BreadcrumbList","@id":"https:\/\/patagoniambiental.com.ar\/info\/rio-negro-convocan-a-audiencia-publica-en-campo-grande-por-la-planta-de-tratamiento-y-disposicion-final-de-residuos-especiales\/#breadcrumb","itemListElement":[{"@type":"ListItem","position":1,"name":"Inicio","item":"https:\/\/patagoniambiental.com.ar\/info\/"},{"@type":"ListItem","position":2,"name":"R\u00edo Negro: Convocan a audiencia p\u00fablica en Campo Grande por la planta de tratamiento y disposici\u00f3n final de residuos especiales"}]},{"@type":"WebSite","@id":"https:\/\/patagoniambiental.com.ar\/info\/#website","url":"https:\/\/patagoniambiental.com.ar\/info\/","name":"Patagonia Ambiental","description":"Monitoreo y an\u00e1lisis de la situaci\u00f3n geopol\u00edtica en el mundo y su implicancia en la Patagonia","publisher":{"@id":"https:\/\/patagoniambiental.com.ar\/info\/#organization"},"potentialAction":[{"@type":"SearchAction","target":{"@type":"EntryPoint","urlTemplate":"https:\/\/patagoniambiental.com.ar\/info\/?s={search_term_string}"},"query-input":{"@type":"PropertyValueSpecification","valueRequired":true,"valueName":"search_term_string"}}],"inLanguage":"es"},{"@type":"Organization","@id":"https:\/\/patagoniambiental.com.ar\/info\/#organization","name":"Patagonia Ambiental","url":"https:\/\/patagoniambiental.com.ar\/info\/","logo":{"@type":"ImageObject","inLanguage":"es","@id":"https:\/\/patagoniambiental.com.ar\/info\/#\/schema\/logo\/image\/","url":"https:\/\/patagoniambiental.com.ar\/info\/wp-content\/uploads\/2025\/05\/LOGO-PATAGONIA-AMBIENTAL.png","contentUrl":"https:\/\/patagoniambiental.com.ar\/info\/wp-content\/uploads\/2025\/05\/LOGO-PATAGONIA-AMBIENTAL.png","width":433,"height":250,"caption":"Patagonia Ambiental"},"image":{"@id":"https:\/\/patagoniambiental.com.ar\/info\/#\/schema\/logo\/image\/"},"sameAs":["https:\/\/www.facebook.com\/patagonia.ambiental","https:\/\/x.com\/PatAmb"]},{"@type":"Person","@id":"https:\/\/patagoniambiental.com.ar\/info\/#\/schema\/person\/db12bff64bbcbf6a253710bf0ea37b5d","name":"Patagonia Ambiental","description":"Andr\u00e9s Nievas T\u00e9cnico en manejo ambiental, consultor Ambiental y escritor para medios locales e internacionales sobre temas de geopolitica y medio ambiente.","sameAs":["http:\/\/www.patagoniambiental.com.ar","https:\/\/www.facebook.com\/share\/1C1V8Gv9BX\/?mibextid=qi2Omg","@patagoniambiental","https:\/\/youtube.com\/@patagoniaambiental2023?si=BLt58t0wuXquxlYZ"]}]}},"_links":{"self":[{"href":"https:\/\/patagoniambiental.com.ar\/info\/wp-json\/wp\/v2\/posts\/23361","targetHints":{"allow":["GET"]}}],"collection":[{"href":"https:\/\/patagoniambiental.com.ar\/info\/wp-json\/wp\/v2\/posts"}],"about":[{"href":"https:\/\/patagoniambiental.com.ar\/info\/wp-json\/wp\/v2\/types\/post"}],"author":[{"embeddable":true,"href":"https:\/\/patagoniambiental.com.ar\/info\/wp-json\/wp\/v2\/users\/2"}],"replies":[{"embeddable":true,"href":"https:\/\/patagoniambiental.com.ar\/info\/wp-json\/wp\/v2\/comments?post=23361"}],"version-history":[{"count":0,"href":"https:\/\/patagoniambiental.com.ar\/info\/wp-json\/wp\/v2\/posts\/23361\/revisions"}],"wp:attachment":[{"href":"https:\/\/patagoniambiental.com.ar\/info\/wp-json\/wp\/v2\/media?parent=23361"}],"wp:term":[{"taxonomy":"category","embeddable":true,"href":"https:\/\/patagoniambiental.com.ar\/info\/wp-json\/wp\/v2\/categories?post=23361"},{"taxonomy":"post_tag","embeddable":true,"href":"https:\/\/patagoniambiental.com.ar\/info\/wp-json\/wp\/v2\/tags?post=23361"}],"curies":[{"name":"wp","href":"https:\/\/api.w.org\/{rel}","templated":true}]}}