{"id":23367,"date":"2016-12-14T09:00:38","date_gmt":"2016-12-14T12:00:38","guid":{"rendered":"http:\/\/patagoniambiental.com.ar\/?p=23367"},"modified":"2016-12-14T09:00:38","modified_gmt":"2016-12-14T12:00:38","slug":"rio-negro-se-extiende-campana-de-recoleccion-de-aparatos-electricos-y-electronicos-en-roca","status":"publish","type":"post","link":"https:\/\/patagoniambiental.com.ar\/info\/rio-negro-se-extiende-campana-de-recoleccion-de-aparatos-electricos-y-electronicos-en-roca\/","title":{"rendered":"R\u00edo Negro: Se extiende campa\u00f1a de recolecci\u00f3n de aparatos electricos y electr\u00f3nicos en Roca"},"content":{"rendered":"<p><span style=\"font-size: small;\"><span lang=\"ES-AR\">GENERAL ROCA.- Se informa a la comunidad\u00a0que la campa\u00f1a anual de Gesti\u00f3n de Aparatos Electr\u00f3nicos y El\u00e9ctricos en Desuso (GAEED), en cumplimiento de la Ordenanza N\u00b04605\/2010,\u00a0se extiende hasta el viernes 16 de diciembre.\u00a0<\/span><\/span><span lang=\"ES-AR\"><span style=\"font-size: small;\">Los aparatos el\u00e9ctricos y electr\u00f3nicos en desuso que\u00a0se recibir\u00e1n de\u00a0\u00a07 a 13 hs. en la\u00a0<b>Planta de Residuos I<\/b>\u00a0de la ciudad de General Roca, ubicada en la calle Vintter N\u00b0 3500 son los siguientes:<\/span><\/span><\/p>\n<p class=\"x_MsoNormal\"><span lang=\"ES-AR\"><span style=\"font-size: small;\">Aparatos que se recibir\u00e1n:\u00a0<\/span><\/span><\/p>\n<ul type=\"disc\">\n<li class=\"x_MsoNormal\"><span lang=\"ES-AR\"><span style=\"font-size: small;\">Equipos inform\u00e1ticos (computadoras, notebooks, monitores, teclados, mouse).<\/span><\/span><\/li>\n<li class=\"x_MsoNormal\"><span style=\"font-size: small;\"><span lang=\"ES-AR\">Equipos de conectividad (decodificadores, modems, hubs, switches, posnets).<\/span><\/span><\/li>\n<li class=\"x_MsoNormal\"><span style=\"font-size: small;\"><span lang=\"ES-AR\">Equipos de impresi\u00f3n (impresoras de punto, laser, multifunci\u00f3n y de inyecci\u00f3n).<\/span><\/span><\/li>\n<li class=\"x_MsoNormal\"><span style=\"font-size: small;\"><span lang=\"ES-AR\">Equipos de telefon\u00eda fija y celular (tel\u00e9fono, celulares, centrales telef\u00f3nicas, faxes, t\u00e9lex).<\/span><\/span><\/li>\n<li class=\"x_MsoNormal\"><span style=\"font-size: small;\"><span lang=\"ES-AR\">Equipos de audio y video (equipos de m\u00fasica, video casseteras, DVDs y televisores).<\/span><\/span><\/li>\n<li class=\"x_MsoNormal\"><span style=\"font-size: small;\"><span lang=\"ES-AR\">Peque\u00f1os electrodom\u00e9sticos (planchas, batidoras, pavas el\u00e9ctricas, cafeteras, juguera, tostadoras el\u00e9ctricas).<\/span><\/span><\/li>\n<\/ul>\n<p class=\"x_MsoNormal\"><span style=\"font-size: small;\"><span lang=\"ES-AR\">Aparatos que no se recibir\u00e1n:<\/span><\/span><\/p>\n<p class=\"x_MsoNormal\"><span style=\"font-size: small;\"><span lang=\"ES-AR\">Fotocopiadoras.<\/span><\/span><\/p>\n<p class=\"x_MsoNormal\"><span style=\"font-size: small;\"><span lang=\"ES-AR\">Electrodom\u00e9sticos Grandes (lavarropas, heladeras, frezzer, etc.).<\/span><\/span><\/p>\n<p class=\"x_MsoNormal\"><span style=\"font-size: small;\"><span lang=\"ES-AR\">L\u00e1mparas.<\/span><\/span><\/p>\n<p class=\"x_MsoNormal\"><span style=\"font-size: small;\"><span lang=\"ES-AR\">Pilas y bater\u00edas.<\/span><\/span><\/p>\n<p class=\"x_MsoNormal\"><span style=\"font-size: small;\"><span lang=\"ES-AR\">Cartuchos t\u00f3ner sueltos.<\/span><\/span><\/p>\n<p class=\"x_MsoNormal\"><span style=\"font-size: small;\"><span lang=\"ES-AR\">Equipos con vidrios rotos (ej.: monitores, scanners, etc.).<\/span><\/span><\/p>\n<p class=\"x_MsoNormal\"><span style=\"font-size: small;\"><span lang=\"ES-AR\">Por cualquier consultas dirigirse a\u00a0<\/span><span lang=\"ES-AR\"><a href=\"mailto:medioambiente@generalroca.gov.ar\" target=\"_blank\" rel=\"noreferrer\"><u><span style=\"color: #0000ff;\">mediombiente@generalroca.gov.ar<\/span><\/u><\/a><\/span><span lang=\"ES-AR\">, tel: 431400 interno 2306, Mitre 710 1\u00ba piso, oficina 12.\u00a0<\/span><\/span><\/p>\n<p class=\"x_MsoNormal\">Fuente: Municipalidad de General Roca<\/p>\n","protected":false},"excerpt":{"rendered":"<p>GENERAL ROCA.- Se informa a la comunidad\u00a0que la campa\u00f1a anual de Gesti\u00f3n de Aparatos Electr\u00f3nicos y El\u00e9ctricos en Desuso (GAEED), [&hellip;]<\/p>\n","protected":false},"author":2,"featured_media":111,"comment_status":"closed","ping_status":"closed","sticky":false,"template":"","format":"standard","meta":{"site-sidebar-layout":"default","site-content-layout":"","ast-site-content-layout":"default","site-content-style":"default","site-sidebar-style":"default","ast-global-header-display":"","ast-banner-title-visibility":"","ast-main-header-display":"","ast-hfb-above-header-display":"","ast-hfb-below-header-display":"","ast-hfb-mobile-header-display":"","site-post-title":"","ast-breadcrumbs-content":"","ast-featured-img":"","footer-sml-layout":"","ast-disable-related-posts":"","theme-transparent-header-meta":"","adv-header-id-meta":"","stick-header-meta":"","header-above-stick-meta":"","header-main-stick-meta":"","header-below-stick-meta":"","astra-migrate-meta-layouts":"default","ast-page-background-enabled":"default","ast-page-background-meta":{"desktop":{"background-color":"var(--ast-global-color-5)","background-image":"","background-repeat":"repeat","background-position":"center center","background-size":"auto","background-attachment":"scroll","background-type":"","background-media":"","overlay-type":"","overlay-color":"","overlay-opacity":"","overlay-gradient":""},"tablet":{"background-color":"","background-image":"","background-repeat":"repeat","background-position":"center center","background-size":"auto","background-attachment":"scroll","background-type":"","background-media":"","overlay-type":"","overlay-color":"","overlay-opacity":"","overlay-gradient":""},"mobile":{"background-color":"","background-image":"","background-repeat":"repeat","background-position":"center center","background-size":"auto","background-attachment":"scroll","background-type":"","background-media":"","overlay-type":"","overlay-color":"","overlay-opacity":"","overlay-gradient":""}},"ast-content-background-meta":{"desktop":{"background-color":"var(--ast-global-color-4)","background-image":"","background-repeat":"repeat","background-position":"center center","background-size":"auto","background-attachment":"scroll","background-type":"","background-media":"","overlay-type":"","overlay-color":"","overlay-opacity":"","overlay-gradient":""},"tablet":{"background-color":"var(--ast-global-color-4)","background-image":"","background-repeat":"repeat","background-position":"center center","background-size":"auto","background-attachment":"scroll","background-type":"","background-media":"","overlay-type":"","overlay-color":"","overlay-opacity":"","overlay-gradient":""},"mobile":{"background-color":"var(--ast-global-color-4)","background-image":"","background-repeat":"repeat","background-position":"center center","background-size":"auto","background-attachment":"scroll","background-type":"","background-media":"","overlay-type":"","overlay-color":"","overlay-opacity":"","overlay-gradient":""}},"footnotes":""},"categories":[16,1],"tags":[],"class_list":["post-23367","post","type-post","status-publish","format-standard","has-post-thumbnail","hentry","category-municipales","category-noticias"],"yoast_head":"<!-- This site is optimized with the Yoast SEO Premium plugin v23.0 (Yoast SEO v27.4) - https:\/\/yoast.com\/product\/yoast-seo-premium-wordpress\/ -->\n<title>R\u00edo Negro: Se extiende campa\u00f1a de recolecci\u00f3n de aparatos electricos y electr\u00f3nicos en Roca<\/title>\n<meta name=\"robots\" content=\"index, follow, max-snippet:-1, max-image-preview:large, max-video-preview:-1\" \/>\n<link rel=\"canonical\" href=\"https:\/\/patagoniambiental.com.ar\/info\/rio-negro-se-extiende-campana-de-recoleccion-de-aparatos-electricos-y-electronicos-en-roca\/\" \/>\n<meta property=\"og:locale\" content=\"es_ES\" \/>\n<meta property=\"og:type\" content=\"article\" \/>\n<meta property=\"og:title\" content=\"R\u00edo Negro: Se extiende campa\u00f1a de recolecci\u00f3n de aparatos electricos y electr\u00f3nicos en Roca\" \/>\n<meta property=\"og:description\" content=\"GENERAL ROCA.- Se informa a la comunidad\u00a0que la campa\u00f1a anual de Gesti\u00f3n de Aparatos Electr\u00f3nicos y El\u00e9ctricos en Desuso (GAEED), [&hellip;]\" \/>\n<meta property=\"og:url\" content=\"https:\/\/patagoniambiental.com.ar\/info\/rio-negro-se-extiende-campana-de-recoleccion-de-aparatos-electricos-y-electronicos-en-roca\/\" \/>\n<meta property=\"og:site_name\" content=\"Patagonia Ambiental\" \/>\n<meta property=\"article:publisher\" content=\"https:\/\/www.facebook.com\/patagonia.ambiental\" \/>\n<meta property=\"article:author\" content=\"https:\/\/www.facebook.com\/share\/1C1V8Gv9BX\/?mibextid=qi2Omg\" \/>\n<meta property=\"article:published_time\" content=\"2016-12-14T12:00:38+00:00\" \/>\n<meta name=\"author\" content=\"Patagonia Ambiental\" \/>\n<meta name=\"twitter:card\" content=\"summary_large_image\" \/>\n<meta name=\"twitter:creator\" content=\"@PatAmb\" \/>\n<meta name=\"twitter:site\" content=\"@PatAmb\" \/>\n<script type=\"application\/ld+json\" class=\"yoast-schema-graph\">{\"@context\":\"https:\\\/\\\/schema.org\",\"@graph\":[{\"@type\":\"Article\",\"@id\":\"https:\\\/\\\/patagoniambiental.com.ar\\\/info\\\/rio-negro-se-extiende-campana-de-recoleccion-de-aparatos-electricos-y-electronicos-en-roca\\\/#article\",\"isPartOf\":{\"@id\":\"https:\\\/\\\/patagoniambiental.com.ar\\\/info\\\/rio-negro-se-extiende-campana-de-recoleccion-de-aparatos-electricos-y-electronicos-en-roca\\\/\"},\"author\":{\"name\":\"Patagonia Ambiental\",\"@id\":\"https:\\\/\\\/patagoniambiental.com.ar\\\/info\\\/#\\\/schema\\\/person\\\/db12bff64bbcbf6a253710bf0ea37b5d\"},\"headline\":\"R\u00edo Negro: Se extiende campa\u00f1a de recolecci\u00f3n de aparatos electricos y electr\u00f3nicos en Roca\",\"datePublished\":\"2016-12-14T12:00:38+00:00\",\"mainEntityOfPage\":{\"@id\":\"https:\\\/\\\/patagoniambiental.com.ar\\\/info\\\/rio-negro-se-extiende-campana-de-recoleccion-de-aparatos-electricos-y-electronicos-en-roca\\\/\"},\"wordCount\":224,\"publisher\":{\"@id\":\"https:\\\/\\\/patagoniambiental.com.ar\\\/info\\\/#organization\"},\"image\":{\"@id\":\"https:\\\/\\\/patagoniambiental.com.ar\\\/info\\\/rio-negro-se-extiende-campana-de-recoleccion-de-aparatos-electricos-y-electronicos-en-roca\\\/#primaryimage\"},\"thumbnailUrl\":\"\",\"articleSection\":[\"Municipales\",\"Noticias\"],\"inLanguage\":\"es\"},{\"@type\":\"WebPage\",\"@id\":\"https:\\\/\\\/patagoniambiental.com.ar\\\/info\\\/rio-negro-se-extiende-campana-de-recoleccion-de-aparatos-electricos-y-electronicos-en-roca\\\/\",\"url\":\"https:\\\/\\\/patagoniambiental.com.ar\\\/info\\\/rio-negro-se-extiende-campana-de-recoleccion-de-aparatos-electricos-y-electronicos-en-roca\\\/\",\"name\":\"R\u00edo Negro: Se extiende campa\u00f1a de recolecci\u00f3n de aparatos electricos y electr\u00f3nicos en Roca\",\"isPartOf\":{\"@id\":\"https:\\\/\\\/patagoniambiental.com.ar\\\/info\\\/#website\"},\"primaryImageOfPage\":{\"@id\":\"https:\\\/\\\/patagoniambiental.com.ar\\\/info\\\/rio-negro-se-extiende-campana-de-recoleccion-de-aparatos-electricos-y-electronicos-en-roca\\\/#primaryimage\"},\"image\":{\"@id\":\"https:\\\/\\\/patagoniambiental.com.ar\\\/info\\\/rio-negro-se-extiende-campana-de-recoleccion-de-aparatos-electricos-y-electronicos-en-roca\\\/#primaryimage\"},\"thumbnailUrl\":\"\",\"datePublished\":\"2016-12-14T12:00:38+00:00\",\"breadcrumb\":{\"@id\":\"https:\\\/\\\/patagoniambiental.com.ar\\\/info\\\/rio-negro-se-extiende-campana-de-recoleccion-de-aparatos-electricos-y-electronicos-en-roca\\\/#breadcrumb\"},\"inLanguage\":\"es\",\"potentialAction\":[{\"@type\":\"ReadAction\",\"target\":[\"https:\\\/\\\/patagoniambiental.com.ar\\\/info\\\/rio-negro-se-extiende-campana-de-recoleccion-de-aparatos-electricos-y-electronicos-en-roca\\\/\"]}]},{\"@type\":\"ImageObject\",\"inLanguage\":\"es\",\"@id\":\"https:\\\/\\\/patagoniambiental.com.ar\\\/info\\\/rio-negro-se-extiende-campana-de-recoleccion-de-aparatos-electricos-y-electronicos-en-roca\\\/#primaryimage\",\"url\":\"\",\"contentUrl\":\"\"},{\"@type\":\"BreadcrumbList\",\"@id\":\"https:\\\/\\\/patagoniambiental.com.ar\\\/info\\\/rio-negro-se-extiende-campana-de-recoleccion-de-aparatos-electricos-y-electronicos-en-roca\\\/#breadcrumb\",\"itemListElement\":[{\"@type\":\"ListItem\",\"position\":1,\"name\":\"Inicio\",\"item\":\"https:\\\/\\\/patagoniambiental.com.ar\\\/info\\\/\"},{\"@type\":\"ListItem\",\"position\":2,\"name\":\"R\u00edo Negro: Se extiende campa\u00f1a de recolecci\u00f3n de aparatos electricos y electr\u00f3nicos en Roca\"}]},{\"@type\":\"WebSite\",\"@id\":\"https:\\\/\\\/patagoniambiental.com.ar\\\/info\\\/#website\",\"url\":\"https:\\\/\\\/patagoniambiental.com.ar\\\/info\\\/\",\"name\":\"Patagonia Ambiental\",\"description\":\"Monitoreo y an\u00e1lisis de la situaci\u00f3n geopol\u00edtica en el mundo y su implicancia en la Patagonia\",\"publisher\":{\"@id\":\"https:\\\/\\\/patagoniambiental.com.ar\\\/info\\\/#organization\"},\"potentialAction\":[{\"@type\":\"SearchAction\",\"target\":{\"@type\":\"EntryPoint\",\"urlTemplate\":\"https:\\\/\\\/patagoniambiental.com.ar\\\/info\\\/?s={search_term_string}\"},\"query-input\":{\"@type\":\"PropertyValueSpecification\",\"valueRequired\":true,\"valueName\":\"search_term_string\"}}],\"inLanguage\":\"es\"},{\"@type\":\"Organization\",\"@id\":\"https:\\\/\\\/patagoniambiental.com.ar\\\/info\\\/#organization\",\"name\":\"Patagonia Ambiental\",\"url\":\"https:\\\/\\\/patagoniambiental.com.ar\\\/info\\\/\",\"logo\":{\"@type\":\"ImageObject\",\"inLanguage\":\"es\",\"@id\":\"https:\\\/\\\/patagoniambiental.com.ar\\\/info\\\/#\\\/schema\\\/logo\\\/image\\\/\",\"url\":\"https:\\\/\\\/patagoniambiental.com.ar\\\/info\\\/wp-content\\\/uploads\\\/2025\\\/05\\\/LOGO-PATAGONIA-AMBIENTAL.png\",\"contentUrl\":\"https:\\\/\\\/patagoniambiental.com.ar\\\/info\\\/wp-content\\\/uploads\\\/2025\\\/05\\\/LOGO-PATAGONIA-AMBIENTAL.png\",\"width\":433,\"height\":250,\"caption\":\"Patagonia Ambiental\"},\"image\":{\"@id\":\"https:\\\/\\\/patagoniambiental.com.ar\\\/info\\\/#\\\/schema\\\/logo\\\/image\\\/\"},\"sameAs\":[\"https:\\\/\\\/www.facebook.com\\\/patagonia.ambiental\",\"https:\\\/\\\/x.com\\\/PatAmb\"]},{\"@type\":\"Person\",\"@id\":\"https:\\\/\\\/patagoniambiental.com.ar\\\/info\\\/#\\\/schema\\\/person\\\/db12bff64bbcbf6a253710bf0ea37b5d\",\"name\":\"Patagonia Ambiental\",\"description\":\"Andr\u00e9s Nievas T\u00e9cnico en manejo ambiental, consultor Ambiental y escritor para medios locales e internacionales sobre temas de geopolitica y medio ambiente.\",\"sameAs\":[\"http:\\\/\\\/www.patagoniambiental.com.ar\",\"https:\\\/\\\/www.facebook.com\\\/share\\\/1C1V8Gv9BX\\\/?mibextid=qi2Omg\",\"@patagoniambiental\",\"https:\\\/\\\/youtube.com\\\/@patagoniaambiental2023?si=BLt58t0wuXquxlYZ\"]}]}<\/script>\n<!-- \/ Yoast SEO Premium plugin. -->","yoast_head_json":{"title":"R\u00edo Negro: Se extiende campa\u00f1a de recolecci\u00f3n de aparatos electricos y electr\u00f3nicos en Roca","robots":{"index":"index","follow":"follow","max-snippet":"max-snippet:-1","max-image-preview":"max-image-preview:large","max-video-preview":"max-video-preview:-1"},"canonical":"https:\/\/patagoniambiental.com.ar\/info\/rio-negro-se-extiende-campana-de-recoleccion-de-aparatos-electricos-y-electronicos-en-roca\/","og_locale":"es_ES","og_type":"article","og_title":"R\u00edo Negro: Se extiende campa\u00f1a de recolecci\u00f3n de aparatos electricos y electr\u00f3nicos en Roca","og_description":"GENERAL ROCA.- Se informa a la comunidad\u00a0que la campa\u00f1a anual de Gesti\u00f3n de Aparatos Electr\u00f3nicos y El\u00e9ctricos en Desuso (GAEED), [&hellip;]","og_url":"https:\/\/patagoniambiental.com.ar\/info\/rio-negro-se-extiende-campana-de-recoleccion-de-aparatos-electricos-y-electronicos-en-roca\/","og_site_name":"Patagonia Ambiental","article_publisher":"https:\/\/www.facebook.com\/patagonia.ambiental","article_author":"https:\/\/www.facebook.com\/share\/1C1V8Gv9BX\/?mibextid=qi2Omg","article_published_time":"2016-12-14T12:00:38+00:00","author":"Patagonia Ambiental","twitter_card":"summary_large_image","twitter_creator":"@PatAmb","twitter_site":"@PatAmb","schema":{"@context":"https:\/\/schema.org","@graph":[{"@type":"Article","@id":"https:\/\/patagoniambiental.com.ar\/info\/rio-negro-se-extiende-campana-de-recoleccion-de-aparatos-electricos-y-electronicos-en-roca\/#article","isPartOf":{"@id":"https:\/\/patagoniambiental.com.ar\/info\/rio-negro-se-extiende-campana-de-recoleccion-de-aparatos-electricos-y-electronicos-en-roca\/"},"author":{"name":"Patagonia Ambiental","@id":"https:\/\/patagoniambiental.com.ar\/info\/#\/schema\/person\/db12bff64bbcbf6a253710bf0ea37b5d"},"headline":"R\u00edo Negro: Se extiende campa\u00f1a de recolecci\u00f3n de aparatos electricos y electr\u00f3nicos en Roca","datePublished":"2016-12-14T12:00:38+00:00","mainEntityOfPage":{"@id":"https:\/\/patagoniambiental.com.ar\/info\/rio-negro-se-extiende-campana-de-recoleccion-de-aparatos-electricos-y-electronicos-en-roca\/"},"wordCount":224,"publisher":{"@id":"https:\/\/patagoniambiental.com.ar\/info\/#organization"},"image":{"@id":"https:\/\/patagoniambiental.com.ar\/info\/rio-negro-se-extiende-campana-de-recoleccion-de-aparatos-electricos-y-electronicos-en-roca\/#primaryimage"},"thumbnailUrl":"","articleSection":["Municipales","Noticias"],"inLanguage":"es"},{"@type":"WebPage","@id":"https:\/\/patagoniambiental.com.ar\/info\/rio-negro-se-extiende-campana-de-recoleccion-de-aparatos-electricos-y-electronicos-en-roca\/","url":"https:\/\/patagoniambiental.com.ar\/info\/rio-negro-se-extiende-campana-de-recoleccion-de-aparatos-electricos-y-electronicos-en-roca\/","name":"R\u00edo Negro: Se extiende campa\u00f1a de recolecci\u00f3n de aparatos electricos y electr\u00f3nicos en Roca","isPartOf":{"@id":"https:\/\/patagoniambiental.com.ar\/info\/#website"},"primaryImageOfPage":{"@id":"https:\/\/patagoniambiental.com.ar\/info\/rio-negro-se-extiende-campana-de-recoleccion-de-aparatos-electricos-y-electronicos-en-roca\/#primaryimage"},"image":{"@id":"https:\/\/patagoniambiental.com.ar\/info\/rio-negro-se-extiende-campana-de-recoleccion-de-aparatos-electricos-y-electronicos-en-roca\/#primaryimage"},"thumbnailUrl":"","datePublished":"2016-12-14T12:00:38+00:00","breadcrumb":{"@id":"https:\/\/patagoniambiental.com.ar\/info\/rio-negro-se-extiende-campana-de-recoleccion-de-aparatos-electricos-y-electronicos-en-roca\/#breadcrumb"},"inLanguage":"es","potentialAction":[{"@type":"ReadAction","target":["https:\/\/patagoniambiental.com.ar\/info\/rio-negro-se-extiende-campana-de-recoleccion-de-aparatos-electricos-y-electronicos-en-roca\/"]}]},{"@type":"ImageObject","inLanguage":"es","@id":"https:\/\/patagoniambiental.com.ar\/info\/rio-negro-se-extiende-campana-de-recoleccion-de-aparatos-electricos-y-electronicos-en-roca\/#primaryimage","url":"","contentUrl":""},{"@type":"BreadcrumbList","@id":"https:\/\/patagoniambiental.com.ar\/info\/rio-negro-se-extiende-campana-de-recoleccion-de-aparatos-electricos-y-electronicos-en-roca\/#breadcrumb","itemListElement":[{"@type":"ListItem","position":1,"name":"Inicio","item":"https:\/\/patagoniambiental.com.ar\/info\/"},{"@type":"ListItem","position":2,"name":"R\u00edo Negro: Se extiende campa\u00f1a de recolecci\u00f3n de aparatos electricos y electr\u00f3nicos en Roca"}]},{"@type":"WebSite","@id":"https:\/\/patagoniambiental.com.ar\/info\/#website","url":"https:\/\/patagoniambiental.com.ar\/info\/","name":"Patagonia Ambiental","description":"Monitoreo y an\u00e1lisis de la situaci\u00f3n geopol\u00edtica en el mundo y su implicancia en la Patagonia","publisher":{"@id":"https:\/\/patagoniambiental.com.ar\/info\/#organization"},"potentialAction":[{"@type":"SearchAction","target":{"@type":"EntryPoint","urlTemplate":"https:\/\/patagoniambiental.com.ar\/info\/?s={search_term_string}"},"query-input":{"@type":"PropertyValueSpecification","valueRequired":true,"valueName":"search_term_string"}}],"inLanguage":"es"},{"@type":"Organization","@id":"https:\/\/patagoniambiental.com.ar\/info\/#organization","name":"Patagonia Ambiental","url":"https:\/\/patagoniambiental.com.ar\/info\/","logo":{"@type":"ImageObject","inLanguage":"es","@id":"https:\/\/patagoniambiental.com.ar\/info\/#\/schema\/logo\/image\/","url":"https:\/\/patagoniambiental.com.ar\/info\/wp-content\/uploads\/2025\/05\/LOGO-PATAGONIA-AMBIENTAL.png","contentUrl":"https:\/\/patagoniambiental.com.ar\/info\/wp-content\/uploads\/2025\/05\/LOGO-PATAGONIA-AMBIENTAL.png","width":433,"height":250,"caption":"Patagonia Ambiental"},"image":{"@id":"https:\/\/patagoniambiental.com.ar\/info\/#\/schema\/logo\/image\/"},"sameAs":["https:\/\/www.facebook.com\/patagonia.ambiental","https:\/\/x.com\/PatAmb"]},{"@type":"Person","@id":"https:\/\/patagoniambiental.com.ar\/info\/#\/schema\/person\/db12bff64bbcbf6a253710bf0ea37b5d","name":"Patagonia Ambiental","description":"Andr\u00e9s Nievas T\u00e9cnico en manejo ambiental, consultor Ambiental y escritor para medios locales e internacionales sobre temas de geopolitica y medio ambiente.","sameAs":["http:\/\/www.patagoniambiental.com.ar","https:\/\/www.facebook.com\/share\/1C1V8Gv9BX\/?mibextid=qi2Omg","@patagoniambiental","https:\/\/youtube.com\/@patagoniaambiental2023?si=BLt58t0wuXquxlYZ"]}]}},"_links":{"self":[{"href":"https:\/\/patagoniambiental.com.ar\/info\/wp-json\/wp\/v2\/posts\/23367","targetHints":{"allow":["GET"]}}],"collection":[{"href":"https:\/\/patagoniambiental.com.ar\/info\/wp-json\/wp\/v2\/posts"}],"about":[{"href":"https:\/\/patagoniambiental.com.ar\/info\/wp-json\/wp\/v2\/types\/post"}],"author":[{"embeddable":true,"href":"https:\/\/patagoniambiental.com.ar\/info\/wp-json\/wp\/v2\/users\/2"}],"replies":[{"embeddable":true,"href":"https:\/\/patagoniambiental.com.ar\/info\/wp-json\/wp\/v2\/comments?post=23367"}],"version-history":[{"count":0,"href":"https:\/\/patagoniambiental.com.ar\/info\/wp-json\/wp\/v2\/posts\/23367\/revisions"}],"wp:featuredmedia":[{"embeddable":true,"href":"https:\/\/patagoniambiental.com.ar\/info\/wp-json\/"}],"wp:attachment":[{"href":"https:\/\/patagoniambiental.com.ar\/info\/wp-json\/wp\/v2\/media?parent=23367"}],"wp:term":[{"taxonomy":"category","embeddable":true,"href":"https:\/\/patagoniambiental.com.ar\/info\/wp-json\/wp\/v2\/categories?post=23367"},{"taxonomy":"post_tag","embeddable":true,"href":"https:\/\/patagoniambiental.com.ar\/info\/wp-json\/wp\/v2\/tags?post=23367"}],"curies":[{"name":"wp","href":"https:\/\/api.w.org\/{rel}","templated":true}]}}