{"id":23462,"date":"2016-12-20T09:00:39","date_gmt":"2016-12-20T12:00:39","guid":{"rendered":"http:\/\/patagoniambiental.com.ar\/?p=23462"},"modified":"2016-12-20T09:00:39","modified_gmt":"2016-12-20T12:00:39","slug":"bariloche-el-titular-de-medioambiente-defendio-la-habilitacion-de-cerveceria-patagonia","status":"publish","type":"post","link":"https:\/\/patagoniambiental.com.ar\/info\/bariloche-el-titular-de-medioambiente-defendio-la-habilitacion-de-cerveceria-patagonia\/","title":{"rendered":"Bariloche: El titular de Medioambiente defendi\u00f3 la habilitaci\u00f3n de Cervecer\u00eda Patagonia"},"content":{"rendered":"<div class=\"span4\">\n<div class=\"txtbox\">BARILOCHE.- El subsecretario de Medioambiente de la Municipalidad Carlos Beros asegur\u00f3 que Cervecer\u00eda Patagonia cumple con todas las exigencias para fabricar su producto.La semana pasada, el Juzgado Civil de Bariloche orden\u00f3 paralizar la fabricaci\u00f3n por omitir \u00abcasi todas las etapas del procedimiento de evaluaci\u00f3n de impacto ambiental\u00bb.<\/p>\n<p>El funcionario argument\u00f3 que \u00abnosotros hicimos una revisi\u00f3n de todo el procedimiento, quedaba un tema importante que era la planta de tratamiento\u00bb y \u00abrecibido el informe del DPA satisfactorio dimos la aprobaci\u00f3n de la \u00faltima parte de la actuaci\u00f3n administrativa desde nuestra Subsecretar\u00eda\u00bb.<\/p>\n<p>\u00abDespu\u00e9s los temas espec\u00edficos que tienen que ver por un lado con el impacto que eso puede tener sobre el ambiente, revisamos todos los puntos y es aceptable, est\u00e1 dentro de los par\u00e1metros de un emprendimiento de este tipo para el \u00e1rea considerada: los consumos de agua son razonables, el tipo de tratamiento es de los m\u00e1s avanzados que tenemos en la localidad, as\u00ed que nos sorprendi\u00f3 bastante la noticia\u00bb dijo.<\/p>\n<p>\u00abEstamos analizando la postura, queremos ver qu\u00e9 hay en el fondo de este reclamo, para ver si se nos qued\u00f3 algo en el camino\u00bb a\u00f1adi\u00f3.<\/p>\n<p>\u00abNos sorprende sobremanera que hayan apelado a la ley provincial, eso es algo que no ten\u00edamos previsto, no vemos la raz\u00f3n, descoloca un poco al funcionamiento normal de las instituciones. Los contenidos [de la ley] no son los mismos y la autonom\u00eda municipal es la que nos permite movernos como ciudad. Si en cada proyecto deber\u00edamos recurrir a otro \u00e1mbito para que nos fiscalice y controle los emprendimientos estar\u00edamos perdiendo una de las potestades b\u00e1sicas de ser ciudad\u00bb cuestion\u00f3.<\/p>\n<p>\u00abLos proyectos que son netamente municipales no tienen necesidad de ser tratados en este otro \u00e1mbito\u00bb aclar\u00f3 y ratific\u00f3 que \u00abdesde el punto de vista de la Subsecretar\u00eda\u00bb la cervecer\u00eda cumple las normas.<\/p>\n<p>Adem\u00e1s, se pregunt\u00f3: \u00ab\u00bfD\u00f3nde trazas la linea entre lo artesanal y lo industrial?\u00bb y anticip\u00f3 que \u00abuna de las objeciones podr\u00eda pasar por all\u00ed\u00bb.<\/p>\n<\/div>\n<p>Fuente: Bariloche2000<\/p>\n<\/div>\n","protected":false},"excerpt":{"rendered":"<p>BARILOCHE.- El subsecretario de Medioambiente de la Municipalidad Carlos Beros asegur\u00f3 que Cervecer\u00eda Patagonia cumple con todas las exigencias para [&hellip;]<\/p>\n","protected":false},"author":2,"featured_media":0,"comment_status":"closed","ping_status":"closed","sticky":false,"template":"","format":"standard","meta":{"site-sidebar-layout":"default","site-content-layout":"","ast-site-content-layout":"default","site-content-style":"default","site-sidebar-style":"default","ast-global-header-display":"","ast-banner-title-visibility":"","ast-main-header-display":"","ast-hfb-above-header-display":"","ast-hfb-below-header-display":"","ast-hfb-mobile-header-display":"","site-post-title":"","ast-breadcrumbs-content":"","ast-featured-img":"","footer-sml-layout":"","ast-disable-related-posts":"","theme-transparent-header-meta":"","adv-header-id-meta":"","stick-header-meta":"","header-above-stick-meta":"","header-main-stick-meta":"","header-below-stick-meta":"","astra-migrate-meta-layouts":"default","ast-page-background-enabled":"default","ast-page-background-meta":{"desktop":{"background-color":"var(--ast-global-color-5)","background-image":"","background-repeat":"repeat","background-position":"center center","background-size":"auto","background-attachment":"scroll","background-type":"","background-media":"","overlay-type":"","overlay-color":"","overlay-opacity":"","overlay-gradient":""},"tablet":{"background-color":"","background-image":"","background-repeat":"repeat","background-position":"center center","background-size":"auto","background-attachment":"scroll","background-type":"","background-media":"","overlay-type":"","overlay-color":"","overlay-opacity":"","overlay-gradient":""},"mobile":{"background-color":"","background-image":"","background-repeat":"repeat","background-position":"center center","background-size":"auto","background-attachment":"scroll","background-type":"","background-media":"","overlay-type":"","overlay-color":"","overlay-opacity":"","overlay-gradient":""}},"ast-content-background-meta":{"desktop":{"background-color":"var(--ast-global-color-4)","background-image":"","background-repeat":"repeat","background-position":"center center","background-size":"auto","background-attachment":"scroll","background-type":"","background-media":"","overlay-type":"","overlay-color":"","overlay-opacity":"","overlay-gradient":""},"tablet":{"background-color":"var(--ast-global-color-4)","background-image":"","background-repeat":"repeat","background-position":"center center","background-size":"auto","background-attachment":"scroll","background-type":"","background-media":"","overlay-type":"","overlay-color":"","overlay-opacity":"","overlay-gradient":""},"mobile":{"background-color":"var(--ast-global-color-4)","background-image":"","background-repeat":"repeat","background-position":"center center","background-size":"auto","background-attachment":"scroll","background-type":"","background-media":"","overlay-type":"","overlay-color":"","overlay-opacity":"","overlay-gradient":""}},"footnotes":""},"categories":[16,1],"tags":[],"class_list":["post-23462","post","type-post","status-publish","format-standard","hentry","category-municipales","category-noticias"],"yoast_head":"<!-- This site is optimized with the Yoast SEO Premium plugin v23.0 (Yoast SEO v27.4) - https:\/\/yoast.com\/product\/yoast-seo-premium-wordpress\/ -->\n<title>Bariloche: El titular de Medioambiente defendi\u00f3 la habilitaci\u00f3n de Cervecer\u00eda Patagonia<\/title>\n<meta name=\"robots\" content=\"index, follow, max-snippet:-1, max-image-preview:large, max-video-preview:-1\" \/>\n<link rel=\"canonical\" href=\"https:\/\/patagoniambiental.com.ar\/info\/bariloche-el-titular-de-medioambiente-defendio-la-habilitacion-de-cerveceria-patagonia\/\" \/>\n<meta property=\"og:locale\" content=\"es_ES\" \/>\n<meta property=\"og:type\" content=\"article\" \/>\n<meta property=\"og:title\" content=\"Bariloche: El titular de Medioambiente defendi\u00f3 la habilitaci\u00f3n de Cervecer\u00eda Patagonia\" \/>\n<meta property=\"og:description\" content=\"BARILOCHE.- El subsecretario de Medioambiente de la Municipalidad Carlos Beros asegur\u00f3 que Cervecer\u00eda Patagonia cumple con todas las exigencias para [&hellip;]\" \/>\n<meta property=\"og:url\" content=\"https:\/\/patagoniambiental.com.ar\/info\/bariloche-el-titular-de-medioambiente-defendio-la-habilitacion-de-cerveceria-patagonia\/\" \/>\n<meta property=\"og:site_name\" content=\"Patagonia Ambiental\" \/>\n<meta property=\"article:publisher\" content=\"https:\/\/www.facebook.com\/patagonia.ambiental\" \/>\n<meta property=\"article:author\" content=\"https:\/\/www.facebook.com\/share\/1C1V8Gv9BX\/?mibextid=qi2Omg\" \/>\n<meta property=\"article:published_time\" content=\"2016-12-20T12:00:39+00:00\" \/>\n<meta name=\"author\" content=\"Patagonia Ambiental\" \/>\n<meta name=\"twitter:card\" content=\"summary_large_image\" \/>\n<meta name=\"twitter:creator\" content=\"@PatAmb\" \/>\n<meta name=\"twitter:site\" content=\"@PatAmb\" \/>\n<script type=\"application\/ld+json\" class=\"yoast-schema-graph\">{\"@context\":\"https:\\\/\\\/schema.org\",\"@graph\":[{\"@type\":\"Article\",\"@id\":\"https:\\\/\\\/patagoniambiental.com.ar\\\/info\\\/bariloche-el-titular-de-medioambiente-defendio-la-habilitacion-de-cerveceria-patagonia\\\/#article\",\"isPartOf\":{\"@id\":\"https:\\\/\\\/patagoniambiental.com.ar\\\/info\\\/bariloche-el-titular-de-medioambiente-defendio-la-habilitacion-de-cerveceria-patagonia\\\/\"},\"author\":{\"name\":\"Patagonia Ambiental\",\"@id\":\"https:\\\/\\\/patagoniambiental.com.ar\\\/info\\\/#\\\/schema\\\/person\\\/db12bff64bbcbf6a253710bf0ea37b5d\"},\"headline\":\"Bariloche: El titular de Medioambiente defendi\u00f3 la habilitaci\u00f3n de Cervecer\u00eda Patagonia\",\"datePublished\":\"2016-12-20T12:00:39+00:00\",\"mainEntityOfPage\":{\"@id\":\"https:\\\/\\\/patagoniambiental.com.ar\\\/info\\\/bariloche-el-titular-de-medioambiente-defendio-la-habilitacion-de-cerveceria-patagonia\\\/\"},\"wordCount\":362,\"publisher\":{\"@id\":\"https:\\\/\\\/patagoniambiental.com.ar\\\/info\\\/#organization\"},\"articleSection\":[\"Municipales\",\"Noticias\"],\"inLanguage\":\"es\"},{\"@type\":\"WebPage\",\"@id\":\"https:\\\/\\\/patagoniambiental.com.ar\\\/info\\\/bariloche-el-titular-de-medioambiente-defendio-la-habilitacion-de-cerveceria-patagonia\\\/\",\"url\":\"https:\\\/\\\/patagoniambiental.com.ar\\\/info\\\/bariloche-el-titular-de-medioambiente-defendio-la-habilitacion-de-cerveceria-patagonia\\\/\",\"name\":\"Bariloche: El titular de Medioambiente defendi\u00f3 la habilitaci\u00f3n de Cervecer\u00eda Patagonia\",\"isPartOf\":{\"@id\":\"https:\\\/\\\/patagoniambiental.com.ar\\\/info\\\/#website\"},\"datePublished\":\"2016-12-20T12:00:39+00:00\",\"breadcrumb\":{\"@id\":\"https:\\\/\\\/patagoniambiental.com.ar\\\/info\\\/bariloche-el-titular-de-medioambiente-defendio-la-habilitacion-de-cerveceria-patagonia\\\/#breadcrumb\"},\"inLanguage\":\"es\",\"potentialAction\":[{\"@type\":\"ReadAction\",\"target\":[\"https:\\\/\\\/patagoniambiental.com.ar\\\/info\\\/bariloche-el-titular-de-medioambiente-defendio-la-habilitacion-de-cerveceria-patagonia\\\/\"]}]},{\"@type\":\"BreadcrumbList\",\"@id\":\"https:\\\/\\\/patagoniambiental.com.ar\\\/info\\\/bariloche-el-titular-de-medioambiente-defendio-la-habilitacion-de-cerveceria-patagonia\\\/#breadcrumb\",\"itemListElement\":[{\"@type\":\"ListItem\",\"position\":1,\"name\":\"Inicio\",\"item\":\"https:\\\/\\\/patagoniambiental.com.ar\\\/info\\\/\"},{\"@type\":\"ListItem\",\"position\":2,\"name\":\"Bariloche: El titular de Medioambiente defendi\u00f3 la habilitaci\u00f3n de Cervecer\u00eda Patagonia\"}]},{\"@type\":\"WebSite\",\"@id\":\"https:\\\/\\\/patagoniambiental.com.ar\\\/info\\\/#website\",\"url\":\"https:\\\/\\\/patagoniambiental.com.ar\\\/info\\\/\",\"name\":\"Patagonia Ambiental\",\"description\":\"Monitoreo y an\u00e1lisis de la situaci\u00f3n geopol\u00edtica en el mundo y su implicancia en la Patagonia\",\"publisher\":{\"@id\":\"https:\\\/\\\/patagoniambiental.com.ar\\\/info\\\/#organization\"},\"potentialAction\":[{\"@type\":\"SearchAction\",\"target\":{\"@type\":\"EntryPoint\",\"urlTemplate\":\"https:\\\/\\\/patagoniambiental.com.ar\\\/info\\\/?s={search_term_string}\"},\"query-input\":{\"@type\":\"PropertyValueSpecification\",\"valueRequired\":true,\"valueName\":\"search_term_string\"}}],\"inLanguage\":\"es\"},{\"@type\":\"Organization\",\"@id\":\"https:\\\/\\\/patagoniambiental.com.ar\\\/info\\\/#organization\",\"name\":\"Patagonia Ambiental\",\"url\":\"https:\\\/\\\/patagoniambiental.com.ar\\\/info\\\/\",\"logo\":{\"@type\":\"ImageObject\",\"inLanguage\":\"es\",\"@id\":\"https:\\\/\\\/patagoniambiental.com.ar\\\/info\\\/#\\\/schema\\\/logo\\\/image\\\/\",\"url\":\"https:\\\/\\\/patagoniambiental.com.ar\\\/info\\\/wp-content\\\/uploads\\\/2025\\\/05\\\/LOGO-PATAGONIA-AMBIENTAL.png\",\"contentUrl\":\"https:\\\/\\\/patagoniambiental.com.ar\\\/info\\\/wp-content\\\/uploads\\\/2025\\\/05\\\/LOGO-PATAGONIA-AMBIENTAL.png\",\"width\":433,\"height\":250,\"caption\":\"Patagonia Ambiental\"},\"image\":{\"@id\":\"https:\\\/\\\/patagoniambiental.com.ar\\\/info\\\/#\\\/schema\\\/logo\\\/image\\\/\"},\"sameAs\":[\"https:\\\/\\\/www.facebook.com\\\/patagonia.ambiental\",\"https:\\\/\\\/x.com\\\/PatAmb\"]},{\"@type\":\"Person\",\"@id\":\"https:\\\/\\\/patagoniambiental.com.ar\\\/info\\\/#\\\/schema\\\/person\\\/db12bff64bbcbf6a253710bf0ea37b5d\",\"name\":\"Patagonia Ambiental\",\"description\":\"Andr\u00e9s Nievas T\u00e9cnico en manejo ambiental, consultor Ambiental y escritor para medios locales e internacionales sobre temas de geopolitica y medio ambiente.\",\"sameAs\":[\"http:\\\/\\\/www.patagoniambiental.com.ar\",\"https:\\\/\\\/www.facebook.com\\\/share\\\/1C1V8Gv9BX\\\/?mibextid=qi2Omg\",\"@patagoniambiental\",\"https:\\\/\\\/youtube.com\\\/@patagoniaambiental2023?si=BLt58t0wuXquxlYZ\"]}]}<\/script>\n<!-- \/ Yoast SEO Premium plugin. -->","yoast_head_json":{"title":"Bariloche: El titular de Medioambiente defendi\u00f3 la habilitaci\u00f3n de Cervecer\u00eda Patagonia","robots":{"index":"index","follow":"follow","max-snippet":"max-snippet:-1","max-image-preview":"max-image-preview:large","max-video-preview":"max-video-preview:-1"},"canonical":"https:\/\/patagoniambiental.com.ar\/info\/bariloche-el-titular-de-medioambiente-defendio-la-habilitacion-de-cerveceria-patagonia\/","og_locale":"es_ES","og_type":"article","og_title":"Bariloche: El titular de Medioambiente defendi\u00f3 la habilitaci\u00f3n de Cervecer\u00eda Patagonia","og_description":"BARILOCHE.- El subsecretario de Medioambiente de la Municipalidad Carlos Beros asegur\u00f3 que Cervecer\u00eda Patagonia cumple con todas las exigencias para [&hellip;]","og_url":"https:\/\/patagoniambiental.com.ar\/info\/bariloche-el-titular-de-medioambiente-defendio-la-habilitacion-de-cerveceria-patagonia\/","og_site_name":"Patagonia Ambiental","article_publisher":"https:\/\/www.facebook.com\/patagonia.ambiental","article_author":"https:\/\/www.facebook.com\/share\/1C1V8Gv9BX\/?mibextid=qi2Omg","article_published_time":"2016-12-20T12:00:39+00:00","author":"Patagonia Ambiental","twitter_card":"summary_large_image","twitter_creator":"@PatAmb","twitter_site":"@PatAmb","schema":{"@context":"https:\/\/schema.org","@graph":[{"@type":"Article","@id":"https:\/\/patagoniambiental.com.ar\/info\/bariloche-el-titular-de-medioambiente-defendio-la-habilitacion-de-cerveceria-patagonia\/#article","isPartOf":{"@id":"https:\/\/patagoniambiental.com.ar\/info\/bariloche-el-titular-de-medioambiente-defendio-la-habilitacion-de-cerveceria-patagonia\/"},"author":{"name":"Patagonia Ambiental","@id":"https:\/\/patagoniambiental.com.ar\/info\/#\/schema\/person\/db12bff64bbcbf6a253710bf0ea37b5d"},"headline":"Bariloche: El titular de Medioambiente defendi\u00f3 la habilitaci\u00f3n de Cervecer\u00eda Patagonia","datePublished":"2016-12-20T12:00:39+00:00","mainEntityOfPage":{"@id":"https:\/\/patagoniambiental.com.ar\/info\/bariloche-el-titular-de-medioambiente-defendio-la-habilitacion-de-cerveceria-patagonia\/"},"wordCount":362,"publisher":{"@id":"https:\/\/patagoniambiental.com.ar\/info\/#organization"},"articleSection":["Municipales","Noticias"],"inLanguage":"es"},{"@type":"WebPage","@id":"https:\/\/patagoniambiental.com.ar\/info\/bariloche-el-titular-de-medioambiente-defendio-la-habilitacion-de-cerveceria-patagonia\/","url":"https:\/\/patagoniambiental.com.ar\/info\/bariloche-el-titular-de-medioambiente-defendio-la-habilitacion-de-cerveceria-patagonia\/","name":"Bariloche: El titular de Medioambiente defendi\u00f3 la habilitaci\u00f3n de Cervecer\u00eda Patagonia","isPartOf":{"@id":"https:\/\/patagoniambiental.com.ar\/info\/#website"},"datePublished":"2016-12-20T12:00:39+00:00","breadcrumb":{"@id":"https:\/\/patagoniambiental.com.ar\/info\/bariloche-el-titular-de-medioambiente-defendio-la-habilitacion-de-cerveceria-patagonia\/#breadcrumb"},"inLanguage":"es","potentialAction":[{"@type":"ReadAction","target":["https:\/\/patagoniambiental.com.ar\/info\/bariloche-el-titular-de-medioambiente-defendio-la-habilitacion-de-cerveceria-patagonia\/"]}]},{"@type":"BreadcrumbList","@id":"https:\/\/patagoniambiental.com.ar\/info\/bariloche-el-titular-de-medioambiente-defendio-la-habilitacion-de-cerveceria-patagonia\/#breadcrumb","itemListElement":[{"@type":"ListItem","position":1,"name":"Inicio","item":"https:\/\/patagoniambiental.com.ar\/info\/"},{"@type":"ListItem","position":2,"name":"Bariloche: El titular de Medioambiente defendi\u00f3 la habilitaci\u00f3n de Cervecer\u00eda Patagonia"}]},{"@type":"WebSite","@id":"https:\/\/patagoniambiental.com.ar\/info\/#website","url":"https:\/\/patagoniambiental.com.ar\/info\/","name":"Patagonia Ambiental","description":"Monitoreo y an\u00e1lisis de la situaci\u00f3n geopol\u00edtica en el mundo y su implicancia en la Patagonia","publisher":{"@id":"https:\/\/patagoniambiental.com.ar\/info\/#organization"},"potentialAction":[{"@type":"SearchAction","target":{"@type":"EntryPoint","urlTemplate":"https:\/\/patagoniambiental.com.ar\/info\/?s={search_term_string}"},"query-input":{"@type":"PropertyValueSpecification","valueRequired":true,"valueName":"search_term_string"}}],"inLanguage":"es"},{"@type":"Organization","@id":"https:\/\/patagoniambiental.com.ar\/info\/#organization","name":"Patagonia Ambiental","url":"https:\/\/patagoniambiental.com.ar\/info\/","logo":{"@type":"ImageObject","inLanguage":"es","@id":"https:\/\/patagoniambiental.com.ar\/info\/#\/schema\/logo\/image\/","url":"https:\/\/patagoniambiental.com.ar\/info\/wp-content\/uploads\/2025\/05\/LOGO-PATAGONIA-AMBIENTAL.png","contentUrl":"https:\/\/patagoniambiental.com.ar\/info\/wp-content\/uploads\/2025\/05\/LOGO-PATAGONIA-AMBIENTAL.png","width":433,"height":250,"caption":"Patagonia Ambiental"},"image":{"@id":"https:\/\/patagoniambiental.com.ar\/info\/#\/schema\/logo\/image\/"},"sameAs":["https:\/\/www.facebook.com\/patagonia.ambiental","https:\/\/x.com\/PatAmb"]},{"@type":"Person","@id":"https:\/\/patagoniambiental.com.ar\/info\/#\/schema\/person\/db12bff64bbcbf6a253710bf0ea37b5d","name":"Patagonia Ambiental","description":"Andr\u00e9s Nievas T\u00e9cnico en manejo ambiental, consultor Ambiental y escritor para medios locales e internacionales sobre temas de geopolitica y medio ambiente.","sameAs":["http:\/\/www.patagoniambiental.com.ar","https:\/\/www.facebook.com\/share\/1C1V8Gv9BX\/?mibextid=qi2Omg","@patagoniambiental","https:\/\/youtube.com\/@patagoniaambiental2023?si=BLt58t0wuXquxlYZ"]}]}},"_links":{"self":[{"href":"https:\/\/patagoniambiental.com.ar\/info\/wp-json\/wp\/v2\/posts\/23462","targetHints":{"allow":["GET"]}}],"collection":[{"href":"https:\/\/patagoniambiental.com.ar\/info\/wp-json\/wp\/v2\/posts"}],"about":[{"href":"https:\/\/patagoniambiental.com.ar\/info\/wp-json\/wp\/v2\/types\/post"}],"author":[{"embeddable":true,"href":"https:\/\/patagoniambiental.com.ar\/info\/wp-json\/wp\/v2\/users\/2"}],"replies":[{"embeddable":true,"href":"https:\/\/patagoniambiental.com.ar\/info\/wp-json\/wp\/v2\/comments?post=23462"}],"version-history":[{"count":0,"href":"https:\/\/patagoniambiental.com.ar\/info\/wp-json\/wp\/v2\/posts\/23462\/revisions"}],"wp:attachment":[{"href":"https:\/\/patagoniambiental.com.ar\/info\/wp-json\/wp\/v2\/media?parent=23462"}],"wp:term":[{"taxonomy":"category","embeddable":true,"href":"https:\/\/patagoniambiental.com.ar\/info\/wp-json\/wp\/v2\/categories?post=23462"},{"taxonomy":"post_tag","embeddable":true,"href":"https:\/\/patagoniambiental.com.ar\/info\/wp-json\/wp\/v2\/tags?post=23462"}],"curies":[{"name":"wp","href":"https:\/\/api.w.org\/{rel}","templated":true}]}}