{"id":23478,"date":"2016-12-21T09:00:25","date_gmt":"2016-12-21T12:00:25","guid":{"rendered":"http:\/\/patagoniambiental.com.ar\/?p=23478"},"modified":"2016-12-21T09:00:25","modified_gmt":"2016-12-21T12:00:25","slug":"ensenanza-de-la-astronomia-y-observacion-de-eclipse-anular-en-chubut","status":"publish","type":"post","link":"https:\/\/patagoniambiental.com.ar\/info\/ensenanza-de-la-astronomia-y-observacion-de-eclipse-anular-en-chubut\/","title":{"rendered":"Ense\u00f1anza de la astronom\u00eda y observaci\u00f3n de eclipse anular en Chubut"},"content":{"rendered":"<p>ESQUEL.- La Universidad Nacional de R\u00edo Negro invita a participar en el Segundo Workshop de Difusi\u00f3n y Ense\u00f1anza de la Astronom\u00eda (WDEA II) que se desarrollar\u00e1 en la ciudad de Esquel (Chubut) en el Centro Cultural Esquel Melipal, del 22 al 24 de febrero de 2017. Como actividad final, el domingo 26 de febrero se realizar\u00e1 la observaci\u00f3n del eclipse anular de Sol, visible desde el sur de la provincia del Chubut.<\/p>\n<p>Los participantes disfrutar\u00e1n de las siguientes charlas, a cargo de especialistas nacionales e internacionales:<\/p>\n<p>&#8211; Eclipses: Miradas desde Am\u00e9rica.<\/p>\n<p>&#8211; Una Did\u00e1ctica de la Astronom\u00eda vivencialmente significativa.<\/p>\n<p>&#8211; Astronom\u00eda para la igualdad, la inclusi\u00f3n y la diversidad: alcance de los grupos de trabajo de la Comisi\u00f3n de Educaci\u00f3n de la Uni\u00f3n Astron\u00f3mica Internacional.<\/p>\n<p>&#8211; El Sol y la Luna entre los Incas.<\/p>\n<p>&#8211; Primeras observaciones de eclipses totales de Sol realizadas por observatorios argentinos.<\/p>\n<p>&#8211; El Sol: nuestra din\u00e1mica estrella.<\/p>\n<p>&#8211; Bajo la sombra de Selene: Una experiencia fascinante.<\/p>\n<p>&#8211; El Sol y sus distintas facetas.<\/p>\n<p>&#8211; Eclipses y Educaci\u00f3n (Charla y Taller).<\/p>\n<p>&#8211; Telescopios solares HASTA y MICA.<\/p>\n<p>&#8211; Ense\u00f1anza de la Astronom\u00eda con c\u00e1maras digitales.<\/p>\n<p>&nbsp;<\/p>\n<p>Y como invitado especial, Jay Pasachoff, autor de la \u00abGu\u00eda de campo de las estrellas y los planetas\u00bb, quien disertar\u00e1 sobre los estudios cient\u00edficos que se realizan durante eclipses solares.<\/p>\n<p>A los fines de la organizaci\u00f3n de espacios, de recursos, movilidad, etc., solicitamos a los interesados en participar que se inscriban hasta el 31 de Enero de 2017, en forma libre y gratuita, a trav\u00e9s de la p\u00e1gina web oficial del Workshop.<\/p>\n<p>Fuente: Universidad de R\u00edo Negro<\/p>\n<p>&nbsp;<\/p>\n","protected":false},"excerpt":{"rendered":"<p>ESQUEL.- La Universidad Nacional de R\u00edo Negro invita a participar en el Segundo Workshop de Difusi\u00f3n y Ense\u00f1anza de la [&hellip;]<\/p>\n","protected":false},"author":2,"featured_media":0,"comment_status":"closed","ping_status":"closed","sticky":false,"template":"","format":"standard","meta":{"site-sidebar-layout":"default","site-content-layout":"","ast-site-content-layout":"default","site-content-style":"default","site-sidebar-style":"default","ast-global-header-display":"","ast-banner-title-visibility":"","ast-main-header-display":"","ast-hfb-above-header-display":"","ast-hfb-below-header-display":"","ast-hfb-mobile-header-display":"","site-post-title":"","ast-breadcrumbs-content":"","ast-featured-img":"","footer-sml-layout":"","ast-disable-related-posts":"","theme-transparent-header-meta":"","adv-header-id-meta":"","stick-header-meta":"","header-above-stick-meta":"","header-main-stick-meta":"","header-below-stick-meta":"","astra-migrate-meta-layouts":"default","ast-page-background-enabled":"default","ast-page-background-meta":{"desktop":{"background-color":"var(--ast-global-color-5)","background-image":"","background-repeat":"repeat","background-position":"center center","background-size":"auto","background-attachment":"scroll","background-type":"","background-media":"","overlay-type":"","overlay-color":"","overlay-opacity":"","overlay-gradient":""},"tablet":{"background-color":"","background-image":"","background-repeat":"repeat","background-position":"center center","background-size":"auto","background-attachment":"scroll","background-type":"","background-media":"","overlay-type":"","overlay-color":"","overlay-opacity":"","overlay-gradient":""},"mobile":{"background-color":"","background-image":"","background-repeat":"repeat","background-position":"center center","background-size":"auto","background-attachment":"scroll","background-type":"","background-media":"","overlay-type":"","overlay-color":"","overlay-opacity":"","overlay-gradient":""}},"ast-content-background-meta":{"desktop":{"background-color":"var(--ast-global-color-4)","background-image":"","background-repeat":"repeat","background-position":"center center","background-size":"auto","background-attachment":"scroll","background-type":"","background-media":"","overlay-type":"","overlay-color":"","overlay-opacity":"","overlay-gradient":""},"tablet":{"background-color":"var(--ast-global-color-4)","background-image":"","background-repeat":"repeat","background-position":"center center","background-size":"auto","background-attachment":"scroll","background-type":"","background-media":"","overlay-type":"","overlay-color":"","overlay-opacity":"","overlay-gradient":""},"mobile":{"background-color":"var(--ast-global-color-4)","background-image":"","background-repeat":"repeat","background-position":"center center","background-size":"auto","background-attachment":"scroll","background-type":"","background-media":"","overlay-type":"","overlay-color":"","overlay-opacity":"","overlay-gradient":""}},"footnotes":""},"categories":[16,1],"tags":[],"class_list":["post-23478","post","type-post","status-publish","format-standard","hentry","category-municipales","category-noticias"],"yoast_head":"<!-- This site is optimized with the Yoast SEO Premium plugin v23.0 (Yoast SEO v27.4) - https:\/\/yoast.com\/product\/yoast-seo-premium-wordpress\/ -->\n<title>Ense\u00f1anza de la astronom\u00eda y observaci\u00f3n de eclipse anular en Chubut<\/title>\n<meta name=\"robots\" content=\"index, follow, max-snippet:-1, max-image-preview:large, max-video-preview:-1\" \/>\n<link rel=\"canonical\" href=\"https:\/\/patagoniambiental.com.ar\/info\/ensenanza-de-la-astronomia-y-observacion-de-eclipse-anular-en-chubut\/\" \/>\n<meta property=\"og:locale\" content=\"es_ES\" \/>\n<meta property=\"og:type\" content=\"article\" \/>\n<meta property=\"og:title\" content=\"Ense\u00f1anza de la astronom\u00eda y observaci\u00f3n de eclipse anular en Chubut\" \/>\n<meta property=\"og:description\" content=\"ESQUEL.- La Universidad Nacional de R\u00edo Negro invita a participar en el Segundo Workshop de Difusi\u00f3n y Ense\u00f1anza de la [&hellip;]\" \/>\n<meta property=\"og:url\" content=\"https:\/\/patagoniambiental.com.ar\/info\/ensenanza-de-la-astronomia-y-observacion-de-eclipse-anular-en-chubut\/\" \/>\n<meta property=\"og:site_name\" content=\"Patagonia Ambiental\" \/>\n<meta property=\"article:publisher\" content=\"https:\/\/www.facebook.com\/patagonia.ambiental\" \/>\n<meta property=\"article:author\" content=\"https:\/\/www.facebook.com\/share\/1C1V8Gv9BX\/?mibextid=qi2Omg\" \/>\n<meta property=\"article:published_time\" content=\"2016-12-21T12:00:25+00:00\" \/>\n<meta name=\"author\" content=\"Patagonia Ambiental\" \/>\n<meta name=\"twitter:card\" content=\"summary_large_image\" \/>\n<meta name=\"twitter:creator\" content=\"@PatAmb\" \/>\n<meta name=\"twitter:site\" content=\"@PatAmb\" \/>\n<script type=\"application\/ld+json\" class=\"yoast-schema-graph\">{\"@context\":\"https:\\\/\\\/schema.org\",\"@graph\":[{\"@type\":\"Article\",\"@id\":\"https:\\\/\\\/patagoniambiental.com.ar\\\/info\\\/ensenanza-de-la-astronomia-y-observacion-de-eclipse-anular-en-chubut\\\/#article\",\"isPartOf\":{\"@id\":\"https:\\\/\\\/patagoniambiental.com.ar\\\/info\\\/ensenanza-de-la-astronomia-y-observacion-de-eclipse-anular-en-chubut\\\/\"},\"author\":{\"name\":\"Patagonia Ambiental\",\"@id\":\"https:\\\/\\\/patagoniambiental.com.ar\\\/info\\\/#\\\/schema\\\/person\\\/db12bff64bbcbf6a253710bf0ea37b5d\"},\"headline\":\"Ense\u00f1anza de la astronom\u00eda y observaci\u00f3n de eclipse anular en Chubut\",\"datePublished\":\"2016-12-21T12:00:25+00:00\",\"mainEntityOfPage\":{\"@id\":\"https:\\\/\\\/patagoniambiental.com.ar\\\/info\\\/ensenanza-de-la-astronomia-y-observacion-de-eclipse-anular-en-chubut\\\/\"},\"wordCount\":303,\"publisher\":{\"@id\":\"https:\\\/\\\/patagoniambiental.com.ar\\\/info\\\/#organization\"},\"articleSection\":[\"Municipales\",\"Noticias\"],\"inLanguage\":\"es\"},{\"@type\":\"WebPage\",\"@id\":\"https:\\\/\\\/patagoniambiental.com.ar\\\/info\\\/ensenanza-de-la-astronomia-y-observacion-de-eclipse-anular-en-chubut\\\/\",\"url\":\"https:\\\/\\\/patagoniambiental.com.ar\\\/info\\\/ensenanza-de-la-astronomia-y-observacion-de-eclipse-anular-en-chubut\\\/\",\"name\":\"Ense\u00f1anza de la astronom\u00eda y observaci\u00f3n de eclipse anular en Chubut\",\"isPartOf\":{\"@id\":\"https:\\\/\\\/patagoniambiental.com.ar\\\/info\\\/#website\"},\"datePublished\":\"2016-12-21T12:00:25+00:00\",\"breadcrumb\":{\"@id\":\"https:\\\/\\\/patagoniambiental.com.ar\\\/info\\\/ensenanza-de-la-astronomia-y-observacion-de-eclipse-anular-en-chubut\\\/#breadcrumb\"},\"inLanguage\":\"es\",\"potentialAction\":[{\"@type\":\"ReadAction\",\"target\":[\"https:\\\/\\\/patagoniambiental.com.ar\\\/info\\\/ensenanza-de-la-astronomia-y-observacion-de-eclipse-anular-en-chubut\\\/\"]}]},{\"@type\":\"BreadcrumbList\",\"@id\":\"https:\\\/\\\/patagoniambiental.com.ar\\\/info\\\/ensenanza-de-la-astronomia-y-observacion-de-eclipse-anular-en-chubut\\\/#breadcrumb\",\"itemListElement\":[{\"@type\":\"ListItem\",\"position\":1,\"name\":\"Inicio\",\"item\":\"https:\\\/\\\/patagoniambiental.com.ar\\\/info\\\/\"},{\"@type\":\"ListItem\",\"position\":2,\"name\":\"Ense\u00f1anza de la astronom\u00eda y observaci\u00f3n de eclipse anular en Chubut\"}]},{\"@type\":\"WebSite\",\"@id\":\"https:\\\/\\\/patagoniambiental.com.ar\\\/info\\\/#website\",\"url\":\"https:\\\/\\\/patagoniambiental.com.ar\\\/info\\\/\",\"name\":\"Patagonia Ambiental\",\"description\":\"Monitoreo y an\u00e1lisis de la situaci\u00f3n geopol\u00edtica en el mundo y su implicancia en la Patagonia\",\"publisher\":{\"@id\":\"https:\\\/\\\/patagoniambiental.com.ar\\\/info\\\/#organization\"},\"potentialAction\":[{\"@type\":\"SearchAction\",\"target\":{\"@type\":\"EntryPoint\",\"urlTemplate\":\"https:\\\/\\\/patagoniambiental.com.ar\\\/info\\\/?s={search_term_string}\"},\"query-input\":{\"@type\":\"PropertyValueSpecification\",\"valueRequired\":true,\"valueName\":\"search_term_string\"}}],\"inLanguage\":\"es\"},{\"@type\":\"Organization\",\"@id\":\"https:\\\/\\\/patagoniambiental.com.ar\\\/info\\\/#organization\",\"name\":\"Patagonia Ambiental\",\"url\":\"https:\\\/\\\/patagoniambiental.com.ar\\\/info\\\/\",\"logo\":{\"@type\":\"ImageObject\",\"inLanguage\":\"es\",\"@id\":\"https:\\\/\\\/patagoniambiental.com.ar\\\/info\\\/#\\\/schema\\\/logo\\\/image\\\/\",\"url\":\"https:\\\/\\\/patagoniambiental.com.ar\\\/info\\\/wp-content\\\/uploads\\\/2025\\\/05\\\/LOGO-PATAGONIA-AMBIENTAL.png\",\"contentUrl\":\"https:\\\/\\\/patagoniambiental.com.ar\\\/info\\\/wp-content\\\/uploads\\\/2025\\\/05\\\/LOGO-PATAGONIA-AMBIENTAL.png\",\"width\":433,\"height\":250,\"caption\":\"Patagonia Ambiental\"},\"image\":{\"@id\":\"https:\\\/\\\/patagoniambiental.com.ar\\\/info\\\/#\\\/schema\\\/logo\\\/image\\\/\"},\"sameAs\":[\"https:\\\/\\\/www.facebook.com\\\/patagonia.ambiental\",\"https:\\\/\\\/x.com\\\/PatAmb\"]},{\"@type\":\"Person\",\"@id\":\"https:\\\/\\\/patagoniambiental.com.ar\\\/info\\\/#\\\/schema\\\/person\\\/db12bff64bbcbf6a253710bf0ea37b5d\",\"name\":\"Patagonia Ambiental\",\"description\":\"Andr\u00e9s Nievas T\u00e9cnico en manejo ambiental, consultor Ambiental y escritor para medios locales e internacionales sobre temas de geopolitica y medio ambiente.\",\"sameAs\":[\"http:\\\/\\\/www.patagoniambiental.com.ar\",\"https:\\\/\\\/www.facebook.com\\\/share\\\/1C1V8Gv9BX\\\/?mibextid=qi2Omg\",\"@patagoniambiental\",\"https:\\\/\\\/youtube.com\\\/@patagoniaambiental2023?si=BLt58t0wuXquxlYZ\"]}]}<\/script>\n<!-- \/ Yoast SEO Premium plugin. -->","yoast_head_json":{"title":"Ense\u00f1anza de la astronom\u00eda y observaci\u00f3n de eclipse anular en Chubut","robots":{"index":"index","follow":"follow","max-snippet":"max-snippet:-1","max-image-preview":"max-image-preview:large","max-video-preview":"max-video-preview:-1"},"canonical":"https:\/\/patagoniambiental.com.ar\/info\/ensenanza-de-la-astronomia-y-observacion-de-eclipse-anular-en-chubut\/","og_locale":"es_ES","og_type":"article","og_title":"Ense\u00f1anza de la astronom\u00eda y observaci\u00f3n de eclipse anular en Chubut","og_description":"ESQUEL.- La Universidad Nacional de R\u00edo Negro invita a participar en el Segundo Workshop de Difusi\u00f3n y Ense\u00f1anza de la [&hellip;]","og_url":"https:\/\/patagoniambiental.com.ar\/info\/ensenanza-de-la-astronomia-y-observacion-de-eclipse-anular-en-chubut\/","og_site_name":"Patagonia Ambiental","article_publisher":"https:\/\/www.facebook.com\/patagonia.ambiental","article_author":"https:\/\/www.facebook.com\/share\/1C1V8Gv9BX\/?mibextid=qi2Omg","article_published_time":"2016-12-21T12:00:25+00:00","author":"Patagonia Ambiental","twitter_card":"summary_large_image","twitter_creator":"@PatAmb","twitter_site":"@PatAmb","schema":{"@context":"https:\/\/schema.org","@graph":[{"@type":"Article","@id":"https:\/\/patagoniambiental.com.ar\/info\/ensenanza-de-la-astronomia-y-observacion-de-eclipse-anular-en-chubut\/#article","isPartOf":{"@id":"https:\/\/patagoniambiental.com.ar\/info\/ensenanza-de-la-astronomia-y-observacion-de-eclipse-anular-en-chubut\/"},"author":{"name":"Patagonia Ambiental","@id":"https:\/\/patagoniambiental.com.ar\/info\/#\/schema\/person\/db12bff64bbcbf6a253710bf0ea37b5d"},"headline":"Ense\u00f1anza de la astronom\u00eda y observaci\u00f3n de eclipse anular en Chubut","datePublished":"2016-12-21T12:00:25+00:00","mainEntityOfPage":{"@id":"https:\/\/patagoniambiental.com.ar\/info\/ensenanza-de-la-astronomia-y-observacion-de-eclipse-anular-en-chubut\/"},"wordCount":303,"publisher":{"@id":"https:\/\/patagoniambiental.com.ar\/info\/#organization"},"articleSection":["Municipales","Noticias"],"inLanguage":"es"},{"@type":"WebPage","@id":"https:\/\/patagoniambiental.com.ar\/info\/ensenanza-de-la-astronomia-y-observacion-de-eclipse-anular-en-chubut\/","url":"https:\/\/patagoniambiental.com.ar\/info\/ensenanza-de-la-astronomia-y-observacion-de-eclipse-anular-en-chubut\/","name":"Ense\u00f1anza de la astronom\u00eda y observaci\u00f3n de eclipse anular en Chubut","isPartOf":{"@id":"https:\/\/patagoniambiental.com.ar\/info\/#website"},"datePublished":"2016-12-21T12:00:25+00:00","breadcrumb":{"@id":"https:\/\/patagoniambiental.com.ar\/info\/ensenanza-de-la-astronomia-y-observacion-de-eclipse-anular-en-chubut\/#breadcrumb"},"inLanguage":"es","potentialAction":[{"@type":"ReadAction","target":["https:\/\/patagoniambiental.com.ar\/info\/ensenanza-de-la-astronomia-y-observacion-de-eclipse-anular-en-chubut\/"]}]},{"@type":"BreadcrumbList","@id":"https:\/\/patagoniambiental.com.ar\/info\/ensenanza-de-la-astronomia-y-observacion-de-eclipse-anular-en-chubut\/#breadcrumb","itemListElement":[{"@type":"ListItem","position":1,"name":"Inicio","item":"https:\/\/patagoniambiental.com.ar\/info\/"},{"@type":"ListItem","position":2,"name":"Ense\u00f1anza de la astronom\u00eda y observaci\u00f3n de eclipse anular en Chubut"}]},{"@type":"WebSite","@id":"https:\/\/patagoniambiental.com.ar\/info\/#website","url":"https:\/\/patagoniambiental.com.ar\/info\/","name":"Patagonia Ambiental","description":"Monitoreo y an\u00e1lisis de la situaci\u00f3n geopol\u00edtica en el mundo y su implicancia en la Patagonia","publisher":{"@id":"https:\/\/patagoniambiental.com.ar\/info\/#organization"},"potentialAction":[{"@type":"SearchAction","target":{"@type":"EntryPoint","urlTemplate":"https:\/\/patagoniambiental.com.ar\/info\/?s={search_term_string}"},"query-input":{"@type":"PropertyValueSpecification","valueRequired":true,"valueName":"search_term_string"}}],"inLanguage":"es"},{"@type":"Organization","@id":"https:\/\/patagoniambiental.com.ar\/info\/#organization","name":"Patagonia Ambiental","url":"https:\/\/patagoniambiental.com.ar\/info\/","logo":{"@type":"ImageObject","inLanguage":"es","@id":"https:\/\/patagoniambiental.com.ar\/info\/#\/schema\/logo\/image\/","url":"https:\/\/patagoniambiental.com.ar\/info\/wp-content\/uploads\/2025\/05\/LOGO-PATAGONIA-AMBIENTAL.png","contentUrl":"https:\/\/patagoniambiental.com.ar\/info\/wp-content\/uploads\/2025\/05\/LOGO-PATAGONIA-AMBIENTAL.png","width":433,"height":250,"caption":"Patagonia Ambiental"},"image":{"@id":"https:\/\/patagoniambiental.com.ar\/info\/#\/schema\/logo\/image\/"},"sameAs":["https:\/\/www.facebook.com\/patagonia.ambiental","https:\/\/x.com\/PatAmb"]},{"@type":"Person","@id":"https:\/\/patagoniambiental.com.ar\/info\/#\/schema\/person\/db12bff64bbcbf6a253710bf0ea37b5d","name":"Patagonia Ambiental","description":"Andr\u00e9s Nievas T\u00e9cnico en manejo ambiental, consultor Ambiental y escritor para medios locales e internacionales sobre temas de geopolitica y medio ambiente.","sameAs":["http:\/\/www.patagoniambiental.com.ar","https:\/\/www.facebook.com\/share\/1C1V8Gv9BX\/?mibextid=qi2Omg","@patagoniambiental","https:\/\/youtube.com\/@patagoniaambiental2023?si=BLt58t0wuXquxlYZ"]}]}},"_links":{"self":[{"href":"https:\/\/patagoniambiental.com.ar\/info\/wp-json\/wp\/v2\/posts\/23478","targetHints":{"allow":["GET"]}}],"collection":[{"href":"https:\/\/patagoniambiental.com.ar\/info\/wp-json\/wp\/v2\/posts"}],"about":[{"href":"https:\/\/patagoniambiental.com.ar\/info\/wp-json\/wp\/v2\/types\/post"}],"author":[{"embeddable":true,"href":"https:\/\/patagoniambiental.com.ar\/info\/wp-json\/wp\/v2\/users\/2"}],"replies":[{"embeddable":true,"href":"https:\/\/patagoniambiental.com.ar\/info\/wp-json\/wp\/v2\/comments?post=23478"}],"version-history":[{"count":0,"href":"https:\/\/patagoniambiental.com.ar\/info\/wp-json\/wp\/v2\/posts\/23478\/revisions"}],"wp:attachment":[{"href":"https:\/\/patagoniambiental.com.ar\/info\/wp-json\/wp\/v2\/media?parent=23478"}],"wp:term":[{"taxonomy":"category","embeddable":true,"href":"https:\/\/patagoniambiental.com.ar\/info\/wp-json\/wp\/v2\/categories?post=23478"},{"taxonomy":"post_tag","embeddable":true,"href":"https:\/\/patagoniambiental.com.ar\/info\/wp-json\/wp\/v2\/tags?post=23478"}],"curies":[{"name":"wp","href":"https:\/\/api.w.org\/{rel}","templated":true}]}}