{"id":23547,"date":"2016-12-23T19:00:13","date_gmt":"2016-12-23T22:00:13","guid":{"rendered":"http:\/\/patagoniambiental.com.ar\/?p=23547"},"modified":"2016-12-23T19:00:13","modified_gmt":"2016-12-23T22:00:13","slug":"se-licitaron-obras-del-programa-de-gestion-integral-de-residuos-solidos-urbanos","status":"publish","type":"post","link":"https:\/\/patagoniambiental.com.ar\/info\/se-licitaron-obras-del-programa-de-gestion-integral-de-residuos-solidos-urbanos\/","title":{"rendered":"Se licitaron obras del programa de Gesti\u00f3n Integral de Residuos S\u00f3lidos Urbanos"},"content":{"rendered":"<p>Viedma.-La Municipalidad de Viedma realiz\u00f3 esta semana cuatro licitaciones para la realizaci\u00f3n de importantes obras para la ciudad, que ser\u00e1n financiadas bajo el programa nacional H\u00e1bitat, del Ministerio del Interior, Obras P\u00fablicas y Vivienda de la Naci\u00f3n.<!--more--><\/p>\n<p><span style=\"font-family: Arial, sans-serif;\">Adem\u00e1s, en Buenos Aires, se realiz\u00f3 la apertura de sobres para la construcci\u00f3n de la planta de separaci\u00f3n de residuos y construcci\u00f3n de relleno sanitario, bajo el programa GIRSU<\/span><\/p>\n<p><span style=\"font-family: Arial, sans-serif;\">Esta ma\u00f1ana, con la presencia del Intendente de Viedma, Jos\u00e9 Lu\u00eds Foulkes, y del Director Regional del NEA, de la Subsecretar\u00eda de H\u00e1bitat y Desarrollo Humano de la Naci\u00f3n, Federico Geli, el Secretario de Ordenamiento Territorial y Servicios P\u00fablicos, Mario Castro, los vecinalistas Rub\u00e9n Llancafil y Abrahan Castillo, se realiz\u00f3 la apertura de sobres para la realizaci\u00f3n de la red el\u00e9ctrica del loteo del barrio 22 Abril.<\/span><\/p>\n<p><span style=\"font-family: Arial, sans-serif;\">El martes pasado, se licitaron las obras de gas y cloacas del barrio 30 de Marzo y 22 de Abril y la red peatonal y m\u00f3dulo territorial del sector Nehu\u00e8n. Estas obras comprenden la construcci\u00f3n de veredas y la instalaci\u00f3n de m\u00f3dulos del equipo integral, que contar\u00e1n con personal t\u00e9cnico y de componente social que se instalar\u00e1n en el barrio.<\/span><\/p>\n<p>\u201c<span style=\"font-family: Arial, sans-serif;\">Es una alegr\u00eda enorme poder venir a Viedma y ver que avanzan los proyectos que estamos realizando junto con el Intendente Foulkes y con todo su equipo. Estamos recorriendo el pa\u00eds y tenemos muchos proyectos de urbanizaci\u00f3n. Es una pol\u00edtica que se retom\u00f3 con mucha fuerza en este gobierno\u201d, dijo Geli.<\/span><\/p>\n<p><span style=\"font-family: Arial, sans-serif;\">Agreg\u00f3 que \u201cjunto al Presidente Mauricio Macri, el Ministro Rogelio Frigerio, la Subsecretar\u00eda de H\u00e1bitat, Marina Klemensiewicz y el referente Juan Mart\u00edn, estamos muy contentos por estas obras que se van a iniciar\u201d.<\/span><\/p>\n<p><span style=\"font-family: Arial, sans-serif;\">Por su parte el Intendente agradeci\u00f3 al Gobierno Nacional por el desarrollo de este proyecto. \u201cLas puertas que nos abrieron son muy importantes para seguir trabajando juntos\u201d, dijo Foulkes.<\/span><\/p>\n<p><span style=\"font-family: Arial, sans-serif;\">Adem\u00e1s, remarc\u00f3 que esta semana se realiz\u00f3 la licitaci\u00f3n de las obras para la puesta en marcha del plan de Gesti\u00f3n Integral de Residuos S\u00f3lidos Urbanos ( GIRSU), por un presupuesto oficial de m\u00e1s de 112 millones de pesos. En esta etapa se presentaron siete empresas y se estima un periodo de 120 d\u00edas de an\u00e1lisis de las ofertas.<\/span><\/p>\n","protected":false},"excerpt":{"rendered":"<p>Viedma.-La Municipalidad de Viedma realiz\u00f3 esta semana cuatro licitaciones para la realizaci\u00f3n de importantes obras para la ciudad, que ser\u00e1n [&hellip;]<\/p>\n","protected":false},"author":2,"featured_media":0,"comment_status":"closed","ping_status":"closed","sticky":false,"template":"","format":"standard","meta":{"site-sidebar-layout":"default","site-content-layout":"","ast-site-content-layout":"default","site-content-style":"default","site-sidebar-style":"default","ast-global-header-display":"","ast-banner-title-visibility":"","ast-main-header-display":"","ast-hfb-above-header-display":"","ast-hfb-below-header-display":"","ast-hfb-mobile-header-display":"","site-post-title":"","ast-breadcrumbs-content":"","ast-featured-img":"","footer-sml-layout":"","ast-disable-related-posts":"","theme-transparent-header-meta":"","adv-header-id-meta":"","stick-header-meta":"","header-above-stick-meta":"","header-main-stick-meta":"","header-below-stick-meta":"","astra-migrate-meta-layouts":"default","ast-page-background-enabled":"default","ast-page-background-meta":{"desktop":{"background-color":"var(--ast-global-color-5)","background-image":"","background-repeat":"repeat","background-position":"center center","background-size":"auto","background-attachment":"scroll","background-type":"","background-media":"","overlay-type":"","overlay-color":"","overlay-opacity":"","overlay-gradient":""},"tablet":{"background-color":"","background-image":"","background-repeat":"repeat","background-position":"center center","background-size":"auto","background-attachment":"scroll","background-type":"","background-media":"","overlay-type":"","overlay-color":"","overlay-opacity":"","overlay-gradient":""},"mobile":{"background-color":"","background-image":"","background-repeat":"repeat","background-position":"center center","background-size":"auto","background-attachment":"scroll","background-type":"","background-media":"","overlay-type":"","overlay-color":"","overlay-opacity":"","overlay-gradient":""}},"ast-content-background-meta":{"desktop":{"background-color":"var(--ast-global-color-4)","background-image":"","background-repeat":"repeat","background-position":"center center","background-size":"auto","background-attachment":"scroll","background-type":"","background-media":"","overlay-type":"","overlay-color":"","overlay-opacity":"","overlay-gradient":""},"tablet":{"background-color":"var(--ast-global-color-4)","background-image":"","background-repeat":"repeat","background-position":"center center","background-size":"auto","background-attachment":"scroll","background-type":"","background-media":"","overlay-type":"","overlay-color":"","overlay-opacity":"","overlay-gradient":""},"mobile":{"background-color":"var(--ast-global-color-4)","background-image":"","background-repeat":"repeat","background-position":"center center","background-size":"auto","background-attachment":"scroll","background-type":"","background-media":"","overlay-type":"","overlay-color":"","overlay-opacity":"","overlay-gradient":""}},"footnotes":""},"categories":[16,1],"tags":[],"class_list":["post-23547","post","type-post","status-publish","format-standard","hentry","category-municipales","category-noticias"],"yoast_head":"<!-- This site is optimized with the Yoast SEO Premium plugin v23.0 (Yoast SEO v27.4) - https:\/\/yoast.com\/product\/yoast-seo-premium-wordpress\/ -->\n<title>Se licitaron obras del programa de Gesti\u00f3n Integral de Residuos S\u00f3lidos Urbanos<\/title>\n<meta name=\"robots\" content=\"index, follow, max-snippet:-1, max-image-preview:large, max-video-preview:-1\" \/>\n<link rel=\"canonical\" href=\"https:\/\/patagoniambiental.com.ar\/info\/se-licitaron-obras-del-programa-de-gestion-integral-de-residuos-solidos-urbanos\/\" \/>\n<meta property=\"og:locale\" content=\"es_ES\" \/>\n<meta property=\"og:type\" content=\"article\" \/>\n<meta property=\"og:title\" content=\"Se licitaron obras del programa de Gesti\u00f3n Integral de Residuos S\u00f3lidos Urbanos\" \/>\n<meta property=\"og:description\" content=\"Viedma.-La Municipalidad de Viedma realiz\u00f3 esta semana cuatro licitaciones para la realizaci\u00f3n de importantes obras para la ciudad, que ser\u00e1n [&hellip;]\" \/>\n<meta property=\"og:url\" content=\"https:\/\/patagoniambiental.com.ar\/info\/se-licitaron-obras-del-programa-de-gestion-integral-de-residuos-solidos-urbanos\/\" \/>\n<meta property=\"og:site_name\" content=\"Patagonia Ambiental\" \/>\n<meta property=\"article:publisher\" content=\"https:\/\/www.facebook.com\/patagonia.ambiental\" \/>\n<meta property=\"article:author\" content=\"https:\/\/www.facebook.com\/share\/1C1V8Gv9BX\/?mibextid=qi2Omg\" \/>\n<meta property=\"article:published_time\" content=\"2016-12-23T22:00:13+00:00\" \/>\n<meta name=\"author\" content=\"Patagonia Ambiental\" \/>\n<meta name=\"twitter:card\" content=\"summary_large_image\" \/>\n<meta name=\"twitter:creator\" content=\"@PatAmb\" \/>\n<meta name=\"twitter:site\" content=\"@PatAmb\" \/>\n<script type=\"application\/ld+json\" class=\"yoast-schema-graph\">{\"@context\":\"https:\\\/\\\/schema.org\",\"@graph\":[{\"@type\":\"Article\",\"@id\":\"https:\\\/\\\/patagoniambiental.com.ar\\\/info\\\/se-licitaron-obras-del-programa-de-gestion-integral-de-residuos-solidos-urbanos\\\/#article\",\"isPartOf\":{\"@id\":\"https:\\\/\\\/patagoniambiental.com.ar\\\/info\\\/se-licitaron-obras-del-programa-de-gestion-integral-de-residuos-solidos-urbanos\\\/\"},\"author\":{\"name\":\"Patagonia Ambiental\",\"@id\":\"https:\\\/\\\/patagoniambiental.com.ar\\\/info\\\/#\\\/schema\\\/person\\\/db12bff64bbcbf6a253710bf0ea37b5d\"},\"headline\":\"Se licitaron obras del programa de Gesti\u00f3n Integral de Residuos S\u00f3lidos Urbanos\",\"datePublished\":\"2016-12-23T22:00:13+00:00\",\"mainEntityOfPage\":{\"@id\":\"https:\\\/\\\/patagoniambiental.com.ar\\\/info\\\/se-licitaron-obras-del-programa-de-gestion-integral-de-residuos-solidos-urbanos\\\/\"},\"wordCount\":414,\"publisher\":{\"@id\":\"https:\\\/\\\/patagoniambiental.com.ar\\\/info\\\/#organization\"},\"articleSection\":[\"Municipales\",\"Noticias\"],\"inLanguage\":\"es\"},{\"@type\":\"WebPage\",\"@id\":\"https:\\\/\\\/patagoniambiental.com.ar\\\/info\\\/se-licitaron-obras-del-programa-de-gestion-integral-de-residuos-solidos-urbanos\\\/\",\"url\":\"https:\\\/\\\/patagoniambiental.com.ar\\\/info\\\/se-licitaron-obras-del-programa-de-gestion-integral-de-residuos-solidos-urbanos\\\/\",\"name\":\"Se licitaron obras del programa de Gesti\u00f3n Integral de Residuos S\u00f3lidos Urbanos\",\"isPartOf\":{\"@id\":\"https:\\\/\\\/patagoniambiental.com.ar\\\/info\\\/#website\"},\"datePublished\":\"2016-12-23T22:00:13+00:00\",\"breadcrumb\":{\"@id\":\"https:\\\/\\\/patagoniambiental.com.ar\\\/info\\\/se-licitaron-obras-del-programa-de-gestion-integral-de-residuos-solidos-urbanos\\\/#breadcrumb\"},\"inLanguage\":\"es\",\"potentialAction\":[{\"@type\":\"ReadAction\",\"target\":[\"https:\\\/\\\/patagoniambiental.com.ar\\\/info\\\/se-licitaron-obras-del-programa-de-gestion-integral-de-residuos-solidos-urbanos\\\/\"]}]},{\"@type\":\"BreadcrumbList\",\"@id\":\"https:\\\/\\\/patagoniambiental.com.ar\\\/info\\\/se-licitaron-obras-del-programa-de-gestion-integral-de-residuos-solidos-urbanos\\\/#breadcrumb\",\"itemListElement\":[{\"@type\":\"ListItem\",\"position\":1,\"name\":\"Inicio\",\"item\":\"https:\\\/\\\/patagoniambiental.com.ar\\\/info\\\/\"},{\"@type\":\"ListItem\",\"position\":2,\"name\":\"Se licitaron obras del programa de Gesti\u00f3n Integral de Residuos S\u00f3lidos Urbanos\"}]},{\"@type\":\"WebSite\",\"@id\":\"https:\\\/\\\/patagoniambiental.com.ar\\\/info\\\/#website\",\"url\":\"https:\\\/\\\/patagoniambiental.com.ar\\\/info\\\/\",\"name\":\"Patagonia Ambiental\",\"description\":\"Monitoreo y an\u00e1lisis de la situaci\u00f3n geopol\u00edtica en el mundo y su implicancia en la Patagonia\",\"publisher\":{\"@id\":\"https:\\\/\\\/patagoniambiental.com.ar\\\/info\\\/#organization\"},\"potentialAction\":[{\"@type\":\"SearchAction\",\"target\":{\"@type\":\"EntryPoint\",\"urlTemplate\":\"https:\\\/\\\/patagoniambiental.com.ar\\\/info\\\/?s={search_term_string}\"},\"query-input\":{\"@type\":\"PropertyValueSpecification\",\"valueRequired\":true,\"valueName\":\"search_term_string\"}}],\"inLanguage\":\"es\"},{\"@type\":\"Organization\",\"@id\":\"https:\\\/\\\/patagoniambiental.com.ar\\\/info\\\/#organization\",\"name\":\"Patagonia Ambiental\",\"url\":\"https:\\\/\\\/patagoniambiental.com.ar\\\/info\\\/\",\"logo\":{\"@type\":\"ImageObject\",\"inLanguage\":\"es\",\"@id\":\"https:\\\/\\\/patagoniambiental.com.ar\\\/info\\\/#\\\/schema\\\/logo\\\/image\\\/\",\"url\":\"https:\\\/\\\/patagoniambiental.com.ar\\\/info\\\/wp-content\\\/uploads\\\/2025\\\/05\\\/LOGO-PATAGONIA-AMBIENTAL.png\",\"contentUrl\":\"https:\\\/\\\/patagoniambiental.com.ar\\\/info\\\/wp-content\\\/uploads\\\/2025\\\/05\\\/LOGO-PATAGONIA-AMBIENTAL.png\",\"width\":433,\"height\":250,\"caption\":\"Patagonia Ambiental\"},\"image\":{\"@id\":\"https:\\\/\\\/patagoniambiental.com.ar\\\/info\\\/#\\\/schema\\\/logo\\\/image\\\/\"},\"sameAs\":[\"https:\\\/\\\/www.facebook.com\\\/patagonia.ambiental\",\"https:\\\/\\\/x.com\\\/PatAmb\"]},{\"@type\":\"Person\",\"@id\":\"https:\\\/\\\/patagoniambiental.com.ar\\\/info\\\/#\\\/schema\\\/person\\\/db12bff64bbcbf6a253710bf0ea37b5d\",\"name\":\"Patagonia Ambiental\",\"description\":\"Andr\u00e9s Nievas T\u00e9cnico en manejo ambiental, consultor Ambiental y escritor para medios locales e internacionales sobre temas de geopolitica y medio ambiente.\",\"sameAs\":[\"http:\\\/\\\/www.patagoniambiental.com.ar\",\"https:\\\/\\\/www.facebook.com\\\/share\\\/1C1V8Gv9BX\\\/?mibextid=qi2Omg\",\"@patagoniambiental\",\"https:\\\/\\\/youtube.com\\\/@patagoniaambiental2023?si=BLt58t0wuXquxlYZ\"]}]}<\/script>\n<!-- \/ Yoast SEO Premium plugin. -->","yoast_head_json":{"title":"Se licitaron obras del programa de Gesti\u00f3n Integral de Residuos S\u00f3lidos Urbanos","robots":{"index":"index","follow":"follow","max-snippet":"max-snippet:-1","max-image-preview":"max-image-preview:large","max-video-preview":"max-video-preview:-1"},"canonical":"https:\/\/patagoniambiental.com.ar\/info\/se-licitaron-obras-del-programa-de-gestion-integral-de-residuos-solidos-urbanos\/","og_locale":"es_ES","og_type":"article","og_title":"Se licitaron obras del programa de Gesti\u00f3n Integral de Residuos S\u00f3lidos Urbanos","og_description":"Viedma.-La Municipalidad de Viedma realiz\u00f3 esta semana cuatro licitaciones para la realizaci\u00f3n de importantes obras para la ciudad, que ser\u00e1n [&hellip;]","og_url":"https:\/\/patagoniambiental.com.ar\/info\/se-licitaron-obras-del-programa-de-gestion-integral-de-residuos-solidos-urbanos\/","og_site_name":"Patagonia Ambiental","article_publisher":"https:\/\/www.facebook.com\/patagonia.ambiental","article_author":"https:\/\/www.facebook.com\/share\/1C1V8Gv9BX\/?mibextid=qi2Omg","article_published_time":"2016-12-23T22:00:13+00:00","author":"Patagonia Ambiental","twitter_card":"summary_large_image","twitter_creator":"@PatAmb","twitter_site":"@PatAmb","schema":{"@context":"https:\/\/schema.org","@graph":[{"@type":"Article","@id":"https:\/\/patagoniambiental.com.ar\/info\/se-licitaron-obras-del-programa-de-gestion-integral-de-residuos-solidos-urbanos\/#article","isPartOf":{"@id":"https:\/\/patagoniambiental.com.ar\/info\/se-licitaron-obras-del-programa-de-gestion-integral-de-residuos-solidos-urbanos\/"},"author":{"name":"Patagonia Ambiental","@id":"https:\/\/patagoniambiental.com.ar\/info\/#\/schema\/person\/db12bff64bbcbf6a253710bf0ea37b5d"},"headline":"Se licitaron obras del programa de Gesti\u00f3n Integral de Residuos S\u00f3lidos Urbanos","datePublished":"2016-12-23T22:00:13+00:00","mainEntityOfPage":{"@id":"https:\/\/patagoniambiental.com.ar\/info\/se-licitaron-obras-del-programa-de-gestion-integral-de-residuos-solidos-urbanos\/"},"wordCount":414,"publisher":{"@id":"https:\/\/patagoniambiental.com.ar\/info\/#organization"},"articleSection":["Municipales","Noticias"],"inLanguage":"es"},{"@type":"WebPage","@id":"https:\/\/patagoniambiental.com.ar\/info\/se-licitaron-obras-del-programa-de-gestion-integral-de-residuos-solidos-urbanos\/","url":"https:\/\/patagoniambiental.com.ar\/info\/se-licitaron-obras-del-programa-de-gestion-integral-de-residuos-solidos-urbanos\/","name":"Se licitaron obras del programa de Gesti\u00f3n Integral de Residuos S\u00f3lidos Urbanos","isPartOf":{"@id":"https:\/\/patagoniambiental.com.ar\/info\/#website"},"datePublished":"2016-12-23T22:00:13+00:00","breadcrumb":{"@id":"https:\/\/patagoniambiental.com.ar\/info\/se-licitaron-obras-del-programa-de-gestion-integral-de-residuos-solidos-urbanos\/#breadcrumb"},"inLanguage":"es","potentialAction":[{"@type":"ReadAction","target":["https:\/\/patagoniambiental.com.ar\/info\/se-licitaron-obras-del-programa-de-gestion-integral-de-residuos-solidos-urbanos\/"]}]},{"@type":"BreadcrumbList","@id":"https:\/\/patagoniambiental.com.ar\/info\/se-licitaron-obras-del-programa-de-gestion-integral-de-residuos-solidos-urbanos\/#breadcrumb","itemListElement":[{"@type":"ListItem","position":1,"name":"Inicio","item":"https:\/\/patagoniambiental.com.ar\/info\/"},{"@type":"ListItem","position":2,"name":"Se licitaron obras del programa de Gesti\u00f3n Integral de Residuos S\u00f3lidos Urbanos"}]},{"@type":"WebSite","@id":"https:\/\/patagoniambiental.com.ar\/info\/#website","url":"https:\/\/patagoniambiental.com.ar\/info\/","name":"Patagonia Ambiental","description":"Monitoreo y an\u00e1lisis de la situaci\u00f3n geopol\u00edtica en el mundo y su implicancia en la Patagonia","publisher":{"@id":"https:\/\/patagoniambiental.com.ar\/info\/#organization"},"potentialAction":[{"@type":"SearchAction","target":{"@type":"EntryPoint","urlTemplate":"https:\/\/patagoniambiental.com.ar\/info\/?s={search_term_string}"},"query-input":{"@type":"PropertyValueSpecification","valueRequired":true,"valueName":"search_term_string"}}],"inLanguage":"es"},{"@type":"Organization","@id":"https:\/\/patagoniambiental.com.ar\/info\/#organization","name":"Patagonia Ambiental","url":"https:\/\/patagoniambiental.com.ar\/info\/","logo":{"@type":"ImageObject","inLanguage":"es","@id":"https:\/\/patagoniambiental.com.ar\/info\/#\/schema\/logo\/image\/","url":"https:\/\/patagoniambiental.com.ar\/info\/wp-content\/uploads\/2025\/05\/LOGO-PATAGONIA-AMBIENTAL.png","contentUrl":"https:\/\/patagoniambiental.com.ar\/info\/wp-content\/uploads\/2025\/05\/LOGO-PATAGONIA-AMBIENTAL.png","width":433,"height":250,"caption":"Patagonia Ambiental"},"image":{"@id":"https:\/\/patagoniambiental.com.ar\/info\/#\/schema\/logo\/image\/"},"sameAs":["https:\/\/www.facebook.com\/patagonia.ambiental","https:\/\/x.com\/PatAmb"]},{"@type":"Person","@id":"https:\/\/patagoniambiental.com.ar\/info\/#\/schema\/person\/db12bff64bbcbf6a253710bf0ea37b5d","name":"Patagonia Ambiental","description":"Andr\u00e9s Nievas T\u00e9cnico en manejo ambiental, consultor Ambiental y escritor para medios locales e internacionales sobre temas de geopolitica y medio ambiente.","sameAs":["http:\/\/www.patagoniambiental.com.ar","https:\/\/www.facebook.com\/share\/1C1V8Gv9BX\/?mibextid=qi2Omg","@patagoniambiental","https:\/\/youtube.com\/@patagoniaambiental2023?si=BLt58t0wuXquxlYZ"]}]}},"_links":{"self":[{"href":"https:\/\/patagoniambiental.com.ar\/info\/wp-json\/wp\/v2\/posts\/23547","targetHints":{"allow":["GET"]}}],"collection":[{"href":"https:\/\/patagoniambiental.com.ar\/info\/wp-json\/wp\/v2\/posts"}],"about":[{"href":"https:\/\/patagoniambiental.com.ar\/info\/wp-json\/wp\/v2\/types\/post"}],"author":[{"embeddable":true,"href":"https:\/\/patagoniambiental.com.ar\/info\/wp-json\/wp\/v2\/users\/2"}],"replies":[{"embeddable":true,"href":"https:\/\/patagoniambiental.com.ar\/info\/wp-json\/wp\/v2\/comments?post=23547"}],"version-history":[{"count":0,"href":"https:\/\/patagoniambiental.com.ar\/info\/wp-json\/wp\/v2\/posts\/23547\/revisions"}],"wp:attachment":[{"href":"https:\/\/patagoniambiental.com.ar\/info\/wp-json\/wp\/v2\/media?parent=23547"}],"wp:term":[{"taxonomy":"category","embeddable":true,"href":"https:\/\/patagoniambiental.com.ar\/info\/wp-json\/wp\/v2\/categories?post=23547"},{"taxonomy":"post_tag","embeddable":true,"href":"https:\/\/patagoniambiental.com.ar\/info\/wp-json\/wp\/v2\/tags?post=23547"}],"curies":[{"name":"wp","href":"https:\/\/api.w.org\/{rel}","templated":true}]}}